{"id":38286,"date":"2020-01-14T08:50:27","date_gmt":"2020-01-14T07:50:27","guid":{"rendered":"https:\/\/vosgesinfo.fr\/saintdieinfo\/2020\/01\/decouvrez-nouvelle-peugeot-208\/"},"modified":"2020-01-14T08:50:27","modified_gmt":"2020-01-14T07:50:27","slug":"decouvrez-nouvelle-peugeot-208","status":"publish","type":"post","link":"https:\/\/vosgesinfo.fr\/saintdieinfo\/2020\/01\/decouvrez-nouvelle-peugeot-208\/","title":{"rendered":"D\u00e9couvrez la nouvelle Peugeot 2008"},"content":{"rendered":"<p style=\"text-align: center;\"><a href=\"\/2019\/10\/peugeot-2008.jpg\"><img decoding=\"async\" class=\"aligncenter size-large wp-image-154840\" src=\"\/2019\/10\/peugeot-2008-1024x560.jpg\" alt=\"peugeot 2008\" width=\"960\" height=\"525\" \/><\/a><\/p>\n<p style=\"text-align: center;\"><span style=\"color: #0000ff; font-size: 18pt;\"><strong>D\u00e9couvrez la nouvelle Peugeot 2008<\/strong><\/span><\/p>\n<p><span style=\"color: #0000ff;\"><strong>Pendant les Portes Ouvertes les 18 et 19 janvier, d\u00e9couvrez le tout Nouveau SUV PEUGEOT 2008 dans votre concession de G\u00e9rardmer et Sainte-Marguerite<\/strong><\/span><\/p>\n<p><span style=\"color: #0000ff;\"><strong> Jusqu\u2019au 29 f\u00e9vrier, vous \u00eates doublement gagnant : profitez de 0\u20ac de malus \u00e9cologique et jusqu\u2019\u00e0 4 000\u20ac d\u2019Eco-Reprise PEUGEOT sur le reste de la gamme.<\/strong><\/span><\/p>\n<p><iframe loading=\"lazy\" src=\"\/\/www.youtube.com\/embed\/oNX1GoaF7D8\" width=\"425\" height=\"350\" allowfullscreen=\"allowfullscreen\"><\/iframe><\/p>\n<div class=\"mod\" style=\"text-align: center;\" data-md=\"1002\" data-hveid=\"143\" data-ved=\"0ahUKEwik4aPOzrLUAhUHfFAKHRvqCBEQkCkIjwEoAjAP\">\n<div class=\"_eFb\">\n<p><span style=\"color: #0000ff; font-size: 18pt;\"><strong><span class=\"_xdb\">Jeker Automobiles, 88400 G\u00e9rardmer<br \/>\n<\/span><\/strong><\/span><\/p>\n<div class=\"mod\" data-md=\"1002\" data-hveid=\"143\" data-ved=\"0ahUKEwik4aPOzrLUAhUHfFAKHRvqCBEQkCkIjwEoAjAP\">\n<div class=\"_eFb\">\n<div class=\"_mr kno-fb-ctx\" data-dtype=\"d3adr\" data-ved=\"0ahUKEwik4aPOzrLUAhUHfFAKHRvqCBEQghwIkAEoADAP\"><span style=\"color: #0000ff; font-size: 18pt;\"><strong><span class=\"_Xbe\">117 Boulevard d\u2019Alsace<\/span><\/strong><\/span><\/div>\n<div class=\"_mr kno-fb-ctx\" data-dtype=\"d3adr\" data-ved=\"0ahUKEwik4aPOzrLUAhUHfFAKHRvqCBEQghwIkAEoADAP\"><span style=\"color: #0000ff; font-size: 18pt;\"><strong>T\u00e9l : <span class=\"_Xbe _ZWk kno-fv\"><span data-dtype=\"d3ph\">03 29 63 14 50<\/span><\/span><\/strong><\/span><\/div>\n<\/div>\n<\/div>\n<\/div>\n<\/div>\n<div class=\"_mr kno-fb-ctx\" style=\"text-align: center;\" data-dtype=\"d3adr\" data-ved=\"0ahUKEwik4aPOzrLUAhUHfFAKHRvqCBEQghwIkAEoADAP\"><a href=\"\/2019\/10\/jeker-g\u00e9rardmer.jpg\" target=\"_blank\" rel=\"noopener\"><img decoding=\"async\" class=\"aligncenter wp-image-145106 size-full\" src=\"\/2019\/10\/jeker-g\u00e9rardmer.jpg\" alt=\"jeker-g\u00e9rardmer\" width=\"800\" height=\"308\" \/><\/a><\/div>\n<div class=\"_mr kno-fb-ctx\" data-dtype=\"d3adr\" data-ved=\"0ahUKEwik4aPOzrLUAhUHfFAKHRvqCBEQghwIkAEoADAP\">\n<div class=\"_mr kno-fb-ctx\" style=\"text-align: center;\" data-dtype=\"d3adr\" data-ved=\"0ahUKEwik4aPOzrLUAhUHfFAKHRvqCBEQghwIkAEoADAP\"><span style=\"font-size: 18pt; color: #0000ff;\"><strong>Jeker Automobiles, 88100 Saint-Marguerite<\/strong><\/span><\/div>\n<div class=\"_mr kno-fb-ctx\" data-dtype=\"d3adr\" data-ved=\"0ahUKEwik4aPOzrLUAhUHfFAKHRvqCBEQghwIkAEoADAP\">\n<div class=\"_eFb\">\n<div class=\"_mr kno-fb-ctx\" style=\"text-align: center;\" data-dtype=\"d3adr\" data-ved=\"0ahUKEwivjs680bLUAhXDJ1AKHbLKC-AQghwIkQEoADAP\"><span style=\"font-size: 18pt; color: #0000ff;\"><strong><span class=\"_xdb\">\u00a0<\/span><span class=\"_Xbe\">134 Rue des Grands Pr\u00e9s<br \/>\n<\/span><\/strong><\/span><\/div>\n<div class=\"_mr kno-fb-ctx\" style=\"text-align: center;\" data-dtype=\"d3adr\" data-ved=\"0ahUKEwivjs680bLUAhXDJ1AKHbLKC-AQghwIkQEoADAP\"><span style=\"font-size: 18pt; color: #0000ff;\"><strong>T\u00e9l : <span class=\"_Xbe _ZWk kno-fv\"><span data-dtype=\"d3ph\">03 29 42 10 00<\/span><\/span><\/strong><\/span><\/div>\n<div class=\"_mr kno-fb-ctx\" style=\"text-align: center;\" data-dtype=\"d3adr\" data-ved=\"0ahUKEwivjs680bLUAhXDJ1AKHbLKC-AQghwIkQEoADAP\"><a href=\"\/2019\/10\/jeker-saintdie.jpg\" target=\"_blank\" rel=\"noopener\"><img decoding=\"async\" class=\"aligncenter wp-image-145107 size-full\" src=\"\/2019\/10\/jeker-saintdie.jpg\" alt=\"jeker-saintdie\" width=\"630\" height=\"291\" \/><\/a><\/div>\n<\/div>\n<\/div>\n<\/div>\n","protected":false},"excerpt":{"rendered":"<p>D\u00e9couvrez la nouvelle Peugeot 2008 Pendant les Portes Ouvertes les 18 et 19 janvier, d\u00e9couvrez le tout Nouveau SUV PEUGEOT [&hellip;]<\/p>\n","protected":false},"author":44,"featured_media":38287,"comment_status":"open","ping_status":"open","sticky":false,"template":"","format":"standard","meta":{"footnotes":""},"categories":[460,2915],"tags":[2916,2917,7505],"class_list":["post-38286","post","type-post","status-publish","format-standard","has-post-thumbnail","hentry","category-a-la-une","category-saint-die-son-canton","tag-jeker-automobiles","tag-peugeot","tag-peugeot-208"],"acf":[],"yoast_head":"<!-- This site is optimized with the Yoast SEO plugin v22.5 - https:\/\/yoast.com\/wordpress\/plugins\/seo\/ -->\n<title>D\u00e9couvrez la nouvelle Peugeot 2008 - Saint Die Info<\/title>\n<meta name=\"robots\" content=\"index, follow, max-snippet:-1, max-image-preview:large, max-video-preview:-1\" \/>\n<link rel=\"canonical\" href=\"https:\/\/vosgesinfo.fr\/saintdieinfo\/2020\/01\/decouvrez-nouvelle-peugeot-208\/\" \/>\n<meta name=\"twitter:card\" content=\"summary_large_image\" \/>\n<meta name=\"twitter:title\" content=\"D\u00e9couvrez la nouvelle Peugeot 2008 - Saint Die Info\" \/>\n<meta name=\"twitter:description\" content=\"D\u00e9couvrez la nouvelle Peugeot 2008 Pendant les Portes Ouvertes les 18 et 19 janvier, d\u00e9couvrez le tout Nouveau SUV PEUGEOT [&hellip;]\" \/>\n<meta name=\"twitter:image\" content=\"https:\/\/vosgesinfo.fr\/app\/uploads\/sites\/4\/2024\/08\/201910peugeot-2008.jpg\" \/>\n<meta name=\"twitter:creator\" content=\"@VosgesInfo88\" \/>\n<meta name=\"twitter:site\" content=\"@VosgesInfo88\" \/>\n<meta name=\"twitter:label1\" content=\"\u00c9crit par\" \/>\n\t<meta name=\"twitter:data1\" content=\"la r\u00e9daction\" \/>\n<script type=\"application\/ld+json\" class=\"yoast-schema-graph\">{\"@context\":\"https:\/\/schema.org\",\"@graph\":[{\"@type\":\"Article\",\"@id\":\"https:\/\/vosgesinfo.fr\/saintdieinfo\/2020\/01\/decouvrez-nouvelle-peugeot-208\/#article\",\"isPartOf\":{\"@id\":\"https:\/\/vosgesinfo.fr\/saintdieinfo\/2020\/01\/decouvrez-nouvelle-peugeot-208\/\"},\"author\":{\"name\":\"la r\u00e9daction\",\"@id\":\"https:\/\/vosgesinfo.fr\/saintdieinfo\/#\/schema\/person\/faee6704a21f3977511db84bd1cd450f\"},\"headline\":\"D\u00e9couvrez la nouvelle Peugeot 2008\",\"datePublished\":\"2020-01-14T07:50:27+00:00\",\"dateModified\":\"2020-01-14T07:50:27+00:00\",\"mainEntityOfPage\":{\"@id\":\"https:\/\/vosgesinfo.fr\/saintdieinfo\/2020\/01\/decouvrez-nouvelle-peugeot-208\/\"},\"wordCount\":75,\"commentCount\":0,\"publisher\":{\"@id\":\"https:\/\/vosgesinfo.fr\/saintdieinfo\/#organization\"},\"image\":{\"@id\":\"https:\/\/vosgesinfo.fr\/saintdieinfo\/2020\/01\/decouvrez-nouvelle-peugeot-208\/#primaryimage\"},\"thumbnailUrl\":\"https:\/\/vosgesinfo.fr\/app\/uploads\/sites\/4\/2024\/08\/201910peugeot-2008.jpg\",\"keywords\":[\"Jeker Automobiles\",\"Peugeot\",\"Peugeot 208\"],\"articleSection\":[\"A la Une\",\"Saint-Di\u00e9-des-Vosges et son Agglom\u00e9ration\"],\"inLanguage\":\"fr-FR\",\"potentialAction\":[{\"@type\":\"CommentAction\",\"name\":\"Comment\",\"target\":[\"https:\/\/vosgesinfo.fr\/saintdieinfo\/2020\/01\/decouvrez-nouvelle-peugeot-208\/#respond\"]}]},{\"@type\":\"WebPage\",\"@id\":\"https:\/\/vosgesinfo.fr\/saintdieinfo\/2020\/01\/decouvrez-nouvelle-peugeot-208\/\",\"url\":\"https:\/\/vosgesinfo.fr\/saintdieinfo\/2020\/01\/decouvrez-nouvelle-peugeot-208\/\",\"name\":\"D\u00e9couvrez la nouvelle Peugeot 2008 - Saint Die Info\",\"isPartOf\":{\"@id\":\"https:\/\/vosgesinfo.fr\/saintdieinfo\/#website\"},\"primaryImageOfPage\":{\"@id\":\"https:\/\/vosgesinfo.fr\/saintdieinfo\/2020\/01\/decouvrez-nouvelle-peugeot-208\/#primaryimage\"},\"image\":{\"@id\":\"https:\/\/vosgesinfo.fr\/saintdieinfo\/2020\/01\/decouvrez-nouvelle-peugeot-208\/#primaryimage\"},\"thumbnailUrl\":\"https:\/\/vosgesinfo.fr\/app\/uploads\/sites\/4\/2024\/08\/201910peugeot-2008.jpg\",\"datePublished\":\"2020-01-14T07:50:27+00:00\",\"dateModified\":\"2020-01-14T07:50:27+00:00\",\"breadcrumb\":{\"@id\":\"https:\/\/vosgesinfo.fr\/saintdieinfo\/2020\/01\/decouvrez-nouvelle-peugeot-208\/#breadcrumb\"},\"inLanguage\":\"fr-FR\",\"potentialAction\":[{\"@type\":\"ReadAction\",\"target\":[\"https:\/\/vosgesinfo.fr\/saintdieinfo\/2020\/01\/decouvrez-nouvelle-peugeot-208\/\"]}]},{\"@type\":\"ImageObject\",\"inLanguage\":\"fr-FR\",\"@id\":\"https:\/\/vosgesinfo.fr\/saintdieinfo\/2020\/01\/decouvrez-nouvelle-peugeot-208\/#primaryimage\",\"url\":\"https:\/\/vosgesinfo.fr\/app\/uploads\/sites\/4\/2024\/08\/201910peugeot-2008.jpg\",\"contentUrl\":\"https:\/\/vosgesinfo.fr\/app\/uploads\/sites\/4\/2024\/08\/201910peugeot-2008.jpg\",\"width\":1178,\"height\":644},{\"@type\":\"BreadcrumbList\",\"@id\":\"https:\/\/vosgesinfo.fr\/saintdieinfo\/2020\/01\/decouvrez-nouvelle-peugeot-208\/#breadcrumb\",\"itemListElement\":[{\"@type\":\"ListItem\",\"position\":1,\"name\":\"Home\",\"item\":\"https:\/\/vosgesinfo.fr\/saintdieinfo\/\"},{\"@type\":\"ListItem\",\"position\":2,\"name\":\"D\u00e9couvrez la nouvelle Peugeot 2008\"}]},{\"@type\":\"WebSite\",\"@id\":\"https:\/\/vosgesinfo.fr\/saintdieinfo\/#website\",\"url\":\"https:\/\/vosgesinfo.fr\/saintdieinfo\/\",\"name\":\"Saint Die Info\",\"description\":\"Toute l&#039;actualit\u00e9 de Saint-Di\u00e9-Des-Vosges\",\"publisher\":{\"@id\":\"https:\/\/vosgesinfo.fr\/saintdieinfo\/#organization\"},\"alternateName\":\"Toute l'actualit\u00e9 de Saint-Di\u00e9-Des-Vosges\",\"potentialAction\":[{\"@type\":\"SearchAction\",\"target\":{\"@type\":\"EntryPoint\",\"urlTemplate\":\"https:\/\/vosgesinfo.fr\/saintdieinfo\/?s={search_term_string}\"},\"query-input\":\"required name=search_term_string\"}],\"inLanguage\":\"fr-FR\"},{\"@type\":\"Organization\",\"@id\":\"https:\/\/vosgesinfo.fr\/saintdieinfo\/#organization\",\"name\":\"Saint Die Info\",\"url\":\"https:\/\/vosgesinfo.fr\/saintdieinfo\/\",\"logo\":{\"@type\":\"ImageObject\",\"inLanguage\":\"fr-FR\",\"@id\":\"https:\/\/vosgesinfo.fr\/saintdieinfo\/#\/schema\/logo\/image\/\",\"url\":\"https:\/\/vosgesinfo.fr\/app\/uploads\/sites\/4\/2024\/02\/logo-sdi.jpg\",\"contentUrl\":\"https:\/\/vosgesinfo.fr\/app\/uploads\/sites\/4\/2024\/02\/logo-sdi.jpg\",\"width\":600,\"height\":600,\"caption\":\"Saint Die Info\"},\"image\":{\"@id\":\"https:\/\/vosgesinfo.fr\/saintdieinfo\/#\/schema\/logo\/image\/\"},\"sameAs\":[\"https:\/\/www.facebook.com\/Saintdieinfofr\",\"https:\/\/x.com\/VosgesInfo88\",\"https:\/\/www.youtube.com\/@vosgesinfo\"]},{\"@type\":\"Person\",\"@id\":\"https:\/\/vosgesinfo.fr\/saintdieinfo\/#\/schema\/person\/faee6704a21f3977511db84bd1cd450f\",\"name\":\"la r\u00e9daction\",\"image\":{\"@type\":\"ImageObject\",\"inLanguage\":\"fr-FR\",\"@id\":\"https:\/\/vosgesinfo.fr\/saintdieinfo\/#\/schema\/person\/image\/\",\"url\":\"https:\/\/secure.gravatar.com\/avatar\/6673d8bc6a9c17fa9a453eaa3448de834fa308c2ec9635b7aa99441a7c8d2cf6?s=96&d=mm&r=g\",\"contentUrl\":\"https:\/\/secure.gravatar.com\/avatar\/6673d8bc6a9c17fa9a453eaa3448de834fa308c2ec9635b7aa99441a7c8d2cf6?s=96&d=mm&r=g\",\"caption\":\"la r\u00e9daction\"},\"url\":\"https:\/\/vosgesinfo.fr\/saintdieinfo\/author\/redac\/\"}]}<\/script>\n<!-- \/ Yoast SEO plugin. -->","yoast_head_json":{"title":"D\u00e9couvrez la nouvelle Peugeot 2008 - Saint Die Info","robots":{"index":"index","follow":"follow","max-snippet":"max-snippet:-1","max-image-preview":"max-image-preview:large","max-video-preview":"max-video-preview:-1"},"canonical":"https:\/\/vosgesinfo.fr\/saintdieinfo\/2020\/01\/decouvrez-nouvelle-peugeot-208\/","twitter_card":"summary_large_image","twitter_title":"D\u00e9couvrez la nouvelle Peugeot 2008 - Saint Die Info","twitter_description":"D\u00e9couvrez la nouvelle Peugeot 2008 Pendant les Portes Ouvertes les 18 et 19 janvier, d\u00e9couvrez le tout Nouveau SUV PEUGEOT [&hellip;]","twitter_image":"https:\/\/vosgesinfo.fr\/app\/uploads\/sites\/4\/2024\/08\/201910peugeot-2008.jpg","twitter_creator":"@VosgesInfo88","twitter_site":"@VosgesInfo88","twitter_misc":{"\u00c9crit par":"la r\u00e9daction"},"schema":{"@context":"https:\/\/schema.org","@graph":[{"@type":"Article","@id":"https:\/\/vosgesinfo.fr\/saintdieinfo\/2020\/01\/decouvrez-nouvelle-peugeot-208\/#article","isPartOf":{"@id":"https:\/\/vosgesinfo.fr\/saintdieinfo\/2020\/01\/decouvrez-nouvelle-peugeot-208\/"},"author":{"name":"la r\u00e9daction","@id":"https:\/\/vosgesinfo.fr\/saintdieinfo\/#\/schema\/person\/faee6704a21f3977511db84bd1cd450f"},"headline":"D\u00e9couvrez la nouvelle Peugeot 2008","datePublished":"2020-01-14T07:50:27+00:00","dateModified":"2020-01-14T07:50:27+00:00","mainEntityOfPage":{"@id":"https:\/\/vosgesinfo.fr\/saintdieinfo\/2020\/01\/decouvrez-nouvelle-peugeot-208\/"},"wordCount":75,"commentCount":0,"publisher":{"@id":"https:\/\/vosgesinfo.fr\/saintdieinfo\/#organization"},"image":{"@id":"https:\/\/vosgesinfo.fr\/saintdieinfo\/2020\/01\/decouvrez-nouvelle-peugeot-208\/#primaryimage"},"thumbnailUrl":"https:\/\/vosgesinfo.fr\/app\/uploads\/sites\/4\/2024\/08\/201910peugeot-2008.jpg","keywords":["Jeker Automobiles","Peugeot","Peugeot 208"],"articleSection":["A la Une","Saint-Di\u00e9-des-Vosges et son Agglom\u00e9ration"],"inLanguage":"fr-FR","potentialAction":[{"@type":"CommentAction","name":"Comment","target":["https:\/\/vosgesinfo.fr\/saintdieinfo\/2020\/01\/decouvrez-nouvelle-peugeot-208\/#respond"]}]},{"@type":"WebPage","@id":"https:\/\/vosgesinfo.fr\/saintdieinfo\/2020\/01\/decouvrez-nouvelle-peugeot-208\/","url":"https:\/\/vosgesinfo.fr\/saintdieinfo\/2020\/01\/decouvrez-nouvelle-peugeot-208\/","name":"D\u00e9couvrez la nouvelle Peugeot 2008 - Saint Die Info","isPartOf":{"@id":"https:\/\/vosgesinfo.fr\/saintdieinfo\/#website"},"primaryImageOfPage":{"@id":"https:\/\/vosgesinfo.fr\/saintdieinfo\/2020\/01\/decouvrez-nouvelle-peugeot-208\/#primaryimage"},"image":{"@id":"https:\/\/vosgesinfo.fr\/saintdieinfo\/2020\/01\/decouvrez-nouvelle-peugeot-208\/#primaryimage"},"thumbnailUrl":"https:\/\/vosgesinfo.fr\/app\/uploads\/sites\/4\/2024\/08\/201910peugeot-2008.jpg","datePublished":"2020-01-14T07:50:27+00:00","dateModified":"2020-01-14T07:50:27+00:00","breadcrumb":{"@id":"https:\/\/vosgesinfo.fr\/saintdieinfo\/2020\/01\/decouvrez-nouvelle-peugeot-208\/#breadcrumb"},"inLanguage":"fr-FR","potentialAction":[{"@type":"ReadAction","target":["https:\/\/vosgesinfo.fr\/saintdieinfo\/2020\/01\/decouvrez-nouvelle-peugeot-208\/"]}]},{"@type":"ImageObject","inLanguage":"fr-FR","@id":"https:\/\/vosgesinfo.fr\/saintdieinfo\/2020\/01\/decouvrez-nouvelle-peugeot-208\/#primaryimage","url":"https:\/\/vosgesinfo.fr\/app\/uploads\/sites\/4\/2024\/08\/201910peugeot-2008.jpg","contentUrl":"https:\/\/vosgesinfo.fr\/app\/uploads\/sites\/4\/2024\/08\/201910peugeot-2008.jpg","width":1178,"height":644},{"@type":"BreadcrumbList","@id":"https:\/\/vosgesinfo.fr\/saintdieinfo\/2020\/01\/decouvrez-nouvelle-peugeot-208\/#breadcrumb","itemListElement":[{"@type":"ListItem","position":1,"name":"Home","item":"https:\/\/vosgesinfo.fr\/saintdieinfo\/"},{"@type":"ListItem","position":2,"name":"D\u00e9couvrez la nouvelle Peugeot 2008"}]},{"@type":"WebSite","@id":"https:\/\/vosgesinfo.fr\/saintdieinfo\/#website","url":"https:\/\/vosgesinfo.fr\/saintdieinfo\/","name":"Saint Die Info","description":"Toute l&#039;actualit\u00e9 de Saint-Di\u00e9-Des-Vosges","publisher":{"@id":"https:\/\/vosgesinfo.fr\/saintdieinfo\/#organization"},"alternateName":"Toute l'actualit\u00e9 de Saint-Di\u00e9-Des-Vosges","potentialAction":[{"@type":"SearchAction","target":{"@type":"EntryPoint","urlTemplate":"https:\/\/vosgesinfo.fr\/saintdieinfo\/?s={search_term_string}"},"query-input":"required name=search_term_string"}],"inLanguage":"fr-FR"},{"@type":"Organization","@id":"https:\/\/vosgesinfo.fr\/saintdieinfo\/#organization","name":"Saint Die Info","url":"https:\/\/vosgesinfo.fr\/saintdieinfo\/","logo":{"@type":"ImageObject","inLanguage":"fr-FR","@id":"https:\/\/vosgesinfo.fr\/saintdieinfo\/#\/schema\/logo\/image\/","url":"https:\/\/vosgesinfo.fr\/app\/uploads\/sites\/4\/2024\/02\/logo-sdi.jpg","contentUrl":"https:\/\/vosgesinfo.fr\/app\/uploads\/sites\/4\/2024\/02\/logo-sdi.jpg","width":600,"height":600,"caption":"Saint Die Info"},"image":{"@id":"https:\/\/vosgesinfo.fr\/saintdieinfo\/#\/schema\/logo\/image\/"},"sameAs":["https:\/\/www.facebook.com\/Saintdieinfofr","https:\/\/x.com\/VosgesInfo88","https:\/\/www.youtube.com\/@vosgesinfo"]},{"@type":"Person","@id":"https:\/\/vosgesinfo.fr\/saintdieinfo\/#\/schema\/person\/faee6704a21f3977511db84bd1cd450f","name":"la r\u00e9daction","image":{"@type":"ImageObject","inLanguage":"fr-FR","@id":"https:\/\/vosgesinfo.fr\/saintdieinfo\/#\/schema\/person\/image\/","url":"https:\/\/secure.gravatar.com\/avatar\/6673d8bc6a9c17fa9a453eaa3448de834fa308c2ec9635b7aa99441a7c8d2cf6?s=96&d=mm&r=g","contentUrl":"https:\/\/secure.gravatar.com\/avatar\/6673d8bc6a9c17fa9a453eaa3448de834fa308c2ec9635b7aa99441a7c8d2cf6?s=96&d=mm&r=g","caption":"la r\u00e9daction"},"url":"https:\/\/vosgesinfo.fr\/saintdieinfo\/author\/redac\/"}]}},"_links":{"self":[{"href":"https:\/\/vosgesinfo.fr\/saintdieinfo\/wp-json\/wp\/v2\/posts\/38286","targetHints":{"allow":["GET"]}}],"collection":[{"href":"https:\/\/vosgesinfo.fr\/saintdieinfo\/wp-json\/wp\/v2\/posts"}],"about":[{"href":"https:\/\/vosgesinfo.fr\/saintdieinfo\/wp-json\/wp\/v2\/types\/post"}],"author":[{"embeddable":true,"href":"https:\/\/vosgesinfo.fr\/saintdieinfo\/wp-json\/wp\/v2\/users\/44"}],"replies":[{"embeddable":true,"href":"https:\/\/vosgesinfo.fr\/saintdieinfo\/wp-json\/wp\/v2\/comments?post=38286"}],"version-history":[{"count":0,"href":"https:\/\/vosgesinfo.fr\/saintdieinfo\/wp-json\/wp\/v2\/posts\/38286\/revisions"}],"wp:featuredmedia":[{"embeddable":true,"href":"https:\/\/vosgesinfo.fr\/saintdieinfo\/wp-json\/wp\/v2\/media\/38287"}],"wp:attachment":[{"href":"https:\/\/vosgesinfo.fr\/saintdieinfo\/wp-json\/wp\/v2\/media?parent=38286"}],"wp:term":[{"taxonomy":"category","embeddable":true,"href":"https:\/\/vosgesinfo.fr\/saintdieinfo\/wp-json\/wp\/v2\/categories?post=38286"},{"taxonomy":"post_tag","embeddable":true,"href":"https:\/\/vosgesinfo.fr\/saintdieinfo\/wp-json\/wp\/v2\/tags?post=38286"}],"curies":[{"name":"wp","href":"https:\/\/api.w.org\/{rel}","templated":true}]}}