{"id":38289,"date":"2020-01-02T09:00:50","date_gmt":"2020-01-02T08:00:50","guid":{"rendered":"https:\/\/vosgesinfo.fr\/saintdieinfo\/2020\/01\/visite-aux-personnels-deodatiens-de-permanence-lors-reveillon-nouvel-an-2-2\/"},"modified":"2020-01-02T09:00:50","modified_gmt":"2020-01-02T08:00:50","slug":"visite-aux-personnels-deodatiens-de-permanence-lors-reveillon-nouvel-an-2-2","status":"publish","type":"post","link":"https:\/\/vosgesinfo.fr\/saintdieinfo\/2020\/01\/visite-aux-personnels-deodatiens-de-permanence-lors-reveillon-nouvel-an-2-2\/","title":{"rendered":"Visite aux personnels d\u00e9odatiens de permanence lors du R\u00e9veillon du Nouvel An"},"content":{"rendered":"<div id=\"attachment_148683\" style=\"width: 970px\" class=\"wp-caption aligncenter\"><a href=\"\/2020\/01\/Visite_Personnels_Astreinte_31122019-2.jpg\" target=\"_blank\" rel=\"noopener\"><img decoding=\"async\" aria-describedby=\"caption-attachment-148683\" class=\"wp-image-148683 size-large\" src=\"\/2020\/01\/Visite_Personnels_Astreinte_31122019-2-1024x683.jpg\" alt=\"Visite_Personnels_Astreinte_31122019 (2)\" width=\"960\" height=\"640\" \/><\/a><p id=\"caption-attachment-148683\" class=\"wp-caption-text\">(Cr\u00e9dits photographiques Marc Fourniquet)<\/p><\/div>\n<h2><span style=\"font-size: 14pt;\"><strong>Ce mardi 31 janvier, \u00e0 quelques heures du passage \u00e0 la nouvelle ann\u00e9e, le maire David Valence, le premier adjoint Bruno Toussaint et l&rsquo;adjointe Marie-Jos\u00e9 Loudig ont rendu visite aux personnels d\u00e9odatiens de permanence lors du R\u00e9veillon du Nouvel An.<br \/>\n<\/strong><\/span><\/h2>\n<p><!--more--><\/p>\n<p><span style=\"font-family: Calibri, sans-serif;\"><span style=\"font-size: large;\">C\u2019est par le Centre de Secours Principal \u2013 CSP \u2013 de Sapeurs-Pompiers qu\u2019a d\u00e9but\u00e9 cette tourn\u00e9e annuelle, qui s\u2019est ensuite poursuivie du c\u00f4t\u00e9 du commissariat de Police Nationale, de la brigade de Gendarmerie et du service des urgences du Centre Hospitalier de Saint-Di\u00e9-des-Vosges. L&rsquo;occasion pour le maire de remettre \u00e0 chacune de ces \u00e9tapes un cadeau de fin d&rsquo;ann\u00e9e aux personnels d&rsquo;astreinte.<\/span><\/span><\/p>\n<p><span style=\"font-family: Calibri, sans-serif;\"><span style=\"font-size: large;\">J.J.<\/span><\/span><\/p>\n\n","protected":false},"excerpt":{"rendered":"<p>Ce mardi 31 janvier, \u00e0 quelques heures du passage \u00e0 la nouvelle ann\u00e9e, le maire David Valence, le premier adjoint [&hellip;]<\/p>\n","protected":false},"author":46,"featured_media":38290,"comment_status":"open","ping_status":"open","sticky":false,"template":"","format":"standard","meta":{"footnotes":""},"categories":[460,2915],"tags":[3056,4918,7506,2798,3891,7507],"class_list":["post-38289","post","type-post","status-publish","format-standard","has-post-thumbnail","hentry","category-a-la-une","category-saint-die-son-canton","tag-centre-hospitalier-de-saint-die-des-vosges","tag-commissariat-de-police-nationale-de-saint-die-des-vosges","tag-groupement-de-gendarmerie-de-saint-die-des-vosges","tag-reveillon-du-nouvel-an","tag-sapeurs-pompiers-de-saint-die-des-vosges","tag-visite-aux-personnels-deodatiens-de-permanence-lors-du-reveillon-du-nouvel-an"],"acf":[],"yoast_head":"<!-- This site is optimized with the Yoast SEO plugin v22.5 - https:\/\/yoast.com\/wordpress\/plugins\/seo\/ -->\n<title>Visite aux personnels d\u00e9odatiens de permanence lors du R\u00e9veillon du Nouvel An - Saint Die Info<\/title>\n<meta name=\"robots\" content=\"index, follow, max-snippet:-1, max-image-preview:large, max-video-preview:-1\" \/>\n<link rel=\"canonical\" href=\"https:\/\/vosgesinfo.fr\/saintdieinfo\/2020\/01\/visite-aux-personnels-deodatiens-de-permanence-lors-reveillon-nouvel-an-2-2\/\" \/>\n<meta name=\"twitter:card\" content=\"summary_large_image\" \/>\n<meta name=\"twitter:title\" content=\"Visite aux personnels d\u00e9odatiens de permanence lors du R\u00e9veillon du Nouvel An - Saint Die Info\" \/>\n<meta name=\"twitter:description\" content=\"Ce mardi 31 janvier, \u00e0 quelques heures du passage \u00e0 la nouvelle ann\u00e9e, le maire David Valence, le premier adjoint [&hellip;]\" \/>\n<meta name=\"twitter:image\" content=\"https:\/\/vosgesinfo.fr\/app\/uploads\/sites\/4\/2024\/08\/202001visite-personnels-astreinte-31122019-2.jpg\" \/>\n<meta name=\"twitter:creator\" content=\"@VosgesInfo88\" \/>\n<meta name=\"twitter:site\" content=\"@VosgesInfo88\" \/>\n<meta name=\"twitter:label1\" content=\"\u00c9crit par\" \/>\n\t<meta name=\"twitter:data1\" content=\"J.J.\" \/>\n\t<meta name=\"twitter:label2\" content=\"Dur\u00e9e de lecture estim\u00e9e\" \/>\n\t<meta name=\"twitter:data2\" content=\"1 minute\" \/>\n<script type=\"application\/ld+json\" class=\"yoast-schema-graph\">{\"@context\":\"https:\/\/schema.org\",\"@graph\":[{\"@type\":\"Article\",\"@id\":\"https:\/\/vosgesinfo.fr\/saintdieinfo\/2020\/01\/visite-aux-personnels-deodatiens-de-permanence-lors-reveillon-nouvel-an-2-2\/#article\",\"isPartOf\":{\"@id\":\"https:\/\/vosgesinfo.fr\/saintdieinfo\/2020\/01\/visite-aux-personnels-deodatiens-de-permanence-lors-reveillon-nouvel-an-2-2\/\"},\"author\":{\"name\":\"J.J.\",\"@id\":\"https:\/\/vosgesinfo.fr\/saintdieinfo\/#\/schema\/person\/fa73e9f726d67bb88f46d5b7943cb572\"},\"headline\":\"Visite aux personnels d\u00e9odatiens de permanence lors du R\u00e9veillon du Nouvel An\",\"datePublished\":\"2020-01-02T08:00:50+00:00\",\"dateModified\":\"2020-01-02T08:00:50+00:00\",\"mainEntityOfPage\":{\"@id\":\"https:\/\/vosgesinfo.fr\/saintdieinfo\/2020\/01\/visite-aux-personnels-deodatiens-de-permanence-lors-reveillon-nouvel-an-2-2\/\"},\"wordCount\":145,\"commentCount\":0,\"publisher\":{\"@id\":\"https:\/\/vosgesinfo.fr\/saintdieinfo\/#organization\"},\"image\":{\"@id\":\"https:\/\/vosgesinfo.fr\/saintdieinfo\/2020\/01\/visite-aux-personnels-deodatiens-de-permanence-lors-reveillon-nouvel-an-2-2\/#primaryimage\"},\"thumbnailUrl\":\"https:\/\/vosgesinfo.fr\/app\/uploads\/sites\/4\/2024\/08\/202001visite-personnels-astreinte-31122019-2.jpg\",\"keywords\":[\"Centre Hospitalier de Saint-Di\u00e9-des-Vosges\",\"Commissariat de Police Nationale de Saint-Di\u00e9-des-Vosges\",\"Groupement de Gendarmerie de Saint-Di\u00e9-des-Vosges\",\"R\u00e9veillon du Nouvel an\",\"Sapeurs-pompiers de Saint-Di\u00e9-des-Vosges\",\"Visite aux personnels d\u00e9odatiens de permanence lors du Reveillon du Nouvel An\"],\"articleSection\":[\"A la Une\",\"Saint-Di\u00e9-des-Vosges et son Agglom\u00e9ration\"],\"inLanguage\":\"fr-FR\",\"potentialAction\":[{\"@type\":\"CommentAction\",\"name\":\"Comment\",\"target\":[\"https:\/\/vosgesinfo.fr\/saintdieinfo\/2020\/01\/visite-aux-personnels-deodatiens-de-permanence-lors-reveillon-nouvel-an-2-2\/#respond\"]}]},{\"@type\":\"WebPage\",\"@id\":\"https:\/\/vosgesinfo.fr\/saintdieinfo\/2020\/01\/visite-aux-personnels-deodatiens-de-permanence-lors-reveillon-nouvel-an-2-2\/\",\"url\":\"https:\/\/vosgesinfo.fr\/saintdieinfo\/2020\/01\/visite-aux-personnels-deodatiens-de-permanence-lors-reveillon-nouvel-an-2-2\/\",\"name\":\"Visite aux personnels d\u00e9odatiens de permanence lors du R\u00e9veillon du Nouvel An - Saint Die Info\",\"isPartOf\":{\"@id\":\"https:\/\/vosgesinfo.fr\/saintdieinfo\/#website\"},\"primaryImageOfPage\":{\"@id\":\"https:\/\/vosgesinfo.fr\/saintdieinfo\/2020\/01\/visite-aux-personnels-deodatiens-de-permanence-lors-reveillon-nouvel-an-2-2\/#primaryimage\"},\"image\":{\"@id\":\"https:\/\/vosgesinfo.fr\/saintdieinfo\/2020\/01\/visite-aux-personnels-deodatiens-de-permanence-lors-reveillon-nouvel-an-2-2\/#primaryimage\"},\"thumbnailUrl\":\"https:\/\/vosgesinfo.fr\/app\/uploads\/sites\/4\/2024\/08\/202001visite-personnels-astreinte-31122019-2.jpg\",\"datePublished\":\"2020-01-02T08:00:50+00:00\",\"dateModified\":\"2020-01-02T08:00:50+00:00\",\"breadcrumb\":{\"@id\":\"https:\/\/vosgesinfo.fr\/saintdieinfo\/2020\/01\/visite-aux-personnels-deodatiens-de-permanence-lors-reveillon-nouvel-an-2-2\/#breadcrumb\"},\"inLanguage\":\"fr-FR\",\"potentialAction\":[{\"@type\":\"ReadAction\",\"target\":[\"https:\/\/vosgesinfo.fr\/saintdieinfo\/2020\/01\/visite-aux-personnels-deodatiens-de-permanence-lors-reveillon-nouvel-an-2-2\/\"]}]},{\"@type\":\"ImageObject\",\"inLanguage\":\"fr-FR\",\"@id\":\"https:\/\/vosgesinfo.fr\/saintdieinfo\/2020\/01\/visite-aux-personnels-deodatiens-de-permanence-lors-reveillon-nouvel-an-2-2\/#primaryimage\",\"url\":\"https:\/\/vosgesinfo.fr\/app\/uploads\/sites\/4\/2024\/08\/202001visite-personnels-astreinte-31122019-2.jpg\",\"contentUrl\":\"https:\/\/vosgesinfo.fr\/app\/uploads\/sites\/4\/2024\/08\/202001visite-personnels-astreinte-31122019-2.jpg\",\"width\":1024,\"height\":683},{\"@type\":\"BreadcrumbList\",\"@id\":\"https:\/\/vosgesinfo.fr\/saintdieinfo\/2020\/01\/visite-aux-personnels-deodatiens-de-permanence-lors-reveillon-nouvel-an-2-2\/#breadcrumb\",\"itemListElement\":[{\"@type\":\"ListItem\",\"position\":1,\"name\":\"Home\",\"item\":\"https:\/\/vosgesinfo.fr\/saintdieinfo\/\"},{\"@type\":\"ListItem\",\"position\":2,\"name\":\"Visite aux personnels d\u00e9odatiens de permanence lors du R\u00e9veillon du Nouvel An\"}]},{\"@type\":\"WebSite\",\"@id\":\"https:\/\/vosgesinfo.fr\/saintdieinfo\/#website\",\"url\":\"https:\/\/vosgesinfo.fr\/saintdieinfo\/\",\"name\":\"Saint Die Info\",\"description\":\"Toute l&#039;actualit\u00e9 de Saint-Di\u00e9-Des-Vosges\",\"publisher\":{\"@id\":\"https:\/\/vosgesinfo.fr\/saintdieinfo\/#organization\"},\"alternateName\":\"Toute l'actualit\u00e9 de Saint-Di\u00e9-Des-Vosges\",\"potentialAction\":[{\"@type\":\"SearchAction\",\"target\":{\"@type\":\"EntryPoint\",\"urlTemplate\":\"https:\/\/vosgesinfo.fr\/saintdieinfo\/?s={search_term_string}\"},\"query-input\":\"required name=search_term_string\"}],\"inLanguage\":\"fr-FR\"},{\"@type\":\"Organization\",\"@id\":\"https:\/\/vosgesinfo.fr\/saintdieinfo\/#organization\",\"name\":\"Saint Die Info\",\"url\":\"https:\/\/vosgesinfo.fr\/saintdieinfo\/\",\"logo\":{\"@type\":\"ImageObject\",\"inLanguage\":\"fr-FR\",\"@id\":\"https:\/\/vosgesinfo.fr\/saintdieinfo\/#\/schema\/logo\/image\/\",\"url\":\"https:\/\/vosgesinfo.fr\/app\/uploads\/sites\/4\/2024\/02\/logo-sdi.jpg\",\"contentUrl\":\"https:\/\/vosgesinfo.fr\/app\/uploads\/sites\/4\/2024\/02\/logo-sdi.jpg\",\"width\":600,\"height\":600,\"caption\":\"Saint Die Info\"},\"image\":{\"@id\":\"https:\/\/vosgesinfo.fr\/saintdieinfo\/#\/schema\/logo\/image\/\"},\"sameAs\":[\"https:\/\/www.facebook.com\/Saintdieinfofr\",\"https:\/\/x.com\/VosgesInfo88\",\"https:\/\/www.youtube.com\/@vosgesinfo\"]},{\"@type\":\"Person\",\"@id\":\"https:\/\/vosgesinfo.fr\/saintdieinfo\/#\/schema\/person\/fa73e9f726d67bb88f46d5b7943cb572\",\"name\":\"J.J.\",\"image\":{\"@type\":\"ImageObject\",\"inLanguage\":\"fr-FR\",\"@id\":\"https:\/\/vosgesinfo.fr\/saintdieinfo\/#\/schema\/person\/image\/\",\"url\":\"https:\/\/secure.gravatar.com\/avatar\/219e749e47ffbcca018a360ae4add7d4cdf1cdaaf8bc7676b27efade3fe65615?s=96&d=mm&r=g\",\"contentUrl\":\"https:\/\/secure.gravatar.com\/avatar\/219e749e47ffbcca018a360ae4add7d4cdf1cdaaf8bc7676b27efade3fe65615?s=96&d=mm&r=g\",\"caption\":\"J.J.\"},\"url\":\"https:\/\/vosgesinfo.fr\/saintdieinfo\/author\/j-j\/\"}]}<\/script>\n<!-- \/ Yoast SEO plugin. -->","yoast_head_json":{"title":"Visite aux personnels d\u00e9odatiens de permanence lors du R\u00e9veillon du Nouvel An - Saint Die Info","robots":{"index":"index","follow":"follow","max-snippet":"max-snippet:-1","max-image-preview":"max-image-preview:large","max-video-preview":"max-video-preview:-1"},"canonical":"https:\/\/vosgesinfo.fr\/saintdieinfo\/2020\/01\/visite-aux-personnels-deodatiens-de-permanence-lors-reveillon-nouvel-an-2-2\/","twitter_card":"summary_large_image","twitter_title":"Visite aux personnels d\u00e9odatiens de permanence lors du R\u00e9veillon du Nouvel An - Saint Die Info","twitter_description":"Ce mardi 31 janvier, \u00e0 quelques heures du passage \u00e0 la nouvelle ann\u00e9e, le maire David Valence, le premier adjoint [&hellip;]","twitter_image":"https:\/\/vosgesinfo.fr\/app\/uploads\/sites\/4\/2024\/08\/202001visite-personnels-astreinte-31122019-2.jpg","twitter_creator":"@VosgesInfo88","twitter_site":"@VosgesInfo88","twitter_misc":{"\u00c9crit par":"J.J.","Dur\u00e9e de lecture estim\u00e9e":"1 minute"},"schema":{"@context":"https:\/\/schema.org","@graph":[{"@type":"Article","@id":"https:\/\/vosgesinfo.fr\/saintdieinfo\/2020\/01\/visite-aux-personnels-deodatiens-de-permanence-lors-reveillon-nouvel-an-2-2\/#article","isPartOf":{"@id":"https:\/\/vosgesinfo.fr\/saintdieinfo\/2020\/01\/visite-aux-personnels-deodatiens-de-permanence-lors-reveillon-nouvel-an-2-2\/"},"author":{"name":"J.J.","@id":"https:\/\/vosgesinfo.fr\/saintdieinfo\/#\/schema\/person\/fa73e9f726d67bb88f46d5b7943cb572"},"headline":"Visite aux personnels d\u00e9odatiens de permanence lors du R\u00e9veillon du Nouvel An","datePublished":"2020-01-02T08:00:50+00:00","dateModified":"2020-01-02T08:00:50+00:00","mainEntityOfPage":{"@id":"https:\/\/vosgesinfo.fr\/saintdieinfo\/2020\/01\/visite-aux-personnels-deodatiens-de-permanence-lors-reveillon-nouvel-an-2-2\/"},"wordCount":145,"commentCount":0,"publisher":{"@id":"https:\/\/vosgesinfo.fr\/saintdieinfo\/#organization"},"image":{"@id":"https:\/\/vosgesinfo.fr\/saintdieinfo\/2020\/01\/visite-aux-personnels-deodatiens-de-permanence-lors-reveillon-nouvel-an-2-2\/#primaryimage"},"thumbnailUrl":"https:\/\/vosgesinfo.fr\/app\/uploads\/sites\/4\/2024\/08\/202001visite-personnels-astreinte-31122019-2.jpg","keywords":["Centre Hospitalier de Saint-Di\u00e9-des-Vosges","Commissariat de Police Nationale de Saint-Di\u00e9-des-Vosges","Groupement de Gendarmerie de Saint-Di\u00e9-des-Vosges","R\u00e9veillon du Nouvel an","Sapeurs-pompiers de Saint-Di\u00e9-des-Vosges","Visite aux personnels d\u00e9odatiens de permanence lors du Reveillon du Nouvel An"],"articleSection":["A la Une","Saint-Di\u00e9-des-Vosges et son Agglom\u00e9ration"],"inLanguage":"fr-FR","potentialAction":[{"@type":"CommentAction","name":"Comment","target":["https:\/\/vosgesinfo.fr\/saintdieinfo\/2020\/01\/visite-aux-personnels-deodatiens-de-permanence-lors-reveillon-nouvel-an-2-2\/#respond"]}]},{"@type":"WebPage","@id":"https:\/\/vosgesinfo.fr\/saintdieinfo\/2020\/01\/visite-aux-personnels-deodatiens-de-permanence-lors-reveillon-nouvel-an-2-2\/","url":"https:\/\/vosgesinfo.fr\/saintdieinfo\/2020\/01\/visite-aux-personnels-deodatiens-de-permanence-lors-reveillon-nouvel-an-2-2\/","name":"Visite aux personnels d\u00e9odatiens de permanence lors du R\u00e9veillon du Nouvel An - Saint Die Info","isPartOf":{"@id":"https:\/\/vosgesinfo.fr\/saintdieinfo\/#website"},"primaryImageOfPage":{"@id":"https:\/\/vosgesinfo.fr\/saintdieinfo\/2020\/01\/visite-aux-personnels-deodatiens-de-permanence-lors-reveillon-nouvel-an-2-2\/#primaryimage"},"image":{"@id":"https:\/\/vosgesinfo.fr\/saintdieinfo\/2020\/01\/visite-aux-personnels-deodatiens-de-permanence-lors-reveillon-nouvel-an-2-2\/#primaryimage"},"thumbnailUrl":"https:\/\/vosgesinfo.fr\/app\/uploads\/sites\/4\/2024\/08\/202001visite-personnels-astreinte-31122019-2.jpg","datePublished":"2020-01-02T08:00:50+00:00","dateModified":"2020-01-02T08:00:50+00:00","breadcrumb":{"@id":"https:\/\/vosgesinfo.fr\/saintdieinfo\/2020\/01\/visite-aux-personnels-deodatiens-de-permanence-lors-reveillon-nouvel-an-2-2\/#breadcrumb"},"inLanguage":"fr-FR","potentialAction":[{"@type":"ReadAction","target":["https:\/\/vosgesinfo.fr\/saintdieinfo\/2020\/01\/visite-aux-personnels-deodatiens-de-permanence-lors-reveillon-nouvel-an-2-2\/"]}]},{"@type":"ImageObject","inLanguage":"fr-FR","@id":"https:\/\/vosgesinfo.fr\/saintdieinfo\/2020\/01\/visite-aux-personnels-deodatiens-de-permanence-lors-reveillon-nouvel-an-2-2\/#primaryimage","url":"https:\/\/vosgesinfo.fr\/app\/uploads\/sites\/4\/2024\/08\/202001visite-personnels-astreinte-31122019-2.jpg","contentUrl":"https:\/\/vosgesinfo.fr\/app\/uploads\/sites\/4\/2024\/08\/202001visite-personnels-astreinte-31122019-2.jpg","width":1024,"height":683},{"@type":"BreadcrumbList","@id":"https:\/\/vosgesinfo.fr\/saintdieinfo\/2020\/01\/visite-aux-personnels-deodatiens-de-permanence-lors-reveillon-nouvel-an-2-2\/#breadcrumb","itemListElement":[{"@type":"ListItem","position":1,"name":"Home","item":"https:\/\/vosgesinfo.fr\/saintdieinfo\/"},{"@type":"ListItem","position":2,"name":"Visite aux personnels d\u00e9odatiens de permanence lors du R\u00e9veillon du Nouvel An"}]},{"@type":"WebSite","@id":"https:\/\/vosgesinfo.fr\/saintdieinfo\/#website","url":"https:\/\/vosgesinfo.fr\/saintdieinfo\/","name":"Saint Die Info","description":"Toute l&#039;actualit\u00e9 de Saint-Di\u00e9-Des-Vosges","publisher":{"@id":"https:\/\/vosgesinfo.fr\/saintdieinfo\/#organization"},"alternateName":"Toute l'actualit\u00e9 de Saint-Di\u00e9-Des-Vosges","potentialAction":[{"@type":"SearchAction","target":{"@type":"EntryPoint","urlTemplate":"https:\/\/vosgesinfo.fr\/saintdieinfo\/?s={search_term_string}"},"query-input":"required name=search_term_string"}],"inLanguage":"fr-FR"},{"@type":"Organization","@id":"https:\/\/vosgesinfo.fr\/saintdieinfo\/#organization","name":"Saint Die Info","url":"https:\/\/vosgesinfo.fr\/saintdieinfo\/","logo":{"@type":"ImageObject","inLanguage":"fr-FR","@id":"https:\/\/vosgesinfo.fr\/saintdieinfo\/#\/schema\/logo\/image\/","url":"https:\/\/vosgesinfo.fr\/app\/uploads\/sites\/4\/2024\/02\/logo-sdi.jpg","contentUrl":"https:\/\/vosgesinfo.fr\/app\/uploads\/sites\/4\/2024\/02\/logo-sdi.jpg","width":600,"height":600,"caption":"Saint Die Info"},"image":{"@id":"https:\/\/vosgesinfo.fr\/saintdieinfo\/#\/schema\/logo\/image\/"},"sameAs":["https:\/\/www.facebook.com\/Saintdieinfofr","https:\/\/x.com\/VosgesInfo88","https:\/\/www.youtube.com\/@vosgesinfo"]},{"@type":"Person","@id":"https:\/\/vosgesinfo.fr\/saintdieinfo\/#\/schema\/person\/fa73e9f726d67bb88f46d5b7943cb572","name":"J.J.","image":{"@type":"ImageObject","inLanguage":"fr-FR","@id":"https:\/\/vosgesinfo.fr\/saintdieinfo\/#\/schema\/person\/image\/","url":"https:\/\/secure.gravatar.com\/avatar\/219e749e47ffbcca018a360ae4add7d4cdf1cdaaf8bc7676b27efade3fe65615?s=96&d=mm&r=g","contentUrl":"https:\/\/secure.gravatar.com\/avatar\/219e749e47ffbcca018a360ae4add7d4cdf1cdaaf8bc7676b27efade3fe65615?s=96&d=mm&r=g","caption":"J.J."},"url":"https:\/\/vosgesinfo.fr\/saintdieinfo\/author\/j-j\/"}]}},"_links":{"self":[{"href":"https:\/\/vosgesinfo.fr\/saintdieinfo\/wp-json\/wp\/v2\/posts\/38289","targetHints":{"allow":["GET"]}}],"collection":[{"href":"https:\/\/vosgesinfo.fr\/saintdieinfo\/wp-json\/wp\/v2\/posts"}],"about":[{"href":"https:\/\/vosgesinfo.fr\/saintdieinfo\/wp-json\/wp\/v2\/types\/post"}],"author":[{"embeddable":true,"href":"https:\/\/vosgesinfo.fr\/saintdieinfo\/wp-json\/wp\/v2\/users\/46"}],"replies":[{"embeddable":true,"href":"https:\/\/vosgesinfo.fr\/saintdieinfo\/wp-json\/wp\/v2\/comments?post=38289"}],"version-history":[{"count":0,"href":"https:\/\/vosgesinfo.fr\/saintdieinfo\/wp-json\/wp\/v2\/posts\/38289\/revisions"}],"wp:featuredmedia":[{"embeddable":true,"href":"https:\/\/vosgesinfo.fr\/saintdieinfo\/wp-json\/wp\/v2\/media\/38290"}],"wp:attachment":[{"href":"https:\/\/vosgesinfo.fr\/saintdieinfo\/wp-json\/wp\/v2\/media?parent=38289"}],"wp:term":[{"taxonomy":"category","embeddable":true,"href":"https:\/\/vosgesinfo.fr\/saintdieinfo\/wp-json\/wp\/v2\/categories?post=38289"},{"taxonomy":"post_tag","embeddable":true,"href":"https:\/\/vosgesinfo.fr\/saintdieinfo\/wp-json\/wp\/v2\/tags?post=38289"}],"curies":[{"name":"wp","href":"https:\/\/api.w.org\/{rel}","templated":true}]}}