{"id":38329,"date":"2020-01-03T05:40:44","date_gmt":"2020-01-03T04:40:44","guid":{"rendered":"https:\/\/vosgesinfo.fr\/saintdieinfo\/2020\/01\/sainte-marguerite-louves-srd-volley-ball-seance-de-dedicaces-a-lhypermarche-cora\/"},"modified":"2020-01-03T05:40:44","modified_gmt":"2020-01-03T04:40:44","slug":"sainte-marguerite-louves-srd-volley-ball-seance-de-dedicaces-a-lhypermarche-cora","status":"publish","type":"post","link":"https:\/\/vosgesinfo.fr\/saintdieinfo\/2020\/01\/sainte-marguerite-louves-srd-volley-ball-seance-de-dedicaces-a-lhypermarche-cora\/","title":{"rendered":"Sainte-Marguerite \u2013 Les Louves du SRD Volley-Ball en s\u00e9ance de d\u00e9dicaces \u00e0 l&rsquo;hypermarch\u00e9 Cora"},"content":{"rendered":"<div id=\"attachment_148734\" style=\"width: 970px\" class=\"wp-caption aligncenter\"><a href=\"\/2020\/01\/Les_Louves_Cora.jpg\" target=\"_blank\" rel=\"noopener\"><img decoding=\"async\" aria-describedby=\"caption-attachment-148734\" class=\"wp-image-148734 size-large\" src=\"\/2020\/01\/Les_Louves_Cora-1024x722.jpg\" alt=\"Les_Louves_Cora\" width=\"960\" height=\"677\" \/><\/a><p id=\"caption-attachment-148734\" class=\"wp-caption-text\">(Cr\u00e9dit image SRD Volley-Ball)<\/p><\/div>\n<h2><strong><span style=\"font-family: Calibri, sans-serif;\"><span style=\"font-size: large;\">Les Louves du SRD Volley-Ball seront pr\u00e9sentes dans la galerie de l&rsquo;hypermarch\u00e9 Cora de Sainte-Marguerite ce samedi 4 janvier, \u00e0 partir de 10h30, pour une s\u00e9ance de d\u00e9dicaces. A cette occasion, des places seront offertes pour le match du 11 janvier, contre Bordeaux, des posters seront \u00e9galement offerts et le magazine officiel des Louves sera disponible sur place.<\/span><\/span><\/strong><\/h2>\n<p>J.J.<\/p>\n","protected":false},"excerpt":{"rendered":"<p>Les Louves du SRD Volley-Ball seront pr\u00e9sentes dans la galerie de l&rsquo;hypermarch\u00e9 Cora de Sainte-Marguerite ce samedi 4 janvier, \u00e0 [&hellip;]<\/p>\n","protected":false},"author":46,"featured_media":38330,"comment_status":"open","ping_status":"open","sticky":false,"template":"","format":"standard","meta":{"footnotes":""},"categories":[3900,2915,14],"tags":[7528,3247,5159,7414,3249],"class_list":["post-38329","post","type-post","status-publish","format-standard","has-post-thumbnail","hentry","category-breves","category-saint-die-son-canton","category-sport","tag-hypermarche-cora","tag-les-louves","tag-seance-de-dedicaces","tag-srd-volley-ball","tag-volley-ball-feminin"],"acf":[],"yoast_head":"<!-- This site is optimized with the Yoast SEO plugin v22.5 - https:\/\/yoast.com\/wordpress\/plugins\/seo\/ -->\n<title>Sainte-Marguerite \u2013 Les Louves du SRD Volley-Ball en s\u00e9ance de d\u00e9dicaces \u00e0 l&#039;hypermarch\u00e9 Cora - Saint Die Info<\/title>\n<meta name=\"robots\" content=\"index, follow, max-snippet:-1, max-image-preview:large, max-video-preview:-1\" \/>\n<link rel=\"canonical\" href=\"https:\/\/vosgesinfo.fr\/saintdieinfo\/2020\/01\/sainte-marguerite-louves-srd-volley-ball-seance-de-dedicaces-a-lhypermarche-cora\/\" \/>\n<meta name=\"twitter:card\" content=\"summary_large_image\" \/>\n<meta name=\"twitter:title\" content=\"Sainte-Marguerite \u2013 Les Louves du SRD Volley-Ball en s\u00e9ance de d\u00e9dicaces \u00e0 l&#039;hypermarch\u00e9 Cora - Saint Die Info\" \/>\n<meta name=\"twitter:description\" content=\"Les Louves du SRD Volley-Ball seront pr\u00e9sentes dans la galerie de l&rsquo;hypermarch\u00e9 Cora de Sainte-Marguerite ce samedi 4 janvier, \u00e0 [&hellip;]\" \/>\n<meta name=\"twitter:image\" content=\"https:\/\/vosgesinfo.fr\/app\/uploads\/sites\/4\/2024\/08\/202001les-louves-cora.jpg\" \/>\n<meta name=\"twitter:creator\" content=\"@VosgesInfo88\" \/>\n<meta name=\"twitter:site\" content=\"@VosgesInfo88\" \/>\n<meta name=\"twitter:label1\" content=\"\u00c9crit par\" \/>\n\t<meta name=\"twitter:data1\" content=\"J.J.\" \/>\n<script type=\"application\/ld+json\" class=\"yoast-schema-graph\">{\"@context\":\"https:\/\/schema.org\",\"@graph\":[{\"@type\":\"Article\",\"@id\":\"https:\/\/vosgesinfo.fr\/saintdieinfo\/2020\/01\/sainte-marguerite-louves-srd-volley-ball-seance-de-dedicaces-a-lhypermarche-cora\/#article\",\"isPartOf\":{\"@id\":\"https:\/\/vosgesinfo.fr\/saintdieinfo\/2020\/01\/sainte-marguerite-louves-srd-volley-ball-seance-de-dedicaces-a-lhypermarche-cora\/\"},\"author\":{\"name\":\"J.J.\",\"@id\":\"https:\/\/vosgesinfo.fr\/saintdieinfo\/#\/schema\/person\/fa73e9f726d67bb88f46d5b7943cb572\"},\"headline\":\"Sainte-Marguerite \u2013 Les Louves du SRD Volley-Ball en s\u00e9ance de d\u00e9dicaces \u00e0 l&rsquo;hypermarch\u00e9 Cora\",\"datePublished\":\"2020-01-03T04:40:44+00:00\",\"dateModified\":\"2020-01-03T04:40:44+00:00\",\"mainEntityOfPage\":{\"@id\":\"https:\/\/vosgesinfo.fr\/saintdieinfo\/2020\/01\/sainte-marguerite-louves-srd-volley-ball-seance-de-dedicaces-a-lhypermarche-cora\/\"},\"wordCount\":88,\"commentCount\":0,\"publisher\":{\"@id\":\"https:\/\/vosgesinfo.fr\/saintdieinfo\/#organization\"},\"image\":{\"@id\":\"https:\/\/vosgesinfo.fr\/saintdieinfo\/2020\/01\/sainte-marguerite-louves-srd-volley-ball-seance-de-dedicaces-a-lhypermarche-cora\/#primaryimage\"},\"thumbnailUrl\":\"https:\/\/vosgesinfo.fr\/app\/uploads\/sites\/4\/2024\/08\/202001les-louves-cora.jpg\",\"keywords\":[\"Hypermarch\u00e9 Cora\",\"Les Louves\",\"S\u00e9ance de d\u00e9dicaces\",\"SRD Volley-Ball\",\"Volley-ball f\u00e9minin\"],\"articleSection\":[\"Br\u00e8ves\",\"Saint-Di\u00e9-des-Vosges et son Agglom\u00e9ration\",\"Sport\"],\"inLanguage\":\"fr-FR\",\"potentialAction\":[{\"@type\":\"CommentAction\",\"name\":\"Comment\",\"target\":[\"https:\/\/vosgesinfo.fr\/saintdieinfo\/2020\/01\/sainte-marguerite-louves-srd-volley-ball-seance-de-dedicaces-a-lhypermarche-cora\/#respond\"]}]},{\"@type\":\"WebPage\",\"@id\":\"https:\/\/vosgesinfo.fr\/saintdieinfo\/2020\/01\/sainte-marguerite-louves-srd-volley-ball-seance-de-dedicaces-a-lhypermarche-cora\/\",\"url\":\"https:\/\/vosgesinfo.fr\/saintdieinfo\/2020\/01\/sainte-marguerite-louves-srd-volley-ball-seance-de-dedicaces-a-lhypermarche-cora\/\",\"name\":\"Sainte-Marguerite \u2013 Les Louves du SRD Volley-Ball en s\u00e9ance de d\u00e9dicaces \u00e0 l'hypermarch\u00e9 Cora - Saint Die Info\",\"isPartOf\":{\"@id\":\"https:\/\/vosgesinfo.fr\/saintdieinfo\/#website\"},\"primaryImageOfPage\":{\"@id\":\"https:\/\/vosgesinfo.fr\/saintdieinfo\/2020\/01\/sainte-marguerite-louves-srd-volley-ball-seance-de-dedicaces-a-lhypermarche-cora\/#primaryimage\"},\"image\":{\"@id\":\"https:\/\/vosgesinfo.fr\/saintdieinfo\/2020\/01\/sainte-marguerite-louves-srd-volley-ball-seance-de-dedicaces-a-lhypermarche-cora\/#primaryimage\"},\"thumbnailUrl\":\"https:\/\/vosgesinfo.fr\/app\/uploads\/sites\/4\/2024\/08\/202001les-louves-cora.jpg\",\"datePublished\":\"2020-01-03T04:40:44+00:00\",\"dateModified\":\"2020-01-03T04:40:44+00:00\",\"breadcrumb\":{\"@id\":\"https:\/\/vosgesinfo.fr\/saintdieinfo\/2020\/01\/sainte-marguerite-louves-srd-volley-ball-seance-de-dedicaces-a-lhypermarche-cora\/#breadcrumb\"},\"inLanguage\":\"fr-FR\",\"potentialAction\":[{\"@type\":\"ReadAction\",\"target\":[\"https:\/\/vosgesinfo.fr\/saintdieinfo\/2020\/01\/sainte-marguerite-louves-srd-volley-ball-seance-de-dedicaces-a-lhypermarche-cora\/\"]}]},{\"@type\":\"ImageObject\",\"inLanguage\":\"fr-FR\",\"@id\":\"https:\/\/vosgesinfo.fr\/saintdieinfo\/2020\/01\/sainte-marguerite-louves-srd-volley-ball-seance-de-dedicaces-a-lhypermarche-cora\/#primaryimage\",\"url\":\"https:\/\/vosgesinfo.fr\/app\/uploads\/sites\/4\/2024\/08\/202001les-louves-cora.jpg\",\"contentUrl\":\"https:\/\/vosgesinfo.fr\/app\/uploads\/sites\/4\/2024\/08\/202001les-louves-cora.jpg\",\"width\":2014,\"height\":1420},{\"@type\":\"BreadcrumbList\",\"@id\":\"https:\/\/vosgesinfo.fr\/saintdieinfo\/2020\/01\/sainte-marguerite-louves-srd-volley-ball-seance-de-dedicaces-a-lhypermarche-cora\/#breadcrumb\",\"itemListElement\":[{\"@type\":\"ListItem\",\"position\":1,\"name\":\"Home\",\"item\":\"https:\/\/vosgesinfo.fr\/saintdieinfo\/\"},{\"@type\":\"ListItem\",\"position\":2,\"name\":\"Sainte-Marguerite \u2013 Les Louves du SRD Volley-Ball en s\u00e9ance de d\u00e9dicaces \u00e0 l&rsquo;hypermarch\u00e9 Cora\"}]},{\"@type\":\"WebSite\",\"@id\":\"https:\/\/vosgesinfo.fr\/saintdieinfo\/#website\",\"url\":\"https:\/\/vosgesinfo.fr\/saintdieinfo\/\",\"name\":\"Saint Die Info\",\"description\":\"Toute l&#039;actualit\u00e9 de Saint-Di\u00e9-Des-Vosges\",\"publisher\":{\"@id\":\"https:\/\/vosgesinfo.fr\/saintdieinfo\/#organization\"},\"alternateName\":\"Toute l'actualit\u00e9 de Saint-Di\u00e9-Des-Vosges\",\"potentialAction\":[{\"@type\":\"SearchAction\",\"target\":{\"@type\":\"EntryPoint\",\"urlTemplate\":\"https:\/\/vosgesinfo.fr\/saintdieinfo\/?s={search_term_string}\"},\"query-input\":\"required name=search_term_string\"}],\"inLanguage\":\"fr-FR\"},{\"@type\":\"Organization\",\"@id\":\"https:\/\/vosgesinfo.fr\/saintdieinfo\/#organization\",\"name\":\"Saint Die Info\",\"url\":\"https:\/\/vosgesinfo.fr\/saintdieinfo\/\",\"logo\":{\"@type\":\"ImageObject\",\"inLanguage\":\"fr-FR\",\"@id\":\"https:\/\/vosgesinfo.fr\/saintdieinfo\/#\/schema\/logo\/image\/\",\"url\":\"https:\/\/vosgesinfo.fr\/app\/uploads\/sites\/4\/2024\/02\/logo-sdi.jpg\",\"contentUrl\":\"https:\/\/vosgesinfo.fr\/app\/uploads\/sites\/4\/2024\/02\/logo-sdi.jpg\",\"width\":600,\"height\":600,\"caption\":\"Saint Die Info\"},\"image\":{\"@id\":\"https:\/\/vosgesinfo.fr\/saintdieinfo\/#\/schema\/logo\/image\/\"},\"sameAs\":[\"https:\/\/www.facebook.com\/Saintdieinfofr\",\"https:\/\/x.com\/VosgesInfo88\",\"https:\/\/www.youtube.com\/@vosgesinfo\"]},{\"@type\":\"Person\",\"@id\":\"https:\/\/vosgesinfo.fr\/saintdieinfo\/#\/schema\/person\/fa73e9f726d67bb88f46d5b7943cb572\",\"name\":\"J.J.\",\"image\":{\"@type\":\"ImageObject\",\"inLanguage\":\"fr-FR\",\"@id\":\"https:\/\/vosgesinfo.fr\/saintdieinfo\/#\/schema\/person\/image\/\",\"url\":\"https:\/\/secure.gravatar.com\/avatar\/219e749e47ffbcca018a360ae4add7d4cdf1cdaaf8bc7676b27efade3fe65615?s=96&d=mm&r=g\",\"contentUrl\":\"https:\/\/secure.gravatar.com\/avatar\/219e749e47ffbcca018a360ae4add7d4cdf1cdaaf8bc7676b27efade3fe65615?s=96&d=mm&r=g\",\"caption\":\"J.J.\"},\"url\":\"https:\/\/vosgesinfo.fr\/saintdieinfo\/author\/j-j\/\"}]}<\/script>\n<!-- \/ Yoast SEO plugin. -->","yoast_head_json":{"title":"Sainte-Marguerite \u2013 Les Louves du SRD Volley-Ball en s\u00e9ance de d\u00e9dicaces \u00e0 l'hypermarch\u00e9 Cora - Saint Die Info","robots":{"index":"index","follow":"follow","max-snippet":"max-snippet:-1","max-image-preview":"max-image-preview:large","max-video-preview":"max-video-preview:-1"},"canonical":"https:\/\/vosgesinfo.fr\/saintdieinfo\/2020\/01\/sainte-marguerite-louves-srd-volley-ball-seance-de-dedicaces-a-lhypermarche-cora\/","twitter_card":"summary_large_image","twitter_title":"Sainte-Marguerite \u2013 Les Louves du SRD Volley-Ball en s\u00e9ance de d\u00e9dicaces \u00e0 l'hypermarch\u00e9 Cora - Saint Die Info","twitter_description":"Les Louves du SRD Volley-Ball seront pr\u00e9sentes dans la galerie de l&rsquo;hypermarch\u00e9 Cora de Sainte-Marguerite ce samedi 4 janvier, \u00e0 [&hellip;]","twitter_image":"https:\/\/vosgesinfo.fr\/app\/uploads\/sites\/4\/2024\/08\/202001les-louves-cora.jpg","twitter_creator":"@VosgesInfo88","twitter_site":"@VosgesInfo88","twitter_misc":{"\u00c9crit par":"J.J."},"schema":{"@context":"https:\/\/schema.org","@graph":[{"@type":"Article","@id":"https:\/\/vosgesinfo.fr\/saintdieinfo\/2020\/01\/sainte-marguerite-louves-srd-volley-ball-seance-de-dedicaces-a-lhypermarche-cora\/#article","isPartOf":{"@id":"https:\/\/vosgesinfo.fr\/saintdieinfo\/2020\/01\/sainte-marguerite-louves-srd-volley-ball-seance-de-dedicaces-a-lhypermarche-cora\/"},"author":{"name":"J.J.","@id":"https:\/\/vosgesinfo.fr\/saintdieinfo\/#\/schema\/person\/fa73e9f726d67bb88f46d5b7943cb572"},"headline":"Sainte-Marguerite \u2013 Les Louves du SRD Volley-Ball en s\u00e9ance de d\u00e9dicaces \u00e0 l&rsquo;hypermarch\u00e9 Cora","datePublished":"2020-01-03T04:40:44+00:00","dateModified":"2020-01-03T04:40:44+00:00","mainEntityOfPage":{"@id":"https:\/\/vosgesinfo.fr\/saintdieinfo\/2020\/01\/sainte-marguerite-louves-srd-volley-ball-seance-de-dedicaces-a-lhypermarche-cora\/"},"wordCount":88,"commentCount":0,"publisher":{"@id":"https:\/\/vosgesinfo.fr\/saintdieinfo\/#organization"},"image":{"@id":"https:\/\/vosgesinfo.fr\/saintdieinfo\/2020\/01\/sainte-marguerite-louves-srd-volley-ball-seance-de-dedicaces-a-lhypermarche-cora\/#primaryimage"},"thumbnailUrl":"https:\/\/vosgesinfo.fr\/app\/uploads\/sites\/4\/2024\/08\/202001les-louves-cora.jpg","keywords":["Hypermarch\u00e9 Cora","Les Louves","S\u00e9ance de d\u00e9dicaces","SRD Volley-Ball","Volley-ball f\u00e9minin"],"articleSection":["Br\u00e8ves","Saint-Di\u00e9-des-Vosges et son Agglom\u00e9ration","Sport"],"inLanguage":"fr-FR","potentialAction":[{"@type":"CommentAction","name":"Comment","target":["https:\/\/vosgesinfo.fr\/saintdieinfo\/2020\/01\/sainte-marguerite-louves-srd-volley-ball-seance-de-dedicaces-a-lhypermarche-cora\/#respond"]}]},{"@type":"WebPage","@id":"https:\/\/vosgesinfo.fr\/saintdieinfo\/2020\/01\/sainte-marguerite-louves-srd-volley-ball-seance-de-dedicaces-a-lhypermarche-cora\/","url":"https:\/\/vosgesinfo.fr\/saintdieinfo\/2020\/01\/sainte-marguerite-louves-srd-volley-ball-seance-de-dedicaces-a-lhypermarche-cora\/","name":"Sainte-Marguerite \u2013 Les Louves du SRD Volley-Ball en s\u00e9ance de d\u00e9dicaces \u00e0 l'hypermarch\u00e9 Cora - Saint Die Info","isPartOf":{"@id":"https:\/\/vosgesinfo.fr\/saintdieinfo\/#website"},"primaryImageOfPage":{"@id":"https:\/\/vosgesinfo.fr\/saintdieinfo\/2020\/01\/sainte-marguerite-louves-srd-volley-ball-seance-de-dedicaces-a-lhypermarche-cora\/#primaryimage"},"image":{"@id":"https:\/\/vosgesinfo.fr\/saintdieinfo\/2020\/01\/sainte-marguerite-louves-srd-volley-ball-seance-de-dedicaces-a-lhypermarche-cora\/#primaryimage"},"thumbnailUrl":"https:\/\/vosgesinfo.fr\/app\/uploads\/sites\/4\/2024\/08\/202001les-louves-cora.jpg","datePublished":"2020-01-03T04:40:44+00:00","dateModified":"2020-01-03T04:40:44+00:00","breadcrumb":{"@id":"https:\/\/vosgesinfo.fr\/saintdieinfo\/2020\/01\/sainte-marguerite-louves-srd-volley-ball-seance-de-dedicaces-a-lhypermarche-cora\/#breadcrumb"},"inLanguage":"fr-FR","potentialAction":[{"@type":"ReadAction","target":["https:\/\/vosgesinfo.fr\/saintdieinfo\/2020\/01\/sainte-marguerite-louves-srd-volley-ball-seance-de-dedicaces-a-lhypermarche-cora\/"]}]},{"@type":"ImageObject","inLanguage":"fr-FR","@id":"https:\/\/vosgesinfo.fr\/saintdieinfo\/2020\/01\/sainte-marguerite-louves-srd-volley-ball-seance-de-dedicaces-a-lhypermarche-cora\/#primaryimage","url":"https:\/\/vosgesinfo.fr\/app\/uploads\/sites\/4\/2024\/08\/202001les-louves-cora.jpg","contentUrl":"https:\/\/vosgesinfo.fr\/app\/uploads\/sites\/4\/2024\/08\/202001les-louves-cora.jpg","width":2014,"height":1420},{"@type":"BreadcrumbList","@id":"https:\/\/vosgesinfo.fr\/saintdieinfo\/2020\/01\/sainte-marguerite-louves-srd-volley-ball-seance-de-dedicaces-a-lhypermarche-cora\/#breadcrumb","itemListElement":[{"@type":"ListItem","position":1,"name":"Home","item":"https:\/\/vosgesinfo.fr\/saintdieinfo\/"},{"@type":"ListItem","position":2,"name":"Sainte-Marguerite \u2013 Les Louves du SRD Volley-Ball en s\u00e9ance de d\u00e9dicaces \u00e0 l&rsquo;hypermarch\u00e9 Cora"}]},{"@type":"WebSite","@id":"https:\/\/vosgesinfo.fr\/saintdieinfo\/#website","url":"https:\/\/vosgesinfo.fr\/saintdieinfo\/","name":"Saint Die Info","description":"Toute l&#039;actualit\u00e9 de Saint-Di\u00e9-Des-Vosges","publisher":{"@id":"https:\/\/vosgesinfo.fr\/saintdieinfo\/#organization"},"alternateName":"Toute l'actualit\u00e9 de Saint-Di\u00e9-Des-Vosges","potentialAction":[{"@type":"SearchAction","target":{"@type":"EntryPoint","urlTemplate":"https:\/\/vosgesinfo.fr\/saintdieinfo\/?s={search_term_string}"},"query-input":"required name=search_term_string"}],"inLanguage":"fr-FR"},{"@type":"Organization","@id":"https:\/\/vosgesinfo.fr\/saintdieinfo\/#organization","name":"Saint Die Info","url":"https:\/\/vosgesinfo.fr\/saintdieinfo\/","logo":{"@type":"ImageObject","inLanguage":"fr-FR","@id":"https:\/\/vosgesinfo.fr\/saintdieinfo\/#\/schema\/logo\/image\/","url":"https:\/\/vosgesinfo.fr\/app\/uploads\/sites\/4\/2024\/02\/logo-sdi.jpg","contentUrl":"https:\/\/vosgesinfo.fr\/app\/uploads\/sites\/4\/2024\/02\/logo-sdi.jpg","width":600,"height":600,"caption":"Saint Die Info"},"image":{"@id":"https:\/\/vosgesinfo.fr\/saintdieinfo\/#\/schema\/logo\/image\/"},"sameAs":["https:\/\/www.facebook.com\/Saintdieinfofr","https:\/\/x.com\/VosgesInfo88","https:\/\/www.youtube.com\/@vosgesinfo"]},{"@type":"Person","@id":"https:\/\/vosgesinfo.fr\/saintdieinfo\/#\/schema\/person\/fa73e9f726d67bb88f46d5b7943cb572","name":"J.J.","image":{"@type":"ImageObject","inLanguage":"fr-FR","@id":"https:\/\/vosgesinfo.fr\/saintdieinfo\/#\/schema\/person\/image\/","url":"https:\/\/secure.gravatar.com\/avatar\/219e749e47ffbcca018a360ae4add7d4cdf1cdaaf8bc7676b27efade3fe65615?s=96&d=mm&r=g","contentUrl":"https:\/\/secure.gravatar.com\/avatar\/219e749e47ffbcca018a360ae4add7d4cdf1cdaaf8bc7676b27efade3fe65615?s=96&d=mm&r=g","caption":"J.J."},"url":"https:\/\/vosgesinfo.fr\/saintdieinfo\/author\/j-j\/"}]}},"_links":{"self":[{"href":"https:\/\/vosgesinfo.fr\/saintdieinfo\/wp-json\/wp\/v2\/posts\/38329","targetHints":{"allow":["GET"]}}],"collection":[{"href":"https:\/\/vosgesinfo.fr\/saintdieinfo\/wp-json\/wp\/v2\/posts"}],"about":[{"href":"https:\/\/vosgesinfo.fr\/saintdieinfo\/wp-json\/wp\/v2\/types\/post"}],"author":[{"embeddable":true,"href":"https:\/\/vosgesinfo.fr\/saintdieinfo\/wp-json\/wp\/v2\/users\/46"}],"replies":[{"embeddable":true,"href":"https:\/\/vosgesinfo.fr\/saintdieinfo\/wp-json\/wp\/v2\/comments?post=38329"}],"version-history":[{"count":0,"href":"https:\/\/vosgesinfo.fr\/saintdieinfo\/wp-json\/wp\/v2\/posts\/38329\/revisions"}],"wp:featuredmedia":[{"embeddable":true,"href":"https:\/\/vosgesinfo.fr\/saintdieinfo\/wp-json\/wp\/v2\/media\/38330"}],"wp:attachment":[{"href":"https:\/\/vosgesinfo.fr\/saintdieinfo\/wp-json\/wp\/v2\/media?parent=38329"}],"wp:term":[{"taxonomy":"category","embeddable":true,"href":"https:\/\/vosgesinfo.fr\/saintdieinfo\/wp-json\/wp\/v2\/categories?post=38329"},{"taxonomy":"post_tag","embeddable":true,"href":"https:\/\/vosgesinfo.fr\/saintdieinfo\/wp-json\/wp\/v2\/tags?post=38329"}],"curies":[{"name":"wp","href":"https:\/\/api.w.org\/{rel}","templated":true}]}}