{"id":38338,"date":"2020-01-04T05:00:01","date_gmt":"2020-01-04T04:00:01","guid":{"rendered":"https:\/\/vosgesinfo.fr\/saintdieinfo\/2020\/01\/vosges-maitre-ludovic-vial-nouveau-batonnier-a-lordre-avocats\/"},"modified":"2020-01-04T05:00:01","modified_gmt":"2020-01-04T04:00:01","slug":"vosges-maitre-ludovic-vial-nouveau-batonnier-a-lordre-avocats","status":"publish","type":"post","link":"https:\/\/vosgesinfo.fr\/saintdieinfo\/2020\/01\/vosges-maitre-ludovic-vial-nouveau-batonnier-a-lordre-avocats\/","title":{"rendered":"Vosges \u2013 Ma\u00eetre Ludovic Vial nouveau B\u00e2tonnier \u00e0 l\u2019ordre des avocats"},"content":{"rendered":"<div id=\"attachment_148747\" style=\"width: 970px\" class=\"wp-caption aligncenter\"><a href=\"\/2020\/01\/Ludovic-Vial-cyrille-gauthier-2.jpg\" target=\"_blank\" rel=\"noopener\"><img decoding=\"async\" aria-describedby=\"caption-attachment-148747\" class=\"wp-image-148747 size-large\" src=\"\/2020\/01\/Ludovic-Vial-cyrille-gauthier-2-1024x768.jpg\" alt=\"Ludovic-Vial-cyrille-gauthier-2\" width=\"960\" height=\"720\" \/><\/a><p id=\"caption-attachment-148747\" class=\"wp-caption-text\">Ma\u00eetre Ludovic Vial et Ma\u00eetre Cyrille Gauthier (Photographie d\u2019archives)<\/p><\/div>\n<h2><span style=\"font-size: 14pt;\"><strong>Il succ\u00e9dera au B\u00e2tonnier Ma\u00eetre Cyrille Gauthier. Ma\u00eetre Ludovic Vial est le nouveau B\u00e2tonnier \u00e0 l\u2019ordre des avocats du barreau d\u2019Epinal. Une c\u00e9r\u00e9monie avait lieu ce vendredi \u00e0 la maison des avocats \u00e0 Epinal.\u00a0<\/strong><\/span><\/h2>\n<p><!--more--><\/p>\n<p>Lire la suite de l&rsquo;article : <a href=\"https:\/\/epinalinfos.fr\/2020\/01\/maitre-ludovic-vial-nouveau-batonnier-a-lordre-avocats\/\" target=\"_blank\" rel=\"noopener\">https:\/\/epinalinfos.fr\/2020\/01\/maitre-ludovic-vial-nouveau-batonnier-a-lordre-avocats\/<\/a><\/p>\n","protected":false},"excerpt":{"rendered":"<p>Il succ\u00e9dera au B\u00e2tonnier Ma\u00eetre Cyrille Gauthier. Ma\u00eetre Ludovic Vial est le nouveau B\u00e2tonnier \u00e0 l\u2019ordre des avocats du barreau [&hellip;]<\/p>\n","protected":false},"author":44,"featured_media":38339,"comment_status":"open","ping_status":"open","sticky":false,"template":"","format":"standard","meta":{"footnotes":""},"categories":[460,18],"tags":[7532,7533],"class_list":["post-38338","post","type-post","status-publish","format-standard","has-post-thumbnail","hentry","category-a-la-une","category-vosges","tag-batonnier-a-lordre-des-avocats-du-barreau-depinal","tag-maitre-ludovic-vial"],"acf":[],"yoast_head":"<!-- This site is optimized with the Yoast SEO plugin v22.5 - https:\/\/yoast.com\/wordpress\/plugins\/seo\/ -->\n<title>Vosges \u2013 Ma\u00eetre Ludovic Vial nouveau B\u00e2tonnier \u00e0 l\u2019ordre des avocats - Saint Die Info<\/title>\n<meta name=\"robots\" content=\"index, follow, max-snippet:-1, max-image-preview:large, max-video-preview:-1\" \/>\n<link rel=\"canonical\" href=\"https:\/\/vosgesinfo.fr\/saintdieinfo\/2020\/01\/vosges-maitre-ludovic-vial-nouveau-batonnier-a-lordre-avocats\/\" \/>\n<meta name=\"twitter:card\" content=\"summary_large_image\" \/>\n<meta name=\"twitter:title\" content=\"Vosges \u2013 Ma\u00eetre Ludovic Vial nouveau B\u00e2tonnier \u00e0 l\u2019ordre des avocats - Saint Die Info\" \/>\n<meta name=\"twitter:description\" content=\"Il succ\u00e9dera au B\u00e2tonnier Ma\u00eetre Cyrille Gauthier. Ma\u00eetre Ludovic Vial est le nouveau B\u00e2tonnier \u00e0 l\u2019ordre des avocats du barreau [&hellip;]\" \/>\n<meta name=\"twitter:image\" content=\"https:\/\/vosgesinfo.fr\/app\/uploads\/sites\/4\/2024\/08\/202001ludovic-vial-cyrille-gauthier-2.jpg\" \/>\n<meta name=\"twitter:creator\" content=\"@VosgesInfo88\" \/>\n<meta name=\"twitter:site\" content=\"@VosgesInfo88\" \/>\n<meta name=\"twitter:label1\" content=\"\u00c9crit par\" \/>\n\t<meta name=\"twitter:data1\" content=\"la r\u00e9daction\" \/>\n<script type=\"application\/ld+json\" class=\"yoast-schema-graph\">{\"@context\":\"https:\/\/schema.org\",\"@graph\":[{\"@type\":\"Article\",\"@id\":\"https:\/\/vosgesinfo.fr\/saintdieinfo\/2020\/01\/vosges-maitre-ludovic-vial-nouveau-batonnier-a-lordre-avocats\/#article\",\"isPartOf\":{\"@id\":\"https:\/\/vosgesinfo.fr\/saintdieinfo\/2020\/01\/vosges-maitre-ludovic-vial-nouveau-batonnier-a-lordre-avocats\/\"},\"author\":{\"name\":\"la r\u00e9daction\",\"@id\":\"https:\/\/vosgesinfo.fr\/saintdieinfo\/#\/schema\/person\/faee6704a21f3977511db84bd1cd450f\"},\"headline\":\"Vosges \u2013 Ma\u00eetre Ludovic Vial nouveau B\u00e2tonnier \u00e0 l\u2019ordre des avocats\",\"datePublished\":\"2020-01-04T04:00:01+00:00\",\"dateModified\":\"2020-01-04T04:00:01+00:00\",\"mainEntityOfPage\":{\"@id\":\"https:\/\/vosgesinfo.fr\/saintdieinfo\/2020\/01\/vosges-maitre-ludovic-vial-nouveau-batonnier-a-lordre-avocats\/\"},\"wordCount\":81,\"commentCount\":0,\"publisher\":{\"@id\":\"https:\/\/vosgesinfo.fr\/saintdieinfo\/#organization\"},\"image\":{\"@id\":\"https:\/\/vosgesinfo.fr\/saintdieinfo\/2020\/01\/vosges-maitre-ludovic-vial-nouveau-batonnier-a-lordre-avocats\/#primaryimage\"},\"thumbnailUrl\":\"https:\/\/vosgesinfo.fr\/app\/uploads\/sites\/4\/2024\/08\/202001ludovic-vial-cyrille-gauthier-2.jpg\",\"keywords\":[\"B\u00e2tonnier \u00e0 l'ordre des avocats du barreau d'Epinal\",\"Ma\u00eetre Ludovic Vial\"],\"articleSection\":[\"A la Une\",\"Vosges\"],\"inLanguage\":\"fr-FR\",\"potentialAction\":[{\"@type\":\"CommentAction\",\"name\":\"Comment\",\"target\":[\"https:\/\/vosgesinfo.fr\/saintdieinfo\/2020\/01\/vosges-maitre-ludovic-vial-nouveau-batonnier-a-lordre-avocats\/#respond\"]}]},{\"@type\":\"WebPage\",\"@id\":\"https:\/\/vosgesinfo.fr\/saintdieinfo\/2020\/01\/vosges-maitre-ludovic-vial-nouveau-batonnier-a-lordre-avocats\/\",\"url\":\"https:\/\/vosgesinfo.fr\/saintdieinfo\/2020\/01\/vosges-maitre-ludovic-vial-nouveau-batonnier-a-lordre-avocats\/\",\"name\":\"Vosges \u2013 Ma\u00eetre Ludovic Vial nouveau B\u00e2tonnier \u00e0 l\u2019ordre des avocats - Saint Die Info\",\"isPartOf\":{\"@id\":\"https:\/\/vosgesinfo.fr\/saintdieinfo\/#website\"},\"primaryImageOfPage\":{\"@id\":\"https:\/\/vosgesinfo.fr\/saintdieinfo\/2020\/01\/vosges-maitre-ludovic-vial-nouveau-batonnier-a-lordre-avocats\/#primaryimage\"},\"image\":{\"@id\":\"https:\/\/vosgesinfo.fr\/saintdieinfo\/2020\/01\/vosges-maitre-ludovic-vial-nouveau-batonnier-a-lordre-avocats\/#primaryimage\"},\"thumbnailUrl\":\"https:\/\/vosgesinfo.fr\/app\/uploads\/sites\/4\/2024\/08\/202001ludovic-vial-cyrille-gauthier-2.jpg\",\"datePublished\":\"2020-01-04T04:00:01+00:00\",\"dateModified\":\"2020-01-04T04:00:01+00:00\",\"breadcrumb\":{\"@id\":\"https:\/\/vosgesinfo.fr\/saintdieinfo\/2020\/01\/vosges-maitre-ludovic-vial-nouveau-batonnier-a-lordre-avocats\/#breadcrumb\"},\"inLanguage\":\"fr-FR\",\"potentialAction\":[{\"@type\":\"ReadAction\",\"target\":[\"https:\/\/vosgesinfo.fr\/saintdieinfo\/2020\/01\/vosges-maitre-ludovic-vial-nouveau-batonnier-a-lordre-avocats\/\"]}]},{\"@type\":\"ImageObject\",\"inLanguage\":\"fr-FR\",\"@id\":\"https:\/\/vosgesinfo.fr\/saintdieinfo\/2020\/01\/vosges-maitre-ludovic-vial-nouveau-batonnier-a-lordre-avocats\/#primaryimage\",\"url\":\"https:\/\/vosgesinfo.fr\/app\/uploads\/sites\/4\/2024\/08\/202001ludovic-vial-cyrille-gauthier-2.jpg\",\"contentUrl\":\"https:\/\/vosgesinfo.fr\/app\/uploads\/sites\/4\/2024\/08\/202001ludovic-vial-cyrille-gauthier-2.jpg\",\"width\":2560,\"height\":1920},{\"@type\":\"BreadcrumbList\",\"@id\":\"https:\/\/vosgesinfo.fr\/saintdieinfo\/2020\/01\/vosges-maitre-ludovic-vial-nouveau-batonnier-a-lordre-avocats\/#breadcrumb\",\"itemListElement\":[{\"@type\":\"ListItem\",\"position\":1,\"name\":\"Home\",\"item\":\"https:\/\/vosgesinfo.fr\/saintdieinfo\/\"},{\"@type\":\"ListItem\",\"position\":2,\"name\":\"Vosges \u2013 Ma\u00eetre Ludovic Vial nouveau B\u00e2tonnier \u00e0 l\u2019ordre des avocats\"}]},{\"@type\":\"WebSite\",\"@id\":\"https:\/\/vosgesinfo.fr\/saintdieinfo\/#website\",\"url\":\"https:\/\/vosgesinfo.fr\/saintdieinfo\/\",\"name\":\"Saint Die Info\",\"description\":\"Toute l&#039;actualit\u00e9 de Saint-Di\u00e9-Des-Vosges\",\"publisher\":{\"@id\":\"https:\/\/vosgesinfo.fr\/saintdieinfo\/#organization\"},\"alternateName\":\"Toute l'actualit\u00e9 de Saint-Di\u00e9-Des-Vosges\",\"potentialAction\":[{\"@type\":\"SearchAction\",\"target\":{\"@type\":\"EntryPoint\",\"urlTemplate\":\"https:\/\/vosgesinfo.fr\/saintdieinfo\/?s={search_term_string}\"},\"query-input\":\"required name=search_term_string\"}],\"inLanguage\":\"fr-FR\"},{\"@type\":\"Organization\",\"@id\":\"https:\/\/vosgesinfo.fr\/saintdieinfo\/#organization\",\"name\":\"Saint Die Info\",\"url\":\"https:\/\/vosgesinfo.fr\/saintdieinfo\/\",\"logo\":{\"@type\":\"ImageObject\",\"inLanguage\":\"fr-FR\",\"@id\":\"https:\/\/vosgesinfo.fr\/saintdieinfo\/#\/schema\/logo\/image\/\",\"url\":\"https:\/\/vosgesinfo.fr\/app\/uploads\/sites\/4\/2024\/02\/logo-sdi.jpg\",\"contentUrl\":\"https:\/\/vosgesinfo.fr\/app\/uploads\/sites\/4\/2024\/02\/logo-sdi.jpg\",\"width\":600,\"height\":600,\"caption\":\"Saint Die Info\"},\"image\":{\"@id\":\"https:\/\/vosgesinfo.fr\/saintdieinfo\/#\/schema\/logo\/image\/\"},\"sameAs\":[\"https:\/\/www.facebook.com\/Saintdieinfofr\",\"https:\/\/x.com\/VosgesInfo88\",\"https:\/\/www.youtube.com\/@vosgesinfo\"]},{\"@type\":\"Person\",\"@id\":\"https:\/\/vosgesinfo.fr\/saintdieinfo\/#\/schema\/person\/faee6704a21f3977511db84bd1cd450f\",\"name\":\"la r\u00e9daction\",\"image\":{\"@type\":\"ImageObject\",\"inLanguage\":\"fr-FR\",\"@id\":\"https:\/\/vosgesinfo.fr\/saintdieinfo\/#\/schema\/person\/image\/\",\"url\":\"https:\/\/secure.gravatar.com\/avatar\/6673d8bc6a9c17fa9a453eaa3448de834fa308c2ec9635b7aa99441a7c8d2cf6?s=96&d=mm&r=g\",\"contentUrl\":\"https:\/\/secure.gravatar.com\/avatar\/6673d8bc6a9c17fa9a453eaa3448de834fa308c2ec9635b7aa99441a7c8d2cf6?s=96&d=mm&r=g\",\"caption\":\"la r\u00e9daction\"},\"url\":\"https:\/\/vosgesinfo.fr\/saintdieinfo\/author\/redac\/\"}]}<\/script>\n<!-- \/ Yoast SEO plugin. -->","yoast_head_json":{"title":"Vosges \u2013 Ma\u00eetre Ludovic Vial nouveau B\u00e2tonnier \u00e0 l\u2019ordre des avocats - Saint Die Info","robots":{"index":"index","follow":"follow","max-snippet":"max-snippet:-1","max-image-preview":"max-image-preview:large","max-video-preview":"max-video-preview:-1"},"canonical":"https:\/\/vosgesinfo.fr\/saintdieinfo\/2020\/01\/vosges-maitre-ludovic-vial-nouveau-batonnier-a-lordre-avocats\/","twitter_card":"summary_large_image","twitter_title":"Vosges \u2013 Ma\u00eetre Ludovic Vial nouveau B\u00e2tonnier \u00e0 l\u2019ordre des avocats - Saint Die Info","twitter_description":"Il succ\u00e9dera au B\u00e2tonnier Ma\u00eetre Cyrille Gauthier. Ma\u00eetre Ludovic Vial est le nouveau B\u00e2tonnier \u00e0 l\u2019ordre des avocats du barreau [&hellip;]","twitter_image":"https:\/\/vosgesinfo.fr\/app\/uploads\/sites\/4\/2024\/08\/202001ludovic-vial-cyrille-gauthier-2.jpg","twitter_creator":"@VosgesInfo88","twitter_site":"@VosgesInfo88","twitter_misc":{"\u00c9crit par":"la r\u00e9daction"},"schema":{"@context":"https:\/\/schema.org","@graph":[{"@type":"Article","@id":"https:\/\/vosgesinfo.fr\/saintdieinfo\/2020\/01\/vosges-maitre-ludovic-vial-nouveau-batonnier-a-lordre-avocats\/#article","isPartOf":{"@id":"https:\/\/vosgesinfo.fr\/saintdieinfo\/2020\/01\/vosges-maitre-ludovic-vial-nouveau-batonnier-a-lordre-avocats\/"},"author":{"name":"la r\u00e9daction","@id":"https:\/\/vosgesinfo.fr\/saintdieinfo\/#\/schema\/person\/faee6704a21f3977511db84bd1cd450f"},"headline":"Vosges \u2013 Ma\u00eetre Ludovic Vial nouveau B\u00e2tonnier \u00e0 l\u2019ordre des avocats","datePublished":"2020-01-04T04:00:01+00:00","dateModified":"2020-01-04T04:00:01+00:00","mainEntityOfPage":{"@id":"https:\/\/vosgesinfo.fr\/saintdieinfo\/2020\/01\/vosges-maitre-ludovic-vial-nouveau-batonnier-a-lordre-avocats\/"},"wordCount":81,"commentCount":0,"publisher":{"@id":"https:\/\/vosgesinfo.fr\/saintdieinfo\/#organization"},"image":{"@id":"https:\/\/vosgesinfo.fr\/saintdieinfo\/2020\/01\/vosges-maitre-ludovic-vial-nouveau-batonnier-a-lordre-avocats\/#primaryimage"},"thumbnailUrl":"https:\/\/vosgesinfo.fr\/app\/uploads\/sites\/4\/2024\/08\/202001ludovic-vial-cyrille-gauthier-2.jpg","keywords":["B\u00e2tonnier \u00e0 l'ordre des avocats du barreau d'Epinal","Ma\u00eetre Ludovic Vial"],"articleSection":["A la Une","Vosges"],"inLanguage":"fr-FR","potentialAction":[{"@type":"CommentAction","name":"Comment","target":["https:\/\/vosgesinfo.fr\/saintdieinfo\/2020\/01\/vosges-maitre-ludovic-vial-nouveau-batonnier-a-lordre-avocats\/#respond"]}]},{"@type":"WebPage","@id":"https:\/\/vosgesinfo.fr\/saintdieinfo\/2020\/01\/vosges-maitre-ludovic-vial-nouveau-batonnier-a-lordre-avocats\/","url":"https:\/\/vosgesinfo.fr\/saintdieinfo\/2020\/01\/vosges-maitre-ludovic-vial-nouveau-batonnier-a-lordre-avocats\/","name":"Vosges \u2013 Ma\u00eetre Ludovic Vial nouveau B\u00e2tonnier \u00e0 l\u2019ordre des avocats - Saint Die Info","isPartOf":{"@id":"https:\/\/vosgesinfo.fr\/saintdieinfo\/#website"},"primaryImageOfPage":{"@id":"https:\/\/vosgesinfo.fr\/saintdieinfo\/2020\/01\/vosges-maitre-ludovic-vial-nouveau-batonnier-a-lordre-avocats\/#primaryimage"},"image":{"@id":"https:\/\/vosgesinfo.fr\/saintdieinfo\/2020\/01\/vosges-maitre-ludovic-vial-nouveau-batonnier-a-lordre-avocats\/#primaryimage"},"thumbnailUrl":"https:\/\/vosgesinfo.fr\/app\/uploads\/sites\/4\/2024\/08\/202001ludovic-vial-cyrille-gauthier-2.jpg","datePublished":"2020-01-04T04:00:01+00:00","dateModified":"2020-01-04T04:00:01+00:00","breadcrumb":{"@id":"https:\/\/vosgesinfo.fr\/saintdieinfo\/2020\/01\/vosges-maitre-ludovic-vial-nouveau-batonnier-a-lordre-avocats\/#breadcrumb"},"inLanguage":"fr-FR","potentialAction":[{"@type":"ReadAction","target":["https:\/\/vosgesinfo.fr\/saintdieinfo\/2020\/01\/vosges-maitre-ludovic-vial-nouveau-batonnier-a-lordre-avocats\/"]}]},{"@type":"ImageObject","inLanguage":"fr-FR","@id":"https:\/\/vosgesinfo.fr\/saintdieinfo\/2020\/01\/vosges-maitre-ludovic-vial-nouveau-batonnier-a-lordre-avocats\/#primaryimage","url":"https:\/\/vosgesinfo.fr\/app\/uploads\/sites\/4\/2024\/08\/202001ludovic-vial-cyrille-gauthier-2.jpg","contentUrl":"https:\/\/vosgesinfo.fr\/app\/uploads\/sites\/4\/2024\/08\/202001ludovic-vial-cyrille-gauthier-2.jpg","width":2560,"height":1920},{"@type":"BreadcrumbList","@id":"https:\/\/vosgesinfo.fr\/saintdieinfo\/2020\/01\/vosges-maitre-ludovic-vial-nouveau-batonnier-a-lordre-avocats\/#breadcrumb","itemListElement":[{"@type":"ListItem","position":1,"name":"Home","item":"https:\/\/vosgesinfo.fr\/saintdieinfo\/"},{"@type":"ListItem","position":2,"name":"Vosges \u2013 Ma\u00eetre Ludovic Vial nouveau B\u00e2tonnier \u00e0 l\u2019ordre des avocats"}]},{"@type":"WebSite","@id":"https:\/\/vosgesinfo.fr\/saintdieinfo\/#website","url":"https:\/\/vosgesinfo.fr\/saintdieinfo\/","name":"Saint Die Info","description":"Toute l&#039;actualit\u00e9 de Saint-Di\u00e9-Des-Vosges","publisher":{"@id":"https:\/\/vosgesinfo.fr\/saintdieinfo\/#organization"},"alternateName":"Toute l'actualit\u00e9 de Saint-Di\u00e9-Des-Vosges","potentialAction":[{"@type":"SearchAction","target":{"@type":"EntryPoint","urlTemplate":"https:\/\/vosgesinfo.fr\/saintdieinfo\/?s={search_term_string}"},"query-input":"required name=search_term_string"}],"inLanguage":"fr-FR"},{"@type":"Organization","@id":"https:\/\/vosgesinfo.fr\/saintdieinfo\/#organization","name":"Saint Die Info","url":"https:\/\/vosgesinfo.fr\/saintdieinfo\/","logo":{"@type":"ImageObject","inLanguage":"fr-FR","@id":"https:\/\/vosgesinfo.fr\/saintdieinfo\/#\/schema\/logo\/image\/","url":"https:\/\/vosgesinfo.fr\/app\/uploads\/sites\/4\/2024\/02\/logo-sdi.jpg","contentUrl":"https:\/\/vosgesinfo.fr\/app\/uploads\/sites\/4\/2024\/02\/logo-sdi.jpg","width":600,"height":600,"caption":"Saint Die Info"},"image":{"@id":"https:\/\/vosgesinfo.fr\/saintdieinfo\/#\/schema\/logo\/image\/"},"sameAs":["https:\/\/www.facebook.com\/Saintdieinfofr","https:\/\/x.com\/VosgesInfo88","https:\/\/www.youtube.com\/@vosgesinfo"]},{"@type":"Person","@id":"https:\/\/vosgesinfo.fr\/saintdieinfo\/#\/schema\/person\/faee6704a21f3977511db84bd1cd450f","name":"la r\u00e9daction","image":{"@type":"ImageObject","inLanguage":"fr-FR","@id":"https:\/\/vosgesinfo.fr\/saintdieinfo\/#\/schema\/person\/image\/","url":"https:\/\/secure.gravatar.com\/avatar\/6673d8bc6a9c17fa9a453eaa3448de834fa308c2ec9635b7aa99441a7c8d2cf6?s=96&d=mm&r=g","contentUrl":"https:\/\/secure.gravatar.com\/avatar\/6673d8bc6a9c17fa9a453eaa3448de834fa308c2ec9635b7aa99441a7c8d2cf6?s=96&d=mm&r=g","caption":"la r\u00e9daction"},"url":"https:\/\/vosgesinfo.fr\/saintdieinfo\/author\/redac\/"}]}},"_links":{"self":[{"href":"https:\/\/vosgesinfo.fr\/saintdieinfo\/wp-json\/wp\/v2\/posts\/38338","targetHints":{"allow":["GET"]}}],"collection":[{"href":"https:\/\/vosgesinfo.fr\/saintdieinfo\/wp-json\/wp\/v2\/posts"}],"about":[{"href":"https:\/\/vosgesinfo.fr\/saintdieinfo\/wp-json\/wp\/v2\/types\/post"}],"author":[{"embeddable":true,"href":"https:\/\/vosgesinfo.fr\/saintdieinfo\/wp-json\/wp\/v2\/users\/44"}],"replies":[{"embeddable":true,"href":"https:\/\/vosgesinfo.fr\/saintdieinfo\/wp-json\/wp\/v2\/comments?post=38338"}],"version-history":[{"count":0,"href":"https:\/\/vosgesinfo.fr\/saintdieinfo\/wp-json\/wp\/v2\/posts\/38338\/revisions"}],"wp:featuredmedia":[{"embeddable":true,"href":"https:\/\/vosgesinfo.fr\/saintdieinfo\/wp-json\/wp\/v2\/media\/38339"}],"wp:attachment":[{"href":"https:\/\/vosgesinfo.fr\/saintdieinfo\/wp-json\/wp\/v2\/media?parent=38338"}],"wp:term":[{"taxonomy":"category","embeddable":true,"href":"https:\/\/vosgesinfo.fr\/saintdieinfo\/wp-json\/wp\/v2\/categories?post=38338"},{"taxonomy":"post_tag","embeddable":true,"href":"https:\/\/vosgesinfo.fr\/saintdieinfo\/wp-json\/wp\/v2\/tags?post=38338"}],"curies":[{"name":"wp","href":"https:\/\/api.w.org\/{rel}","templated":true}]}}