{"id":38340,"date":"2020-01-04T06:00:50","date_gmt":"2020-01-04T05:00:50","guid":{"rendered":"https:\/\/vosgesinfo.fr\/saintdieinfo\/2020\/01\/premiere-exposition-de-lannee-cepagrap-accueille-jerome-pergolesi\/"},"modified":"2020-01-04T06:00:50","modified_gmt":"2020-01-04T05:00:50","slug":"premiere-exposition-de-lannee-cepagrap-accueille-jerome-pergolesi","status":"publish","type":"post","link":"https:\/\/vosgesinfo.fr\/saintdieinfo\/2020\/01\/premiere-exposition-de-lannee-cepagrap-accueille-jerome-pergolesi\/","title":{"rendered":"Pour sa premi\u00e8re exposition de l&rsquo;ann\u00e9e, le CEPAGRAP accueille J\u00e9r\u00f4me Pergolesi"},"content":{"rendered":"<p><a href=\"\/2020\/01\/Exposition_CEPAGRAP_J\u00e9r\u00f4me_Pergolesi.jpg\" target=\"_blank\" rel=\"noopener\"><img decoding=\"async\" class=\"aligncenter wp-image-148750 size-large\" src=\"\/2020\/01\/Exposition_CEPAGRAP_J\u00e9r\u00f4me_Pergolesi-709x1024.jpg\" alt=\"Exposition_CEPAGRAP_J\u00e9r\u00f4me_Pergolesi\" width=\"709\" height=\"1024\" \/><\/a><\/p>\n<h2><strong><span style=\"font-family: Calibri, sans-serif;\"><span style=\"font-size: large;\">L&rsquo;Espace des Arts Plastiques Cepagrap vous pr\u00e9sente ses meilleurs voeux\u00a0pour 2020 et vous invite au vernissage de l&rsquo;exposition \u00ab\u00a0R\u00eaves en Construction\u00a0\u00bb de J\u00e9r\u00f4me Pergolesi, samedi 11 janvier \u00e0 18h, ainsi qu&rsquo;\u00e0 une rencontre avec l&rsquo;artiste mardi 28 janvier \u00e0 18h. Entr\u00e9e libre. Exposition visible du 11 janvier au 15 f\u00e9vrier.<br \/>\n<\/span><\/span><\/strong><\/h2>\n<p><!--more--><\/p>\n<h3><strong><span style=\"font-family: Calibri, sans-serif;\"><span style=\"font-size: large;\">J\u00e9r\u00f4me Pergolesi \u2013 Assemblage digital, peinture, photographie<\/span><\/span><\/strong><\/h3>\n<p><span style=\"font-family: Calibri, sans-serif;\"><span style=\"font-size: large;\">N\u00e9 en Franche-Comt\u00e9 en 1973, vit et travaille \u00e0 Strasbourg. Ecole de dessin d\u2019ex\u00e9cution en communication graphique \u2013 Ornan. Formation de trois ans aux arts num\u00e9riques au Centre International de Cr\u00e9ation Vid\u00e9o \u2013 Belfort-Montb\u00e9liard. Licence en communication Multimedia \u2013 Strasbourg.<\/span><\/span><\/p>\n<p><em><span style=\"font-family: Calibri, sans-serif;\"><span style=\"font-size: large;\">\u00ab\u00a0J\u00e9r\u00f4me Pergolesi aime interroger la perception des sens, la m\u00e9moire, les souvenirs. Dans ses oeuvres, o\u00f9 la nature est omnipr\u00e9sente, chaque objet est d\u00e9tourn\u00e9, recompos\u00e9, comme un po\u00e8me visuel.<\/span><\/span><\/em><\/p>\n<p><em><span style=\"font-family: Calibri, sans-serif;\"><span style=\"font-size: large;\">L&rsquo;artiste cr\u00e9e ainsi une mise en ab\u00eeme iconographique qui questionne le sens m\u00eame du paysage et de l&rsquo;espace. Les nuances des tons se jouent des informations donn\u00e9es par l&rsquo;image et invitent au r\u00eave. L&rsquo;expression plastique, tr\u00e8s graphique, remplit le cadre, le d\u00e9borde. L&rsquo;image se fond dans un d\u00e9cor, un composite num\u00e9rique, et donne \u00e0 voir un univers onirique et personnel. Pas de lieux r\u00e9ellement tangibles, une profondeur de champ minimale, l&rsquo;espace compos\u00e9 r\u00e9v\u00e8le sa propre identit\u00e9.\u00a0\u00bb<\/span><\/span><\/em><\/p>\n","protected":false},"excerpt":{"rendered":"<p>L&rsquo;Espace des Arts Plastiques Cepagrap vous pr\u00e9sente ses meilleurs voeux\u00a0pour 2020 et vous invite au vernissage de l&rsquo;exposition \u00ab\u00a0R\u00eaves en [&hellip;]<\/p>\n","protected":false},"author":44,"featured_media":38341,"comment_status":"open","ping_status":"open","sticky":false,"template":"","format":"standard","meta":{"footnotes":""},"categories":[3900,2915],"tags":[3084,5918,7534],"class_list":["post-38340","post","type-post","status-publish","format-standard","has-post-thumbnail","hentry","category-breves","category-saint-die-son-canton","tag-cepagrap","tag-espace-des-arts-plastiques-cepagrap","tag-jerome-pergolesi"],"acf":[],"yoast_head":"<!-- This site is optimized with the Yoast SEO plugin v22.5 - https:\/\/yoast.com\/wordpress\/plugins\/seo\/ -->\n<title>Pour sa premi\u00e8re exposition de l&#039;ann\u00e9e, le CEPAGRAP accueille J\u00e9r\u00f4me Pergolesi - Saint Die Info<\/title>\n<meta name=\"robots\" content=\"index, follow, max-snippet:-1, max-image-preview:large, max-video-preview:-1\" \/>\n<link rel=\"canonical\" href=\"https:\/\/vosgesinfo.fr\/saintdieinfo\/2020\/01\/premiere-exposition-de-lannee-cepagrap-accueille-jerome-pergolesi\/\" \/>\n<meta name=\"twitter:card\" content=\"summary_large_image\" \/>\n<meta name=\"twitter:title\" content=\"Pour sa premi\u00e8re exposition de l&#039;ann\u00e9e, le CEPAGRAP accueille J\u00e9r\u00f4me Pergolesi - Saint Die Info\" \/>\n<meta name=\"twitter:description\" content=\"L&rsquo;Espace des Arts Plastiques Cepagrap vous pr\u00e9sente ses meilleurs voeux\u00a0pour 2020 et vous invite au vernissage de l&rsquo;exposition \u00ab\u00a0R\u00eaves en [&hellip;]\" \/>\n<meta name=\"twitter:image\" content=\"https:\/\/vosgesinfo.fr\/app\/uploads\/sites\/4\/2024\/08\/202001exposition-cepagrap-jerome-pergolesi.jpg\" \/>\n<meta name=\"twitter:creator\" content=\"@VosgesInfo88\" \/>\n<meta name=\"twitter:site\" content=\"@VosgesInfo88\" \/>\n<meta name=\"twitter:label1\" content=\"\u00c9crit par\" \/>\n\t<meta name=\"twitter:data1\" content=\"la r\u00e9daction\" \/>\n\t<meta name=\"twitter:label2\" content=\"Dur\u00e9e de lecture estim\u00e9e\" \/>\n\t<meta name=\"twitter:data2\" content=\"1 minute\" \/>\n<script type=\"application\/ld+json\" class=\"yoast-schema-graph\">{\"@context\":\"https:\/\/schema.org\",\"@graph\":[{\"@type\":\"Article\",\"@id\":\"https:\/\/vosgesinfo.fr\/saintdieinfo\/2020\/01\/premiere-exposition-de-lannee-cepagrap-accueille-jerome-pergolesi\/#article\",\"isPartOf\":{\"@id\":\"https:\/\/vosgesinfo.fr\/saintdieinfo\/2020\/01\/premiere-exposition-de-lannee-cepagrap-accueille-jerome-pergolesi\/\"},\"author\":{\"name\":\"la r\u00e9daction\",\"@id\":\"https:\/\/vosgesinfo.fr\/saintdieinfo\/#\/schema\/person\/faee6704a21f3977511db84bd1cd450f\"},\"headline\":\"Pour sa premi\u00e8re exposition de l&rsquo;ann\u00e9e, le CEPAGRAP accueille J\u00e9r\u00f4me Pergolesi\",\"datePublished\":\"2020-01-04T05:00:50+00:00\",\"dateModified\":\"2020-01-04T05:00:50+00:00\",\"mainEntityOfPage\":{\"@id\":\"https:\/\/vosgesinfo.fr\/saintdieinfo\/2020\/01\/premiere-exposition-de-lannee-cepagrap-accueille-jerome-pergolesi\/\"},\"wordCount\":246,\"commentCount\":0,\"publisher\":{\"@id\":\"https:\/\/vosgesinfo.fr\/saintdieinfo\/#organization\"},\"image\":{\"@id\":\"https:\/\/vosgesinfo.fr\/saintdieinfo\/2020\/01\/premiere-exposition-de-lannee-cepagrap-accueille-jerome-pergolesi\/#primaryimage\"},\"thumbnailUrl\":\"https:\/\/vosgesinfo.fr\/app\/uploads\/sites\/4\/2024\/08\/202001exposition-cepagrap-jerome-pergolesi.jpg\",\"keywords\":[\"CEPAGRAP\",\"Espace des Arts Plastiques CEPAGRAP\",\"J\u00e9r\u00f4me Pergolesi\"],\"articleSection\":[\"Br\u00e8ves\",\"Saint-Di\u00e9-des-Vosges et son Agglom\u00e9ration\"],\"inLanguage\":\"fr-FR\",\"potentialAction\":[{\"@type\":\"CommentAction\",\"name\":\"Comment\",\"target\":[\"https:\/\/vosgesinfo.fr\/saintdieinfo\/2020\/01\/premiere-exposition-de-lannee-cepagrap-accueille-jerome-pergolesi\/#respond\"]}]},{\"@type\":\"WebPage\",\"@id\":\"https:\/\/vosgesinfo.fr\/saintdieinfo\/2020\/01\/premiere-exposition-de-lannee-cepagrap-accueille-jerome-pergolesi\/\",\"url\":\"https:\/\/vosgesinfo.fr\/saintdieinfo\/2020\/01\/premiere-exposition-de-lannee-cepagrap-accueille-jerome-pergolesi\/\",\"name\":\"Pour sa premi\u00e8re exposition de l'ann\u00e9e, le CEPAGRAP accueille J\u00e9r\u00f4me Pergolesi - Saint Die Info\",\"isPartOf\":{\"@id\":\"https:\/\/vosgesinfo.fr\/saintdieinfo\/#website\"},\"primaryImageOfPage\":{\"@id\":\"https:\/\/vosgesinfo.fr\/saintdieinfo\/2020\/01\/premiere-exposition-de-lannee-cepagrap-accueille-jerome-pergolesi\/#primaryimage\"},\"image\":{\"@id\":\"https:\/\/vosgesinfo.fr\/saintdieinfo\/2020\/01\/premiere-exposition-de-lannee-cepagrap-accueille-jerome-pergolesi\/#primaryimage\"},\"thumbnailUrl\":\"https:\/\/vosgesinfo.fr\/app\/uploads\/sites\/4\/2024\/08\/202001exposition-cepagrap-jerome-pergolesi.jpg\",\"datePublished\":\"2020-01-04T05:00:50+00:00\",\"dateModified\":\"2020-01-04T05:00:50+00:00\",\"breadcrumb\":{\"@id\":\"https:\/\/vosgesinfo.fr\/saintdieinfo\/2020\/01\/premiere-exposition-de-lannee-cepagrap-accueille-jerome-pergolesi\/#breadcrumb\"},\"inLanguage\":\"fr-FR\",\"potentialAction\":[{\"@type\":\"ReadAction\",\"target\":[\"https:\/\/vosgesinfo.fr\/saintdieinfo\/2020\/01\/premiere-exposition-de-lannee-cepagrap-accueille-jerome-pergolesi\/\"]}]},{\"@type\":\"ImageObject\",\"inLanguage\":\"fr-FR\",\"@id\":\"https:\/\/vosgesinfo.fr\/saintdieinfo\/2020\/01\/premiere-exposition-de-lannee-cepagrap-accueille-jerome-pergolesi\/#primaryimage\",\"url\":\"https:\/\/vosgesinfo.fr\/app\/uploads\/sites\/4\/2024\/08\/202001exposition-cepagrap-jerome-pergolesi.jpg\",\"contentUrl\":\"https:\/\/vosgesinfo.fr\/app\/uploads\/sites\/4\/2024\/08\/202001exposition-cepagrap-jerome-pergolesi.jpg\",\"width\":1039,\"height\":1500},{\"@type\":\"BreadcrumbList\",\"@id\":\"https:\/\/vosgesinfo.fr\/saintdieinfo\/2020\/01\/premiere-exposition-de-lannee-cepagrap-accueille-jerome-pergolesi\/#breadcrumb\",\"itemListElement\":[{\"@type\":\"ListItem\",\"position\":1,\"name\":\"Home\",\"item\":\"https:\/\/vosgesinfo.fr\/saintdieinfo\/\"},{\"@type\":\"ListItem\",\"position\":2,\"name\":\"Pour sa premi\u00e8re exposition de l&rsquo;ann\u00e9e, le CEPAGRAP accueille J\u00e9r\u00f4me Pergolesi\"}]},{\"@type\":\"WebSite\",\"@id\":\"https:\/\/vosgesinfo.fr\/saintdieinfo\/#website\",\"url\":\"https:\/\/vosgesinfo.fr\/saintdieinfo\/\",\"name\":\"Saint Die Info\",\"description\":\"Toute l&#039;actualit\u00e9 de Saint-Di\u00e9-Des-Vosges\",\"publisher\":{\"@id\":\"https:\/\/vosgesinfo.fr\/saintdieinfo\/#organization\"},\"alternateName\":\"Toute l'actualit\u00e9 de Saint-Di\u00e9-Des-Vosges\",\"potentialAction\":[{\"@type\":\"SearchAction\",\"target\":{\"@type\":\"EntryPoint\",\"urlTemplate\":\"https:\/\/vosgesinfo.fr\/saintdieinfo\/?s={search_term_string}\"},\"query-input\":\"required name=search_term_string\"}],\"inLanguage\":\"fr-FR\"},{\"@type\":\"Organization\",\"@id\":\"https:\/\/vosgesinfo.fr\/saintdieinfo\/#organization\",\"name\":\"Saint Die Info\",\"url\":\"https:\/\/vosgesinfo.fr\/saintdieinfo\/\",\"logo\":{\"@type\":\"ImageObject\",\"inLanguage\":\"fr-FR\",\"@id\":\"https:\/\/vosgesinfo.fr\/saintdieinfo\/#\/schema\/logo\/image\/\",\"url\":\"https:\/\/vosgesinfo.fr\/app\/uploads\/sites\/4\/2024\/02\/logo-sdi.jpg\",\"contentUrl\":\"https:\/\/vosgesinfo.fr\/app\/uploads\/sites\/4\/2024\/02\/logo-sdi.jpg\",\"width\":600,\"height\":600,\"caption\":\"Saint Die Info\"},\"image\":{\"@id\":\"https:\/\/vosgesinfo.fr\/saintdieinfo\/#\/schema\/logo\/image\/\"},\"sameAs\":[\"https:\/\/www.facebook.com\/Saintdieinfofr\",\"https:\/\/x.com\/VosgesInfo88\",\"https:\/\/www.youtube.com\/@vosgesinfo\"]},{\"@type\":\"Person\",\"@id\":\"https:\/\/vosgesinfo.fr\/saintdieinfo\/#\/schema\/person\/faee6704a21f3977511db84bd1cd450f\",\"name\":\"la r\u00e9daction\",\"image\":{\"@type\":\"ImageObject\",\"inLanguage\":\"fr-FR\",\"@id\":\"https:\/\/vosgesinfo.fr\/saintdieinfo\/#\/schema\/person\/image\/\",\"url\":\"https:\/\/secure.gravatar.com\/avatar\/6673d8bc6a9c17fa9a453eaa3448de834fa308c2ec9635b7aa99441a7c8d2cf6?s=96&d=mm&r=g\",\"contentUrl\":\"https:\/\/secure.gravatar.com\/avatar\/6673d8bc6a9c17fa9a453eaa3448de834fa308c2ec9635b7aa99441a7c8d2cf6?s=96&d=mm&r=g\",\"caption\":\"la r\u00e9daction\"},\"url\":\"https:\/\/vosgesinfo.fr\/saintdieinfo\/author\/redac\/\"}]}<\/script>\n<!-- \/ Yoast SEO plugin. -->","yoast_head_json":{"title":"Pour sa premi\u00e8re exposition de l'ann\u00e9e, le CEPAGRAP accueille J\u00e9r\u00f4me Pergolesi - Saint Die Info","robots":{"index":"index","follow":"follow","max-snippet":"max-snippet:-1","max-image-preview":"max-image-preview:large","max-video-preview":"max-video-preview:-1"},"canonical":"https:\/\/vosgesinfo.fr\/saintdieinfo\/2020\/01\/premiere-exposition-de-lannee-cepagrap-accueille-jerome-pergolesi\/","twitter_card":"summary_large_image","twitter_title":"Pour sa premi\u00e8re exposition de l'ann\u00e9e, le CEPAGRAP accueille J\u00e9r\u00f4me Pergolesi - Saint Die Info","twitter_description":"L&rsquo;Espace des Arts Plastiques Cepagrap vous pr\u00e9sente ses meilleurs voeux\u00a0pour 2020 et vous invite au vernissage de l&rsquo;exposition \u00ab\u00a0R\u00eaves en [&hellip;]","twitter_image":"https:\/\/vosgesinfo.fr\/app\/uploads\/sites\/4\/2024\/08\/202001exposition-cepagrap-jerome-pergolesi.jpg","twitter_creator":"@VosgesInfo88","twitter_site":"@VosgesInfo88","twitter_misc":{"\u00c9crit par":"la r\u00e9daction","Dur\u00e9e de lecture estim\u00e9e":"1 minute"},"schema":{"@context":"https:\/\/schema.org","@graph":[{"@type":"Article","@id":"https:\/\/vosgesinfo.fr\/saintdieinfo\/2020\/01\/premiere-exposition-de-lannee-cepagrap-accueille-jerome-pergolesi\/#article","isPartOf":{"@id":"https:\/\/vosgesinfo.fr\/saintdieinfo\/2020\/01\/premiere-exposition-de-lannee-cepagrap-accueille-jerome-pergolesi\/"},"author":{"name":"la r\u00e9daction","@id":"https:\/\/vosgesinfo.fr\/saintdieinfo\/#\/schema\/person\/faee6704a21f3977511db84bd1cd450f"},"headline":"Pour sa premi\u00e8re exposition de l&rsquo;ann\u00e9e, le CEPAGRAP accueille J\u00e9r\u00f4me Pergolesi","datePublished":"2020-01-04T05:00:50+00:00","dateModified":"2020-01-04T05:00:50+00:00","mainEntityOfPage":{"@id":"https:\/\/vosgesinfo.fr\/saintdieinfo\/2020\/01\/premiere-exposition-de-lannee-cepagrap-accueille-jerome-pergolesi\/"},"wordCount":246,"commentCount":0,"publisher":{"@id":"https:\/\/vosgesinfo.fr\/saintdieinfo\/#organization"},"image":{"@id":"https:\/\/vosgesinfo.fr\/saintdieinfo\/2020\/01\/premiere-exposition-de-lannee-cepagrap-accueille-jerome-pergolesi\/#primaryimage"},"thumbnailUrl":"https:\/\/vosgesinfo.fr\/app\/uploads\/sites\/4\/2024\/08\/202001exposition-cepagrap-jerome-pergolesi.jpg","keywords":["CEPAGRAP","Espace des Arts Plastiques CEPAGRAP","J\u00e9r\u00f4me Pergolesi"],"articleSection":["Br\u00e8ves","Saint-Di\u00e9-des-Vosges et son Agglom\u00e9ration"],"inLanguage":"fr-FR","potentialAction":[{"@type":"CommentAction","name":"Comment","target":["https:\/\/vosgesinfo.fr\/saintdieinfo\/2020\/01\/premiere-exposition-de-lannee-cepagrap-accueille-jerome-pergolesi\/#respond"]}]},{"@type":"WebPage","@id":"https:\/\/vosgesinfo.fr\/saintdieinfo\/2020\/01\/premiere-exposition-de-lannee-cepagrap-accueille-jerome-pergolesi\/","url":"https:\/\/vosgesinfo.fr\/saintdieinfo\/2020\/01\/premiere-exposition-de-lannee-cepagrap-accueille-jerome-pergolesi\/","name":"Pour sa premi\u00e8re exposition de l'ann\u00e9e, le CEPAGRAP accueille J\u00e9r\u00f4me Pergolesi - Saint Die Info","isPartOf":{"@id":"https:\/\/vosgesinfo.fr\/saintdieinfo\/#website"},"primaryImageOfPage":{"@id":"https:\/\/vosgesinfo.fr\/saintdieinfo\/2020\/01\/premiere-exposition-de-lannee-cepagrap-accueille-jerome-pergolesi\/#primaryimage"},"image":{"@id":"https:\/\/vosgesinfo.fr\/saintdieinfo\/2020\/01\/premiere-exposition-de-lannee-cepagrap-accueille-jerome-pergolesi\/#primaryimage"},"thumbnailUrl":"https:\/\/vosgesinfo.fr\/app\/uploads\/sites\/4\/2024\/08\/202001exposition-cepagrap-jerome-pergolesi.jpg","datePublished":"2020-01-04T05:00:50+00:00","dateModified":"2020-01-04T05:00:50+00:00","breadcrumb":{"@id":"https:\/\/vosgesinfo.fr\/saintdieinfo\/2020\/01\/premiere-exposition-de-lannee-cepagrap-accueille-jerome-pergolesi\/#breadcrumb"},"inLanguage":"fr-FR","potentialAction":[{"@type":"ReadAction","target":["https:\/\/vosgesinfo.fr\/saintdieinfo\/2020\/01\/premiere-exposition-de-lannee-cepagrap-accueille-jerome-pergolesi\/"]}]},{"@type":"ImageObject","inLanguage":"fr-FR","@id":"https:\/\/vosgesinfo.fr\/saintdieinfo\/2020\/01\/premiere-exposition-de-lannee-cepagrap-accueille-jerome-pergolesi\/#primaryimage","url":"https:\/\/vosgesinfo.fr\/app\/uploads\/sites\/4\/2024\/08\/202001exposition-cepagrap-jerome-pergolesi.jpg","contentUrl":"https:\/\/vosgesinfo.fr\/app\/uploads\/sites\/4\/2024\/08\/202001exposition-cepagrap-jerome-pergolesi.jpg","width":1039,"height":1500},{"@type":"BreadcrumbList","@id":"https:\/\/vosgesinfo.fr\/saintdieinfo\/2020\/01\/premiere-exposition-de-lannee-cepagrap-accueille-jerome-pergolesi\/#breadcrumb","itemListElement":[{"@type":"ListItem","position":1,"name":"Home","item":"https:\/\/vosgesinfo.fr\/saintdieinfo\/"},{"@type":"ListItem","position":2,"name":"Pour sa premi\u00e8re exposition de l&rsquo;ann\u00e9e, le CEPAGRAP accueille J\u00e9r\u00f4me Pergolesi"}]},{"@type":"WebSite","@id":"https:\/\/vosgesinfo.fr\/saintdieinfo\/#website","url":"https:\/\/vosgesinfo.fr\/saintdieinfo\/","name":"Saint Die Info","description":"Toute l&#039;actualit\u00e9 de Saint-Di\u00e9-Des-Vosges","publisher":{"@id":"https:\/\/vosgesinfo.fr\/saintdieinfo\/#organization"},"alternateName":"Toute l'actualit\u00e9 de Saint-Di\u00e9-Des-Vosges","potentialAction":[{"@type":"SearchAction","target":{"@type":"EntryPoint","urlTemplate":"https:\/\/vosgesinfo.fr\/saintdieinfo\/?s={search_term_string}"},"query-input":"required name=search_term_string"}],"inLanguage":"fr-FR"},{"@type":"Organization","@id":"https:\/\/vosgesinfo.fr\/saintdieinfo\/#organization","name":"Saint Die Info","url":"https:\/\/vosgesinfo.fr\/saintdieinfo\/","logo":{"@type":"ImageObject","inLanguage":"fr-FR","@id":"https:\/\/vosgesinfo.fr\/saintdieinfo\/#\/schema\/logo\/image\/","url":"https:\/\/vosgesinfo.fr\/app\/uploads\/sites\/4\/2024\/02\/logo-sdi.jpg","contentUrl":"https:\/\/vosgesinfo.fr\/app\/uploads\/sites\/4\/2024\/02\/logo-sdi.jpg","width":600,"height":600,"caption":"Saint Die Info"},"image":{"@id":"https:\/\/vosgesinfo.fr\/saintdieinfo\/#\/schema\/logo\/image\/"},"sameAs":["https:\/\/www.facebook.com\/Saintdieinfofr","https:\/\/x.com\/VosgesInfo88","https:\/\/www.youtube.com\/@vosgesinfo"]},{"@type":"Person","@id":"https:\/\/vosgesinfo.fr\/saintdieinfo\/#\/schema\/person\/faee6704a21f3977511db84bd1cd450f","name":"la r\u00e9daction","image":{"@type":"ImageObject","inLanguage":"fr-FR","@id":"https:\/\/vosgesinfo.fr\/saintdieinfo\/#\/schema\/person\/image\/","url":"https:\/\/secure.gravatar.com\/avatar\/6673d8bc6a9c17fa9a453eaa3448de834fa308c2ec9635b7aa99441a7c8d2cf6?s=96&d=mm&r=g","contentUrl":"https:\/\/secure.gravatar.com\/avatar\/6673d8bc6a9c17fa9a453eaa3448de834fa308c2ec9635b7aa99441a7c8d2cf6?s=96&d=mm&r=g","caption":"la r\u00e9daction"},"url":"https:\/\/vosgesinfo.fr\/saintdieinfo\/author\/redac\/"}]}},"_links":{"self":[{"href":"https:\/\/vosgesinfo.fr\/saintdieinfo\/wp-json\/wp\/v2\/posts\/38340","targetHints":{"allow":["GET"]}}],"collection":[{"href":"https:\/\/vosgesinfo.fr\/saintdieinfo\/wp-json\/wp\/v2\/posts"}],"about":[{"href":"https:\/\/vosgesinfo.fr\/saintdieinfo\/wp-json\/wp\/v2\/types\/post"}],"author":[{"embeddable":true,"href":"https:\/\/vosgesinfo.fr\/saintdieinfo\/wp-json\/wp\/v2\/users\/44"}],"replies":[{"embeddable":true,"href":"https:\/\/vosgesinfo.fr\/saintdieinfo\/wp-json\/wp\/v2\/comments?post=38340"}],"version-history":[{"count":0,"href":"https:\/\/vosgesinfo.fr\/saintdieinfo\/wp-json\/wp\/v2\/posts\/38340\/revisions"}],"wp:featuredmedia":[{"embeddable":true,"href":"https:\/\/vosgesinfo.fr\/saintdieinfo\/wp-json\/wp\/v2\/media\/38341"}],"wp:attachment":[{"href":"https:\/\/vosgesinfo.fr\/saintdieinfo\/wp-json\/wp\/v2\/media?parent=38340"}],"wp:term":[{"taxonomy":"category","embeddable":true,"href":"https:\/\/vosgesinfo.fr\/saintdieinfo\/wp-json\/wp\/v2\/categories?post=38340"},{"taxonomy":"post_tag","embeddable":true,"href":"https:\/\/vosgesinfo.fr\/saintdieinfo\/wp-json\/wp\/v2\/tags?post=38340"}],"curies":[{"name":"wp","href":"https:\/\/api.w.org\/{rel}","templated":true}]}}