{"id":38342,"date":"2020-01-04T09:00:58","date_gmt":"2020-01-04T08:00:58","guid":{"rendered":"https:\/\/vosgesinfo.fr\/saintdieinfo\/2020\/01\/2019-lannee-de-records-de-temperatures\/"},"modified":"2020-01-04T09:00:58","modified_gmt":"2020-01-04T08:00:58","slug":"2019-lannee-de-records-de-temperatures","status":"publish","type":"post","link":"https:\/\/vosgesinfo.fr\/saintdieinfo\/2020\/01\/2019-lannee-de-records-de-temperatures\/","title":{"rendered":"2019, l&rsquo;ann\u00e9e de tous les records de temp\u00e9ratures"},"content":{"rendered":"<div id=\"attachment_140822\" style=\"width: 970px\" class=\"wp-caption aligncenter\"><a href=\"\/2019\/06\/soleil-chaleur-thermometer-3581190_960_720.jpg\" target=\"_blank\" rel=\"noopener\"><img decoding=\"async\" aria-describedby=\"caption-attachment-140822\" class=\"wp-image-140822 size-full\" src=\"\/2019\/06\/soleil-chaleur-thermometer-3581190_960_720.jpg\" alt=\"soleil-chaleur-thermometer-3581190_960_720\" width=\"960\" height=\"481\" \/><\/a><p id=\"caption-attachment-140822\" class=\"wp-caption-text\">(Image d&rsquo;illustration)<\/p><\/div>\n<h2><strong><span style=\"font-family: Calibri, sans-serif;\"><span style=\"font-size: large;\">Dans une r\u00e9cente publication sur <a href=\"https:\/\/www.facebook.com\/meteodesvallees\/\" target=\"_blank\" rel=\"noopener\">sa page Facebook<\/a>, M\u00e9t\u00e9o des Vall\u00e9es dresse un bilan de l&rsquo;ann\u00e9e 2019, <em>\u00ab\u00a0qui aura \u00e9t\u00e9 l&rsquo;ann\u00e9e de tous les records\u00a0\u00bb<\/em> selon son \u00e9quipe.<\/span><\/span><\/strong><\/h2>\n<p><!--more--><\/p>\n<p><span style=\"font-family: Calibri, sans-serif;\"><span style=\"font-size: large;\"><em>\u00ab\u00a0Jamais, dans une ann\u00e9e, autant de records de chaleur n&rsquo;avaient \u00e9t\u00e9 battus auparavant. De nombreuses stations qui ont au moins une vingtaine d&rsquo;ann\u00e9es de relev\u00e9s (donc pour lesquelles nous avons un certain recul), ont battu des records mensuels en f\u00e9vrier, juin et juillet. De nombreuses d&rsquo;entre-elles ont m\u00eame battu des records absolus de chaleur en juin ou en juillet\u00a0\u00bb<\/em> commente M\u00e9t\u00e9o des Vall\u00e9es.<\/span><\/span><\/p>\n<p><span style=\"font-family: Calibri, sans-serif;\"><span style=\"font-size: large;\">Et d&rsquo;ajouter ensuite qu&rsquo;en 2019, <em>\u00ab\u00a0les +20\u00b0C ont \u00e9t\u00e9 d\u00e9pass\u00e9s pour la premi\u00e8re fois dans un mois de f\u00e9vrier. Les +40\u00b0C ont \u00e9t\u00e9 pour la premi\u00e8re fois atteints le 25 juillet. A l&rsquo;inverse, aucun record de froid n&rsquo;a \u00e9t\u00e9 battu en 2019 et il faut remonter \u00e0 2012 voire avant pour en retrouver. Notons que la plupart de ces records de chaleur qui ont \u00e9t\u00e9 battus, l&rsquo;avaient d\u00e9j\u00e0 \u00e9t\u00e9 en 2018, 2017, 2015. Les limites connues de notre climat sont sans cesse repouss\u00e9es d&rsquo;ann\u00e9e en ann\u00e9e.\u00a0\u00bb<\/em><\/span><\/span><\/p>\n<p><span style=\"font-family: Calibri, sans-serif;\"><span style=\"font-size: large;\">En 2019 dans les Vosges, M\u00e9t\u00e9o des Vall\u00e9es souligne notamment la barre des <strong>+20\u00b0C<\/strong> d\u00e9pass\u00e9e pour la premi\u00e8re fois l&rsquo;an dernier pour un mois de f\u00e9vrier (avec <strong>+20,6\u00b0C<\/strong> \u00e0 Epinal par exemple); l&rsquo;\u00e9pisode caniculaire historique, du 25 au 30 juin, avec des records absolus de chaleur en montagne (<strong>+35,3\u00b0C<\/strong> \u00e0 Bussang, <strong>+34\u00b0C<\/strong> \u00e0 La Bresse&#8230;); des records de temp\u00e9ratures minimales en juillet (plus de <strong>+20\u00b0C<\/strong> le 1er juillet); le second \u00e9pisode caniculaire, l\u00e0 aussi historique, avec des records absolus de chaleur en plaine et la barre des <strong>+40\u00b0C<\/strong> atteinte pour la premi\u00e8re fois (<strong>+40\u00b0C<\/strong> \u00e0 Roville-aux-Ch\u00eanes le 25 juillet).<\/span><\/span><\/p>\n<p>J.J.<\/p>\n","protected":false},"excerpt":{"rendered":"<p>Dans une r\u00e9cente publication sur sa page Facebook, M\u00e9t\u00e9o des Vall\u00e9es dresse un bilan de l&rsquo;ann\u00e9e 2019, \u00ab\u00a0qui aura \u00e9t\u00e9 [&hellip;]<\/p>\n","protected":false},"author":46,"featured_media":38343,"comment_status":"open","ping_status":"open","sticky":false,"template":"","format":"standard","meta":{"footnotes":""},"categories":[460,18],"tags":[3136],"class_list":["post-38342","post","type-post","status-publish","format-standard","has-post-thumbnail","hentry","category-a-la-une","category-vosges","tag-meteo-des-vallees"],"acf":[],"yoast_head":"<!-- This site is optimized with the Yoast SEO plugin v22.5 - https:\/\/yoast.com\/wordpress\/plugins\/seo\/ -->\n<title>2019, l&#039;ann\u00e9e de tous les records de temp\u00e9ratures - Saint Die Info<\/title>\n<meta name=\"robots\" content=\"index, follow, max-snippet:-1, max-image-preview:large, max-video-preview:-1\" \/>\n<link rel=\"canonical\" href=\"https:\/\/vosgesinfo.fr\/saintdieinfo\/2020\/01\/2019-lannee-de-records-de-temperatures\/\" \/>\n<meta name=\"twitter:card\" content=\"summary_large_image\" \/>\n<meta name=\"twitter:title\" content=\"2019, l&#039;ann\u00e9e de tous les records de temp\u00e9ratures - Saint Die Info\" \/>\n<meta name=\"twitter:description\" content=\"Dans une r\u00e9cente publication sur sa page Facebook, M\u00e9t\u00e9o des Vall\u00e9es dresse un bilan de l&rsquo;ann\u00e9e 2019, \u00ab\u00a0qui aura \u00e9t\u00e9 [&hellip;]\" \/>\n<meta name=\"twitter:image\" content=\"https:\/\/vosgesinfo.fr\/app\/uploads\/sites\/4\/2024\/08\/201906soleil-chaleur-thermometer-3581190-960-720.jpg\" \/>\n<meta name=\"twitter:creator\" content=\"@VosgesInfo88\" \/>\n<meta name=\"twitter:site\" content=\"@VosgesInfo88\" \/>\n<meta name=\"twitter:label1\" content=\"\u00c9crit par\" \/>\n\t<meta name=\"twitter:data1\" content=\"J.J.\" \/>\n\t<meta name=\"twitter:label2\" content=\"Dur\u00e9e de lecture estim\u00e9e\" \/>\n\t<meta name=\"twitter:data2\" content=\"2 minutes\" \/>\n<script type=\"application\/ld+json\" class=\"yoast-schema-graph\">{\"@context\":\"https:\/\/schema.org\",\"@graph\":[{\"@type\":\"Article\",\"@id\":\"https:\/\/vosgesinfo.fr\/saintdieinfo\/2020\/01\/2019-lannee-de-records-de-temperatures\/#article\",\"isPartOf\":{\"@id\":\"https:\/\/vosgesinfo.fr\/saintdieinfo\/2020\/01\/2019-lannee-de-records-de-temperatures\/\"},\"author\":{\"name\":\"J.J.\",\"@id\":\"https:\/\/vosgesinfo.fr\/saintdieinfo\/#\/schema\/person\/fa73e9f726d67bb88f46d5b7943cb572\"},\"headline\":\"2019, l&rsquo;ann\u00e9e de tous les records de temp\u00e9ratures\",\"datePublished\":\"2020-01-04T08:00:58+00:00\",\"dateModified\":\"2020-01-04T08:00:58+00:00\",\"mainEntityOfPage\":{\"@id\":\"https:\/\/vosgesinfo.fr\/saintdieinfo\/2020\/01\/2019-lannee-de-records-de-temperatures\/\"},\"wordCount\":327,\"commentCount\":0,\"publisher\":{\"@id\":\"https:\/\/vosgesinfo.fr\/saintdieinfo\/#organization\"},\"image\":{\"@id\":\"https:\/\/vosgesinfo.fr\/saintdieinfo\/2020\/01\/2019-lannee-de-records-de-temperatures\/#primaryimage\"},\"thumbnailUrl\":\"https:\/\/vosgesinfo.fr\/app\/uploads\/sites\/4\/2024\/08\/201906soleil-chaleur-thermometer-3581190-960-720.jpg\",\"keywords\":[\"M\u00e9t\u00e9o des Vall\u00e9es\"],\"articleSection\":[\"A la Une\",\"Vosges\"],\"inLanguage\":\"fr-FR\",\"potentialAction\":[{\"@type\":\"CommentAction\",\"name\":\"Comment\",\"target\":[\"https:\/\/vosgesinfo.fr\/saintdieinfo\/2020\/01\/2019-lannee-de-records-de-temperatures\/#respond\"]}]},{\"@type\":\"WebPage\",\"@id\":\"https:\/\/vosgesinfo.fr\/saintdieinfo\/2020\/01\/2019-lannee-de-records-de-temperatures\/\",\"url\":\"https:\/\/vosgesinfo.fr\/saintdieinfo\/2020\/01\/2019-lannee-de-records-de-temperatures\/\",\"name\":\"2019, l'ann\u00e9e de tous les records de temp\u00e9ratures - Saint Die Info\",\"isPartOf\":{\"@id\":\"https:\/\/vosgesinfo.fr\/saintdieinfo\/#website\"},\"primaryImageOfPage\":{\"@id\":\"https:\/\/vosgesinfo.fr\/saintdieinfo\/2020\/01\/2019-lannee-de-records-de-temperatures\/#primaryimage\"},\"image\":{\"@id\":\"https:\/\/vosgesinfo.fr\/saintdieinfo\/2020\/01\/2019-lannee-de-records-de-temperatures\/#primaryimage\"},\"thumbnailUrl\":\"https:\/\/vosgesinfo.fr\/app\/uploads\/sites\/4\/2024\/08\/201906soleil-chaleur-thermometer-3581190-960-720.jpg\",\"datePublished\":\"2020-01-04T08:00:58+00:00\",\"dateModified\":\"2020-01-04T08:00:58+00:00\",\"breadcrumb\":{\"@id\":\"https:\/\/vosgesinfo.fr\/saintdieinfo\/2020\/01\/2019-lannee-de-records-de-temperatures\/#breadcrumb\"},\"inLanguage\":\"fr-FR\",\"potentialAction\":[{\"@type\":\"ReadAction\",\"target\":[\"https:\/\/vosgesinfo.fr\/saintdieinfo\/2020\/01\/2019-lannee-de-records-de-temperatures\/\"]}]},{\"@type\":\"ImageObject\",\"inLanguage\":\"fr-FR\",\"@id\":\"https:\/\/vosgesinfo.fr\/saintdieinfo\/2020\/01\/2019-lannee-de-records-de-temperatures\/#primaryimage\",\"url\":\"https:\/\/vosgesinfo.fr\/app\/uploads\/sites\/4\/2024\/08\/201906soleil-chaleur-thermometer-3581190-960-720.jpg\",\"contentUrl\":\"https:\/\/vosgesinfo.fr\/app\/uploads\/sites\/4\/2024\/08\/201906soleil-chaleur-thermometer-3581190-960-720.jpg\",\"width\":960,\"height\":481},{\"@type\":\"BreadcrumbList\",\"@id\":\"https:\/\/vosgesinfo.fr\/saintdieinfo\/2020\/01\/2019-lannee-de-records-de-temperatures\/#breadcrumb\",\"itemListElement\":[{\"@type\":\"ListItem\",\"position\":1,\"name\":\"Home\",\"item\":\"https:\/\/vosgesinfo.fr\/saintdieinfo\/\"},{\"@type\":\"ListItem\",\"position\":2,\"name\":\"2019, l&rsquo;ann\u00e9e de tous les records de temp\u00e9ratures\"}]},{\"@type\":\"WebSite\",\"@id\":\"https:\/\/vosgesinfo.fr\/saintdieinfo\/#website\",\"url\":\"https:\/\/vosgesinfo.fr\/saintdieinfo\/\",\"name\":\"Saint Die Info\",\"description\":\"Toute l&#039;actualit\u00e9 de Saint-Di\u00e9-Des-Vosges\",\"publisher\":{\"@id\":\"https:\/\/vosgesinfo.fr\/saintdieinfo\/#organization\"},\"alternateName\":\"Toute l'actualit\u00e9 de Saint-Di\u00e9-Des-Vosges\",\"potentialAction\":[{\"@type\":\"SearchAction\",\"target\":{\"@type\":\"EntryPoint\",\"urlTemplate\":\"https:\/\/vosgesinfo.fr\/saintdieinfo\/?s={search_term_string}\"},\"query-input\":\"required name=search_term_string\"}],\"inLanguage\":\"fr-FR\"},{\"@type\":\"Organization\",\"@id\":\"https:\/\/vosgesinfo.fr\/saintdieinfo\/#organization\",\"name\":\"Saint Die Info\",\"url\":\"https:\/\/vosgesinfo.fr\/saintdieinfo\/\",\"logo\":{\"@type\":\"ImageObject\",\"inLanguage\":\"fr-FR\",\"@id\":\"https:\/\/vosgesinfo.fr\/saintdieinfo\/#\/schema\/logo\/image\/\",\"url\":\"https:\/\/vosgesinfo.fr\/app\/uploads\/sites\/4\/2024\/02\/logo-sdi.jpg\",\"contentUrl\":\"https:\/\/vosgesinfo.fr\/app\/uploads\/sites\/4\/2024\/02\/logo-sdi.jpg\",\"width\":600,\"height\":600,\"caption\":\"Saint Die Info\"},\"image\":{\"@id\":\"https:\/\/vosgesinfo.fr\/saintdieinfo\/#\/schema\/logo\/image\/\"},\"sameAs\":[\"https:\/\/www.facebook.com\/Saintdieinfofr\",\"https:\/\/x.com\/VosgesInfo88\",\"https:\/\/www.youtube.com\/@vosgesinfo\"]},{\"@type\":\"Person\",\"@id\":\"https:\/\/vosgesinfo.fr\/saintdieinfo\/#\/schema\/person\/fa73e9f726d67bb88f46d5b7943cb572\",\"name\":\"J.J.\",\"image\":{\"@type\":\"ImageObject\",\"inLanguage\":\"fr-FR\",\"@id\":\"https:\/\/vosgesinfo.fr\/saintdieinfo\/#\/schema\/person\/image\/\",\"url\":\"https:\/\/secure.gravatar.com\/avatar\/219e749e47ffbcca018a360ae4add7d4cdf1cdaaf8bc7676b27efade3fe65615?s=96&d=mm&r=g\",\"contentUrl\":\"https:\/\/secure.gravatar.com\/avatar\/219e749e47ffbcca018a360ae4add7d4cdf1cdaaf8bc7676b27efade3fe65615?s=96&d=mm&r=g\",\"caption\":\"J.J.\"},\"url\":\"https:\/\/vosgesinfo.fr\/saintdieinfo\/author\/j-j\/\"}]}<\/script>\n<!-- \/ Yoast SEO plugin. -->","yoast_head_json":{"title":"2019, l'ann\u00e9e de tous les records de temp\u00e9ratures - Saint Die Info","robots":{"index":"index","follow":"follow","max-snippet":"max-snippet:-1","max-image-preview":"max-image-preview:large","max-video-preview":"max-video-preview:-1"},"canonical":"https:\/\/vosgesinfo.fr\/saintdieinfo\/2020\/01\/2019-lannee-de-records-de-temperatures\/","twitter_card":"summary_large_image","twitter_title":"2019, l'ann\u00e9e de tous les records de temp\u00e9ratures - Saint Die Info","twitter_description":"Dans une r\u00e9cente publication sur sa page Facebook, M\u00e9t\u00e9o des Vall\u00e9es dresse un bilan de l&rsquo;ann\u00e9e 2019, \u00ab\u00a0qui aura \u00e9t\u00e9 [&hellip;]","twitter_image":"https:\/\/vosgesinfo.fr\/app\/uploads\/sites\/4\/2024\/08\/201906soleil-chaleur-thermometer-3581190-960-720.jpg","twitter_creator":"@VosgesInfo88","twitter_site":"@VosgesInfo88","twitter_misc":{"\u00c9crit par":"J.J.","Dur\u00e9e de lecture estim\u00e9e":"2 minutes"},"schema":{"@context":"https:\/\/schema.org","@graph":[{"@type":"Article","@id":"https:\/\/vosgesinfo.fr\/saintdieinfo\/2020\/01\/2019-lannee-de-records-de-temperatures\/#article","isPartOf":{"@id":"https:\/\/vosgesinfo.fr\/saintdieinfo\/2020\/01\/2019-lannee-de-records-de-temperatures\/"},"author":{"name":"J.J.","@id":"https:\/\/vosgesinfo.fr\/saintdieinfo\/#\/schema\/person\/fa73e9f726d67bb88f46d5b7943cb572"},"headline":"2019, l&rsquo;ann\u00e9e de tous les records de temp\u00e9ratures","datePublished":"2020-01-04T08:00:58+00:00","dateModified":"2020-01-04T08:00:58+00:00","mainEntityOfPage":{"@id":"https:\/\/vosgesinfo.fr\/saintdieinfo\/2020\/01\/2019-lannee-de-records-de-temperatures\/"},"wordCount":327,"commentCount":0,"publisher":{"@id":"https:\/\/vosgesinfo.fr\/saintdieinfo\/#organization"},"image":{"@id":"https:\/\/vosgesinfo.fr\/saintdieinfo\/2020\/01\/2019-lannee-de-records-de-temperatures\/#primaryimage"},"thumbnailUrl":"https:\/\/vosgesinfo.fr\/app\/uploads\/sites\/4\/2024\/08\/201906soleil-chaleur-thermometer-3581190-960-720.jpg","keywords":["M\u00e9t\u00e9o des Vall\u00e9es"],"articleSection":["A la Une","Vosges"],"inLanguage":"fr-FR","potentialAction":[{"@type":"CommentAction","name":"Comment","target":["https:\/\/vosgesinfo.fr\/saintdieinfo\/2020\/01\/2019-lannee-de-records-de-temperatures\/#respond"]}]},{"@type":"WebPage","@id":"https:\/\/vosgesinfo.fr\/saintdieinfo\/2020\/01\/2019-lannee-de-records-de-temperatures\/","url":"https:\/\/vosgesinfo.fr\/saintdieinfo\/2020\/01\/2019-lannee-de-records-de-temperatures\/","name":"2019, l'ann\u00e9e de tous les records de temp\u00e9ratures - Saint Die Info","isPartOf":{"@id":"https:\/\/vosgesinfo.fr\/saintdieinfo\/#website"},"primaryImageOfPage":{"@id":"https:\/\/vosgesinfo.fr\/saintdieinfo\/2020\/01\/2019-lannee-de-records-de-temperatures\/#primaryimage"},"image":{"@id":"https:\/\/vosgesinfo.fr\/saintdieinfo\/2020\/01\/2019-lannee-de-records-de-temperatures\/#primaryimage"},"thumbnailUrl":"https:\/\/vosgesinfo.fr\/app\/uploads\/sites\/4\/2024\/08\/201906soleil-chaleur-thermometer-3581190-960-720.jpg","datePublished":"2020-01-04T08:00:58+00:00","dateModified":"2020-01-04T08:00:58+00:00","breadcrumb":{"@id":"https:\/\/vosgesinfo.fr\/saintdieinfo\/2020\/01\/2019-lannee-de-records-de-temperatures\/#breadcrumb"},"inLanguage":"fr-FR","potentialAction":[{"@type":"ReadAction","target":["https:\/\/vosgesinfo.fr\/saintdieinfo\/2020\/01\/2019-lannee-de-records-de-temperatures\/"]}]},{"@type":"ImageObject","inLanguage":"fr-FR","@id":"https:\/\/vosgesinfo.fr\/saintdieinfo\/2020\/01\/2019-lannee-de-records-de-temperatures\/#primaryimage","url":"https:\/\/vosgesinfo.fr\/app\/uploads\/sites\/4\/2024\/08\/201906soleil-chaleur-thermometer-3581190-960-720.jpg","contentUrl":"https:\/\/vosgesinfo.fr\/app\/uploads\/sites\/4\/2024\/08\/201906soleil-chaleur-thermometer-3581190-960-720.jpg","width":960,"height":481},{"@type":"BreadcrumbList","@id":"https:\/\/vosgesinfo.fr\/saintdieinfo\/2020\/01\/2019-lannee-de-records-de-temperatures\/#breadcrumb","itemListElement":[{"@type":"ListItem","position":1,"name":"Home","item":"https:\/\/vosgesinfo.fr\/saintdieinfo\/"},{"@type":"ListItem","position":2,"name":"2019, l&rsquo;ann\u00e9e de tous les records de temp\u00e9ratures"}]},{"@type":"WebSite","@id":"https:\/\/vosgesinfo.fr\/saintdieinfo\/#website","url":"https:\/\/vosgesinfo.fr\/saintdieinfo\/","name":"Saint Die Info","description":"Toute l&#039;actualit\u00e9 de Saint-Di\u00e9-Des-Vosges","publisher":{"@id":"https:\/\/vosgesinfo.fr\/saintdieinfo\/#organization"},"alternateName":"Toute l'actualit\u00e9 de Saint-Di\u00e9-Des-Vosges","potentialAction":[{"@type":"SearchAction","target":{"@type":"EntryPoint","urlTemplate":"https:\/\/vosgesinfo.fr\/saintdieinfo\/?s={search_term_string}"},"query-input":"required name=search_term_string"}],"inLanguage":"fr-FR"},{"@type":"Organization","@id":"https:\/\/vosgesinfo.fr\/saintdieinfo\/#organization","name":"Saint Die Info","url":"https:\/\/vosgesinfo.fr\/saintdieinfo\/","logo":{"@type":"ImageObject","inLanguage":"fr-FR","@id":"https:\/\/vosgesinfo.fr\/saintdieinfo\/#\/schema\/logo\/image\/","url":"https:\/\/vosgesinfo.fr\/app\/uploads\/sites\/4\/2024\/02\/logo-sdi.jpg","contentUrl":"https:\/\/vosgesinfo.fr\/app\/uploads\/sites\/4\/2024\/02\/logo-sdi.jpg","width":600,"height":600,"caption":"Saint Die Info"},"image":{"@id":"https:\/\/vosgesinfo.fr\/saintdieinfo\/#\/schema\/logo\/image\/"},"sameAs":["https:\/\/www.facebook.com\/Saintdieinfofr","https:\/\/x.com\/VosgesInfo88","https:\/\/www.youtube.com\/@vosgesinfo"]},{"@type":"Person","@id":"https:\/\/vosgesinfo.fr\/saintdieinfo\/#\/schema\/person\/fa73e9f726d67bb88f46d5b7943cb572","name":"J.J.","image":{"@type":"ImageObject","inLanguage":"fr-FR","@id":"https:\/\/vosgesinfo.fr\/saintdieinfo\/#\/schema\/person\/image\/","url":"https:\/\/secure.gravatar.com\/avatar\/219e749e47ffbcca018a360ae4add7d4cdf1cdaaf8bc7676b27efade3fe65615?s=96&d=mm&r=g","contentUrl":"https:\/\/secure.gravatar.com\/avatar\/219e749e47ffbcca018a360ae4add7d4cdf1cdaaf8bc7676b27efade3fe65615?s=96&d=mm&r=g","caption":"J.J."},"url":"https:\/\/vosgesinfo.fr\/saintdieinfo\/author\/j-j\/"}]}},"_links":{"self":[{"href":"https:\/\/vosgesinfo.fr\/saintdieinfo\/wp-json\/wp\/v2\/posts\/38342","targetHints":{"allow":["GET"]}}],"collection":[{"href":"https:\/\/vosgesinfo.fr\/saintdieinfo\/wp-json\/wp\/v2\/posts"}],"about":[{"href":"https:\/\/vosgesinfo.fr\/saintdieinfo\/wp-json\/wp\/v2\/types\/post"}],"author":[{"embeddable":true,"href":"https:\/\/vosgesinfo.fr\/saintdieinfo\/wp-json\/wp\/v2\/users\/46"}],"replies":[{"embeddable":true,"href":"https:\/\/vosgesinfo.fr\/saintdieinfo\/wp-json\/wp\/v2\/comments?post=38342"}],"version-history":[{"count":0,"href":"https:\/\/vosgesinfo.fr\/saintdieinfo\/wp-json\/wp\/v2\/posts\/38342\/revisions"}],"wp:featuredmedia":[{"embeddable":true,"href":"https:\/\/vosgesinfo.fr\/saintdieinfo\/wp-json\/wp\/v2\/media\/38343"}],"wp:attachment":[{"href":"https:\/\/vosgesinfo.fr\/saintdieinfo\/wp-json\/wp\/v2\/media?parent=38342"}],"wp:term":[{"taxonomy":"category","embeddable":true,"href":"https:\/\/vosgesinfo.fr\/saintdieinfo\/wp-json\/wp\/v2\/categories?post=38342"},{"taxonomy":"post_tag","embeddable":true,"href":"https:\/\/vosgesinfo.fr\/saintdieinfo\/wp-json\/wp\/v2\/tags?post=38342"}],"curies":[{"name":"wp","href":"https:\/\/api.w.org\/{rel}","templated":true}]}}