{"id":38344,"date":"2020-01-04T12:15:16","date_gmt":"2020-01-04T11:15:16","guid":{"rendered":"https:\/\/vosgesinfo.fr\/saintdieinfo\/2020\/01\/provencheres-colroy-deux-personnes-blessees-accident-de-route\/"},"modified":"2020-01-04T12:15:16","modified_gmt":"2020-01-04T11:15:16","slug":"provencheres-colroy-deux-personnes-blessees-accident-de-route","status":"publish","type":"post","link":"https:\/\/vosgesinfo.fr\/saintdieinfo\/2020\/01\/provencheres-colroy-deux-personnes-blessees-accident-de-route\/","title":{"rendered":"Provench\u00e8res-et-Colroy \u2013 Deux personnes bless\u00e9es dans un accident de la route"},"content":{"rendered":"<div id=\"attachment_148755\" style=\"width: 1010px\" class=\"wp-caption aligncenter\"><a href=\"\/2020\/01\/Accident_Sortie_Provench\u00e8res_Colroy.jpg\" target=\"_blank\" rel=\"noopener\"><img decoding=\"async\" aria-describedby=\"caption-attachment-148755\" class=\"wp-image-148755 size-full\" src=\"\/2020\/01\/Accident_Sortie_Provench\u00e8res_Colroy.jpg\" alt=\"Accident_Sortie_Provench\u00e8res_Colroy\" width=\"1000\" height=\"746\" \/><\/a><p id=\"caption-attachment-148755\" class=\"wp-caption-text\">(Capture d&rsquo;\u00e9cran Google Maps)<\/p><\/div>\n<h2><span style=\"font-family: Calibri, sans-serif;\"><span style=\"font-size: large;\"><strong>Il \u00e9tait environ 11h30 ce samedi lorsque 14 sapeurs-pompiers sont intervenus \u00e0 la sortie de Provench\u00e8res-et-Colroy, o\u00f9 une voiture circulant en direction du col de Saales s&rsquo;est accident\u00e9e seule. Parmi les 5 personnes \u00e0 bord du v\u00e9hicule, 2 ont \u00e9t\u00e9 l\u00e9g\u00e8rement bless\u00e9es et ont \u00e9t\u00e9 transport\u00e9es au Centre Hospitalier de Saint-Di\u00e9-des-Vosges. (Informations CODIS88)<\/strong><br \/>\n<\/span><\/span><\/h2>\n<p>J.J.<\/p>\n","protected":false},"excerpt":{"rendered":"<p>Il \u00e9tait environ 11h30 ce samedi lorsque 14 sapeurs-pompiers sont intervenus \u00e0 la sortie de Provench\u00e8res-et-Colroy, o\u00f9 une voiture circulant [&hellip;]<\/p>\n","protected":false},"author":46,"featured_media":38345,"comment_status":"open","ping_status":"open","sticky":false,"template":"","format":"standard","meta":{"footnotes":""},"categories":[460,2924,2915],"tags":[2002,3036,1017],"class_list":["post-38344","post","type-post","status-publish","format-standard","has-post-thumbnail","hentry","category-a-la-une","category-fait-divers","category-saint-die-son-canton","tag-accident-de-la-route","tag-provencheres-et-colroy","tag-sapeurs-pompiers-des-vosges"],"acf":[],"yoast_head":"<!-- This site is optimized with the Yoast SEO plugin v22.5 - https:\/\/yoast.com\/wordpress\/plugins\/seo\/ -->\n<title>Provench\u00e8res-et-Colroy \u2013 Deux personnes bless\u00e9es dans un accident de la route - Saint Die Info<\/title>\n<meta name=\"robots\" content=\"index, follow, max-snippet:-1, max-image-preview:large, max-video-preview:-1\" \/>\n<link rel=\"canonical\" href=\"https:\/\/vosgesinfo.fr\/saintdieinfo\/2020\/01\/provencheres-colroy-deux-personnes-blessees-accident-de-route\/\" \/>\n<meta name=\"twitter:card\" content=\"summary_large_image\" \/>\n<meta name=\"twitter:title\" content=\"Provench\u00e8res-et-Colroy \u2013 Deux personnes bless\u00e9es dans un accident de la route - Saint Die Info\" \/>\n<meta name=\"twitter:description\" content=\"Il \u00e9tait environ 11h30 ce samedi lorsque 14 sapeurs-pompiers sont intervenus \u00e0 la sortie de Provench\u00e8res-et-Colroy, o\u00f9 une voiture circulant [&hellip;]\" \/>\n<meta name=\"twitter:image\" content=\"https:\/\/vosgesinfo.fr\/app\/uploads\/sites\/4\/2024\/08\/202001accident-sortie-provencheres-colroy.jpg\" \/>\n<meta name=\"twitter:creator\" content=\"@VosgesInfo88\" \/>\n<meta name=\"twitter:site\" content=\"@VosgesInfo88\" \/>\n<meta name=\"twitter:label1\" content=\"\u00c9crit par\" \/>\n\t<meta name=\"twitter:data1\" content=\"J.J.\" \/>\n<script type=\"application\/ld+json\" class=\"yoast-schema-graph\">{\"@context\":\"https:\/\/schema.org\",\"@graph\":[{\"@type\":\"Article\",\"@id\":\"https:\/\/vosgesinfo.fr\/saintdieinfo\/2020\/01\/provencheres-colroy-deux-personnes-blessees-accident-de-route\/#article\",\"isPartOf\":{\"@id\":\"https:\/\/vosgesinfo.fr\/saintdieinfo\/2020\/01\/provencheres-colroy-deux-personnes-blessees-accident-de-route\/\"},\"author\":{\"name\":\"J.J.\",\"@id\":\"https:\/\/vosgesinfo.fr\/saintdieinfo\/#\/schema\/person\/fa73e9f726d67bb88f46d5b7943cb572\"},\"headline\":\"Provench\u00e8res-et-Colroy \u2013 Deux personnes bless\u00e9es dans un accident de la route\",\"datePublished\":\"2020-01-04T11:15:16+00:00\",\"dateModified\":\"2020-01-04T11:15:16+00:00\",\"mainEntityOfPage\":{\"@id\":\"https:\/\/vosgesinfo.fr\/saintdieinfo\/2020\/01\/provencheres-colroy-deux-personnes-blessees-accident-de-route\/\"},\"wordCount\":83,\"commentCount\":0,\"publisher\":{\"@id\":\"https:\/\/vosgesinfo.fr\/saintdieinfo\/#organization\"},\"image\":{\"@id\":\"https:\/\/vosgesinfo.fr\/saintdieinfo\/2020\/01\/provencheres-colroy-deux-personnes-blessees-accident-de-route\/#primaryimage\"},\"thumbnailUrl\":\"https:\/\/vosgesinfo.fr\/app\/uploads\/sites\/4\/2024\/08\/202001accident-sortie-provencheres-colroy.jpg\",\"keywords\":[\"accident de la route\",\"Provench\u00e8res-et-Colroy\",\"sapeurs-pompiers des Vosges\"],\"articleSection\":[\"A la Une\",\"Fait Divers\",\"Saint-Di\u00e9-des-Vosges et son Agglom\u00e9ration\"],\"inLanguage\":\"fr-FR\",\"potentialAction\":[{\"@type\":\"CommentAction\",\"name\":\"Comment\",\"target\":[\"https:\/\/vosgesinfo.fr\/saintdieinfo\/2020\/01\/provencheres-colroy-deux-personnes-blessees-accident-de-route\/#respond\"]}]},{\"@type\":\"WebPage\",\"@id\":\"https:\/\/vosgesinfo.fr\/saintdieinfo\/2020\/01\/provencheres-colroy-deux-personnes-blessees-accident-de-route\/\",\"url\":\"https:\/\/vosgesinfo.fr\/saintdieinfo\/2020\/01\/provencheres-colroy-deux-personnes-blessees-accident-de-route\/\",\"name\":\"Provench\u00e8res-et-Colroy \u2013 Deux personnes bless\u00e9es dans un accident de la route - Saint Die Info\",\"isPartOf\":{\"@id\":\"https:\/\/vosgesinfo.fr\/saintdieinfo\/#website\"},\"primaryImageOfPage\":{\"@id\":\"https:\/\/vosgesinfo.fr\/saintdieinfo\/2020\/01\/provencheres-colroy-deux-personnes-blessees-accident-de-route\/#primaryimage\"},\"image\":{\"@id\":\"https:\/\/vosgesinfo.fr\/saintdieinfo\/2020\/01\/provencheres-colroy-deux-personnes-blessees-accident-de-route\/#primaryimage\"},\"thumbnailUrl\":\"https:\/\/vosgesinfo.fr\/app\/uploads\/sites\/4\/2024\/08\/202001accident-sortie-provencheres-colroy.jpg\",\"datePublished\":\"2020-01-04T11:15:16+00:00\",\"dateModified\":\"2020-01-04T11:15:16+00:00\",\"breadcrumb\":{\"@id\":\"https:\/\/vosgesinfo.fr\/saintdieinfo\/2020\/01\/provencheres-colroy-deux-personnes-blessees-accident-de-route\/#breadcrumb\"},\"inLanguage\":\"fr-FR\",\"potentialAction\":[{\"@type\":\"ReadAction\",\"target\":[\"https:\/\/vosgesinfo.fr\/saintdieinfo\/2020\/01\/provencheres-colroy-deux-personnes-blessees-accident-de-route\/\"]}]},{\"@type\":\"ImageObject\",\"inLanguage\":\"fr-FR\",\"@id\":\"https:\/\/vosgesinfo.fr\/saintdieinfo\/2020\/01\/provencheres-colroy-deux-personnes-blessees-accident-de-route\/#primaryimage\",\"url\":\"https:\/\/vosgesinfo.fr\/app\/uploads\/sites\/4\/2024\/08\/202001accident-sortie-provencheres-colroy.jpg\",\"contentUrl\":\"https:\/\/vosgesinfo.fr\/app\/uploads\/sites\/4\/2024\/08\/202001accident-sortie-provencheres-colroy.jpg\",\"width\":1000,\"height\":746},{\"@type\":\"BreadcrumbList\",\"@id\":\"https:\/\/vosgesinfo.fr\/saintdieinfo\/2020\/01\/provencheres-colroy-deux-personnes-blessees-accident-de-route\/#breadcrumb\",\"itemListElement\":[{\"@type\":\"ListItem\",\"position\":1,\"name\":\"Home\",\"item\":\"https:\/\/vosgesinfo.fr\/saintdieinfo\/\"},{\"@type\":\"ListItem\",\"position\":2,\"name\":\"Provench\u00e8res-et-Colroy \u2013 Deux personnes bless\u00e9es dans un accident de la route\"}]},{\"@type\":\"WebSite\",\"@id\":\"https:\/\/vosgesinfo.fr\/saintdieinfo\/#website\",\"url\":\"https:\/\/vosgesinfo.fr\/saintdieinfo\/\",\"name\":\"Saint Die Info\",\"description\":\"Toute l&#039;actualit\u00e9 de Saint-Di\u00e9-Des-Vosges\",\"publisher\":{\"@id\":\"https:\/\/vosgesinfo.fr\/saintdieinfo\/#organization\"},\"alternateName\":\"Toute l'actualit\u00e9 de Saint-Di\u00e9-Des-Vosges\",\"potentialAction\":[{\"@type\":\"SearchAction\",\"target\":{\"@type\":\"EntryPoint\",\"urlTemplate\":\"https:\/\/vosgesinfo.fr\/saintdieinfo\/?s={search_term_string}\"},\"query-input\":\"required name=search_term_string\"}],\"inLanguage\":\"fr-FR\"},{\"@type\":\"Organization\",\"@id\":\"https:\/\/vosgesinfo.fr\/saintdieinfo\/#organization\",\"name\":\"Saint Die Info\",\"url\":\"https:\/\/vosgesinfo.fr\/saintdieinfo\/\",\"logo\":{\"@type\":\"ImageObject\",\"inLanguage\":\"fr-FR\",\"@id\":\"https:\/\/vosgesinfo.fr\/saintdieinfo\/#\/schema\/logo\/image\/\",\"url\":\"https:\/\/vosgesinfo.fr\/app\/uploads\/sites\/4\/2024\/02\/logo-sdi.jpg\",\"contentUrl\":\"https:\/\/vosgesinfo.fr\/app\/uploads\/sites\/4\/2024\/02\/logo-sdi.jpg\",\"width\":600,\"height\":600,\"caption\":\"Saint Die Info\"},\"image\":{\"@id\":\"https:\/\/vosgesinfo.fr\/saintdieinfo\/#\/schema\/logo\/image\/\"},\"sameAs\":[\"https:\/\/www.facebook.com\/Saintdieinfofr\",\"https:\/\/x.com\/VosgesInfo88\",\"https:\/\/www.youtube.com\/@vosgesinfo\"]},{\"@type\":\"Person\",\"@id\":\"https:\/\/vosgesinfo.fr\/saintdieinfo\/#\/schema\/person\/fa73e9f726d67bb88f46d5b7943cb572\",\"name\":\"J.J.\",\"image\":{\"@type\":\"ImageObject\",\"inLanguage\":\"fr-FR\",\"@id\":\"https:\/\/vosgesinfo.fr\/saintdieinfo\/#\/schema\/person\/image\/\",\"url\":\"https:\/\/secure.gravatar.com\/avatar\/219e749e47ffbcca018a360ae4add7d4cdf1cdaaf8bc7676b27efade3fe65615?s=96&d=mm&r=g\",\"contentUrl\":\"https:\/\/secure.gravatar.com\/avatar\/219e749e47ffbcca018a360ae4add7d4cdf1cdaaf8bc7676b27efade3fe65615?s=96&d=mm&r=g\",\"caption\":\"J.J.\"},\"url\":\"https:\/\/vosgesinfo.fr\/saintdieinfo\/author\/j-j\/\"}]}<\/script>\n<!-- \/ Yoast SEO plugin. -->","yoast_head_json":{"title":"Provench\u00e8res-et-Colroy \u2013 Deux personnes bless\u00e9es dans un accident de la route - Saint Die Info","robots":{"index":"index","follow":"follow","max-snippet":"max-snippet:-1","max-image-preview":"max-image-preview:large","max-video-preview":"max-video-preview:-1"},"canonical":"https:\/\/vosgesinfo.fr\/saintdieinfo\/2020\/01\/provencheres-colroy-deux-personnes-blessees-accident-de-route\/","twitter_card":"summary_large_image","twitter_title":"Provench\u00e8res-et-Colroy \u2013 Deux personnes bless\u00e9es dans un accident de la route - Saint Die Info","twitter_description":"Il \u00e9tait environ 11h30 ce samedi lorsque 14 sapeurs-pompiers sont intervenus \u00e0 la sortie de Provench\u00e8res-et-Colroy, o\u00f9 une voiture circulant [&hellip;]","twitter_image":"https:\/\/vosgesinfo.fr\/app\/uploads\/sites\/4\/2024\/08\/202001accident-sortie-provencheres-colroy.jpg","twitter_creator":"@VosgesInfo88","twitter_site":"@VosgesInfo88","twitter_misc":{"\u00c9crit par":"J.J."},"schema":{"@context":"https:\/\/schema.org","@graph":[{"@type":"Article","@id":"https:\/\/vosgesinfo.fr\/saintdieinfo\/2020\/01\/provencheres-colroy-deux-personnes-blessees-accident-de-route\/#article","isPartOf":{"@id":"https:\/\/vosgesinfo.fr\/saintdieinfo\/2020\/01\/provencheres-colroy-deux-personnes-blessees-accident-de-route\/"},"author":{"name":"J.J.","@id":"https:\/\/vosgesinfo.fr\/saintdieinfo\/#\/schema\/person\/fa73e9f726d67bb88f46d5b7943cb572"},"headline":"Provench\u00e8res-et-Colroy \u2013 Deux personnes bless\u00e9es dans un accident de la route","datePublished":"2020-01-04T11:15:16+00:00","dateModified":"2020-01-04T11:15:16+00:00","mainEntityOfPage":{"@id":"https:\/\/vosgesinfo.fr\/saintdieinfo\/2020\/01\/provencheres-colroy-deux-personnes-blessees-accident-de-route\/"},"wordCount":83,"commentCount":0,"publisher":{"@id":"https:\/\/vosgesinfo.fr\/saintdieinfo\/#organization"},"image":{"@id":"https:\/\/vosgesinfo.fr\/saintdieinfo\/2020\/01\/provencheres-colroy-deux-personnes-blessees-accident-de-route\/#primaryimage"},"thumbnailUrl":"https:\/\/vosgesinfo.fr\/app\/uploads\/sites\/4\/2024\/08\/202001accident-sortie-provencheres-colroy.jpg","keywords":["accident de la route","Provench\u00e8res-et-Colroy","sapeurs-pompiers des Vosges"],"articleSection":["A la Une","Fait Divers","Saint-Di\u00e9-des-Vosges et son Agglom\u00e9ration"],"inLanguage":"fr-FR","potentialAction":[{"@type":"CommentAction","name":"Comment","target":["https:\/\/vosgesinfo.fr\/saintdieinfo\/2020\/01\/provencheres-colroy-deux-personnes-blessees-accident-de-route\/#respond"]}]},{"@type":"WebPage","@id":"https:\/\/vosgesinfo.fr\/saintdieinfo\/2020\/01\/provencheres-colroy-deux-personnes-blessees-accident-de-route\/","url":"https:\/\/vosgesinfo.fr\/saintdieinfo\/2020\/01\/provencheres-colroy-deux-personnes-blessees-accident-de-route\/","name":"Provench\u00e8res-et-Colroy \u2013 Deux personnes bless\u00e9es dans un accident de la route - Saint Die Info","isPartOf":{"@id":"https:\/\/vosgesinfo.fr\/saintdieinfo\/#website"},"primaryImageOfPage":{"@id":"https:\/\/vosgesinfo.fr\/saintdieinfo\/2020\/01\/provencheres-colroy-deux-personnes-blessees-accident-de-route\/#primaryimage"},"image":{"@id":"https:\/\/vosgesinfo.fr\/saintdieinfo\/2020\/01\/provencheres-colroy-deux-personnes-blessees-accident-de-route\/#primaryimage"},"thumbnailUrl":"https:\/\/vosgesinfo.fr\/app\/uploads\/sites\/4\/2024\/08\/202001accident-sortie-provencheres-colroy.jpg","datePublished":"2020-01-04T11:15:16+00:00","dateModified":"2020-01-04T11:15:16+00:00","breadcrumb":{"@id":"https:\/\/vosgesinfo.fr\/saintdieinfo\/2020\/01\/provencheres-colroy-deux-personnes-blessees-accident-de-route\/#breadcrumb"},"inLanguage":"fr-FR","potentialAction":[{"@type":"ReadAction","target":["https:\/\/vosgesinfo.fr\/saintdieinfo\/2020\/01\/provencheres-colroy-deux-personnes-blessees-accident-de-route\/"]}]},{"@type":"ImageObject","inLanguage":"fr-FR","@id":"https:\/\/vosgesinfo.fr\/saintdieinfo\/2020\/01\/provencheres-colroy-deux-personnes-blessees-accident-de-route\/#primaryimage","url":"https:\/\/vosgesinfo.fr\/app\/uploads\/sites\/4\/2024\/08\/202001accident-sortie-provencheres-colroy.jpg","contentUrl":"https:\/\/vosgesinfo.fr\/app\/uploads\/sites\/4\/2024\/08\/202001accident-sortie-provencheres-colroy.jpg","width":1000,"height":746},{"@type":"BreadcrumbList","@id":"https:\/\/vosgesinfo.fr\/saintdieinfo\/2020\/01\/provencheres-colroy-deux-personnes-blessees-accident-de-route\/#breadcrumb","itemListElement":[{"@type":"ListItem","position":1,"name":"Home","item":"https:\/\/vosgesinfo.fr\/saintdieinfo\/"},{"@type":"ListItem","position":2,"name":"Provench\u00e8res-et-Colroy \u2013 Deux personnes bless\u00e9es dans un accident de la route"}]},{"@type":"WebSite","@id":"https:\/\/vosgesinfo.fr\/saintdieinfo\/#website","url":"https:\/\/vosgesinfo.fr\/saintdieinfo\/","name":"Saint Die Info","description":"Toute l&#039;actualit\u00e9 de Saint-Di\u00e9-Des-Vosges","publisher":{"@id":"https:\/\/vosgesinfo.fr\/saintdieinfo\/#organization"},"alternateName":"Toute l'actualit\u00e9 de Saint-Di\u00e9-Des-Vosges","potentialAction":[{"@type":"SearchAction","target":{"@type":"EntryPoint","urlTemplate":"https:\/\/vosgesinfo.fr\/saintdieinfo\/?s={search_term_string}"},"query-input":"required name=search_term_string"}],"inLanguage":"fr-FR"},{"@type":"Organization","@id":"https:\/\/vosgesinfo.fr\/saintdieinfo\/#organization","name":"Saint Die Info","url":"https:\/\/vosgesinfo.fr\/saintdieinfo\/","logo":{"@type":"ImageObject","inLanguage":"fr-FR","@id":"https:\/\/vosgesinfo.fr\/saintdieinfo\/#\/schema\/logo\/image\/","url":"https:\/\/vosgesinfo.fr\/app\/uploads\/sites\/4\/2024\/02\/logo-sdi.jpg","contentUrl":"https:\/\/vosgesinfo.fr\/app\/uploads\/sites\/4\/2024\/02\/logo-sdi.jpg","width":600,"height":600,"caption":"Saint Die Info"},"image":{"@id":"https:\/\/vosgesinfo.fr\/saintdieinfo\/#\/schema\/logo\/image\/"},"sameAs":["https:\/\/www.facebook.com\/Saintdieinfofr","https:\/\/x.com\/VosgesInfo88","https:\/\/www.youtube.com\/@vosgesinfo"]},{"@type":"Person","@id":"https:\/\/vosgesinfo.fr\/saintdieinfo\/#\/schema\/person\/fa73e9f726d67bb88f46d5b7943cb572","name":"J.J.","image":{"@type":"ImageObject","inLanguage":"fr-FR","@id":"https:\/\/vosgesinfo.fr\/saintdieinfo\/#\/schema\/person\/image\/","url":"https:\/\/secure.gravatar.com\/avatar\/219e749e47ffbcca018a360ae4add7d4cdf1cdaaf8bc7676b27efade3fe65615?s=96&d=mm&r=g","contentUrl":"https:\/\/secure.gravatar.com\/avatar\/219e749e47ffbcca018a360ae4add7d4cdf1cdaaf8bc7676b27efade3fe65615?s=96&d=mm&r=g","caption":"J.J."},"url":"https:\/\/vosgesinfo.fr\/saintdieinfo\/author\/j-j\/"}]}},"_links":{"self":[{"href":"https:\/\/vosgesinfo.fr\/saintdieinfo\/wp-json\/wp\/v2\/posts\/38344","targetHints":{"allow":["GET"]}}],"collection":[{"href":"https:\/\/vosgesinfo.fr\/saintdieinfo\/wp-json\/wp\/v2\/posts"}],"about":[{"href":"https:\/\/vosgesinfo.fr\/saintdieinfo\/wp-json\/wp\/v2\/types\/post"}],"author":[{"embeddable":true,"href":"https:\/\/vosgesinfo.fr\/saintdieinfo\/wp-json\/wp\/v2\/users\/46"}],"replies":[{"embeddable":true,"href":"https:\/\/vosgesinfo.fr\/saintdieinfo\/wp-json\/wp\/v2\/comments?post=38344"}],"version-history":[{"count":0,"href":"https:\/\/vosgesinfo.fr\/saintdieinfo\/wp-json\/wp\/v2\/posts\/38344\/revisions"}],"wp:featuredmedia":[{"embeddable":true,"href":"https:\/\/vosgesinfo.fr\/saintdieinfo\/wp-json\/wp\/v2\/media\/38345"}],"wp:attachment":[{"href":"https:\/\/vosgesinfo.fr\/saintdieinfo\/wp-json\/wp\/v2\/media?parent=38344"}],"wp:term":[{"taxonomy":"category","embeddable":true,"href":"https:\/\/vosgesinfo.fr\/saintdieinfo\/wp-json\/wp\/v2\/categories?post=38344"},{"taxonomy":"post_tag","embeddable":true,"href":"https:\/\/vosgesinfo.fr\/saintdieinfo\/wp-json\/wp\/v2\/tags?post=38344"}],"curies":[{"name":"wp","href":"https:\/\/api.w.org\/{rel}","templated":true}]}}