{"id":38360,"date":"2020-01-06T08:00:52","date_gmt":"2020-01-06T07:00:52","guid":{"rendered":"https:\/\/vosgesinfo.fr\/saintdieinfo\/2020\/01\/football-lus-raon-letape-sincline-honneurs-face-losc-lille\/"},"modified":"2020-01-06T08:00:52","modified_gmt":"2020-01-06T07:00:52","slug":"football-lus-raon-letape-sincline-honneurs-face-losc-lille","status":"publish","type":"post","link":"https:\/\/vosgesinfo.fr\/saintdieinfo\/2020\/01\/football-lus-raon-letape-sincline-honneurs-face-losc-lille\/","title":{"rendered":"Football \u2013 L&rsquo;US Raon-l&rsquo;Etape s&rsquo;incline avec les honneurs face au LOSC Lille"},"content":{"rendered":"<div id=\"attachment_148779\" style=\"width: 1010px\" class=\"wp-caption aligncenter\"><a href=\"\/2020\/01\/US_Raon-lEtape_LOSC_Lille.jpg\" target=\"_blank\" rel=\"noopener\"><img decoding=\"async\" aria-describedby=\"caption-attachment-148779\" class=\"wp-image-148779 size-full\" src=\"\/2020\/01\/US_Raon-lEtape_LOSC_Lille.jpg\" alt=\"US_Raon-l'Etape_LOSC_Lille\" width=\"1000\" height=\"527\" \/><\/a><p id=\"caption-attachment-148779\" class=\"wp-caption-text\">(Cr\u00e9dit image US Raon-l&rsquo;Etape)<\/p><\/div>\n<h2><strong><span style=\"font-family: Calibri, sans-serif;\"><span style=\"font-size: large;\">Hier dimanche, l&rsquo;US Raon-l&rsquo;Etape (N3) accueillait au stade Paul-Gasser le LOSC Lille, actuellement 4\u00e8me de Ligue 1, dans le cadre des 32\u00e8mes de finale de la Coupe de France de football.<\/span><\/span><\/strong><\/h2>\n<p><!--more--><\/p>\n<p><span style=\"font-family: Calibri, sans-serif;\"><span style=\"font-size: large;\">Et si les locaux se sont logiquement inclin\u00e9s, les Raonnais peuvent \u00eatre fiers de leur match&#8230; surtout compte tenu de l&rsquo;\u00e9cart de divisions entre les 2 \u00e9quipes. Men\u00e9s par 3 buts \u00e0 0 jusqu&rsquo;\u00e0 la 76\u00e8me minute, les hommes de Micha\u00ebl Grand se sont accroch\u00e9s jusqu&rsquo;au bout en marquant 2 buts en fin de rencontre.<\/span><\/span><\/p>\n<p><span style=\"font-family: Calibri, sans-serif;\"><span style=\"font-size: large;\">Score final de 3 buts \u00e0 2 en faveur des Lillois. Buts de Luiz Ara\u00f9jo (14&prime;), Jos\u00e9 Fonte (47&prime;) et Lo\u00efc R\u00e9my (64&prime;) pour le LOSC Lille \u2013 Buts de Kevin Duminy (76&prime;) et Omar Hassidou (83&prime;, p\u00e9nalty) pour l&rsquo;US Raon-l&rsquo;Etape.<\/span><\/span><\/p>\n<p><span style=\"font-family: Calibri, sans-serif;\"><span style=\"font-size: large;\">Seule ombre au tableau de ce match de Coupe de France : le gardien raonnais, exc\u00e9d\u00e9 par les insultes subies, a frapp\u00e9 un supporter lillois. Les policiers pr\u00e9sents sur place ont du intervenir pour calmer la situation.<\/span><\/span><\/p>\n<p>J.J.<\/p>\n","protected":false},"excerpt":{"rendered":"<p>Hier dimanche, l&rsquo;US Raon-l&rsquo;Etape (N3) accueillait au stade Paul-Gasser le LOSC Lille, actuellement 4\u00e8me de Ligue 1, dans le cadre [&hellip;]<\/p>\n","protected":false},"author":46,"featured_media":38361,"comment_status":"open","ping_status":"open","sticky":false,"template":"","format":"standard","meta":{"footnotes":""},"categories":[460,2915,14],"tags":[6999,226,7524,2654,7525,5607],"class_list":["post-38360","post","type-post","status-publish","format-standard","has-post-thumbnail","hentry","category-a-la-une","category-saint-die-son-canton","category-sport","tag-32emes-de-finale-de-la-coupe-de-france-de-football","tag-football","tag-losc-lille","tag-raon-letape","tag-stade-paul-gasser","tag-us-raon-letape"],"acf":[],"yoast_head":"<!-- This site is optimized with the Yoast SEO plugin v22.5 - https:\/\/yoast.com\/wordpress\/plugins\/seo\/ -->\n<title>Football \u2013 L&#039;US Raon-l&#039;Etape s&#039;incline avec les honneurs face au LOSC Lille - Saint Die Info<\/title>\n<meta name=\"robots\" content=\"index, follow, max-snippet:-1, max-image-preview:large, max-video-preview:-1\" \/>\n<link rel=\"canonical\" href=\"https:\/\/vosgesinfo.fr\/saintdieinfo\/2020\/01\/football-lus-raon-letape-sincline-honneurs-face-losc-lille\/\" \/>\n<meta name=\"twitter:card\" content=\"summary_large_image\" \/>\n<meta name=\"twitter:title\" content=\"Football \u2013 L&#039;US Raon-l&#039;Etape s&#039;incline avec les honneurs face au LOSC Lille - Saint Die Info\" \/>\n<meta name=\"twitter:description\" content=\"Hier dimanche, l&rsquo;US Raon-l&rsquo;Etape (N3) accueillait au stade Paul-Gasser le LOSC Lille, actuellement 4\u00e8me de Ligue 1, dans le cadre [&hellip;]\" \/>\n<meta name=\"twitter:image\" content=\"https:\/\/vosgesinfo.fr\/app\/uploads\/sites\/4\/2024\/08\/202001us-raon-letape-losc-lille-01.jpg\" \/>\n<meta name=\"twitter:creator\" content=\"@VosgesInfo88\" \/>\n<meta name=\"twitter:site\" content=\"@VosgesInfo88\" \/>\n<meta name=\"twitter:label1\" content=\"\u00c9crit par\" \/>\n\t<meta name=\"twitter:data1\" content=\"J.J.\" \/>\n\t<meta name=\"twitter:label2\" content=\"Dur\u00e9e de lecture estim\u00e9e\" \/>\n\t<meta name=\"twitter:data2\" content=\"1 minute\" \/>\n<script type=\"application\/ld+json\" class=\"yoast-schema-graph\">{\"@context\":\"https:\/\/schema.org\",\"@graph\":[{\"@type\":\"Article\",\"@id\":\"https:\/\/vosgesinfo.fr\/saintdieinfo\/2020\/01\/football-lus-raon-letape-sincline-honneurs-face-losc-lille\/#article\",\"isPartOf\":{\"@id\":\"https:\/\/vosgesinfo.fr\/saintdieinfo\/2020\/01\/football-lus-raon-letape-sincline-honneurs-face-losc-lille\/\"},\"author\":{\"name\":\"J.J.\",\"@id\":\"https:\/\/vosgesinfo.fr\/saintdieinfo\/#\/schema\/person\/fa73e9f726d67bb88f46d5b7943cb572\"},\"headline\":\"Football \u2013 L&rsquo;US Raon-l&rsquo;Etape s&rsquo;incline avec les honneurs face au LOSC Lille\",\"datePublished\":\"2020-01-06T07:00:52+00:00\",\"dateModified\":\"2020-01-06T07:00:52+00:00\",\"mainEntityOfPage\":{\"@id\":\"https:\/\/vosgesinfo.fr\/saintdieinfo\/2020\/01\/football-lus-raon-letape-sincline-honneurs-face-losc-lille\/\"},\"wordCount\":193,\"commentCount\":0,\"publisher\":{\"@id\":\"https:\/\/vosgesinfo.fr\/saintdieinfo\/#organization\"},\"image\":{\"@id\":\"https:\/\/vosgesinfo.fr\/saintdieinfo\/2020\/01\/football-lus-raon-letape-sincline-honneurs-face-losc-lille\/#primaryimage\"},\"thumbnailUrl\":\"https:\/\/vosgesinfo.fr\/app\/uploads\/sites\/4\/2024\/08\/202001us-raon-letape-losc-lille-01.jpg\",\"keywords\":[\"32\u00e8mes de finale de la Coupe de France de football\",\"football\",\"LOSC Lille\",\"Raon-l\u2019Etape\",\"Stade Paul-Gasser\",\"US Raon-l'Etape\"],\"articleSection\":[\"A la Une\",\"Saint-Di\u00e9-des-Vosges et son Agglom\u00e9ration\",\"Sport\"],\"inLanguage\":\"fr-FR\",\"potentialAction\":[{\"@type\":\"CommentAction\",\"name\":\"Comment\",\"target\":[\"https:\/\/vosgesinfo.fr\/saintdieinfo\/2020\/01\/football-lus-raon-letape-sincline-honneurs-face-losc-lille\/#respond\"]}]},{\"@type\":\"WebPage\",\"@id\":\"https:\/\/vosgesinfo.fr\/saintdieinfo\/2020\/01\/football-lus-raon-letape-sincline-honneurs-face-losc-lille\/\",\"url\":\"https:\/\/vosgesinfo.fr\/saintdieinfo\/2020\/01\/football-lus-raon-letape-sincline-honneurs-face-losc-lille\/\",\"name\":\"Football \u2013 L'US Raon-l'Etape s'incline avec les honneurs face au LOSC Lille - Saint Die Info\",\"isPartOf\":{\"@id\":\"https:\/\/vosgesinfo.fr\/saintdieinfo\/#website\"},\"primaryImageOfPage\":{\"@id\":\"https:\/\/vosgesinfo.fr\/saintdieinfo\/2020\/01\/football-lus-raon-letape-sincline-honneurs-face-losc-lille\/#primaryimage\"},\"image\":{\"@id\":\"https:\/\/vosgesinfo.fr\/saintdieinfo\/2020\/01\/football-lus-raon-letape-sincline-honneurs-face-losc-lille\/#primaryimage\"},\"thumbnailUrl\":\"https:\/\/vosgesinfo.fr\/app\/uploads\/sites\/4\/2024\/08\/202001us-raon-letape-losc-lille-01.jpg\",\"datePublished\":\"2020-01-06T07:00:52+00:00\",\"dateModified\":\"2020-01-06T07:00:52+00:00\",\"breadcrumb\":{\"@id\":\"https:\/\/vosgesinfo.fr\/saintdieinfo\/2020\/01\/football-lus-raon-letape-sincline-honneurs-face-losc-lille\/#breadcrumb\"},\"inLanguage\":\"fr-FR\",\"potentialAction\":[{\"@type\":\"ReadAction\",\"target\":[\"https:\/\/vosgesinfo.fr\/saintdieinfo\/2020\/01\/football-lus-raon-letape-sincline-honneurs-face-losc-lille\/\"]}]},{\"@type\":\"ImageObject\",\"inLanguage\":\"fr-FR\",\"@id\":\"https:\/\/vosgesinfo.fr\/saintdieinfo\/2020\/01\/football-lus-raon-letape-sincline-honneurs-face-losc-lille\/#primaryimage\",\"url\":\"https:\/\/vosgesinfo.fr\/app\/uploads\/sites\/4\/2024\/08\/202001us-raon-letape-losc-lille-01.jpg\",\"contentUrl\":\"https:\/\/vosgesinfo.fr\/app\/uploads\/sites\/4\/2024\/08\/202001us-raon-letape-losc-lille-01.jpg\",\"width\":843,\"height\":477},{\"@type\":\"BreadcrumbList\",\"@id\":\"https:\/\/vosgesinfo.fr\/saintdieinfo\/2020\/01\/football-lus-raon-letape-sincline-honneurs-face-losc-lille\/#breadcrumb\",\"itemListElement\":[{\"@type\":\"ListItem\",\"position\":1,\"name\":\"Home\",\"item\":\"https:\/\/vosgesinfo.fr\/saintdieinfo\/\"},{\"@type\":\"ListItem\",\"position\":2,\"name\":\"Football \u2013 L&rsquo;US Raon-l&rsquo;Etape s&rsquo;incline avec les honneurs face au LOSC Lille\"}]},{\"@type\":\"WebSite\",\"@id\":\"https:\/\/vosgesinfo.fr\/saintdieinfo\/#website\",\"url\":\"https:\/\/vosgesinfo.fr\/saintdieinfo\/\",\"name\":\"Saint Die Info\",\"description\":\"Toute l&#039;actualit\u00e9 de Saint-Di\u00e9-Des-Vosges\",\"publisher\":{\"@id\":\"https:\/\/vosgesinfo.fr\/saintdieinfo\/#organization\"},\"alternateName\":\"Toute l'actualit\u00e9 de Saint-Di\u00e9-Des-Vosges\",\"potentialAction\":[{\"@type\":\"SearchAction\",\"target\":{\"@type\":\"EntryPoint\",\"urlTemplate\":\"https:\/\/vosgesinfo.fr\/saintdieinfo\/?s={search_term_string}\"},\"query-input\":\"required name=search_term_string\"}],\"inLanguage\":\"fr-FR\"},{\"@type\":\"Organization\",\"@id\":\"https:\/\/vosgesinfo.fr\/saintdieinfo\/#organization\",\"name\":\"Saint Die Info\",\"url\":\"https:\/\/vosgesinfo.fr\/saintdieinfo\/\",\"logo\":{\"@type\":\"ImageObject\",\"inLanguage\":\"fr-FR\",\"@id\":\"https:\/\/vosgesinfo.fr\/saintdieinfo\/#\/schema\/logo\/image\/\",\"url\":\"https:\/\/vosgesinfo.fr\/app\/uploads\/sites\/4\/2024\/02\/logo-sdi.jpg\",\"contentUrl\":\"https:\/\/vosgesinfo.fr\/app\/uploads\/sites\/4\/2024\/02\/logo-sdi.jpg\",\"width\":600,\"height\":600,\"caption\":\"Saint Die Info\"},\"image\":{\"@id\":\"https:\/\/vosgesinfo.fr\/saintdieinfo\/#\/schema\/logo\/image\/\"},\"sameAs\":[\"https:\/\/www.facebook.com\/Saintdieinfofr\",\"https:\/\/x.com\/VosgesInfo88\",\"https:\/\/www.youtube.com\/@vosgesinfo\"]},{\"@type\":\"Person\",\"@id\":\"https:\/\/vosgesinfo.fr\/saintdieinfo\/#\/schema\/person\/fa73e9f726d67bb88f46d5b7943cb572\",\"name\":\"J.J.\",\"image\":{\"@type\":\"ImageObject\",\"inLanguage\":\"fr-FR\",\"@id\":\"https:\/\/vosgesinfo.fr\/saintdieinfo\/#\/schema\/person\/image\/\",\"url\":\"https:\/\/secure.gravatar.com\/avatar\/219e749e47ffbcca018a360ae4add7d4cdf1cdaaf8bc7676b27efade3fe65615?s=96&d=mm&r=g\",\"contentUrl\":\"https:\/\/secure.gravatar.com\/avatar\/219e749e47ffbcca018a360ae4add7d4cdf1cdaaf8bc7676b27efade3fe65615?s=96&d=mm&r=g\",\"caption\":\"J.J.\"},\"url\":\"https:\/\/vosgesinfo.fr\/saintdieinfo\/author\/j-j\/\"}]}<\/script>\n<!-- \/ Yoast SEO plugin. -->","yoast_head_json":{"title":"Football \u2013 L'US Raon-l'Etape s'incline avec les honneurs face au LOSC Lille - Saint Die Info","robots":{"index":"index","follow":"follow","max-snippet":"max-snippet:-1","max-image-preview":"max-image-preview:large","max-video-preview":"max-video-preview:-1"},"canonical":"https:\/\/vosgesinfo.fr\/saintdieinfo\/2020\/01\/football-lus-raon-letape-sincline-honneurs-face-losc-lille\/","twitter_card":"summary_large_image","twitter_title":"Football \u2013 L'US Raon-l'Etape s'incline avec les honneurs face au LOSC Lille - Saint Die Info","twitter_description":"Hier dimanche, l&rsquo;US Raon-l&rsquo;Etape (N3) accueillait au stade Paul-Gasser le LOSC Lille, actuellement 4\u00e8me de Ligue 1, dans le cadre [&hellip;]","twitter_image":"https:\/\/vosgesinfo.fr\/app\/uploads\/sites\/4\/2024\/08\/202001us-raon-letape-losc-lille-01.jpg","twitter_creator":"@VosgesInfo88","twitter_site":"@VosgesInfo88","twitter_misc":{"\u00c9crit par":"J.J.","Dur\u00e9e de lecture estim\u00e9e":"1 minute"},"schema":{"@context":"https:\/\/schema.org","@graph":[{"@type":"Article","@id":"https:\/\/vosgesinfo.fr\/saintdieinfo\/2020\/01\/football-lus-raon-letape-sincline-honneurs-face-losc-lille\/#article","isPartOf":{"@id":"https:\/\/vosgesinfo.fr\/saintdieinfo\/2020\/01\/football-lus-raon-letape-sincline-honneurs-face-losc-lille\/"},"author":{"name":"J.J.","@id":"https:\/\/vosgesinfo.fr\/saintdieinfo\/#\/schema\/person\/fa73e9f726d67bb88f46d5b7943cb572"},"headline":"Football \u2013 L&rsquo;US Raon-l&rsquo;Etape s&rsquo;incline avec les honneurs face au LOSC Lille","datePublished":"2020-01-06T07:00:52+00:00","dateModified":"2020-01-06T07:00:52+00:00","mainEntityOfPage":{"@id":"https:\/\/vosgesinfo.fr\/saintdieinfo\/2020\/01\/football-lus-raon-letape-sincline-honneurs-face-losc-lille\/"},"wordCount":193,"commentCount":0,"publisher":{"@id":"https:\/\/vosgesinfo.fr\/saintdieinfo\/#organization"},"image":{"@id":"https:\/\/vosgesinfo.fr\/saintdieinfo\/2020\/01\/football-lus-raon-letape-sincline-honneurs-face-losc-lille\/#primaryimage"},"thumbnailUrl":"https:\/\/vosgesinfo.fr\/app\/uploads\/sites\/4\/2024\/08\/202001us-raon-letape-losc-lille-01.jpg","keywords":["32\u00e8mes de finale de la Coupe de France de football","football","LOSC Lille","Raon-l\u2019Etape","Stade Paul-Gasser","US Raon-l'Etape"],"articleSection":["A la Une","Saint-Di\u00e9-des-Vosges et son Agglom\u00e9ration","Sport"],"inLanguage":"fr-FR","potentialAction":[{"@type":"CommentAction","name":"Comment","target":["https:\/\/vosgesinfo.fr\/saintdieinfo\/2020\/01\/football-lus-raon-letape-sincline-honneurs-face-losc-lille\/#respond"]}]},{"@type":"WebPage","@id":"https:\/\/vosgesinfo.fr\/saintdieinfo\/2020\/01\/football-lus-raon-letape-sincline-honneurs-face-losc-lille\/","url":"https:\/\/vosgesinfo.fr\/saintdieinfo\/2020\/01\/football-lus-raon-letape-sincline-honneurs-face-losc-lille\/","name":"Football \u2013 L'US Raon-l'Etape s'incline avec les honneurs face au LOSC Lille - Saint Die Info","isPartOf":{"@id":"https:\/\/vosgesinfo.fr\/saintdieinfo\/#website"},"primaryImageOfPage":{"@id":"https:\/\/vosgesinfo.fr\/saintdieinfo\/2020\/01\/football-lus-raon-letape-sincline-honneurs-face-losc-lille\/#primaryimage"},"image":{"@id":"https:\/\/vosgesinfo.fr\/saintdieinfo\/2020\/01\/football-lus-raon-letape-sincline-honneurs-face-losc-lille\/#primaryimage"},"thumbnailUrl":"https:\/\/vosgesinfo.fr\/app\/uploads\/sites\/4\/2024\/08\/202001us-raon-letape-losc-lille-01.jpg","datePublished":"2020-01-06T07:00:52+00:00","dateModified":"2020-01-06T07:00:52+00:00","breadcrumb":{"@id":"https:\/\/vosgesinfo.fr\/saintdieinfo\/2020\/01\/football-lus-raon-letape-sincline-honneurs-face-losc-lille\/#breadcrumb"},"inLanguage":"fr-FR","potentialAction":[{"@type":"ReadAction","target":["https:\/\/vosgesinfo.fr\/saintdieinfo\/2020\/01\/football-lus-raon-letape-sincline-honneurs-face-losc-lille\/"]}]},{"@type":"ImageObject","inLanguage":"fr-FR","@id":"https:\/\/vosgesinfo.fr\/saintdieinfo\/2020\/01\/football-lus-raon-letape-sincline-honneurs-face-losc-lille\/#primaryimage","url":"https:\/\/vosgesinfo.fr\/app\/uploads\/sites\/4\/2024\/08\/202001us-raon-letape-losc-lille-01.jpg","contentUrl":"https:\/\/vosgesinfo.fr\/app\/uploads\/sites\/4\/2024\/08\/202001us-raon-letape-losc-lille-01.jpg","width":843,"height":477},{"@type":"BreadcrumbList","@id":"https:\/\/vosgesinfo.fr\/saintdieinfo\/2020\/01\/football-lus-raon-letape-sincline-honneurs-face-losc-lille\/#breadcrumb","itemListElement":[{"@type":"ListItem","position":1,"name":"Home","item":"https:\/\/vosgesinfo.fr\/saintdieinfo\/"},{"@type":"ListItem","position":2,"name":"Football \u2013 L&rsquo;US Raon-l&rsquo;Etape s&rsquo;incline avec les honneurs face au LOSC Lille"}]},{"@type":"WebSite","@id":"https:\/\/vosgesinfo.fr\/saintdieinfo\/#website","url":"https:\/\/vosgesinfo.fr\/saintdieinfo\/","name":"Saint Die Info","description":"Toute l&#039;actualit\u00e9 de Saint-Di\u00e9-Des-Vosges","publisher":{"@id":"https:\/\/vosgesinfo.fr\/saintdieinfo\/#organization"},"alternateName":"Toute l'actualit\u00e9 de Saint-Di\u00e9-Des-Vosges","potentialAction":[{"@type":"SearchAction","target":{"@type":"EntryPoint","urlTemplate":"https:\/\/vosgesinfo.fr\/saintdieinfo\/?s={search_term_string}"},"query-input":"required name=search_term_string"}],"inLanguage":"fr-FR"},{"@type":"Organization","@id":"https:\/\/vosgesinfo.fr\/saintdieinfo\/#organization","name":"Saint Die Info","url":"https:\/\/vosgesinfo.fr\/saintdieinfo\/","logo":{"@type":"ImageObject","inLanguage":"fr-FR","@id":"https:\/\/vosgesinfo.fr\/saintdieinfo\/#\/schema\/logo\/image\/","url":"https:\/\/vosgesinfo.fr\/app\/uploads\/sites\/4\/2024\/02\/logo-sdi.jpg","contentUrl":"https:\/\/vosgesinfo.fr\/app\/uploads\/sites\/4\/2024\/02\/logo-sdi.jpg","width":600,"height":600,"caption":"Saint Die Info"},"image":{"@id":"https:\/\/vosgesinfo.fr\/saintdieinfo\/#\/schema\/logo\/image\/"},"sameAs":["https:\/\/www.facebook.com\/Saintdieinfofr","https:\/\/x.com\/VosgesInfo88","https:\/\/www.youtube.com\/@vosgesinfo"]},{"@type":"Person","@id":"https:\/\/vosgesinfo.fr\/saintdieinfo\/#\/schema\/person\/fa73e9f726d67bb88f46d5b7943cb572","name":"J.J.","image":{"@type":"ImageObject","inLanguage":"fr-FR","@id":"https:\/\/vosgesinfo.fr\/saintdieinfo\/#\/schema\/person\/image\/","url":"https:\/\/secure.gravatar.com\/avatar\/219e749e47ffbcca018a360ae4add7d4cdf1cdaaf8bc7676b27efade3fe65615?s=96&d=mm&r=g","contentUrl":"https:\/\/secure.gravatar.com\/avatar\/219e749e47ffbcca018a360ae4add7d4cdf1cdaaf8bc7676b27efade3fe65615?s=96&d=mm&r=g","caption":"J.J."},"url":"https:\/\/vosgesinfo.fr\/saintdieinfo\/author\/j-j\/"}]}},"_links":{"self":[{"href":"https:\/\/vosgesinfo.fr\/saintdieinfo\/wp-json\/wp\/v2\/posts\/38360","targetHints":{"allow":["GET"]}}],"collection":[{"href":"https:\/\/vosgesinfo.fr\/saintdieinfo\/wp-json\/wp\/v2\/posts"}],"about":[{"href":"https:\/\/vosgesinfo.fr\/saintdieinfo\/wp-json\/wp\/v2\/types\/post"}],"author":[{"embeddable":true,"href":"https:\/\/vosgesinfo.fr\/saintdieinfo\/wp-json\/wp\/v2\/users\/46"}],"replies":[{"embeddable":true,"href":"https:\/\/vosgesinfo.fr\/saintdieinfo\/wp-json\/wp\/v2\/comments?post=38360"}],"version-history":[{"count":0,"href":"https:\/\/vosgesinfo.fr\/saintdieinfo\/wp-json\/wp\/v2\/posts\/38360\/revisions"}],"wp:featuredmedia":[{"embeddable":true,"href":"https:\/\/vosgesinfo.fr\/saintdieinfo\/wp-json\/wp\/v2\/media\/38361"}],"wp:attachment":[{"href":"https:\/\/vosgesinfo.fr\/saintdieinfo\/wp-json\/wp\/v2\/media?parent=38360"}],"wp:term":[{"taxonomy":"category","embeddable":true,"href":"https:\/\/vosgesinfo.fr\/saintdieinfo\/wp-json\/wp\/v2\/categories?post=38360"},{"taxonomy":"post_tag","embeddable":true,"href":"https:\/\/vosgesinfo.fr\/saintdieinfo\/wp-json\/wp\/v2\/tags?post=38360"}],"curies":[{"name":"wp","href":"https:\/\/api.w.org\/{rel}","templated":true}]}}