{"id":38381,"date":"2020-01-07T11:00:52","date_gmt":"2020-01-07T10:00:52","guid":{"rendered":"https:\/\/vosgesinfo.fr\/saintdieinfo\/2020\/01\/gendarmerie-vosges-nommee-aux-victoires-acteurs-publics-2020\/"},"modified":"2020-01-07T11:00:52","modified_gmt":"2020-01-07T10:00:52","slug":"gendarmerie-vosges-nommee-aux-victoires-acteurs-publics-2020","status":"publish","type":"post","link":"https:\/\/vosgesinfo.fr\/saintdieinfo\/2020\/01\/gendarmerie-vosges-nommee-aux-victoires-acteurs-publics-2020\/","title":{"rendered":"La Gendarmerie des Vosges nomm\u00e9e aux Victoires des Acteurs Publics 2020"},"content":{"rendered":"<div id=\"attachment_148808\" style=\"width: 970px\" class=\"wp-caption aligncenter\"><a href=\"\/2020\/01\/Gendarmerie_Vosges_Victoires_Acteurs_Publics_2020.jpg\" target=\"_blank\" rel=\"noopener\"><img decoding=\"async\" aria-describedby=\"caption-attachment-148808\" class=\"wp-image-148808 size-full\" src=\"\/2020\/01\/Gendarmerie_Vosges_Victoires_Acteurs_Publics_2020.jpg\" alt=\"Gendarmerie_Vosges_Victoires_Acteurs_Publics_2020\" width=\"960\" height=\"714\" \/><\/a><p id=\"caption-attachment-148808\" class=\"wp-caption-text\">(Cr\u00e9dit photographique Gendarmerie des Vosges)<\/p><\/div>\n<h2><strong><span style=\"font-family: Calibri, sans-serif;\"><span style=\"font-size: large;\">Le dispositif R-MESS \u2013 pour Rayonnement Messages \u2013 est un dispositif de pr\u00e9vention grand public lanc\u00e9 par le Groupement de Gendarmerie des Vosges, qui repose sur l&rsquo;utilisation de supports du quotidien comme vecteurs de ses messages.<\/span><\/span><\/strong><\/h2>\n<p><!--more--><\/p>\n<p><span style=\"font-family: Calibri, sans-serif;\"><span style=\"font-size: large;\">C&rsquo;est en partant du double constat que le d\u00e9partement compte 19% de s\u00e9niors et d&rsquo;une couverture num\u00e9rique in\u00e9galement r\u00e9partie, que les gendarmes vosgiens ont d\u00e9cid\u00e9 de repenser sa relation \u00e0 l&rsquo;usager. Le dispositif R-MESS vient donc compl\u00e9menter la pr\u00e9sence sur le terrain et sur les r\u00e9seaux sociaux du Groupement de Gendarmerie.<\/span><\/span><\/p>\n<p><span style=\"font-family: Calibri, sans-serif;\"><span style=\"font-size: large;\">Concr\u00e8tement, il s&rsquo;agit \u00e0 travers ce dispositif d&rsquo;apposer des conseils de pr\u00e9vention, assortis de contacts utiles, sur des fourreaux \u00e0 pain, des sachets de pharmacie ou encore des sets de table. Les th\u00e9matiques abord\u00e9es concernent notamment la lutte contre les violences intrafamiliales, la s\u00e9curit\u00e9 routi\u00e8re, le harc\u00e8lement ou les <\/span><\/span><span style=\"font-family: Calibri, sans-serif;\"><span style=\"font-size: large;\">adoptions&#8230;<\/span><\/span><\/p>\n<p><span style=\"font-family: Calibri, sans-serif;\"><span style=\"font-size: large;\"><em>\u00ab\u00a0En nous appuyant sur le r\u00e9seau des commerces de proximit\u00e9 et en utilisant des supports ordinaires, nous souhaitions rendre l\u2019information accessible \u00e0 chacun, nous inscrire dans une d\u00e9marche d\u2019am\u00e9lioration de la qualit\u00e9 de notre service public et ainsi contribuer \u00e0 l\u2019am\u00e9lioration de la politique publique de s\u00e9curit\u00e9\u00a0\u00bb<\/em> explique la Gendarmerie des Vosges, qui vient d&rsquo;annoncer sur <a href=\"https:\/\/www.facebook.com\/Gendarmerie-des-Vosges-735881653153369\/\" target=\"_blank\" rel=\"noopener\"><strong>sa page Facebook<\/strong><\/a> sa nomination aux Victoires des Acteurs Publics 2020 gr\u00e2ce au dispositif R-MESS.<\/span><\/span><\/p>\n<p><span style=\"font-family: Calibri, sans-serif;\"><span style=\"font-size: large;\">Les laur\u00e9ats de ces Victoires, d\u00e9cern\u00e9es aux meilleures initiatives en mati\u00e8re de modernisation de l&rsquo;action publique, seront d\u00e9voil\u00e9s lors d&rsquo;une c\u00e9r\u00e9monie \u00e0 la Pr\u00e9sidence de l&rsquo;Assembl\u00e9e Nationale le 5 f\u00e9vrier prochain. En attendant, il est possible de voter en ligne pour le Grand Prix des lecteurs \u2013 et \u00e9ventuellement pour la Gendarmerie des Vosges \u2013 <strong><a href=\"https:\/\/www.acteurspublics.fr\/evenement\/dans-les-vosges-la-prevention-au-plus-pres-des-citoyens?fbclid=IwAR1dVNH20sg3zTzcRgadet-0xflpZHnqcmZIksFTbdhZlTguUWDDCOCEMb8\" target=\"_blank\" rel=\"noopener\">en suivant ce lien.<\/a><\/strong><\/span><\/span><\/p>\n<p>J.J.<\/p>\n","protected":false},"excerpt":{"rendered":"<p>Le dispositif R-MESS \u2013 pour Rayonnement Messages \u2013 est un dispositif de pr\u00e9vention grand public lanc\u00e9 par le Groupement de [&hellip;]<\/p>\n","protected":false},"author":46,"featured_media":38382,"comment_status":"open","ping_status":"open","sticky":false,"template":"","format":"standard","meta":{"footnotes":""},"categories":[460,18],"tags":[1393,7556,7557,7558,7559,7560],"class_list":["post-38381","post","type-post","status-publish","format-standard","has-post-thumbnail","hentry","category-a-la-une","category-vosges","tag-gendarmerie-des-vosges","tag-grand-prix-des-lecteurs-des-victoires-des-acteurs-publics-2020","tag-presidence-de-lassemblee-nationale","tag-r-mess","tag-rayonnement-messages","tag-victoires-des-acteurs-publics-2020"],"acf":[],"yoast_head":"<!-- This site is optimized with the Yoast SEO plugin v22.5 - https:\/\/yoast.com\/wordpress\/plugins\/seo\/ -->\n<title>La Gendarmerie des Vosges nomm\u00e9e aux Victoires des Acteurs Publics 2020 - Saint Die Info<\/title>\n<meta name=\"robots\" content=\"index, follow, max-snippet:-1, max-image-preview:large, max-video-preview:-1\" \/>\n<link rel=\"canonical\" href=\"https:\/\/vosgesinfo.fr\/saintdieinfo\/2020\/01\/gendarmerie-vosges-nommee-aux-victoires-acteurs-publics-2020\/\" \/>\n<meta name=\"twitter:card\" content=\"summary_large_image\" \/>\n<meta name=\"twitter:title\" content=\"La Gendarmerie des Vosges nomm\u00e9e aux Victoires des Acteurs Publics 2020 - Saint Die Info\" \/>\n<meta name=\"twitter:description\" content=\"Le dispositif R-MESS \u2013 pour Rayonnement Messages \u2013 est un dispositif de pr\u00e9vention grand public lanc\u00e9 par le Groupement de [&hellip;]\" \/>\n<meta name=\"twitter:image\" content=\"https:\/\/vosgesinfo.fr\/app\/uploads\/sites\/4\/2024\/08\/202001gendarmerie-vosges-victoires-acteurs-publics-2020.jpg\" \/>\n<meta name=\"twitter:creator\" content=\"@VosgesInfo88\" \/>\n<meta name=\"twitter:site\" content=\"@VosgesInfo88\" \/>\n<meta name=\"twitter:label1\" content=\"\u00c9crit par\" \/>\n\t<meta name=\"twitter:data1\" content=\"J.J.\" \/>\n\t<meta name=\"twitter:label2\" content=\"Dur\u00e9e de lecture estim\u00e9e\" \/>\n\t<meta name=\"twitter:data2\" content=\"2 minutes\" \/>\n<script type=\"application\/ld+json\" class=\"yoast-schema-graph\">{\"@context\":\"https:\/\/schema.org\",\"@graph\":[{\"@type\":\"Article\",\"@id\":\"https:\/\/vosgesinfo.fr\/saintdieinfo\/2020\/01\/gendarmerie-vosges-nommee-aux-victoires-acteurs-publics-2020\/#article\",\"isPartOf\":{\"@id\":\"https:\/\/vosgesinfo.fr\/saintdieinfo\/2020\/01\/gendarmerie-vosges-nommee-aux-victoires-acteurs-publics-2020\/\"},\"author\":{\"name\":\"J.J.\",\"@id\":\"https:\/\/vosgesinfo.fr\/saintdieinfo\/#\/schema\/person\/fa73e9f726d67bb88f46d5b7943cb572\"},\"headline\":\"La Gendarmerie des Vosges nomm\u00e9e aux Victoires des Acteurs Publics 2020\",\"datePublished\":\"2020-01-07T10:00:52+00:00\",\"dateModified\":\"2020-01-07T10:00:52+00:00\",\"mainEntityOfPage\":{\"@id\":\"https:\/\/vosgesinfo.fr\/saintdieinfo\/2020\/01\/gendarmerie-vosges-nommee-aux-victoires-acteurs-publics-2020\/\"},\"wordCount\":327,\"commentCount\":0,\"publisher\":{\"@id\":\"https:\/\/vosgesinfo.fr\/saintdieinfo\/#organization\"},\"image\":{\"@id\":\"https:\/\/vosgesinfo.fr\/saintdieinfo\/2020\/01\/gendarmerie-vosges-nommee-aux-victoires-acteurs-publics-2020\/#primaryimage\"},\"thumbnailUrl\":\"https:\/\/vosgesinfo.fr\/app\/uploads\/sites\/4\/2024\/08\/202001gendarmerie-vosges-victoires-acteurs-publics-2020.jpg\",\"keywords\":[\"gendarmerie des Vosges\",\"Grand Prix des lecteurs des Victoires des Acteurs Publics 2020\",\"Pr\u00e9sidence de l'Assembl\u00e9e Nationale\",\"R-Mess\",\"Rayonnement Messages\",\"Victoires des Acteurs Publics 2020\"],\"articleSection\":[\"A la Une\",\"Vosges\"],\"inLanguage\":\"fr-FR\",\"potentialAction\":[{\"@type\":\"CommentAction\",\"name\":\"Comment\",\"target\":[\"https:\/\/vosgesinfo.fr\/saintdieinfo\/2020\/01\/gendarmerie-vosges-nommee-aux-victoires-acteurs-publics-2020\/#respond\"]}]},{\"@type\":\"WebPage\",\"@id\":\"https:\/\/vosgesinfo.fr\/saintdieinfo\/2020\/01\/gendarmerie-vosges-nommee-aux-victoires-acteurs-publics-2020\/\",\"url\":\"https:\/\/vosgesinfo.fr\/saintdieinfo\/2020\/01\/gendarmerie-vosges-nommee-aux-victoires-acteurs-publics-2020\/\",\"name\":\"La Gendarmerie des Vosges nomm\u00e9e aux Victoires des Acteurs Publics 2020 - Saint Die Info\",\"isPartOf\":{\"@id\":\"https:\/\/vosgesinfo.fr\/saintdieinfo\/#website\"},\"primaryImageOfPage\":{\"@id\":\"https:\/\/vosgesinfo.fr\/saintdieinfo\/2020\/01\/gendarmerie-vosges-nommee-aux-victoires-acteurs-publics-2020\/#primaryimage\"},\"image\":{\"@id\":\"https:\/\/vosgesinfo.fr\/saintdieinfo\/2020\/01\/gendarmerie-vosges-nommee-aux-victoires-acteurs-publics-2020\/#primaryimage\"},\"thumbnailUrl\":\"https:\/\/vosgesinfo.fr\/app\/uploads\/sites\/4\/2024\/08\/202001gendarmerie-vosges-victoires-acteurs-publics-2020.jpg\",\"datePublished\":\"2020-01-07T10:00:52+00:00\",\"dateModified\":\"2020-01-07T10:00:52+00:00\",\"breadcrumb\":{\"@id\":\"https:\/\/vosgesinfo.fr\/saintdieinfo\/2020\/01\/gendarmerie-vosges-nommee-aux-victoires-acteurs-publics-2020\/#breadcrumb\"},\"inLanguage\":\"fr-FR\",\"potentialAction\":[{\"@type\":\"ReadAction\",\"target\":[\"https:\/\/vosgesinfo.fr\/saintdieinfo\/2020\/01\/gendarmerie-vosges-nommee-aux-victoires-acteurs-publics-2020\/\"]}]},{\"@type\":\"ImageObject\",\"inLanguage\":\"fr-FR\",\"@id\":\"https:\/\/vosgesinfo.fr\/saintdieinfo\/2020\/01\/gendarmerie-vosges-nommee-aux-victoires-acteurs-publics-2020\/#primaryimage\",\"url\":\"https:\/\/vosgesinfo.fr\/app\/uploads\/sites\/4\/2024\/08\/202001gendarmerie-vosges-victoires-acteurs-publics-2020.jpg\",\"contentUrl\":\"https:\/\/vosgesinfo.fr\/app\/uploads\/sites\/4\/2024\/08\/202001gendarmerie-vosges-victoires-acteurs-publics-2020.jpg\",\"width\":960,\"height\":714},{\"@type\":\"BreadcrumbList\",\"@id\":\"https:\/\/vosgesinfo.fr\/saintdieinfo\/2020\/01\/gendarmerie-vosges-nommee-aux-victoires-acteurs-publics-2020\/#breadcrumb\",\"itemListElement\":[{\"@type\":\"ListItem\",\"position\":1,\"name\":\"Home\",\"item\":\"https:\/\/vosgesinfo.fr\/saintdieinfo\/\"},{\"@type\":\"ListItem\",\"position\":2,\"name\":\"La Gendarmerie des Vosges nomm\u00e9e aux Victoires des Acteurs Publics 2020\"}]},{\"@type\":\"WebSite\",\"@id\":\"https:\/\/vosgesinfo.fr\/saintdieinfo\/#website\",\"url\":\"https:\/\/vosgesinfo.fr\/saintdieinfo\/\",\"name\":\"Saint Die Info\",\"description\":\"Toute l&#039;actualit\u00e9 de Saint-Di\u00e9-Des-Vosges\",\"publisher\":{\"@id\":\"https:\/\/vosgesinfo.fr\/saintdieinfo\/#organization\"},\"alternateName\":\"Toute l'actualit\u00e9 de Saint-Di\u00e9-Des-Vosges\",\"potentialAction\":[{\"@type\":\"SearchAction\",\"target\":{\"@type\":\"EntryPoint\",\"urlTemplate\":\"https:\/\/vosgesinfo.fr\/saintdieinfo\/?s={search_term_string}\"},\"query-input\":\"required name=search_term_string\"}],\"inLanguage\":\"fr-FR\"},{\"@type\":\"Organization\",\"@id\":\"https:\/\/vosgesinfo.fr\/saintdieinfo\/#organization\",\"name\":\"Saint Die Info\",\"url\":\"https:\/\/vosgesinfo.fr\/saintdieinfo\/\",\"logo\":{\"@type\":\"ImageObject\",\"inLanguage\":\"fr-FR\",\"@id\":\"https:\/\/vosgesinfo.fr\/saintdieinfo\/#\/schema\/logo\/image\/\",\"url\":\"https:\/\/vosgesinfo.fr\/app\/uploads\/sites\/4\/2024\/02\/logo-sdi.jpg\",\"contentUrl\":\"https:\/\/vosgesinfo.fr\/app\/uploads\/sites\/4\/2024\/02\/logo-sdi.jpg\",\"width\":600,\"height\":600,\"caption\":\"Saint Die Info\"},\"image\":{\"@id\":\"https:\/\/vosgesinfo.fr\/saintdieinfo\/#\/schema\/logo\/image\/\"},\"sameAs\":[\"https:\/\/www.facebook.com\/Saintdieinfofr\",\"https:\/\/x.com\/VosgesInfo88\",\"https:\/\/www.youtube.com\/@vosgesinfo\"]},{\"@type\":\"Person\",\"@id\":\"https:\/\/vosgesinfo.fr\/saintdieinfo\/#\/schema\/person\/fa73e9f726d67bb88f46d5b7943cb572\",\"name\":\"J.J.\",\"image\":{\"@type\":\"ImageObject\",\"inLanguage\":\"fr-FR\",\"@id\":\"https:\/\/vosgesinfo.fr\/saintdieinfo\/#\/schema\/person\/image\/\",\"url\":\"https:\/\/secure.gravatar.com\/avatar\/219e749e47ffbcca018a360ae4add7d4cdf1cdaaf8bc7676b27efade3fe65615?s=96&d=mm&r=g\",\"contentUrl\":\"https:\/\/secure.gravatar.com\/avatar\/219e749e47ffbcca018a360ae4add7d4cdf1cdaaf8bc7676b27efade3fe65615?s=96&d=mm&r=g\",\"caption\":\"J.J.\"},\"url\":\"https:\/\/vosgesinfo.fr\/saintdieinfo\/author\/j-j\/\"}]}<\/script>\n<!-- \/ Yoast SEO plugin. -->","yoast_head_json":{"title":"La Gendarmerie des Vosges nomm\u00e9e aux Victoires des Acteurs Publics 2020 - Saint Die Info","robots":{"index":"index","follow":"follow","max-snippet":"max-snippet:-1","max-image-preview":"max-image-preview:large","max-video-preview":"max-video-preview:-1"},"canonical":"https:\/\/vosgesinfo.fr\/saintdieinfo\/2020\/01\/gendarmerie-vosges-nommee-aux-victoires-acteurs-publics-2020\/","twitter_card":"summary_large_image","twitter_title":"La Gendarmerie des Vosges nomm\u00e9e aux Victoires des Acteurs Publics 2020 - Saint Die Info","twitter_description":"Le dispositif R-MESS \u2013 pour Rayonnement Messages \u2013 est un dispositif de pr\u00e9vention grand public lanc\u00e9 par le Groupement de [&hellip;]","twitter_image":"https:\/\/vosgesinfo.fr\/app\/uploads\/sites\/4\/2024\/08\/202001gendarmerie-vosges-victoires-acteurs-publics-2020.jpg","twitter_creator":"@VosgesInfo88","twitter_site":"@VosgesInfo88","twitter_misc":{"\u00c9crit par":"J.J.","Dur\u00e9e de lecture estim\u00e9e":"2 minutes"},"schema":{"@context":"https:\/\/schema.org","@graph":[{"@type":"Article","@id":"https:\/\/vosgesinfo.fr\/saintdieinfo\/2020\/01\/gendarmerie-vosges-nommee-aux-victoires-acteurs-publics-2020\/#article","isPartOf":{"@id":"https:\/\/vosgesinfo.fr\/saintdieinfo\/2020\/01\/gendarmerie-vosges-nommee-aux-victoires-acteurs-publics-2020\/"},"author":{"name":"J.J.","@id":"https:\/\/vosgesinfo.fr\/saintdieinfo\/#\/schema\/person\/fa73e9f726d67bb88f46d5b7943cb572"},"headline":"La Gendarmerie des Vosges nomm\u00e9e aux Victoires des Acteurs Publics 2020","datePublished":"2020-01-07T10:00:52+00:00","dateModified":"2020-01-07T10:00:52+00:00","mainEntityOfPage":{"@id":"https:\/\/vosgesinfo.fr\/saintdieinfo\/2020\/01\/gendarmerie-vosges-nommee-aux-victoires-acteurs-publics-2020\/"},"wordCount":327,"commentCount":0,"publisher":{"@id":"https:\/\/vosgesinfo.fr\/saintdieinfo\/#organization"},"image":{"@id":"https:\/\/vosgesinfo.fr\/saintdieinfo\/2020\/01\/gendarmerie-vosges-nommee-aux-victoires-acteurs-publics-2020\/#primaryimage"},"thumbnailUrl":"https:\/\/vosgesinfo.fr\/app\/uploads\/sites\/4\/2024\/08\/202001gendarmerie-vosges-victoires-acteurs-publics-2020.jpg","keywords":["gendarmerie des Vosges","Grand Prix des lecteurs des Victoires des Acteurs Publics 2020","Pr\u00e9sidence de l'Assembl\u00e9e Nationale","R-Mess","Rayonnement Messages","Victoires des Acteurs Publics 2020"],"articleSection":["A la Une","Vosges"],"inLanguage":"fr-FR","potentialAction":[{"@type":"CommentAction","name":"Comment","target":["https:\/\/vosgesinfo.fr\/saintdieinfo\/2020\/01\/gendarmerie-vosges-nommee-aux-victoires-acteurs-publics-2020\/#respond"]}]},{"@type":"WebPage","@id":"https:\/\/vosgesinfo.fr\/saintdieinfo\/2020\/01\/gendarmerie-vosges-nommee-aux-victoires-acteurs-publics-2020\/","url":"https:\/\/vosgesinfo.fr\/saintdieinfo\/2020\/01\/gendarmerie-vosges-nommee-aux-victoires-acteurs-publics-2020\/","name":"La Gendarmerie des Vosges nomm\u00e9e aux Victoires des Acteurs Publics 2020 - Saint Die Info","isPartOf":{"@id":"https:\/\/vosgesinfo.fr\/saintdieinfo\/#website"},"primaryImageOfPage":{"@id":"https:\/\/vosgesinfo.fr\/saintdieinfo\/2020\/01\/gendarmerie-vosges-nommee-aux-victoires-acteurs-publics-2020\/#primaryimage"},"image":{"@id":"https:\/\/vosgesinfo.fr\/saintdieinfo\/2020\/01\/gendarmerie-vosges-nommee-aux-victoires-acteurs-publics-2020\/#primaryimage"},"thumbnailUrl":"https:\/\/vosgesinfo.fr\/app\/uploads\/sites\/4\/2024\/08\/202001gendarmerie-vosges-victoires-acteurs-publics-2020.jpg","datePublished":"2020-01-07T10:00:52+00:00","dateModified":"2020-01-07T10:00:52+00:00","breadcrumb":{"@id":"https:\/\/vosgesinfo.fr\/saintdieinfo\/2020\/01\/gendarmerie-vosges-nommee-aux-victoires-acteurs-publics-2020\/#breadcrumb"},"inLanguage":"fr-FR","potentialAction":[{"@type":"ReadAction","target":["https:\/\/vosgesinfo.fr\/saintdieinfo\/2020\/01\/gendarmerie-vosges-nommee-aux-victoires-acteurs-publics-2020\/"]}]},{"@type":"ImageObject","inLanguage":"fr-FR","@id":"https:\/\/vosgesinfo.fr\/saintdieinfo\/2020\/01\/gendarmerie-vosges-nommee-aux-victoires-acteurs-publics-2020\/#primaryimage","url":"https:\/\/vosgesinfo.fr\/app\/uploads\/sites\/4\/2024\/08\/202001gendarmerie-vosges-victoires-acteurs-publics-2020.jpg","contentUrl":"https:\/\/vosgesinfo.fr\/app\/uploads\/sites\/4\/2024\/08\/202001gendarmerie-vosges-victoires-acteurs-publics-2020.jpg","width":960,"height":714},{"@type":"BreadcrumbList","@id":"https:\/\/vosgesinfo.fr\/saintdieinfo\/2020\/01\/gendarmerie-vosges-nommee-aux-victoires-acteurs-publics-2020\/#breadcrumb","itemListElement":[{"@type":"ListItem","position":1,"name":"Home","item":"https:\/\/vosgesinfo.fr\/saintdieinfo\/"},{"@type":"ListItem","position":2,"name":"La Gendarmerie des Vosges nomm\u00e9e aux Victoires des Acteurs Publics 2020"}]},{"@type":"WebSite","@id":"https:\/\/vosgesinfo.fr\/saintdieinfo\/#website","url":"https:\/\/vosgesinfo.fr\/saintdieinfo\/","name":"Saint Die Info","description":"Toute l&#039;actualit\u00e9 de Saint-Di\u00e9-Des-Vosges","publisher":{"@id":"https:\/\/vosgesinfo.fr\/saintdieinfo\/#organization"},"alternateName":"Toute l'actualit\u00e9 de Saint-Di\u00e9-Des-Vosges","potentialAction":[{"@type":"SearchAction","target":{"@type":"EntryPoint","urlTemplate":"https:\/\/vosgesinfo.fr\/saintdieinfo\/?s={search_term_string}"},"query-input":"required name=search_term_string"}],"inLanguage":"fr-FR"},{"@type":"Organization","@id":"https:\/\/vosgesinfo.fr\/saintdieinfo\/#organization","name":"Saint Die Info","url":"https:\/\/vosgesinfo.fr\/saintdieinfo\/","logo":{"@type":"ImageObject","inLanguage":"fr-FR","@id":"https:\/\/vosgesinfo.fr\/saintdieinfo\/#\/schema\/logo\/image\/","url":"https:\/\/vosgesinfo.fr\/app\/uploads\/sites\/4\/2024\/02\/logo-sdi.jpg","contentUrl":"https:\/\/vosgesinfo.fr\/app\/uploads\/sites\/4\/2024\/02\/logo-sdi.jpg","width":600,"height":600,"caption":"Saint Die Info"},"image":{"@id":"https:\/\/vosgesinfo.fr\/saintdieinfo\/#\/schema\/logo\/image\/"},"sameAs":["https:\/\/www.facebook.com\/Saintdieinfofr","https:\/\/x.com\/VosgesInfo88","https:\/\/www.youtube.com\/@vosgesinfo"]},{"@type":"Person","@id":"https:\/\/vosgesinfo.fr\/saintdieinfo\/#\/schema\/person\/fa73e9f726d67bb88f46d5b7943cb572","name":"J.J.","image":{"@type":"ImageObject","inLanguage":"fr-FR","@id":"https:\/\/vosgesinfo.fr\/saintdieinfo\/#\/schema\/person\/image\/","url":"https:\/\/secure.gravatar.com\/avatar\/219e749e47ffbcca018a360ae4add7d4cdf1cdaaf8bc7676b27efade3fe65615?s=96&d=mm&r=g","contentUrl":"https:\/\/secure.gravatar.com\/avatar\/219e749e47ffbcca018a360ae4add7d4cdf1cdaaf8bc7676b27efade3fe65615?s=96&d=mm&r=g","caption":"J.J."},"url":"https:\/\/vosgesinfo.fr\/saintdieinfo\/author\/j-j\/"}]}},"_links":{"self":[{"href":"https:\/\/vosgesinfo.fr\/saintdieinfo\/wp-json\/wp\/v2\/posts\/38381","targetHints":{"allow":["GET"]}}],"collection":[{"href":"https:\/\/vosgesinfo.fr\/saintdieinfo\/wp-json\/wp\/v2\/posts"}],"about":[{"href":"https:\/\/vosgesinfo.fr\/saintdieinfo\/wp-json\/wp\/v2\/types\/post"}],"author":[{"embeddable":true,"href":"https:\/\/vosgesinfo.fr\/saintdieinfo\/wp-json\/wp\/v2\/users\/46"}],"replies":[{"embeddable":true,"href":"https:\/\/vosgesinfo.fr\/saintdieinfo\/wp-json\/wp\/v2\/comments?post=38381"}],"version-history":[{"count":0,"href":"https:\/\/vosgesinfo.fr\/saintdieinfo\/wp-json\/wp\/v2\/posts\/38381\/revisions"}],"wp:featuredmedia":[{"embeddable":true,"href":"https:\/\/vosgesinfo.fr\/saintdieinfo\/wp-json\/wp\/v2\/media\/38382"}],"wp:attachment":[{"href":"https:\/\/vosgesinfo.fr\/saintdieinfo\/wp-json\/wp\/v2\/media?parent=38381"}],"wp:term":[{"taxonomy":"category","embeddable":true,"href":"https:\/\/vosgesinfo.fr\/saintdieinfo\/wp-json\/wp\/v2\/categories?post=38381"},{"taxonomy":"post_tag","embeddable":true,"href":"https:\/\/vosgesinfo.fr\/saintdieinfo\/wp-json\/wp\/v2\/tags?post=38381"}],"curies":[{"name":"wp","href":"https:\/\/api.w.org\/{rel}","templated":true}]}}