{"id":38391,"date":"2020-01-07T10:00:46","date_gmt":"2020-01-07T09:00:46","guid":{"rendered":"https:\/\/vosgesinfo.fr\/saintdieinfo\/2020\/01\/inauguration-rue-thiers-de-maison-projet-action-coeur-de-ville\/"},"modified":"2020-01-07T10:00:46","modified_gmt":"2020-01-07T09:00:46","slug":"inauguration-rue-thiers-de-maison-projet-action-coeur-de-ville","status":"publish","type":"post","link":"https:\/\/vosgesinfo.fr\/saintdieinfo\/2020\/01\/inauguration-rue-thiers-de-maison-projet-action-coeur-de-ville\/","title":{"rendered":"Inauguration rue Thiers de la maison du projet Action Coeur de Ville"},"content":{"rendered":"<p><a href=\"\/2020\/01\/Inauguration_Maison_du_Projet_Action_Coeur_de_Ville-1.jpg\" target=\"_blank\" rel=\"noopener\"><img decoding=\"async\" class=\"aligncenter wp-image-148929 size-full\" src=\"\/2020\/01\/Inauguration_Maison_du_Projet_Action_Coeur_de_Ville-1.jpg\" alt=\"Inauguration_Maison_du_Projet_Action_Coeur_de_Ville (1)\" width=\"1000\" height=\"750\" \/><\/a><\/p>\n<h2><strong><span style=\"font-family: Calibri, sans-serif;\"><span style=\"font-size: large;\">A peine quelques minutes apr\u00e8s la signature de la convention de l&rsquo;Op\u00e9ration Programm\u00e9e d&rsquo;Am\u00e9lioration de l&rsquo;Habitat et de Renouvellement Urbain \u2013 OPAH-RU \u2013 <\/span><\/span><span style=\"font-family: Calibri, sans-serif;\"><span style=\"font-size: large;\">au Grand Salon de l&rsquo;H\u00f4tel de Ville (<a href=\"https:\/\/saintdieinfo.fr\/2020\/01\/signature-de-convention-de-loperation-programmee-damelioration-de-lhabitat-de-renouvellement-urbain\/\" target=\"_blank\" rel=\"noopener\">lire notre pr\u00e9c\u00e9dent article<\/a>), une maison d\u00e9di\u00e9e au projet Action Coeur de Ville a \u00e9t\u00e9 inaugur\u00e9e par le maire David Valence, l&rsquo;adjointe au Coeur de Ville Dominique Chobaut, Bernard Maetz, vice-pr\u00e9sident de la Communaut\u00e9 d&rsquo;Agglom\u00e9ration d\u00e9l\u00e9gu\u00e9 \u00e0 l&rsquo;Habitat et au Logement, le pr\u00e9fet des Vosges Pierre Ory et Philippe Rhim d&rsquo;Action Logement.<\/span><\/span><\/strong><\/h2>\n<p><!--more--><\/p>\n<p><span style=\"font-family: Calibri, sans-serif;\"><span style=\"font-size: large;\">Cette \u00ab\u00a0maison\u00a0\u00bb est situ\u00e9e au 31 rue Thiers, \u00e0 l&rsquo;angle de la rue Stanislas, et a pour vocation de renseigner, guider et accompagner les propri\u00e9taires de logements situ\u00e9s dans le p\u00e9rim\u00e8tre de l&rsquo;OPAH-RU dans leurs projets de r\u00e9novation(s).<\/span><\/span><\/p>\n<p><span style=\"font-family: Calibri, sans-serif;\"><span style=\"font-size: large;\"><em>\u00ab\u00a0Outre informer, nous assurons le suivi administratif et financier des projets\u00a0\u00bb<\/em> pr\u00e9cise Emilie Jessel, employ\u00e9e de la Communaut\u00e9 d&rsquo;Agglom\u00e9ration et l&rsquo;une des membres de l&rsquo;\u00e9quipe technique. Car c&rsquo;est l&rsquo;intercommunalit\u00e9 d\u00e9odatienne, et non la Ville, qui a en charge le volet ing\u00e9nierie de cette d\u00e9marche de redynamisation du centre-ville. Et au-dessus de l&rsquo;espace d&rsquo;accueil situ\u00e9 au rez-de-chauss\u00e9e, un appartement t\u00e9moin sera prochainement am\u00e9nag\u00e9 afin de montrer aux propri\u00e9taires les possibilit\u00e9s de r\u00e9novation(s) pour leur(s) logement(s). <\/span><\/span><\/p>\n<p><span style=\"font-family: Calibri, sans-serif;\"><span style=\"font-size: large;\">La maison du projet Action Coeur de Ville accueille le public chaque lundi et jeudi de 13h30 \u00e0 16h30, de m\u00eame que chaque mardi et vendredi de 8h30 \u00e0 12h30. Il est \u00e9galement possible de prendre rendez-vous, en envoyant un courriel \u00e0 l&rsquo;adresse <strong><a href=\"mailto:coeurdeville@ville-saintdie.fr\" target=\"_blank\" rel=\"noopener\">coeurdeville@ville-saintdie.fr<\/a><\/strong><\/span><\/span><\/p>\n<p>J.J.<\/p>\n\n","protected":false},"excerpt":{"rendered":"<p>A peine quelques minutes apr\u00e8s la signature de la convention de l&rsquo;Op\u00e9ration Programm\u00e9e d&rsquo;Am\u00e9lioration de l&rsquo;Habitat et de Renouvellement Urbain [&hellip;]<\/p>\n","protected":false},"author":46,"featured_media":38392,"comment_status":"open","ping_status":"open","sticky":false,"template":"","format":"standard","meta":{"footnotes":""},"categories":[460,2915],"tags":[2725,7568,5594],"class_list":["post-38391","post","type-post","status-publish","format-standard","has-post-thumbnail","hentry","category-a-la-une","category-saint-die-son-canton","tag-action-coeur-de-ville","tag-maison-du-projet-action-coeur-de-ville","tag-rue-thiers"],"acf":[],"yoast_head":"<!-- This site is optimized with the Yoast SEO plugin v22.5 - https:\/\/yoast.com\/wordpress\/plugins\/seo\/ -->\n<title>Inauguration rue Thiers de la maison du projet Action Coeur de Ville - Saint Die Info<\/title>\n<meta name=\"robots\" content=\"index, follow, max-snippet:-1, max-image-preview:large, max-video-preview:-1\" \/>\n<link rel=\"canonical\" href=\"https:\/\/vosgesinfo.fr\/saintdieinfo\/2020\/01\/inauguration-rue-thiers-de-maison-projet-action-coeur-de-ville\/\" \/>\n<meta name=\"twitter:card\" content=\"summary_large_image\" \/>\n<meta name=\"twitter:title\" content=\"Inauguration rue Thiers de la maison du projet Action Coeur de Ville - Saint Die Info\" \/>\n<meta name=\"twitter:description\" content=\"A peine quelques minutes apr\u00e8s la signature de la convention de l&rsquo;Op\u00e9ration Programm\u00e9e d&rsquo;Am\u00e9lioration de l&rsquo;Habitat et de Renouvellement Urbain [&hellip;]\" \/>\n<meta name=\"twitter:image\" content=\"https:\/\/vosgesinfo.fr\/app\/uploads\/sites\/4\/2024\/08\/202001inauguration-maison-du-projet-action-coeur-de-ville-1.jpg\" \/>\n<meta name=\"twitter:creator\" content=\"@VosgesInfo88\" \/>\n<meta name=\"twitter:site\" content=\"@VosgesInfo88\" \/>\n<meta name=\"twitter:label1\" content=\"\u00c9crit par\" \/>\n\t<meta name=\"twitter:data1\" content=\"J.J.\" \/>\n\t<meta name=\"twitter:label2\" content=\"Dur\u00e9e de lecture estim\u00e9e\" \/>\n\t<meta name=\"twitter:data2\" content=\"1 minute\" \/>\n<script type=\"application\/ld+json\" class=\"yoast-schema-graph\">{\"@context\":\"https:\/\/schema.org\",\"@graph\":[{\"@type\":\"Article\",\"@id\":\"https:\/\/vosgesinfo.fr\/saintdieinfo\/2020\/01\/inauguration-rue-thiers-de-maison-projet-action-coeur-de-ville\/#article\",\"isPartOf\":{\"@id\":\"https:\/\/vosgesinfo.fr\/saintdieinfo\/2020\/01\/inauguration-rue-thiers-de-maison-projet-action-coeur-de-ville\/\"},\"author\":{\"name\":\"J.J.\",\"@id\":\"https:\/\/vosgesinfo.fr\/saintdieinfo\/#\/schema\/person\/fa73e9f726d67bb88f46d5b7943cb572\"},\"headline\":\"Inauguration rue Thiers de la maison du projet Action Coeur de Ville\",\"datePublished\":\"2020-01-07T09:00:46+00:00\",\"dateModified\":\"2020-01-07T09:00:46+00:00\",\"mainEntityOfPage\":{\"@id\":\"https:\/\/vosgesinfo.fr\/saintdieinfo\/2020\/01\/inauguration-rue-thiers-de-maison-projet-action-coeur-de-ville\/\"},\"wordCount\":308,\"commentCount\":0,\"publisher\":{\"@id\":\"https:\/\/vosgesinfo.fr\/saintdieinfo\/#organization\"},\"image\":{\"@id\":\"https:\/\/vosgesinfo.fr\/saintdieinfo\/2020\/01\/inauguration-rue-thiers-de-maison-projet-action-coeur-de-ville\/#primaryimage\"},\"thumbnailUrl\":\"https:\/\/vosgesinfo.fr\/app\/uploads\/sites\/4\/2024\/08\/202001inauguration-maison-du-projet-action-coeur-de-ville-1.jpg\",\"keywords\":[\"Action c\u0153ur de ville\",\"Maison du projet Action Coeur de Ville\",\"Rue Thiers\"],\"articleSection\":[\"A la Une\",\"Saint-Di\u00e9-des-Vosges et son Agglom\u00e9ration\"],\"inLanguage\":\"fr-FR\",\"potentialAction\":[{\"@type\":\"CommentAction\",\"name\":\"Comment\",\"target\":[\"https:\/\/vosgesinfo.fr\/saintdieinfo\/2020\/01\/inauguration-rue-thiers-de-maison-projet-action-coeur-de-ville\/#respond\"]}]},{\"@type\":\"WebPage\",\"@id\":\"https:\/\/vosgesinfo.fr\/saintdieinfo\/2020\/01\/inauguration-rue-thiers-de-maison-projet-action-coeur-de-ville\/\",\"url\":\"https:\/\/vosgesinfo.fr\/saintdieinfo\/2020\/01\/inauguration-rue-thiers-de-maison-projet-action-coeur-de-ville\/\",\"name\":\"Inauguration rue Thiers de la maison du projet Action Coeur de Ville - Saint Die Info\",\"isPartOf\":{\"@id\":\"https:\/\/vosgesinfo.fr\/saintdieinfo\/#website\"},\"primaryImageOfPage\":{\"@id\":\"https:\/\/vosgesinfo.fr\/saintdieinfo\/2020\/01\/inauguration-rue-thiers-de-maison-projet-action-coeur-de-ville\/#primaryimage\"},\"image\":{\"@id\":\"https:\/\/vosgesinfo.fr\/saintdieinfo\/2020\/01\/inauguration-rue-thiers-de-maison-projet-action-coeur-de-ville\/#primaryimage\"},\"thumbnailUrl\":\"https:\/\/vosgesinfo.fr\/app\/uploads\/sites\/4\/2024\/08\/202001inauguration-maison-du-projet-action-coeur-de-ville-1.jpg\",\"datePublished\":\"2020-01-07T09:00:46+00:00\",\"dateModified\":\"2020-01-07T09:00:46+00:00\",\"breadcrumb\":{\"@id\":\"https:\/\/vosgesinfo.fr\/saintdieinfo\/2020\/01\/inauguration-rue-thiers-de-maison-projet-action-coeur-de-ville\/#breadcrumb\"},\"inLanguage\":\"fr-FR\",\"potentialAction\":[{\"@type\":\"ReadAction\",\"target\":[\"https:\/\/vosgesinfo.fr\/saintdieinfo\/2020\/01\/inauguration-rue-thiers-de-maison-projet-action-coeur-de-ville\/\"]}]},{\"@type\":\"ImageObject\",\"inLanguage\":\"fr-FR\",\"@id\":\"https:\/\/vosgesinfo.fr\/saintdieinfo\/2020\/01\/inauguration-rue-thiers-de-maison-projet-action-coeur-de-ville\/#primaryimage\",\"url\":\"https:\/\/vosgesinfo.fr\/app\/uploads\/sites\/4\/2024\/08\/202001inauguration-maison-du-projet-action-coeur-de-ville-1.jpg\",\"contentUrl\":\"https:\/\/vosgesinfo.fr\/app\/uploads\/sites\/4\/2024\/08\/202001inauguration-maison-du-projet-action-coeur-de-ville-1.jpg\",\"width\":1000,\"height\":750},{\"@type\":\"BreadcrumbList\",\"@id\":\"https:\/\/vosgesinfo.fr\/saintdieinfo\/2020\/01\/inauguration-rue-thiers-de-maison-projet-action-coeur-de-ville\/#breadcrumb\",\"itemListElement\":[{\"@type\":\"ListItem\",\"position\":1,\"name\":\"Home\",\"item\":\"https:\/\/vosgesinfo.fr\/saintdieinfo\/\"},{\"@type\":\"ListItem\",\"position\":2,\"name\":\"Inauguration rue Thiers de la maison du projet Action Coeur de Ville\"}]},{\"@type\":\"WebSite\",\"@id\":\"https:\/\/vosgesinfo.fr\/saintdieinfo\/#website\",\"url\":\"https:\/\/vosgesinfo.fr\/saintdieinfo\/\",\"name\":\"Saint Die Info\",\"description\":\"Toute l&#039;actualit\u00e9 de Saint-Di\u00e9-Des-Vosges\",\"publisher\":{\"@id\":\"https:\/\/vosgesinfo.fr\/saintdieinfo\/#organization\"},\"alternateName\":\"Toute l'actualit\u00e9 de Saint-Di\u00e9-Des-Vosges\",\"potentialAction\":[{\"@type\":\"SearchAction\",\"target\":{\"@type\":\"EntryPoint\",\"urlTemplate\":\"https:\/\/vosgesinfo.fr\/saintdieinfo\/?s={search_term_string}\"},\"query-input\":\"required name=search_term_string\"}],\"inLanguage\":\"fr-FR\"},{\"@type\":\"Organization\",\"@id\":\"https:\/\/vosgesinfo.fr\/saintdieinfo\/#organization\",\"name\":\"Saint Die Info\",\"url\":\"https:\/\/vosgesinfo.fr\/saintdieinfo\/\",\"logo\":{\"@type\":\"ImageObject\",\"inLanguage\":\"fr-FR\",\"@id\":\"https:\/\/vosgesinfo.fr\/saintdieinfo\/#\/schema\/logo\/image\/\",\"url\":\"https:\/\/vosgesinfo.fr\/app\/uploads\/sites\/4\/2024\/02\/logo-sdi.jpg\",\"contentUrl\":\"https:\/\/vosgesinfo.fr\/app\/uploads\/sites\/4\/2024\/02\/logo-sdi.jpg\",\"width\":600,\"height\":600,\"caption\":\"Saint Die Info\"},\"image\":{\"@id\":\"https:\/\/vosgesinfo.fr\/saintdieinfo\/#\/schema\/logo\/image\/\"},\"sameAs\":[\"https:\/\/www.facebook.com\/Saintdieinfofr\",\"https:\/\/x.com\/VosgesInfo88\",\"https:\/\/www.youtube.com\/@vosgesinfo\"]},{\"@type\":\"Person\",\"@id\":\"https:\/\/vosgesinfo.fr\/saintdieinfo\/#\/schema\/person\/fa73e9f726d67bb88f46d5b7943cb572\",\"name\":\"J.J.\",\"image\":{\"@type\":\"ImageObject\",\"inLanguage\":\"fr-FR\",\"@id\":\"https:\/\/vosgesinfo.fr\/saintdieinfo\/#\/schema\/person\/image\/\",\"url\":\"https:\/\/secure.gravatar.com\/avatar\/219e749e47ffbcca018a360ae4add7d4cdf1cdaaf8bc7676b27efade3fe65615?s=96&d=mm&r=g\",\"contentUrl\":\"https:\/\/secure.gravatar.com\/avatar\/219e749e47ffbcca018a360ae4add7d4cdf1cdaaf8bc7676b27efade3fe65615?s=96&d=mm&r=g\",\"caption\":\"J.J.\"},\"url\":\"https:\/\/vosgesinfo.fr\/saintdieinfo\/author\/j-j\/\"}]}<\/script>\n<!-- \/ Yoast SEO plugin. -->","yoast_head_json":{"title":"Inauguration rue Thiers de la maison du projet Action Coeur de Ville - Saint Die Info","robots":{"index":"index","follow":"follow","max-snippet":"max-snippet:-1","max-image-preview":"max-image-preview:large","max-video-preview":"max-video-preview:-1"},"canonical":"https:\/\/vosgesinfo.fr\/saintdieinfo\/2020\/01\/inauguration-rue-thiers-de-maison-projet-action-coeur-de-ville\/","twitter_card":"summary_large_image","twitter_title":"Inauguration rue Thiers de la maison du projet Action Coeur de Ville - Saint Die Info","twitter_description":"A peine quelques minutes apr\u00e8s la signature de la convention de l&rsquo;Op\u00e9ration Programm\u00e9e d&rsquo;Am\u00e9lioration de l&rsquo;Habitat et de Renouvellement Urbain [&hellip;]","twitter_image":"https:\/\/vosgesinfo.fr\/app\/uploads\/sites\/4\/2024\/08\/202001inauguration-maison-du-projet-action-coeur-de-ville-1.jpg","twitter_creator":"@VosgesInfo88","twitter_site":"@VosgesInfo88","twitter_misc":{"\u00c9crit par":"J.J.","Dur\u00e9e de lecture estim\u00e9e":"1 minute"},"schema":{"@context":"https:\/\/schema.org","@graph":[{"@type":"Article","@id":"https:\/\/vosgesinfo.fr\/saintdieinfo\/2020\/01\/inauguration-rue-thiers-de-maison-projet-action-coeur-de-ville\/#article","isPartOf":{"@id":"https:\/\/vosgesinfo.fr\/saintdieinfo\/2020\/01\/inauguration-rue-thiers-de-maison-projet-action-coeur-de-ville\/"},"author":{"name":"J.J.","@id":"https:\/\/vosgesinfo.fr\/saintdieinfo\/#\/schema\/person\/fa73e9f726d67bb88f46d5b7943cb572"},"headline":"Inauguration rue Thiers de la maison du projet Action Coeur de Ville","datePublished":"2020-01-07T09:00:46+00:00","dateModified":"2020-01-07T09:00:46+00:00","mainEntityOfPage":{"@id":"https:\/\/vosgesinfo.fr\/saintdieinfo\/2020\/01\/inauguration-rue-thiers-de-maison-projet-action-coeur-de-ville\/"},"wordCount":308,"commentCount":0,"publisher":{"@id":"https:\/\/vosgesinfo.fr\/saintdieinfo\/#organization"},"image":{"@id":"https:\/\/vosgesinfo.fr\/saintdieinfo\/2020\/01\/inauguration-rue-thiers-de-maison-projet-action-coeur-de-ville\/#primaryimage"},"thumbnailUrl":"https:\/\/vosgesinfo.fr\/app\/uploads\/sites\/4\/2024\/08\/202001inauguration-maison-du-projet-action-coeur-de-ville-1.jpg","keywords":["Action c\u0153ur de ville","Maison du projet Action Coeur de Ville","Rue Thiers"],"articleSection":["A la Une","Saint-Di\u00e9-des-Vosges et son Agglom\u00e9ration"],"inLanguage":"fr-FR","potentialAction":[{"@type":"CommentAction","name":"Comment","target":["https:\/\/vosgesinfo.fr\/saintdieinfo\/2020\/01\/inauguration-rue-thiers-de-maison-projet-action-coeur-de-ville\/#respond"]}]},{"@type":"WebPage","@id":"https:\/\/vosgesinfo.fr\/saintdieinfo\/2020\/01\/inauguration-rue-thiers-de-maison-projet-action-coeur-de-ville\/","url":"https:\/\/vosgesinfo.fr\/saintdieinfo\/2020\/01\/inauguration-rue-thiers-de-maison-projet-action-coeur-de-ville\/","name":"Inauguration rue Thiers de la maison du projet Action Coeur de Ville - Saint Die Info","isPartOf":{"@id":"https:\/\/vosgesinfo.fr\/saintdieinfo\/#website"},"primaryImageOfPage":{"@id":"https:\/\/vosgesinfo.fr\/saintdieinfo\/2020\/01\/inauguration-rue-thiers-de-maison-projet-action-coeur-de-ville\/#primaryimage"},"image":{"@id":"https:\/\/vosgesinfo.fr\/saintdieinfo\/2020\/01\/inauguration-rue-thiers-de-maison-projet-action-coeur-de-ville\/#primaryimage"},"thumbnailUrl":"https:\/\/vosgesinfo.fr\/app\/uploads\/sites\/4\/2024\/08\/202001inauguration-maison-du-projet-action-coeur-de-ville-1.jpg","datePublished":"2020-01-07T09:00:46+00:00","dateModified":"2020-01-07T09:00:46+00:00","breadcrumb":{"@id":"https:\/\/vosgesinfo.fr\/saintdieinfo\/2020\/01\/inauguration-rue-thiers-de-maison-projet-action-coeur-de-ville\/#breadcrumb"},"inLanguage":"fr-FR","potentialAction":[{"@type":"ReadAction","target":["https:\/\/vosgesinfo.fr\/saintdieinfo\/2020\/01\/inauguration-rue-thiers-de-maison-projet-action-coeur-de-ville\/"]}]},{"@type":"ImageObject","inLanguage":"fr-FR","@id":"https:\/\/vosgesinfo.fr\/saintdieinfo\/2020\/01\/inauguration-rue-thiers-de-maison-projet-action-coeur-de-ville\/#primaryimage","url":"https:\/\/vosgesinfo.fr\/app\/uploads\/sites\/4\/2024\/08\/202001inauguration-maison-du-projet-action-coeur-de-ville-1.jpg","contentUrl":"https:\/\/vosgesinfo.fr\/app\/uploads\/sites\/4\/2024\/08\/202001inauguration-maison-du-projet-action-coeur-de-ville-1.jpg","width":1000,"height":750},{"@type":"BreadcrumbList","@id":"https:\/\/vosgesinfo.fr\/saintdieinfo\/2020\/01\/inauguration-rue-thiers-de-maison-projet-action-coeur-de-ville\/#breadcrumb","itemListElement":[{"@type":"ListItem","position":1,"name":"Home","item":"https:\/\/vosgesinfo.fr\/saintdieinfo\/"},{"@type":"ListItem","position":2,"name":"Inauguration rue Thiers de la maison du projet Action Coeur de Ville"}]},{"@type":"WebSite","@id":"https:\/\/vosgesinfo.fr\/saintdieinfo\/#website","url":"https:\/\/vosgesinfo.fr\/saintdieinfo\/","name":"Saint Die Info","description":"Toute l&#039;actualit\u00e9 de Saint-Di\u00e9-Des-Vosges","publisher":{"@id":"https:\/\/vosgesinfo.fr\/saintdieinfo\/#organization"},"alternateName":"Toute l'actualit\u00e9 de Saint-Di\u00e9-Des-Vosges","potentialAction":[{"@type":"SearchAction","target":{"@type":"EntryPoint","urlTemplate":"https:\/\/vosgesinfo.fr\/saintdieinfo\/?s={search_term_string}"},"query-input":"required name=search_term_string"}],"inLanguage":"fr-FR"},{"@type":"Organization","@id":"https:\/\/vosgesinfo.fr\/saintdieinfo\/#organization","name":"Saint Die Info","url":"https:\/\/vosgesinfo.fr\/saintdieinfo\/","logo":{"@type":"ImageObject","inLanguage":"fr-FR","@id":"https:\/\/vosgesinfo.fr\/saintdieinfo\/#\/schema\/logo\/image\/","url":"https:\/\/vosgesinfo.fr\/app\/uploads\/sites\/4\/2024\/02\/logo-sdi.jpg","contentUrl":"https:\/\/vosgesinfo.fr\/app\/uploads\/sites\/4\/2024\/02\/logo-sdi.jpg","width":600,"height":600,"caption":"Saint Die Info"},"image":{"@id":"https:\/\/vosgesinfo.fr\/saintdieinfo\/#\/schema\/logo\/image\/"},"sameAs":["https:\/\/www.facebook.com\/Saintdieinfofr","https:\/\/x.com\/VosgesInfo88","https:\/\/www.youtube.com\/@vosgesinfo"]},{"@type":"Person","@id":"https:\/\/vosgesinfo.fr\/saintdieinfo\/#\/schema\/person\/fa73e9f726d67bb88f46d5b7943cb572","name":"J.J.","image":{"@type":"ImageObject","inLanguage":"fr-FR","@id":"https:\/\/vosgesinfo.fr\/saintdieinfo\/#\/schema\/person\/image\/","url":"https:\/\/secure.gravatar.com\/avatar\/219e749e47ffbcca018a360ae4add7d4cdf1cdaaf8bc7676b27efade3fe65615?s=96&d=mm&r=g","contentUrl":"https:\/\/secure.gravatar.com\/avatar\/219e749e47ffbcca018a360ae4add7d4cdf1cdaaf8bc7676b27efade3fe65615?s=96&d=mm&r=g","caption":"J.J."},"url":"https:\/\/vosgesinfo.fr\/saintdieinfo\/author\/j-j\/"}]}},"_links":{"self":[{"href":"https:\/\/vosgesinfo.fr\/saintdieinfo\/wp-json\/wp\/v2\/posts\/38391","targetHints":{"allow":["GET"]}}],"collection":[{"href":"https:\/\/vosgesinfo.fr\/saintdieinfo\/wp-json\/wp\/v2\/posts"}],"about":[{"href":"https:\/\/vosgesinfo.fr\/saintdieinfo\/wp-json\/wp\/v2\/types\/post"}],"author":[{"embeddable":true,"href":"https:\/\/vosgesinfo.fr\/saintdieinfo\/wp-json\/wp\/v2\/users\/46"}],"replies":[{"embeddable":true,"href":"https:\/\/vosgesinfo.fr\/saintdieinfo\/wp-json\/wp\/v2\/comments?post=38391"}],"version-history":[{"count":0,"href":"https:\/\/vosgesinfo.fr\/saintdieinfo\/wp-json\/wp\/v2\/posts\/38391\/revisions"}],"wp:featuredmedia":[{"embeddable":true,"href":"https:\/\/vosgesinfo.fr\/saintdieinfo\/wp-json\/wp\/v2\/media\/38392"}],"wp:attachment":[{"href":"https:\/\/vosgesinfo.fr\/saintdieinfo\/wp-json\/wp\/v2\/media?parent=38391"}],"wp:term":[{"taxonomy":"category","embeddable":true,"href":"https:\/\/vosgesinfo.fr\/saintdieinfo\/wp-json\/wp\/v2\/categories?post=38391"},{"taxonomy":"post_tag","embeddable":true,"href":"https:\/\/vosgesinfo.fr\/saintdieinfo\/wp-json\/wp\/v2\/tags?post=38391"}],"curies":[{"name":"wp","href":"https:\/\/api.w.org\/{rel}","templated":true}]}}