{"id":38433,"date":"2020-01-09T06:30:00","date_gmt":"2020-01-09T05:30:00","guid":{"rendered":"https:\/\/vosgesinfo.fr\/saintdieinfo\/2020\/01\/agir-territoires-experimenter-nouvelle-facon-de-developper-territoires-ruraux\/"},"modified":"2020-01-09T06:30:00","modified_gmt":"2020-01-09T05:30:00","slug":"agir-territoires-experimenter-nouvelle-facon-de-developper-territoires-ruraux","status":"publish","type":"post","link":"https:\/\/vosgesinfo.fr\/saintdieinfo\/2020\/01\/agir-territoires-experimenter-nouvelle-facon-de-developper-territoires-ruraux\/","title":{"rendered":"\u00ab Agir avec les territoires \u00bb : exp\u00e9rimenter une nouvelle fa\u00e7on de d\u00e9velopper les territoires ruraux"},"content":{"rendered":"<div id=\"attachment_154636\" style=\"width: 970px\" class=\"wp-caption aligncenter\"><a href=\"\/2020\/01\/pacte-ruralite-epinal-1570x700.jpg\" target=\"_blank\" rel=\"noopener\"><img decoding=\"async\" aria-describedby=\"caption-attachment-154636\" class=\"wp-image-154636 size-large\" src=\"\/2020\/01\/pacte-ruralite-epinal-1570x700-1024x457.jpg\" alt=\"pacte-ruralite-epinal-1570x700\" width=\"960\" height=\"428\" \/><\/a><p id=\"caption-attachment-154636\" class=\"wp-caption-text\">(Cr\u00e9dit photographique R\u00e9gion Grand Est)<\/p><\/div>\n<h2><span style=\"font-size: 14pt;\"><strong>Dans le cadre du\u00a0Pacte pour la Ruralit\u00e9 du Grand Est\u00a0et des d\u00e9marches \u00ab\u00a0Agir avec les territoires\u00a0\u00bb, la <a href=\"https:\/\/www.grandest.fr\/actualites\/agir-avec-les-territoires-restitution-promo2019\/\" target=\"_blank\" rel=\"noopener\">R\u00e9gion Grand Est<\/a> a pr\u00e9sent\u00e9, le 8 janvier 2020 \u00e0 la Maison de la R\u00e9gion d\u2019Epinal, une restitution de projets initi\u00e9s avec diff\u00e9rents territoires, en\u00a0pr\u00e9sence de Franck Leroy, Vice-Pr\u00e9sident en charge de la Coh\u00e9sion territoriale, de la Contractualisation, de l\u2019Equilibre des territoires et de la Ruralit\u00e9.<\/strong><\/span><\/h2>\n<p><!--more--><\/p>\n<p>Les projets pr\u00e9sent\u00e9s s\u2019articulent autour des th\u00e9matiques suivantes : l\u2019agriculture et la recherche de valeur ajout\u00e9e, l\u2019investissement dans le num\u00e9rique, la mobilit\u00e9, le tourisme, l\u2019offre culturelle et de loisirs.<\/p>\n<p>L\u2019objectif de cette d\u00e9marche est de donner des outils aux acteurs du territoire leur permettant de construire l\u2019avenir de la ruralit\u00e9 sur de nouveaux mod\u00e8les et encourager les coop\u00e9rations pour dynamiser l\u2019\u00e9conomie locale.<\/p>\n<p>Apr\u00e8s un premier cycle comptant 6 territoires en 2018, un deuxi\u00e8me s\u2019est achev\u00e9 en 2019 comprenant 5 territoires ruraux :<\/p>\n<ul>\n<li>la communaut\u00e9 de communes de l\u2019Ouest Vosgien (88) et de Meuse Rognon (52),<\/li>\n<li>la communaut\u00e9 de communes du Pays Reth\u00e9lois (08),<\/li>\n<li>la communaut\u00e9 de communes C\u0153ur du Pays Haut (54),<\/li>\n<li>la communaut\u00e9 de communes du Saulnois (57),<\/li>\n<li>le PETR du Sundgau (68).<\/li>\n<\/ul>\n<p>\u00c9lus, chefs d\u2019entreprises ou responsables associatifs ont ainsi contribu\u00e9 \u00e0 l\u2019\u00e9laboration des projets dont les travaux ont \u00e9t\u00e9 restitu\u00e9s. Les premi\u00e8res actions vont d\u00e9marrer en 2020. Les acteurs impliqu\u00e9s estiment que cette exp\u00e9rimentation leur apporte une nouvelle vision de leur territoire et mobilise de nouvelles forces vives. La d\u00e9marche questionne sur l\u2019\u00e9volution du r\u00f4le des collectivit\u00e9s dans le d\u00e9veloppement de projets et peut conduire \u00e0 r\u00e9orienter les programmes de subventions. Elle oblige \u00e9galement \u00e0 travailler davantage en r\u00e9seau.<\/p>\n<div id=\"attachment_154633\" style=\"width: 970px\" class=\"wp-caption aligncenter\"><a href=\"\/2020\/01\/carte-agir-avec-les-territoires-1024x715.jpg\" target=\"_blank\" rel=\"noopener\"><img decoding=\"async\" aria-describedby=\"caption-attachment-154633\" class=\"wp-image-154633 size-large\" src=\"\/2020\/01\/carte-agir-avec-les-territoires-1024x715-1024x715.jpg\" alt=\"carte-agir-avec-les-territoires-1024x715\" width=\"960\" height=\"670\" \/><\/a><p id=\"caption-attachment-154633\" class=\"wp-caption-text\">(Cr\u00e9dit carte R\u00e9gion Grand Est)<\/p><\/div>\n","protected":false},"excerpt":{"rendered":"<p>Dans le cadre du\u00a0Pacte pour la Ruralit\u00e9 du Grand Est\u00a0et des d\u00e9marches \u00ab\u00a0Agir avec les territoires\u00a0\u00bb, la R\u00e9gion Grand Est [&hellip;]<\/p>\n","protected":false},"author":44,"featured_media":38434,"comment_status":"open","ping_status":"open","sticky":false,"template":"","format":"standard","meta":{"footnotes":""},"categories":[460,10,3628,18],"tags":[7583,41,7584],"class_list":["post-38433","post","type-post","status-publish","format-standard","has-post-thumbnail","hentry","category-a-la-une","category-politique","category-region-grand-est","category-vosges","tag-agir-avec-les-territoires","tag-epinal","tag-maison-de-la-region-depinal"],"acf":[],"yoast_head":"<!-- This site is optimized with the Yoast SEO plugin v22.5 - https:\/\/yoast.com\/wordpress\/plugins\/seo\/ -->\n<title>\u00ab Agir avec les territoires \u00bb : exp\u00e9rimenter une nouvelle fa\u00e7on de d\u00e9velopper les territoires ruraux - Saint Die Info<\/title>\n<meta name=\"robots\" content=\"index, follow, max-snippet:-1, max-image-preview:large, max-video-preview:-1\" \/>\n<link rel=\"canonical\" href=\"https:\/\/vosgesinfo.fr\/saintdieinfo\/2020\/01\/agir-territoires-experimenter-nouvelle-facon-de-developper-territoires-ruraux\/\" \/>\n<meta name=\"twitter:card\" content=\"summary_large_image\" \/>\n<meta name=\"twitter:title\" content=\"\u00ab Agir avec les territoires \u00bb : exp\u00e9rimenter une nouvelle fa\u00e7on de d\u00e9velopper les territoires ruraux - Saint Die Info\" \/>\n<meta name=\"twitter:description\" content=\"Dans le cadre du\u00a0Pacte pour la Ruralit\u00e9 du Grand Est\u00a0et des d\u00e9marches \u00ab\u00a0Agir avec les territoires\u00a0\u00bb, la R\u00e9gion Grand Est [&hellip;]\" \/>\n<meta name=\"twitter:image\" content=\"https:\/\/vosgesinfo.fr\/app\/uploads\/sites\/4\/2024\/08\/202001pacte-ruralite-epinal-1570x700-2.jpg\" \/>\n<meta name=\"twitter:creator\" content=\"@VosgesInfo88\" \/>\n<meta name=\"twitter:site\" content=\"@VosgesInfo88\" \/>\n<meta name=\"twitter:label1\" content=\"\u00c9crit par\" \/>\n\t<meta name=\"twitter:data1\" content=\"la r\u00e9daction\" \/>\n\t<meta name=\"twitter:label2\" content=\"Dur\u00e9e de lecture estim\u00e9e\" \/>\n\t<meta name=\"twitter:data2\" content=\"2 minutes\" \/>\n<script type=\"application\/ld+json\" class=\"yoast-schema-graph\">{\"@context\":\"https:\/\/schema.org\",\"@graph\":[{\"@type\":\"Article\",\"@id\":\"https:\/\/vosgesinfo.fr\/saintdieinfo\/2020\/01\/agir-territoires-experimenter-nouvelle-facon-de-developper-territoires-ruraux\/#article\",\"isPartOf\":{\"@id\":\"https:\/\/vosgesinfo.fr\/saintdieinfo\/2020\/01\/agir-territoires-experimenter-nouvelle-facon-de-developper-territoires-ruraux\/\"},\"author\":{\"name\":\"la r\u00e9daction\",\"@id\":\"https:\/\/vosgesinfo.fr\/saintdieinfo\/#\/schema\/person\/faee6704a21f3977511db84bd1cd450f\"},\"headline\":\"\u00ab Agir avec les territoires \u00bb : exp\u00e9rimenter une nouvelle fa\u00e7on de d\u00e9velopper les territoires ruraux\",\"datePublished\":\"2020-01-09T05:30:00+00:00\",\"dateModified\":\"2020-01-09T05:30:00+00:00\",\"mainEntityOfPage\":{\"@id\":\"https:\/\/vosgesinfo.fr\/saintdieinfo\/2020\/01\/agir-territoires-experimenter-nouvelle-facon-de-developper-territoires-ruraux\/\"},\"wordCount\":339,\"commentCount\":0,\"publisher\":{\"@id\":\"https:\/\/vosgesinfo.fr\/saintdieinfo\/#organization\"},\"image\":{\"@id\":\"https:\/\/vosgesinfo.fr\/saintdieinfo\/2020\/01\/agir-territoires-experimenter-nouvelle-facon-de-developper-territoires-ruraux\/#primaryimage\"},\"thumbnailUrl\":\"https:\/\/vosgesinfo.fr\/app\/uploads\/sites\/4\/2024\/08\/202001pacte-ruralite-epinal-1570x700-2.jpg\",\"keywords\":[\"Agir avec les territoires\",\"Epinal\",\"Maison de la R\u00e9gion d'Epinal\"],\"articleSection\":[\"A la Une\",\"Politique\",\"R\u00e9gion Grand Est\",\"Vosges\"],\"inLanguage\":\"fr-FR\",\"potentialAction\":[{\"@type\":\"CommentAction\",\"name\":\"Comment\",\"target\":[\"https:\/\/vosgesinfo.fr\/saintdieinfo\/2020\/01\/agir-territoires-experimenter-nouvelle-facon-de-developper-territoires-ruraux\/#respond\"]}]},{\"@type\":\"WebPage\",\"@id\":\"https:\/\/vosgesinfo.fr\/saintdieinfo\/2020\/01\/agir-territoires-experimenter-nouvelle-facon-de-developper-territoires-ruraux\/\",\"url\":\"https:\/\/vosgesinfo.fr\/saintdieinfo\/2020\/01\/agir-territoires-experimenter-nouvelle-facon-de-developper-territoires-ruraux\/\",\"name\":\"\u00ab Agir avec les territoires \u00bb : exp\u00e9rimenter une nouvelle fa\u00e7on de d\u00e9velopper les territoires ruraux - Saint Die Info\",\"isPartOf\":{\"@id\":\"https:\/\/vosgesinfo.fr\/saintdieinfo\/#website\"},\"primaryImageOfPage\":{\"@id\":\"https:\/\/vosgesinfo.fr\/saintdieinfo\/2020\/01\/agir-territoires-experimenter-nouvelle-facon-de-developper-territoires-ruraux\/#primaryimage\"},\"image\":{\"@id\":\"https:\/\/vosgesinfo.fr\/saintdieinfo\/2020\/01\/agir-territoires-experimenter-nouvelle-facon-de-developper-territoires-ruraux\/#primaryimage\"},\"thumbnailUrl\":\"https:\/\/vosgesinfo.fr\/app\/uploads\/sites\/4\/2024\/08\/202001pacte-ruralite-epinal-1570x700-2.jpg\",\"datePublished\":\"2020-01-09T05:30:00+00:00\",\"dateModified\":\"2020-01-09T05:30:00+00:00\",\"breadcrumb\":{\"@id\":\"https:\/\/vosgesinfo.fr\/saintdieinfo\/2020\/01\/agir-territoires-experimenter-nouvelle-facon-de-developper-territoires-ruraux\/#breadcrumb\"},\"inLanguage\":\"fr-FR\",\"potentialAction\":[{\"@type\":\"ReadAction\",\"target\":[\"https:\/\/vosgesinfo.fr\/saintdieinfo\/2020\/01\/agir-territoires-experimenter-nouvelle-facon-de-developper-territoires-ruraux\/\"]}]},{\"@type\":\"ImageObject\",\"inLanguage\":\"fr-FR\",\"@id\":\"https:\/\/vosgesinfo.fr\/saintdieinfo\/2020\/01\/agir-territoires-experimenter-nouvelle-facon-de-developper-territoires-ruraux\/#primaryimage\",\"url\":\"https:\/\/vosgesinfo.fr\/app\/uploads\/sites\/4\/2024\/08\/202001pacte-ruralite-epinal-1570x700-2.jpg\",\"contentUrl\":\"https:\/\/vosgesinfo.fr\/app\/uploads\/sites\/4\/2024\/08\/202001pacte-ruralite-epinal-1570x700-2.jpg\",\"width\":1570,\"height\":700},{\"@type\":\"BreadcrumbList\",\"@id\":\"https:\/\/vosgesinfo.fr\/saintdieinfo\/2020\/01\/agir-territoires-experimenter-nouvelle-facon-de-developper-territoires-ruraux\/#breadcrumb\",\"itemListElement\":[{\"@type\":\"ListItem\",\"position\":1,\"name\":\"Home\",\"item\":\"https:\/\/vosgesinfo.fr\/saintdieinfo\/\"},{\"@type\":\"ListItem\",\"position\":2,\"name\":\"\u00ab Agir avec les territoires \u00bb : exp\u00e9rimenter une nouvelle fa\u00e7on de d\u00e9velopper les territoires ruraux\"}]},{\"@type\":\"WebSite\",\"@id\":\"https:\/\/vosgesinfo.fr\/saintdieinfo\/#website\",\"url\":\"https:\/\/vosgesinfo.fr\/saintdieinfo\/\",\"name\":\"Saint Die Info\",\"description\":\"Toute l&#039;actualit\u00e9 de Saint-Di\u00e9-Des-Vosges\",\"publisher\":{\"@id\":\"https:\/\/vosgesinfo.fr\/saintdieinfo\/#organization\"},\"alternateName\":\"Toute l'actualit\u00e9 de Saint-Di\u00e9-Des-Vosges\",\"potentialAction\":[{\"@type\":\"SearchAction\",\"target\":{\"@type\":\"EntryPoint\",\"urlTemplate\":\"https:\/\/vosgesinfo.fr\/saintdieinfo\/?s={search_term_string}\"},\"query-input\":\"required name=search_term_string\"}],\"inLanguage\":\"fr-FR\"},{\"@type\":\"Organization\",\"@id\":\"https:\/\/vosgesinfo.fr\/saintdieinfo\/#organization\",\"name\":\"Saint Die Info\",\"url\":\"https:\/\/vosgesinfo.fr\/saintdieinfo\/\",\"logo\":{\"@type\":\"ImageObject\",\"inLanguage\":\"fr-FR\",\"@id\":\"https:\/\/vosgesinfo.fr\/saintdieinfo\/#\/schema\/logo\/image\/\",\"url\":\"https:\/\/vosgesinfo.fr\/app\/uploads\/sites\/4\/2024\/02\/logo-sdi.jpg\",\"contentUrl\":\"https:\/\/vosgesinfo.fr\/app\/uploads\/sites\/4\/2024\/02\/logo-sdi.jpg\",\"width\":600,\"height\":600,\"caption\":\"Saint Die Info\"},\"image\":{\"@id\":\"https:\/\/vosgesinfo.fr\/saintdieinfo\/#\/schema\/logo\/image\/\"},\"sameAs\":[\"https:\/\/www.facebook.com\/Saintdieinfofr\",\"https:\/\/x.com\/VosgesInfo88\",\"https:\/\/www.youtube.com\/@vosgesinfo\"]},{\"@type\":\"Person\",\"@id\":\"https:\/\/vosgesinfo.fr\/saintdieinfo\/#\/schema\/person\/faee6704a21f3977511db84bd1cd450f\",\"name\":\"la r\u00e9daction\",\"image\":{\"@type\":\"ImageObject\",\"inLanguage\":\"fr-FR\",\"@id\":\"https:\/\/vosgesinfo.fr\/saintdieinfo\/#\/schema\/person\/image\/\",\"url\":\"https:\/\/secure.gravatar.com\/avatar\/6673d8bc6a9c17fa9a453eaa3448de834fa308c2ec9635b7aa99441a7c8d2cf6?s=96&d=mm&r=g\",\"contentUrl\":\"https:\/\/secure.gravatar.com\/avatar\/6673d8bc6a9c17fa9a453eaa3448de834fa308c2ec9635b7aa99441a7c8d2cf6?s=96&d=mm&r=g\",\"caption\":\"la r\u00e9daction\"},\"url\":\"https:\/\/vosgesinfo.fr\/saintdieinfo\/author\/redac\/\"}]}<\/script>\n<!-- \/ Yoast SEO plugin. -->","yoast_head_json":{"title":"\u00ab Agir avec les territoires \u00bb : exp\u00e9rimenter une nouvelle fa\u00e7on de d\u00e9velopper les territoires ruraux - Saint Die Info","robots":{"index":"index","follow":"follow","max-snippet":"max-snippet:-1","max-image-preview":"max-image-preview:large","max-video-preview":"max-video-preview:-1"},"canonical":"https:\/\/vosgesinfo.fr\/saintdieinfo\/2020\/01\/agir-territoires-experimenter-nouvelle-facon-de-developper-territoires-ruraux\/","twitter_card":"summary_large_image","twitter_title":"\u00ab Agir avec les territoires \u00bb : exp\u00e9rimenter une nouvelle fa\u00e7on de d\u00e9velopper les territoires ruraux - Saint Die Info","twitter_description":"Dans le cadre du\u00a0Pacte pour la Ruralit\u00e9 du Grand Est\u00a0et des d\u00e9marches \u00ab\u00a0Agir avec les territoires\u00a0\u00bb, la R\u00e9gion Grand Est [&hellip;]","twitter_image":"https:\/\/vosgesinfo.fr\/app\/uploads\/sites\/4\/2024\/08\/202001pacte-ruralite-epinal-1570x700-2.jpg","twitter_creator":"@VosgesInfo88","twitter_site":"@VosgesInfo88","twitter_misc":{"\u00c9crit par":"la r\u00e9daction","Dur\u00e9e de lecture estim\u00e9e":"2 minutes"},"schema":{"@context":"https:\/\/schema.org","@graph":[{"@type":"Article","@id":"https:\/\/vosgesinfo.fr\/saintdieinfo\/2020\/01\/agir-territoires-experimenter-nouvelle-facon-de-developper-territoires-ruraux\/#article","isPartOf":{"@id":"https:\/\/vosgesinfo.fr\/saintdieinfo\/2020\/01\/agir-territoires-experimenter-nouvelle-facon-de-developper-territoires-ruraux\/"},"author":{"name":"la r\u00e9daction","@id":"https:\/\/vosgesinfo.fr\/saintdieinfo\/#\/schema\/person\/faee6704a21f3977511db84bd1cd450f"},"headline":"\u00ab Agir avec les territoires \u00bb : exp\u00e9rimenter une nouvelle fa\u00e7on de d\u00e9velopper les territoires ruraux","datePublished":"2020-01-09T05:30:00+00:00","dateModified":"2020-01-09T05:30:00+00:00","mainEntityOfPage":{"@id":"https:\/\/vosgesinfo.fr\/saintdieinfo\/2020\/01\/agir-territoires-experimenter-nouvelle-facon-de-developper-territoires-ruraux\/"},"wordCount":339,"commentCount":0,"publisher":{"@id":"https:\/\/vosgesinfo.fr\/saintdieinfo\/#organization"},"image":{"@id":"https:\/\/vosgesinfo.fr\/saintdieinfo\/2020\/01\/agir-territoires-experimenter-nouvelle-facon-de-developper-territoires-ruraux\/#primaryimage"},"thumbnailUrl":"https:\/\/vosgesinfo.fr\/app\/uploads\/sites\/4\/2024\/08\/202001pacte-ruralite-epinal-1570x700-2.jpg","keywords":["Agir avec les territoires","Epinal","Maison de la R\u00e9gion d'Epinal"],"articleSection":["A la Une","Politique","R\u00e9gion Grand Est","Vosges"],"inLanguage":"fr-FR","potentialAction":[{"@type":"CommentAction","name":"Comment","target":["https:\/\/vosgesinfo.fr\/saintdieinfo\/2020\/01\/agir-territoires-experimenter-nouvelle-facon-de-developper-territoires-ruraux\/#respond"]}]},{"@type":"WebPage","@id":"https:\/\/vosgesinfo.fr\/saintdieinfo\/2020\/01\/agir-territoires-experimenter-nouvelle-facon-de-developper-territoires-ruraux\/","url":"https:\/\/vosgesinfo.fr\/saintdieinfo\/2020\/01\/agir-territoires-experimenter-nouvelle-facon-de-developper-territoires-ruraux\/","name":"\u00ab Agir avec les territoires \u00bb : exp\u00e9rimenter une nouvelle fa\u00e7on de d\u00e9velopper les territoires ruraux - Saint Die Info","isPartOf":{"@id":"https:\/\/vosgesinfo.fr\/saintdieinfo\/#website"},"primaryImageOfPage":{"@id":"https:\/\/vosgesinfo.fr\/saintdieinfo\/2020\/01\/agir-territoires-experimenter-nouvelle-facon-de-developper-territoires-ruraux\/#primaryimage"},"image":{"@id":"https:\/\/vosgesinfo.fr\/saintdieinfo\/2020\/01\/agir-territoires-experimenter-nouvelle-facon-de-developper-territoires-ruraux\/#primaryimage"},"thumbnailUrl":"https:\/\/vosgesinfo.fr\/app\/uploads\/sites\/4\/2024\/08\/202001pacte-ruralite-epinal-1570x700-2.jpg","datePublished":"2020-01-09T05:30:00+00:00","dateModified":"2020-01-09T05:30:00+00:00","breadcrumb":{"@id":"https:\/\/vosgesinfo.fr\/saintdieinfo\/2020\/01\/agir-territoires-experimenter-nouvelle-facon-de-developper-territoires-ruraux\/#breadcrumb"},"inLanguage":"fr-FR","potentialAction":[{"@type":"ReadAction","target":["https:\/\/vosgesinfo.fr\/saintdieinfo\/2020\/01\/agir-territoires-experimenter-nouvelle-facon-de-developper-territoires-ruraux\/"]}]},{"@type":"ImageObject","inLanguage":"fr-FR","@id":"https:\/\/vosgesinfo.fr\/saintdieinfo\/2020\/01\/agir-territoires-experimenter-nouvelle-facon-de-developper-territoires-ruraux\/#primaryimage","url":"https:\/\/vosgesinfo.fr\/app\/uploads\/sites\/4\/2024\/08\/202001pacte-ruralite-epinal-1570x700-2.jpg","contentUrl":"https:\/\/vosgesinfo.fr\/app\/uploads\/sites\/4\/2024\/08\/202001pacte-ruralite-epinal-1570x700-2.jpg","width":1570,"height":700},{"@type":"BreadcrumbList","@id":"https:\/\/vosgesinfo.fr\/saintdieinfo\/2020\/01\/agir-territoires-experimenter-nouvelle-facon-de-developper-territoires-ruraux\/#breadcrumb","itemListElement":[{"@type":"ListItem","position":1,"name":"Home","item":"https:\/\/vosgesinfo.fr\/saintdieinfo\/"},{"@type":"ListItem","position":2,"name":"\u00ab Agir avec les territoires \u00bb : exp\u00e9rimenter une nouvelle fa\u00e7on de d\u00e9velopper les territoires ruraux"}]},{"@type":"WebSite","@id":"https:\/\/vosgesinfo.fr\/saintdieinfo\/#website","url":"https:\/\/vosgesinfo.fr\/saintdieinfo\/","name":"Saint Die Info","description":"Toute l&#039;actualit\u00e9 de Saint-Di\u00e9-Des-Vosges","publisher":{"@id":"https:\/\/vosgesinfo.fr\/saintdieinfo\/#organization"},"alternateName":"Toute l'actualit\u00e9 de Saint-Di\u00e9-Des-Vosges","potentialAction":[{"@type":"SearchAction","target":{"@type":"EntryPoint","urlTemplate":"https:\/\/vosgesinfo.fr\/saintdieinfo\/?s={search_term_string}"},"query-input":"required name=search_term_string"}],"inLanguage":"fr-FR"},{"@type":"Organization","@id":"https:\/\/vosgesinfo.fr\/saintdieinfo\/#organization","name":"Saint Die Info","url":"https:\/\/vosgesinfo.fr\/saintdieinfo\/","logo":{"@type":"ImageObject","inLanguage":"fr-FR","@id":"https:\/\/vosgesinfo.fr\/saintdieinfo\/#\/schema\/logo\/image\/","url":"https:\/\/vosgesinfo.fr\/app\/uploads\/sites\/4\/2024\/02\/logo-sdi.jpg","contentUrl":"https:\/\/vosgesinfo.fr\/app\/uploads\/sites\/4\/2024\/02\/logo-sdi.jpg","width":600,"height":600,"caption":"Saint Die Info"},"image":{"@id":"https:\/\/vosgesinfo.fr\/saintdieinfo\/#\/schema\/logo\/image\/"},"sameAs":["https:\/\/www.facebook.com\/Saintdieinfofr","https:\/\/x.com\/VosgesInfo88","https:\/\/www.youtube.com\/@vosgesinfo"]},{"@type":"Person","@id":"https:\/\/vosgesinfo.fr\/saintdieinfo\/#\/schema\/person\/faee6704a21f3977511db84bd1cd450f","name":"la r\u00e9daction","image":{"@type":"ImageObject","inLanguage":"fr-FR","@id":"https:\/\/vosgesinfo.fr\/saintdieinfo\/#\/schema\/person\/image\/","url":"https:\/\/secure.gravatar.com\/avatar\/6673d8bc6a9c17fa9a453eaa3448de834fa308c2ec9635b7aa99441a7c8d2cf6?s=96&d=mm&r=g","contentUrl":"https:\/\/secure.gravatar.com\/avatar\/6673d8bc6a9c17fa9a453eaa3448de834fa308c2ec9635b7aa99441a7c8d2cf6?s=96&d=mm&r=g","caption":"la r\u00e9daction"},"url":"https:\/\/vosgesinfo.fr\/saintdieinfo\/author\/redac\/"}]}},"_links":{"self":[{"href":"https:\/\/vosgesinfo.fr\/saintdieinfo\/wp-json\/wp\/v2\/posts\/38433","targetHints":{"allow":["GET"]}}],"collection":[{"href":"https:\/\/vosgesinfo.fr\/saintdieinfo\/wp-json\/wp\/v2\/posts"}],"about":[{"href":"https:\/\/vosgesinfo.fr\/saintdieinfo\/wp-json\/wp\/v2\/types\/post"}],"author":[{"embeddable":true,"href":"https:\/\/vosgesinfo.fr\/saintdieinfo\/wp-json\/wp\/v2\/users\/44"}],"replies":[{"embeddable":true,"href":"https:\/\/vosgesinfo.fr\/saintdieinfo\/wp-json\/wp\/v2\/comments?post=38433"}],"version-history":[{"count":0,"href":"https:\/\/vosgesinfo.fr\/saintdieinfo\/wp-json\/wp\/v2\/posts\/38433\/revisions"}],"wp:featuredmedia":[{"embeddable":true,"href":"https:\/\/vosgesinfo.fr\/saintdieinfo\/wp-json\/wp\/v2\/media\/38434"}],"wp:attachment":[{"href":"https:\/\/vosgesinfo.fr\/saintdieinfo\/wp-json\/wp\/v2\/media?parent=38433"}],"wp:term":[{"taxonomy":"category","embeddable":true,"href":"https:\/\/vosgesinfo.fr\/saintdieinfo\/wp-json\/wp\/v2\/categories?post=38433"},{"taxonomy":"post_tag","embeddable":true,"href":"https:\/\/vosgesinfo.fr\/saintdieinfo\/wp-json\/wp\/v2\/tags?post=38433"}],"curies":[{"name":"wp","href":"https:\/\/api.w.org\/{rel}","templated":true}]}}