{"id":38435,"date":"2020-01-09T07:00:13","date_gmt":"2020-01-09T06:00:13","guid":{"rendered":"https:\/\/vosgesinfo.fr\/saintdieinfo\/2020\/01\/don-de-sang-region-partenaire-de-loperation-missingtype\/"},"modified":"2020-01-09T07:00:13","modified_gmt":"2020-01-09T06:00:13","slug":"don-de-sang-region-partenaire-de-loperation-missingtype","status":"publish","type":"post","link":"https:\/\/vosgesinfo.fr\/saintdieinfo\/2020\/01\/don-de-sang-region-partenaire-de-loperation-missingtype\/","title":{"rendered":"Don de sang : la R\u00e9gion partenaire de l\u2019op\u00e9ration #MissingType"},"content":{"rendered":"<p><a href=\"\/2020\/01\/missing-type-actu-don-sang.jpg\" target=\"_blank\" rel=\"noopener\"><img decoding=\"async\" class=\"aligncenter wp-image-154635 size-large\" src=\"\/2020\/01\/missing-type-actu-don-sang-1024x457.jpg\" alt=\"missing-type-actu-don-sang\" width=\"960\" height=\"428\" \/><\/a><\/p>\n<h2><span style=\"font-size: 14pt;\"><strong>A l\u2019occasion de la nouvelle ann\u00e9e, l\u2019\u00c9tablissement fran\u00e7ais du sang (EFS) lance du 6 au 18 janvier 2020 la saison 3 de l\u2019op\u00e9ration #MissingType. Cette action offre \u00e0 tous les Fran\u00e7ais \u2013 marques, personnalit\u00e9s, influenceurs, particuliers \u2013 une belle opportunit\u00e9 pour faire du don de sang leur premi\u00e8re r\u00e9solution 2020 !<\/strong><\/span><\/h2>\n<p><!--more--><\/p>\n<p>La R\u00e9gion Grand Est se mobilise aux cot\u00e9s de l\u2019\u00c9tablissement Fran\u00e7ais du Sang pour que les lettres\u00a0&#x1f170;\ufe0f&#x1f171;\ufe0f&#x1f17e;\ufe0f\u00a0ne viennent plus \u00e0 manquer ! Pour t\u00e9moigner de son soutien et de son engagement pour la sant\u00e9, la R\u00e9gion retire les lettres A, B et O, repr\u00e9sentant les groupes sanguins, de son logo.<\/p>\n<p>Vous aussi, participez \u00e0 l\u2019<a class=\"link_external\" href=\"https:\/\/www.efs.sante.fr\/en-route-pour-missingtype-saison-3-resolutions-2020\" target=\"_blank\" rel=\"noopener\">op\u00e9ration #MissingType<\/a><\/p>\n","protected":false},"excerpt":{"rendered":"<p>A l\u2019occasion de la nouvelle ann\u00e9e, l\u2019\u00c9tablissement fran\u00e7ais du sang (EFS) lance du 6 au 18 janvier 2020 la saison [&hellip;]<\/p>\n","protected":false},"author":44,"featured_media":38436,"comment_status":"open","ping_status":"open","sticky":false,"template":"","format":"standard","meta":{"footnotes":""},"categories":[460,3628,4152,13],"tags":[7585,3196,4199],"class_list":["post-38435","post","type-post","status-publish","format-standard","has-post-thumbnail","hentry","category-a-la-une","category-region-grand-est","category-sante","category-societe","tag-missingtype","tag-efs-grand-est","tag-etablissement-francais-du-sang"],"acf":[],"yoast_head":"<!-- This site is optimized with the Yoast SEO plugin v22.5 - https:\/\/yoast.com\/wordpress\/plugins\/seo\/ -->\n<title>Don de sang : la R\u00e9gion partenaire de l\u2019op\u00e9ration #MissingType - Saint Die Info<\/title>\n<meta name=\"robots\" content=\"index, follow, max-snippet:-1, max-image-preview:large, max-video-preview:-1\" \/>\n<link rel=\"canonical\" href=\"https:\/\/vosgesinfo.fr\/saintdieinfo\/2020\/01\/don-de-sang-region-partenaire-de-loperation-missingtype\/\" \/>\n<meta name=\"twitter:card\" content=\"summary_large_image\" \/>\n<meta name=\"twitter:title\" content=\"Don de sang : la R\u00e9gion partenaire de l\u2019op\u00e9ration #MissingType - Saint Die Info\" \/>\n<meta name=\"twitter:description\" content=\"A l\u2019occasion de la nouvelle ann\u00e9e, l\u2019\u00c9tablissement fran\u00e7ais du sang (EFS) lance du 6 au 18 janvier 2020 la saison [&hellip;]\" \/>\n<meta name=\"twitter:image\" content=\"https:\/\/vosgesinfo.fr\/app\/uploads\/sites\/4\/2024\/08\/202001missing-type-actu-don-sang-1.jpg\" \/>\n<meta name=\"twitter:creator\" content=\"@VosgesInfo88\" \/>\n<meta name=\"twitter:site\" content=\"@VosgesInfo88\" \/>\n<meta name=\"twitter:label1\" content=\"\u00c9crit par\" \/>\n\t<meta name=\"twitter:data1\" content=\"la r\u00e9daction\" \/>\n\t<meta name=\"twitter:label2\" content=\"Dur\u00e9e de lecture estim\u00e9e\" \/>\n\t<meta name=\"twitter:data2\" content=\"1 minute\" \/>\n<script type=\"application\/ld+json\" class=\"yoast-schema-graph\">{\"@context\":\"https:\/\/schema.org\",\"@graph\":[{\"@type\":\"Article\",\"@id\":\"https:\/\/vosgesinfo.fr\/saintdieinfo\/2020\/01\/don-de-sang-region-partenaire-de-loperation-missingtype\/#article\",\"isPartOf\":{\"@id\":\"https:\/\/vosgesinfo.fr\/saintdieinfo\/2020\/01\/don-de-sang-region-partenaire-de-loperation-missingtype\/\"},\"author\":{\"name\":\"la r\u00e9daction\",\"@id\":\"https:\/\/vosgesinfo.fr\/saintdieinfo\/#\/schema\/person\/faee6704a21f3977511db84bd1cd450f\"},\"headline\":\"Don de sang : la R\u00e9gion partenaire de l\u2019op\u00e9ration #MissingType\",\"datePublished\":\"2020-01-09T06:00:13+00:00\",\"dateModified\":\"2020-01-09T06:00:13+00:00\",\"mainEntityOfPage\":{\"@id\":\"https:\/\/vosgesinfo.fr\/saintdieinfo\/2020\/01\/don-de-sang-region-partenaire-de-loperation-missingtype\/\"},\"wordCount\":134,\"commentCount\":0,\"publisher\":{\"@id\":\"https:\/\/vosgesinfo.fr\/saintdieinfo\/#organization\"},\"image\":{\"@id\":\"https:\/\/vosgesinfo.fr\/saintdieinfo\/2020\/01\/don-de-sang-region-partenaire-de-loperation-missingtype\/#primaryimage\"},\"thumbnailUrl\":\"https:\/\/vosgesinfo.fr\/app\/uploads\/sites\/4\/2024\/08\/202001missing-type-actu-don-sang-1.jpg\",\"keywords\":[\"#MissingType\",\"EFS Grand Est\",\"Etablissement Fran\u00e7ais du Sang\"],\"articleSection\":[\"A la Une\",\"R\u00e9gion Grand Est\",\"Sant\u00e9\",\"Soci\u00e9t\u00e9\"],\"inLanguage\":\"fr-FR\",\"potentialAction\":[{\"@type\":\"CommentAction\",\"name\":\"Comment\",\"target\":[\"https:\/\/vosgesinfo.fr\/saintdieinfo\/2020\/01\/don-de-sang-region-partenaire-de-loperation-missingtype\/#respond\"]}]},{\"@type\":\"WebPage\",\"@id\":\"https:\/\/vosgesinfo.fr\/saintdieinfo\/2020\/01\/don-de-sang-region-partenaire-de-loperation-missingtype\/\",\"url\":\"https:\/\/vosgesinfo.fr\/saintdieinfo\/2020\/01\/don-de-sang-region-partenaire-de-loperation-missingtype\/\",\"name\":\"Don de sang : la R\u00e9gion partenaire de l\u2019op\u00e9ration #MissingType - Saint Die Info\",\"isPartOf\":{\"@id\":\"https:\/\/vosgesinfo.fr\/saintdieinfo\/#website\"},\"primaryImageOfPage\":{\"@id\":\"https:\/\/vosgesinfo.fr\/saintdieinfo\/2020\/01\/don-de-sang-region-partenaire-de-loperation-missingtype\/#primaryimage\"},\"image\":{\"@id\":\"https:\/\/vosgesinfo.fr\/saintdieinfo\/2020\/01\/don-de-sang-region-partenaire-de-loperation-missingtype\/#primaryimage\"},\"thumbnailUrl\":\"https:\/\/vosgesinfo.fr\/app\/uploads\/sites\/4\/2024\/08\/202001missing-type-actu-don-sang-1.jpg\",\"datePublished\":\"2020-01-09T06:00:13+00:00\",\"dateModified\":\"2020-01-09T06:00:13+00:00\",\"breadcrumb\":{\"@id\":\"https:\/\/vosgesinfo.fr\/saintdieinfo\/2020\/01\/don-de-sang-region-partenaire-de-loperation-missingtype\/#breadcrumb\"},\"inLanguage\":\"fr-FR\",\"potentialAction\":[{\"@type\":\"ReadAction\",\"target\":[\"https:\/\/vosgesinfo.fr\/saintdieinfo\/2020\/01\/don-de-sang-region-partenaire-de-loperation-missingtype\/\"]}]},{\"@type\":\"ImageObject\",\"inLanguage\":\"fr-FR\",\"@id\":\"https:\/\/vosgesinfo.fr\/saintdieinfo\/2020\/01\/don-de-sang-region-partenaire-de-loperation-missingtype\/#primaryimage\",\"url\":\"https:\/\/vosgesinfo.fr\/app\/uploads\/sites\/4\/2024\/08\/202001missing-type-actu-don-sang-1.jpg\",\"contentUrl\":\"https:\/\/vosgesinfo.fr\/app\/uploads\/sites\/4\/2024\/08\/202001missing-type-actu-don-sang-1.jpg\",\"width\":1570,\"height\":700},{\"@type\":\"BreadcrumbList\",\"@id\":\"https:\/\/vosgesinfo.fr\/saintdieinfo\/2020\/01\/don-de-sang-region-partenaire-de-loperation-missingtype\/#breadcrumb\",\"itemListElement\":[{\"@type\":\"ListItem\",\"position\":1,\"name\":\"Home\",\"item\":\"https:\/\/vosgesinfo.fr\/saintdieinfo\/\"},{\"@type\":\"ListItem\",\"position\":2,\"name\":\"Don de sang : la R\u00e9gion partenaire de l\u2019op\u00e9ration #MissingType\"}]},{\"@type\":\"WebSite\",\"@id\":\"https:\/\/vosgesinfo.fr\/saintdieinfo\/#website\",\"url\":\"https:\/\/vosgesinfo.fr\/saintdieinfo\/\",\"name\":\"Saint Die Info\",\"description\":\"Toute l&#039;actualit\u00e9 de Saint-Di\u00e9-Des-Vosges\",\"publisher\":{\"@id\":\"https:\/\/vosgesinfo.fr\/saintdieinfo\/#organization\"},\"alternateName\":\"Toute l'actualit\u00e9 de Saint-Di\u00e9-Des-Vosges\",\"potentialAction\":[{\"@type\":\"SearchAction\",\"target\":{\"@type\":\"EntryPoint\",\"urlTemplate\":\"https:\/\/vosgesinfo.fr\/saintdieinfo\/?s={search_term_string}\"},\"query-input\":\"required name=search_term_string\"}],\"inLanguage\":\"fr-FR\"},{\"@type\":\"Organization\",\"@id\":\"https:\/\/vosgesinfo.fr\/saintdieinfo\/#organization\",\"name\":\"Saint Die Info\",\"url\":\"https:\/\/vosgesinfo.fr\/saintdieinfo\/\",\"logo\":{\"@type\":\"ImageObject\",\"inLanguage\":\"fr-FR\",\"@id\":\"https:\/\/vosgesinfo.fr\/saintdieinfo\/#\/schema\/logo\/image\/\",\"url\":\"https:\/\/vosgesinfo.fr\/app\/uploads\/sites\/4\/2024\/02\/logo-sdi.jpg\",\"contentUrl\":\"https:\/\/vosgesinfo.fr\/app\/uploads\/sites\/4\/2024\/02\/logo-sdi.jpg\",\"width\":600,\"height\":600,\"caption\":\"Saint Die Info\"},\"image\":{\"@id\":\"https:\/\/vosgesinfo.fr\/saintdieinfo\/#\/schema\/logo\/image\/\"},\"sameAs\":[\"https:\/\/www.facebook.com\/Saintdieinfofr\",\"https:\/\/x.com\/VosgesInfo88\",\"https:\/\/www.youtube.com\/@vosgesinfo\"]},{\"@type\":\"Person\",\"@id\":\"https:\/\/vosgesinfo.fr\/saintdieinfo\/#\/schema\/person\/faee6704a21f3977511db84bd1cd450f\",\"name\":\"la r\u00e9daction\",\"image\":{\"@type\":\"ImageObject\",\"inLanguage\":\"fr-FR\",\"@id\":\"https:\/\/vosgesinfo.fr\/saintdieinfo\/#\/schema\/person\/image\/\",\"url\":\"https:\/\/secure.gravatar.com\/avatar\/6673d8bc6a9c17fa9a453eaa3448de834fa308c2ec9635b7aa99441a7c8d2cf6?s=96&d=mm&r=g\",\"contentUrl\":\"https:\/\/secure.gravatar.com\/avatar\/6673d8bc6a9c17fa9a453eaa3448de834fa308c2ec9635b7aa99441a7c8d2cf6?s=96&d=mm&r=g\",\"caption\":\"la r\u00e9daction\"},\"url\":\"https:\/\/vosgesinfo.fr\/saintdieinfo\/author\/redac\/\"}]}<\/script>\n<!-- \/ Yoast SEO plugin. -->","yoast_head_json":{"title":"Don de sang : la R\u00e9gion partenaire de l\u2019op\u00e9ration #MissingType - Saint Die Info","robots":{"index":"index","follow":"follow","max-snippet":"max-snippet:-1","max-image-preview":"max-image-preview:large","max-video-preview":"max-video-preview:-1"},"canonical":"https:\/\/vosgesinfo.fr\/saintdieinfo\/2020\/01\/don-de-sang-region-partenaire-de-loperation-missingtype\/","twitter_card":"summary_large_image","twitter_title":"Don de sang : la R\u00e9gion partenaire de l\u2019op\u00e9ration #MissingType - Saint Die Info","twitter_description":"A l\u2019occasion de la nouvelle ann\u00e9e, l\u2019\u00c9tablissement fran\u00e7ais du sang (EFS) lance du 6 au 18 janvier 2020 la saison [&hellip;]","twitter_image":"https:\/\/vosgesinfo.fr\/app\/uploads\/sites\/4\/2024\/08\/202001missing-type-actu-don-sang-1.jpg","twitter_creator":"@VosgesInfo88","twitter_site":"@VosgesInfo88","twitter_misc":{"\u00c9crit par":"la r\u00e9daction","Dur\u00e9e de lecture estim\u00e9e":"1 minute"},"schema":{"@context":"https:\/\/schema.org","@graph":[{"@type":"Article","@id":"https:\/\/vosgesinfo.fr\/saintdieinfo\/2020\/01\/don-de-sang-region-partenaire-de-loperation-missingtype\/#article","isPartOf":{"@id":"https:\/\/vosgesinfo.fr\/saintdieinfo\/2020\/01\/don-de-sang-region-partenaire-de-loperation-missingtype\/"},"author":{"name":"la r\u00e9daction","@id":"https:\/\/vosgesinfo.fr\/saintdieinfo\/#\/schema\/person\/faee6704a21f3977511db84bd1cd450f"},"headline":"Don de sang : la R\u00e9gion partenaire de l\u2019op\u00e9ration #MissingType","datePublished":"2020-01-09T06:00:13+00:00","dateModified":"2020-01-09T06:00:13+00:00","mainEntityOfPage":{"@id":"https:\/\/vosgesinfo.fr\/saintdieinfo\/2020\/01\/don-de-sang-region-partenaire-de-loperation-missingtype\/"},"wordCount":134,"commentCount":0,"publisher":{"@id":"https:\/\/vosgesinfo.fr\/saintdieinfo\/#organization"},"image":{"@id":"https:\/\/vosgesinfo.fr\/saintdieinfo\/2020\/01\/don-de-sang-region-partenaire-de-loperation-missingtype\/#primaryimage"},"thumbnailUrl":"https:\/\/vosgesinfo.fr\/app\/uploads\/sites\/4\/2024\/08\/202001missing-type-actu-don-sang-1.jpg","keywords":["#MissingType","EFS Grand Est","Etablissement Fran\u00e7ais du Sang"],"articleSection":["A la Une","R\u00e9gion Grand Est","Sant\u00e9","Soci\u00e9t\u00e9"],"inLanguage":"fr-FR","potentialAction":[{"@type":"CommentAction","name":"Comment","target":["https:\/\/vosgesinfo.fr\/saintdieinfo\/2020\/01\/don-de-sang-region-partenaire-de-loperation-missingtype\/#respond"]}]},{"@type":"WebPage","@id":"https:\/\/vosgesinfo.fr\/saintdieinfo\/2020\/01\/don-de-sang-region-partenaire-de-loperation-missingtype\/","url":"https:\/\/vosgesinfo.fr\/saintdieinfo\/2020\/01\/don-de-sang-region-partenaire-de-loperation-missingtype\/","name":"Don de sang : la R\u00e9gion partenaire de l\u2019op\u00e9ration #MissingType - Saint Die Info","isPartOf":{"@id":"https:\/\/vosgesinfo.fr\/saintdieinfo\/#website"},"primaryImageOfPage":{"@id":"https:\/\/vosgesinfo.fr\/saintdieinfo\/2020\/01\/don-de-sang-region-partenaire-de-loperation-missingtype\/#primaryimage"},"image":{"@id":"https:\/\/vosgesinfo.fr\/saintdieinfo\/2020\/01\/don-de-sang-region-partenaire-de-loperation-missingtype\/#primaryimage"},"thumbnailUrl":"https:\/\/vosgesinfo.fr\/app\/uploads\/sites\/4\/2024\/08\/202001missing-type-actu-don-sang-1.jpg","datePublished":"2020-01-09T06:00:13+00:00","dateModified":"2020-01-09T06:00:13+00:00","breadcrumb":{"@id":"https:\/\/vosgesinfo.fr\/saintdieinfo\/2020\/01\/don-de-sang-region-partenaire-de-loperation-missingtype\/#breadcrumb"},"inLanguage":"fr-FR","potentialAction":[{"@type":"ReadAction","target":["https:\/\/vosgesinfo.fr\/saintdieinfo\/2020\/01\/don-de-sang-region-partenaire-de-loperation-missingtype\/"]}]},{"@type":"ImageObject","inLanguage":"fr-FR","@id":"https:\/\/vosgesinfo.fr\/saintdieinfo\/2020\/01\/don-de-sang-region-partenaire-de-loperation-missingtype\/#primaryimage","url":"https:\/\/vosgesinfo.fr\/app\/uploads\/sites\/4\/2024\/08\/202001missing-type-actu-don-sang-1.jpg","contentUrl":"https:\/\/vosgesinfo.fr\/app\/uploads\/sites\/4\/2024\/08\/202001missing-type-actu-don-sang-1.jpg","width":1570,"height":700},{"@type":"BreadcrumbList","@id":"https:\/\/vosgesinfo.fr\/saintdieinfo\/2020\/01\/don-de-sang-region-partenaire-de-loperation-missingtype\/#breadcrumb","itemListElement":[{"@type":"ListItem","position":1,"name":"Home","item":"https:\/\/vosgesinfo.fr\/saintdieinfo\/"},{"@type":"ListItem","position":2,"name":"Don de sang : la R\u00e9gion partenaire de l\u2019op\u00e9ration #MissingType"}]},{"@type":"WebSite","@id":"https:\/\/vosgesinfo.fr\/saintdieinfo\/#website","url":"https:\/\/vosgesinfo.fr\/saintdieinfo\/","name":"Saint Die Info","description":"Toute l&#039;actualit\u00e9 de Saint-Di\u00e9-Des-Vosges","publisher":{"@id":"https:\/\/vosgesinfo.fr\/saintdieinfo\/#organization"},"alternateName":"Toute l'actualit\u00e9 de Saint-Di\u00e9-Des-Vosges","potentialAction":[{"@type":"SearchAction","target":{"@type":"EntryPoint","urlTemplate":"https:\/\/vosgesinfo.fr\/saintdieinfo\/?s={search_term_string}"},"query-input":"required name=search_term_string"}],"inLanguage":"fr-FR"},{"@type":"Organization","@id":"https:\/\/vosgesinfo.fr\/saintdieinfo\/#organization","name":"Saint Die Info","url":"https:\/\/vosgesinfo.fr\/saintdieinfo\/","logo":{"@type":"ImageObject","inLanguage":"fr-FR","@id":"https:\/\/vosgesinfo.fr\/saintdieinfo\/#\/schema\/logo\/image\/","url":"https:\/\/vosgesinfo.fr\/app\/uploads\/sites\/4\/2024\/02\/logo-sdi.jpg","contentUrl":"https:\/\/vosgesinfo.fr\/app\/uploads\/sites\/4\/2024\/02\/logo-sdi.jpg","width":600,"height":600,"caption":"Saint Die Info"},"image":{"@id":"https:\/\/vosgesinfo.fr\/saintdieinfo\/#\/schema\/logo\/image\/"},"sameAs":["https:\/\/www.facebook.com\/Saintdieinfofr","https:\/\/x.com\/VosgesInfo88","https:\/\/www.youtube.com\/@vosgesinfo"]},{"@type":"Person","@id":"https:\/\/vosgesinfo.fr\/saintdieinfo\/#\/schema\/person\/faee6704a21f3977511db84bd1cd450f","name":"la r\u00e9daction","image":{"@type":"ImageObject","inLanguage":"fr-FR","@id":"https:\/\/vosgesinfo.fr\/saintdieinfo\/#\/schema\/person\/image\/","url":"https:\/\/secure.gravatar.com\/avatar\/6673d8bc6a9c17fa9a453eaa3448de834fa308c2ec9635b7aa99441a7c8d2cf6?s=96&d=mm&r=g","contentUrl":"https:\/\/secure.gravatar.com\/avatar\/6673d8bc6a9c17fa9a453eaa3448de834fa308c2ec9635b7aa99441a7c8d2cf6?s=96&d=mm&r=g","caption":"la r\u00e9daction"},"url":"https:\/\/vosgesinfo.fr\/saintdieinfo\/author\/redac\/"}]}},"_links":{"self":[{"href":"https:\/\/vosgesinfo.fr\/saintdieinfo\/wp-json\/wp\/v2\/posts\/38435","targetHints":{"allow":["GET"]}}],"collection":[{"href":"https:\/\/vosgesinfo.fr\/saintdieinfo\/wp-json\/wp\/v2\/posts"}],"about":[{"href":"https:\/\/vosgesinfo.fr\/saintdieinfo\/wp-json\/wp\/v2\/types\/post"}],"author":[{"embeddable":true,"href":"https:\/\/vosgesinfo.fr\/saintdieinfo\/wp-json\/wp\/v2\/users\/44"}],"replies":[{"embeddable":true,"href":"https:\/\/vosgesinfo.fr\/saintdieinfo\/wp-json\/wp\/v2\/comments?post=38435"}],"version-history":[{"count":0,"href":"https:\/\/vosgesinfo.fr\/saintdieinfo\/wp-json\/wp\/v2\/posts\/38435\/revisions"}],"wp:featuredmedia":[{"embeddable":true,"href":"https:\/\/vosgesinfo.fr\/saintdieinfo\/wp-json\/wp\/v2\/media\/38436"}],"wp:attachment":[{"href":"https:\/\/vosgesinfo.fr\/saintdieinfo\/wp-json\/wp\/v2\/media?parent=38435"}],"wp:term":[{"taxonomy":"category","embeddable":true,"href":"https:\/\/vosgesinfo.fr\/saintdieinfo\/wp-json\/wp\/v2\/categories?post=38435"},{"taxonomy":"post_tag","embeddable":true,"href":"https:\/\/vosgesinfo.fr\/saintdieinfo\/wp-json\/wp\/v2\/tags?post=38435"}],"curies":[{"name":"wp","href":"https:\/\/api.w.org\/{rel}","templated":true}]}}