{"id":38456,"date":"2020-01-09T11:00:45","date_gmt":"2020-01-09T10:00:45","guid":{"rendered":"https:\/\/vosgesinfo.fr\/saintdieinfo\/2020\/01\/ministre-jacqueline-gourault-presente-a-saint-die-vosges-demain-vendredi\/"},"modified":"2020-01-09T11:00:45","modified_gmt":"2020-01-09T10:00:45","slug":"ministre-jacqueline-gourault-presente-a-saint-die-vosges-demain-vendredi","status":"publish","type":"post","link":"https:\/\/vosgesinfo.fr\/saintdieinfo\/2020\/01\/ministre-jacqueline-gourault-presente-a-saint-die-vosges-demain-vendredi\/","title":{"rendered":"La ministre Jacqueline Gourault pr\u00e9sente \u00e0 Saint-Di\u00e9-Des-Vosges demain vendredi"},"content":{"rendered":"<div id=\"attachment_154664\" style=\"width: 313px\" class=\"wp-caption aligncenter\"><a href=\"\/2020\/01\/Jacqueline_Gourault.jpg\" target=\"_blank\" rel=\"noopener\"><img decoding=\"async\" aria-describedby=\"caption-attachment-154664\" class=\"wp-image-154664 size-medium\" src=\"\/2020\/01\/Jacqueline_Gourault-303x255.jpg\" alt=\"Jacqueline_Gourault\" width=\"303\" height=\"255\" \/><\/a><p id=\"caption-attachment-154664\" class=\"wp-caption-text\">La ministre Jacqueline Gourault. (Cr\u00e9dit photographique Wikipedia.org)<\/p><\/div>\n<h2><strong><span style=\"font-family: Calibri, sans-serif;\"><span style=\"font-size: large;\">Le Conseil National de la Montagne \u2013 CNM \u2013 se r\u00e9unira demain vendredi \u00e0 Saint-Di\u00e9-Des-Vosges, \u00e0 l&rsquo;Espace Fran\u00e7ois-Mitterrand. Jacqueline Gourault, ministre de la Coh\u00e9sion des territoires et des Relations avec les collectivit\u00e9s territoriales, pr\u00e9sidera ce rendez-vous annuel consacr\u00e9 au d\u00e9veloppement des territoires de montagne, qui devait initialement se tenir le 22 novembre dernier (<a href=\"https:\/\/saintdieinfo.fr\/2019\/11\/deux-ministres-deux-secretaires-detat-attendus-a-saint-die-vosges\/\" target=\"_blank\" rel=\"noopener\">lire notre pr\u00e9c\u00e9dent article<\/a>).<br \/>\n<\/span><\/span><\/strong><\/h2>\n<p><!--more--><\/p>\n<p><span style=\"font-family: Calibri, sans-serif;\"><span style=\"font-size: large;\">Compos\u00e9 de 80 membres et co-pr\u00e9sid\u00e9 par Jo\u00ebl Giraud, d\u00e9put\u00e9 LREM des Hautes-Alpes, ce CNM vosgien sera l\u2019occasion de faire le point sur les diff\u00e9rents travaux en cours de la commission permanente du CNM et des groupes de travail.<\/span><\/span><\/p>\n<p><span style=\"font-family: Calibri, sans-serif;\"><span style=\"font-size: large;\">La ministre reviendra, \u00e0 cette occasion, sur le projet de loi \u00ab D\u00e9centralisation, diff\u00e9renciation et d\u00e9concentration \u00bb, ainsi que sur le fonctionnement de l&rsquo;Agence nationale de la coh\u00e9sion des territoires, qui a vu le jour ce 1er janvier. Ce conseil sera \u00e9galement l\u2019occasion de pr\u00e9senter le contrat de r\u00e9ciprocit\u00e9 liant la m\u00e9tropole de Strasbourg, la ville de Saint-Di\u00e9 et la communaut\u00e9 de communes de la Vall\u00e9e de la Bruche dans le but de valoriser au mieux les ressources locales.<\/span><\/span><\/p>\n<p><a href=\"\/2020\/01\/Conseil_National_Montagne.jpg\" target=\"_blank\" rel=\"noopener\"><img decoding=\"async\" class=\"aligncenter wp-image-154663 size-full\" src=\"\/2020\/01\/Conseil_National_Montagne.jpg\" alt=\"Conseil_National_Montagne\" width=\"825\" height=\"346\" \/><\/a><\/p>\n","protected":false},"excerpt":{"rendered":"<p>Le Conseil National de la Montagne \u2013 CNM \u2013 se r\u00e9unira demain vendredi \u00e0 Saint-Di\u00e9-Des-Vosges, \u00e0 l&rsquo;Espace Fran\u00e7ois-Mitterrand. Jacqueline Gourault, [&hellip;]<\/p>\n","protected":false},"author":46,"featured_media":38457,"comment_status":"open","ping_status":"open","sticky":false,"template":"","format":"standard","meta":{"footnotes":""},"categories":[460,10,2915],"tags":[7587,3089,7588,7589],"class_list":["post-38456","post","type-post","status-publish","format-standard","has-post-thumbnail","hentry","category-a-la-une","category-politique","category-saint-die-son-canton","tag-conseil-national-de-la-montagne","tag-espace-francois-mitterrand","tag-jacqueline-gourault","tag-ministre-de-la-cohesion-des-territoires-et-des-collectivites-territoriales"],"acf":[],"yoast_head":"<!-- This site is optimized with the Yoast SEO plugin v22.5 - https:\/\/yoast.com\/wordpress\/plugins\/seo\/ -->\n<title>La ministre Jacqueline Gourault pr\u00e9sente \u00e0 Saint-Di\u00e9-Des-Vosges demain vendredi - Saint Die Info<\/title>\n<meta name=\"robots\" content=\"index, follow, max-snippet:-1, max-image-preview:large, max-video-preview:-1\" \/>\n<link rel=\"canonical\" href=\"https:\/\/vosgesinfo.fr\/saintdieinfo\/2020\/01\/ministre-jacqueline-gourault-presente-a-saint-die-vosges-demain-vendredi\/\" \/>\n<meta name=\"twitter:card\" content=\"summary_large_image\" \/>\n<meta name=\"twitter:title\" content=\"La ministre Jacqueline Gourault pr\u00e9sente \u00e0 Saint-Di\u00e9-Des-Vosges demain vendredi - Saint Die Info\" \/>\n<meta name=\"twitter:description\" content=\"Le Conseil National de la Montagne \u2013 CNM \u2013 se r\u00e9unira demain vendredi \u00e0 Saint-Di\u00e9-Des-Vosges, \u00e0 l&rsquo;Espace Fran\u00e7ois-Mitterrand. Jacqueline Gourault, [&hellip;]\" \/>\n<meta name=\"twitter:image\" content=\"https:\/\/vosgesinfo.fr\/app\/uploads\/sites\/4\/2024\/08\/202001jacqueline-gourault.jpg\" \/>\n<meta name=\"twitter:creator\" content=\"@VosgesInfo88\" \/>\n<meta name=\"twitter:site\" content=\"@VosgesInfo88\" \/>\n<meta name=\"twitter:label1\" content=\"\u00c9crit par\" \/>\n\t<meta name=\"twitter:data1\" content=\"J.J.\" \/>\n\t<meta name=\"twitter:label2\" content=\"Dur\u00e9e de lecture estim\u00e9e\" \/>\n\t<meta name=\"twitter:data2\" content=\"1 minute\" \/>\n<script type=\"application\/ld+json\" class=\"yoast-schema-graph\">{\"@context\":\"https:\/\/schema.org\",\"@graph\":[{\"@type\":\"Article\",\"@id\":\"https:\/\/vosgesinfo.fr\/saintdieinfo\/2020\/01\/ministre-jacqueline-gourault-presente-a-saint-die-vosges-demain-vendredi\/#article\",\"isPartOf\":{\"@id\":\"https:\/\/vosgesinfo.fr\/saintdieinfo\/2020\/01\/ministre-jacqueline-gourault-presente-a-saint-die-vosges-demain-vendredi\/\"},\"author\":{\"name\":\"J.J.\",\"@id\":\"https:\/\/vosgesinfo.fr\/saintdieinfo\/#\/schema\/person\/fa73e9f726d67bb88f46d5b7943cb572\"},\"headline\":\"La ministre Jacqueline Gourault pr\u00e9sente \u00e0 Saint-Di\u00e9-Des-Vosges demain vendredi\",\"datePublished\":\"2020-01-09T10:00:45+00:00\",\"dateModified\":\"2020-01-09T10:00:45+00:00\",\"mainEntityOfPage\":{\"@id\":\"https:\/\/vosgesinfo.fr\/saintdieinfo\/2020\/01\/ministre-jacqueline-gourault-presente-a-saint-die-vosges-demain-vendredi\/\"},\"wordCount\":217,\"commentCount\":0,\"publisher\":{\"@id\":\"https:\/\/vosgesinfo.fr\/saintdieinfo\/#organization\"},\"image\":{\"@id\":\"https:\/\/vosgesinfo.fr\/saintdieinfo\/2020\/01\/ministre-jacqueline-gourault-presente-a-saint-die-vosges-demain-vendredi\/#primaryimage\"},\"thumbnailUrl\":\"https:\/\/vosgesinfo.fr\/app\/uploads\/sites\/4\/2024\/08\/202001jacqueline-gourault.jpg\",\"keywords\":[\"Conseil National de la Montagne\",\"Espace Fran\u00e7ois-Mitterrand\",\"Jacqueline Gourault\",\"Ministre de la Coh\u00e9sion des Territoires et des Collectivit\u00e9s territoriales\"],\"articleSection\":[\"A la Une\",\"Politique\",\"Saint-Di\u00e9-des-Vosges et son Agglom\u00e9ration\"],\"inLanguage\":\"fr-FR\",\"potentialAction\":[{\"@type\":\"CommentAction\",\"name\":\"Comment\",\"target\":[\"https:\/\/vosgesinfo.fr\/saintdieinfo\/2020\/01\/ministre-jacqueline-gourault-presente-a-saint-die-vosges-demain-vendredi\/#respond\"]}]},{\"@type\":\"WebPage\",\"@id\":\"https:\/\/vosgesinfo.fr\/saintdieinfo\/2020\/01\/ministre-jacqueline-gourault-presente-a-saint-die-vosges-demain-vendredi\/\",\"url\":\"https:\/\/vosgesinfo.fr\/saintdieinfo\/2020\/01\/ministre-jacqueline-gourault-presente-a-saint-die-vosges-demain-vendredi\/\",\"name\":\"La ministre Jacqueline Gourault pr\u00e9sente \u00e0 Saint-Di\u00e9-Des-Vosges demain vendredi - Saint Die Info\",\"isPartOf\":{\"@id\":\"https:\/\/vosgesinfo.fr\/saintdieinfo\/#website\"},\"primaryImageOfPage\":{\"@id\":\"https:\/\/vosgesinfo.fr\/saintdieinfo\/2020\/01\/ministre-jacqueline-gourault-presente-a-saint-die-vosges-demain-vendredi\/#primaryimage\"},\"image\":{\"@id\":\"https:\/\/vosgesinfo.fr\/saintdieinfo\/2020\/01\/ministre-jacqueline-gourault-presente-a-saint-die-vosges-demain-vendredi\/#primaryimage\"},\"thumbnailUrl\":\"https:\/\/vosgesinfo.fr\/app\/uploads\/sites\/4\/2024\/08\/202001jacqueline-gourault.jpg\",\"datePublished\":\"2020-01-09T10:00:45+00:00\",\"dateModified\":\"2020-01-09T10:00:45+00:00\",\"breadcrumb\":{\"@id\":\"https:\/\/vosgesinfo.fr\/saintdieinfo\/2020\/01\/ministre-jacqueline-gourault-presente-a-saint-die-vosges-demain-vendredi\/#breadcrumb\"},\"inLanguage\":\"fr-FR\",\"potentialAction\":[{\"@type\":\"ReadAction\",\"target\":[\"https:\/\/vosgesinfo.fr\/saintdieinfo\/2020\/01\/ministre-jacqueline-gourault-presente-a-saint-die-vosges-demain-vendredi\/\"]}]},{\"@type\":\"ImageObject\",\"inLanguage\":\"fr-FR\",\"@id\":\"https:\/\/vosgesinfo.fr\/saintdieinfo\/2020\/01\/ministre-jacqueline-gourault-presente-a-saint-die-vosges-demain-vendredi\/#primaryimage\",\"url\":\"https:\/\/vosgesinfo.fr\/app\/uploads\/sites\/4\/2024\/08\/202001jacqueline-gourault.jpg\",\"contentUrl\":\"https:\/\/vosgesinfo.fr\/app\/uploads\/sites\/4\/2024\/08\/202001jacqueline-gourault.jpg\",\"width\":643,\"height\":541},{\"@type\":\"BreadcrumbList\",\"@id\":\"https:\/\/vosgesinfo.fr\/saintdieinfo\/2020\/01\/ministre-jacqueline-gourault-presente-a-saint-die-vosges-demain-vendredi\/#breadcrumb\",\"itemListElement\":[{\"@type\":\"ListItem\",\"position\":1,\"name\":\"Home\",\"item\":\"https:\/\/vosgesinfo.fr\/saintdieinfo\/\"},{\"@type\":\"ListItem\",\"position\":2,\"name\":\"La ministre Jacqueline Gourault pr\u00e9sente \u00e0 Saint-Di\u00e9-Des-Vosges demain vendredi\"}]},{\"@type\":\"WebSite\",\"@id\":\"https:\/\/vosgesinfo.fr\/saintdieinfo\/#website\",\"url\":\"https:\/\/vosgesinfo.fr\/saintdieinfo\/\",\"name\":\"Saint Die Info\",\"description\":\"Toute l&#039;actualit\u00e9 de Saint-Di\u00e9-Des-Vosges\",\"publisher\":{\"@id\":\"https:\/\/vosgesinfo.fr\/saintdieinfo\/#organization\"},\"alternateName\":\"Toute l'actualit\u00e9 de Saint-Di\u00e9-Des-Vosges\",\"potentialAction\":[{\"@type\":\"SearchAction\",\"target\":{\"@type\":\"EntryPoint\",\"urlTemplate\":\"https:\/\/vosgesinfo.fr\/saintdieinfo\/?s={search_term_string}\"},\"query-input\":\"required name=search_term_string\"}],\"inLanguage\":\"fr-FR\"},{\"@type\":\"Organization\",\"@id\":\"https:\/\/vosgesinfo.fr\/saintdieinfo\/#organization\",\"name\":\"Saint Die Info\",\"url\":\"https:\/\/vosgesinfo.fr\/saintdieinfo\/\",\"logo\":{\"@type\":\"ImageObject\",\"inLanguage\":\"fr-FR\",\"@id\":\"https:\/\/vosgesinfo.fr\/saintdieinfo\/#\/schema\/logo\/image\/\",\"url\":\"https:\/\/vosgesinfo.fr\/app\/uploads\/sites\/4\/2024\/02\/logo-sdi.jpg\",\"contentUrl\":\"https:\/\/vosgesinfo.fr\/app\/uploads\/sites\/4\/2024\/02\/logo-sdi.jpg\",\"width\":600,\"height\":600,\"caption\":\"Saint Die Info\"},\"image\":{\"@id\":\"https:\/\/vosgesinfo.fr\/saintdieinfo\/#\/schema\/logo\/image\/\"},\"sameAs\":[\"https:\/\/www.facebook.com\/Saintdieinfofr\",\"https:\/\/x.com\/VosgesInfo88\",\"https:\/\/www.youtube.com\/@vosgesinfo\"]},{\"@type\":\"Person\",\"@id\":\"https:\/\/vosgesinfo.fr\/saintdieinfo\/#\/schema\/person\/fa73e9f726d67bb88f46d5b7943cb572\",\"name\":\"J.J.\",\"image\":{\"@type\":\"ImageObject\",\"inLanguage\":\"fr-FR\",\"@id\":\"https:\/\/vosgesinfo.fr\/saintdieinfo\/#\/schema\/person\/image\/\",\"url\":\"https:\/\/secure.gravatar.com\/avatar\/219e749e47ffbcca018a360ae4add7d4cdf1cdaaf8bc7676b27efade3fe65615?s=96&d=mm&r=g\",\"contentUrl\":\"https:\/\/secure.gravatar.com\/avatar\/219e749e47ffbcca018a360ae4add7d4cdf1cdaaf8bc7676b27efade3fe65615?s=96&d=mm&r=g\",\"caption\":\"J.J.\"},\"url\":\"https:\/\/vosgesinfo.fr\/saintdieinfo\/author\/j-j\/\"}]}<\/script>\n<!-- \/ Yoast SEO plugin. -->","yoast_head_json":{"title":"La ministre Jacqueline Gourault pr\u00e9sente \u00e0 Saint-Di\u00e9-Des-Vosges demain vendredi - Saint Die Info","robots":{"index":"index","follow":"follow","max-snippet":"max-snippet:-1","max-image-preview":"max-image-preview:large","max-video-preview":"max-video-preview:-1"},"canonical":"https:\/\/vosgesinfo.fr\/saintdieinfo\/2020\/01\/ministre-jacqueline-gourault-presente-a-saint-die-vosges-demain-vendredi\/","twitter_card":"summary_large_image","twitter_title":"La ministre Jacqueline Gourault pr\u00e9sente \u00e0 Saint-Di\u00e9-Des-Vosges demain vendredi - Saint Die Info","twitter_description":"Le Conseil National de la Montagne \u2013 CNM \u2013 se r\u00e9unira demain vendredi \u00e0 Saint-Di\u00e9-Des-Vosges, \u00e0 l&rsquo;Espace Fran\u00e7ois-Mitterrand. Jacqueline Gourault, [&hellip;]","twitter_image":"https:\/\/vosgesinfo.fr\/app\/uploads\/sites\/4\/2024\/08\/202001jacqueline-gourault.jpg","twitter_creator":"@VosgesInfo88","twitter_site":"@VosgesInfo88","twitter_misc":{"\u00c9crit par":"J.J.","Dur\u00e9e de lecture estim\u00e9e":"1 minute"},"schema":{"@context":"https:\/\/schema.org","@graph":[{"@type":"Article","@id":"https:\/\/vosgesinfo.fr\/saintdieinfo\/2020\/01\/ministre-jacqueline-gourault-presente-a-saint-die-vosges-demain-vendredi\/#article","isPartOf":{"@id":"https:\/\/vosgesinfo.fr\/saintdieinfo\/2020\/01\/ministre-jacqueline-gourault-presente-a-saint-die-vosges-demain-vendredi\/"},"author":{"name":"J.J.","@id":"https:\/\/vosgesinfo.fr\/saintdieinfo\/#\/schema\/person\/fa73e9f726d67bb88f46d5b7943cb572"},"headline":"La ministre Jacqueline Gourault pr\u00e9sente \u00e0 Saint-Di\u00e9-Des-Vosges demain vendredi","datePublished":"2020-01-09T10:00:45+00:00","dateModified":"2020-01-09T10:00:45+00:00","mainEntityOfPage":{"@id":"https:\/\/vosgesinfo.fr\/saintdieinfo\/2020\/01\/ministre-jacqueline-gourault-presente-a-saint-die-vosges-demain-vendredi\/"},"wordCount":217,"commentCount":0,"publisher":{"@id":"https:\/\/vosgesinfo.fr\/saintdieinfo\/#organization"},"image":{"@id":"https:\/\/vosgesinfo.fr\/saintdieinfo\/2020\/01\/ministre-jacqueline-gourault-presente-a-saint-die-vosges-demain-vendredi\/#primaryimage"},"thumbnailUrl":"https:\/\/vosgesinfo.fr\/app\/uploads\/sites\/4\/2024\/08\/202001jacqueline-gourault.jpg","keywords":["Conseil National de la Montagne","Espace Fran\u00e7ois-Mitterrand","Jacqueline Gourault","Ministre de la Coh\u00e9sion des Territoires et des Collectivit\u00e9s territoriales"],"articleSection":["A la Une","Politique","Saint-Di\u00e9-des-Vosges et son Agglom\u00e9ration"],"inLanguage":"fr-FR","potentialAction":[{"@type":"CommentAction","name":"Comment","target":["https:\/\/vosgesinfo.fr\/saintdieinfo\/2020\/01\/ministre-jacqueline-gourault-presente-a-saint-die-vosges-demain-vendredi\/#respond"]}]},{"@type":"WebPage","@id":"https:\/\/vosgesinfo.fr\/saintdieinfo\/2020\/01\/ministre-jacqueline-gourault-presente-a-saint-die-vosges-demain-vendredi\/","url":"https:\/\/vosgesinfo.fr\/saintdieinfo\/2020\/01\/ministre-jacqueline-gourault-presente-a-saint-die-vosges-demain-vendredi\/","name":"La ministre Jacqueline Gourault pr\u00e9sente \u00e0 Saint-Di\u00e9-Des-Vosges demain vendredi - Saint Die Info","isPartOf":{"@id":"https:\/\/vosgesinfo.fr\/saintdieinfo\/#website"},"primaryImageOfPage":{"@id":"https:\/\/vosgesinfo.fr\/saintdieinfo\/2020\/01\/ministre-jacqueline-gourault-presente-a-saint-die-vosges-demain-vendredi\/#primaryimage"},"image":{"@id":"https:\/\/vosgesinfo.fr\/saintdieinfo\/2020\/01\/ministre-jacqueline-gourault-presente-a-saint-die-vosges-demain-vendredi\/#primaryimage"},"thumbnailUrl":"https:\/\/vosgesinfo.fr\/app\/uploads\/sites\/4\/2024\/08\/202001jacqueline-gourault.jpg","datePublished":"2020-01-09T10:00:45+00:00","dateModified":"2020-01-09T10:00:45+00:00","breadcrumb":{"@id":"https:\/\/vosgesinfo.fr\/saintdieinfo\/2020\/01\/ministre-jacqueline-gourault-presente-a-saint-die-vosges-demain-vendredi\/#breadcrumb"},"inLanguage":"fr-FR","potentialAction":[{"@type":"ReadAction","target":["https:\/\/vosgesinfo.fr\/saintdieinfo\/2020\/01\/ministre-jacqueline-gourault-presente-a-saint-die-vosges-demain-vendredi\/"]}]},{"@type":"ImageObject","inLanguage":"fr-FR","@id":"https:\/\/vosgesinfo.fr\/saintdieinfo\/2020\/01\/ministre-jacqueline-gourault-presente-a-saint-die-vosges-demain-vendredi\/#primaryimage","url":"https:\/\/vosgesinfo.fr\/app\/uploads\/sites\/4\/2024\/08\/202001jacqueline-gourault.jpg","contentUrl":"https:\/\/vosgesinfo.fr\/app\/uploads\/sites\/4\/2024\/08\/202001jacqueline-gourault.jpg","width":643,"height":541},{"@type":"BreadcrumbList","@id":"https:\/\/vosgesinfo.fr\/saintdieinfo\/2020\/01\/ministre-jacqueline-gourault-presente-a-saint-die-vosges-demain-vendredi\/#breadcrumb","itemListElement":[{"@type":"ListItem","position":1,"name":"Home","item":"https:\/\/vosgesinfo.fr\/saintdieinfo\/"},{"@type":"ListItem","position":2,"name":"La ministre Jacqueline Gourault pr\u00e9sente \u00e0 Saint-Di\u00e9-Des-Vosges demain vendredi"}]},{"@type":"WebSite","@id":"https:\/\/vosgesinfo.fr\/saintdieinfo\/#website","url":"https:\/\/vosgesinfo.fr\/saintdieinfo\/","name":"Saint Die Info","description":"Toute l&#039;actualit\u00e9 de Saint-Di\u00e9-Des-Vosges","publisher":{"@id":"https:\/\/vosgesinfo.fr\/saintdieinfo\/#organization"},"alternateName":"Toute l'actualit\u00e9 de Saint-Di\u00e9-Des-Vosges","potentialAction":[{"@type":"SearchAction","target":{"@type":"EntryPoint","urlTemplate":"https:\/\/vosgesinfo.fr\/saintdieinfo\/?s={search_term_string}"},"query-input":"required name=search_term_string"}],"inLanguage":"fr-FR"},{"@type":"Organization","@id":"https:\/\/vosgesinfo.fr\/saintdieinfo\/#organization","name":"Saint Die Info","url":"https:\/\/vosgesinfo.fr\/saintdieinfo\/","logo":{"@type":"ImageObject","inLanguage":"fr-FR","@id":"https:\/\/vosgesinfo.fr\/saintdieinfo\/#\/schema\/logo\/image\/","url":"https:\/\/vosgesinfo.fr\/app\/uploads\/sites\/4\/2024\/02\/logo-sdi.jpg","contentUrl":"https:\/\/vosgesinfo.fr\/app\/uploads\/sites\/4\/2024\/02\/logo-sdi.jpg","width":600,"height":600,"caption":"Saint Die Info"},"image":{"@id":"https:\/\/vosgesinfo.fr\/saintdieinfo\/#\/schema\/logo\/image\/"},"sameAs":["https:\/\/www.facebook.com\/Saintdieinfofr","https:\/\/x.com\/VosgesInfo88","https:\/\/www.youtube.com\/@vosgesinfo"]},{"@type":"Person","@id":"https:\/\/vosgesinfo.fr\/saintdieinfo\/#\/schema\/person\/fa73e9f726d67bb88f46d5b7943cb572","name":"J.J.","image":{"@type":"ImageObject","inLanguage":"fr-FR","@id":"https:\/\/vosgesinfo.fr\/saintdieinfo\/#\/schema\/person\/image\/","url":"https:\/\/secure.gravatar.com\/avatar\/219e749e47ffbcca018a360ae4add7d4cdf1cdaaf8bc7676b27efade3fe65615?s=96&d=mm&r=g","contentUrl":"https:\/\/secure.gravatar.com\/avatar\/219e749e47ffbcca018a360ae4add7d4cdf1cdaaf8bc7676b27efade3fe65615?s=96&d=mm&r=g","caption":"J.J."},"url":"https:\/\/vosgesinfo.fr\/saintdieinfo\/author\/j-j\/"}]}},"_links":{"self":[{"href":"https:\/\/vosgesinfo.fr\/saintdieinfo\/wp-json\/wp\/v2\/posts\/38456","targetHints":{"allow":["GET"]}}],"collection":[{"href":"https:\/\/vosgesinfo.fr\/saintdieinfo\/wp-json\/wp\/v2\/posts"}],"about":[{"href":"https:\/\/vosgesinfo.fr\/saintdieinfo\/wp-json\/wp\/v2\/types\/post"}],"author":[{"embeddable":true,"href":"https:\/\/vosgesinfo.fr\/saintdieinfo\/wp-json\/wp\/v2\/users\/46"}],"replies":[{"embeddable":true,"href":"https:\/\/vosgesinfo.fr\/saintdieinfo\/wp-json\/wp\/v2\/comments?post=38456"}],"version-history":[{"count":0,"href":"https:\/\/vosgesinfo.fr\/saintdieinfo\/wp-json\/wp\/v2\/posts\/38456\/revisions"}],"wp:featuredmedia":[{"embeddable":true,"href":"https:\/\/vosgesinfo.fr\/saintdieinfo\/wp-json\/wp\/v2\/media\/38457"}],"wp:attachment":[{"href":"https:\/\/vosgesinfo.fr\/saintdieinfo\/wp-json\/wp\/v2\/media?parent=38456"}],"wp:term":[{"taxonomy":"category","embeddable":true,"href":"https:\/\/vosgesinfo.fr\/saintdieinfo\/wp-json\/wp\/v2\/categories?post=38456"},{"taxonomy":"post_tag","embeddable":true,"href":"https:\/\/vosgesinfo.fr\/saintdieinfo\/wp-json\/wp\/v2\/tags?post=38456"}],"curies":[{"name":"wp","href":"https:\/\/api.w.org\/{rel}","templated":true}]}}