{"id":38479,"date":"2020-01-10T05:30:50","date_gmt":"2020-01-10T04:30:50","guid":{"rendered":"https:\/\/vosgesinfo.fr\/saintdieinfo\/2020\/01\/vosges-nettoyage-de-printemps-on-y-pense-2-2\/"},"modified":"2020-01-10T05:30:50","modified_gmt":"2020-01-10T04:30:50","slug":"vosges-nettoyage-de-printemps-on-y-pense-2-2","status":"publish","type":"post","link":"https:\/\/vosgesinfo.fr\/saintdieinfo\/2020\/01\/vosges-nettoyage-de-printemps-on-y-pense-2-2\/","title":{"rendered":"Vosges \u2013 Le nettoyage de printemps, on y pense maintenant !"},"content":{"rendered":"<div id=\"attachment_154697\" style=\"width: 970px\" class=\"wp-caption aligncenter\"><a href=\"\/2020\/01\/chantiernettoyage1.jpg\" target=\"_blank\" rel=\"noopener\"><img decoding=\"async\" aria-describedby=\"caption-attachment-154697\" class=\"wp-image-154697 size-large\" src=\"\/2020\/01\/chantiernettoyage1-1024x576.jpg\" alt=\"chantiernettoyage1\" width=\"960\" height=\"540\" \/><\/a><p id=\"caption-attachment-154697\" class=\"wp-caption-text\">(Cr\u00e9dit photographique Conseil D\u00e9partemental des Vosges)<\/p><\/div>\n<h2><span style=\"font-size: 14pt;\"><strong>Chaque ann\u00e9e, dans les Vosges, d\u00e8s le printemps revenu, associations, communes, \u00e9tablissements scolaires, entreprises se mobilisent pour le grand nettoyage de printemps. Vous souhaitez rejoindre ce grand mouvement \u00e9co-citoyen et faire un geste concret en faveur de l\u2019environnement\u00a0? Inscrivez-vous d\u00e8s maintenant pour participer aux prochains chantiers de nettoyage. Le Conseil d\u00e9partemental vous fournit le mat\u00e9riel n\u00e9cessaire.<\/strong><\/span><\/h2>\n<p><!--more--><\/p>\n<p>Initi\u00e9s par le Conseil d\u00e9partemental en 2006 et inscrits dans le plan <a href=\"http:\/\/www.vosges.fr\/dispositifs\/transition-ecologique\/articleid\/1740\/chantier-de-nettoyage\" target=\"_blank\" rel=\"noopener\">Vosges Ambition de Transition Ecologique<\/a>, ces chantiers de nettoyage sont aujourd\u2019hui devenus des rendez-vous incontournables des printemps vosgiens\u2026 Pr\u00e8s de 4 500 adultes et enfants y participent chaque ann\u00e9e et contribuent en toute convivialit\u00e9 \u00e0 rendre la nature plus belle, plus propre, plus accueillante. Gr\u00e2ce \u00e0 eux, chaque ann\u00e9e, plusieurs tonnes de d\u00e9chets sont ramass\u00e9es dans les for\u00eats, les rivi\u00e8res, au c\u0153ur des villages, dans les quartiers et surtout le long des routes\u2026<\/p>\n<p><strong>Les organisateurs <\/strong>(association, collectivit\u00e9s, \u00e9tablissement scolaire, entreprise) <strong>choisissent librement la date et le lieu de leur chantier<\/strong>. Et pour le mettre en place, peuvent b\u00e9n\u00e9ficier du soutien du <strong>Conseil d\u00e9partemental qui leur fournit le mat\u00e9riel n\u00e9cessaire <\/strong>(gants, sacs poubelles, gilets de s\u00e9curit\u00e9 pour les enfants, affiches et flyers de communication).<br \/>\n<strong>Pour en b\u00e9n\u00e9ficier, inscrivez-vous \u00a0<a href=\"http:\/\/www.vosges.fr\/dispositifs\/transition-ecologique\/articleid\/1740\/chantier-de-nettoyage\" target=\"_blank\" rel=\"noopener\">ici <\/a>\u00a0d\u00e8s aujourd\u2019hui et avant le 8 mars<\/strong><br \/>\nLe mat\u00e9riel pourra \u00eatre retir\u00e9 fin mars dans les centres d\u2019exploitation des routes.<\/p>\n<h3><span class=\"marker\"><strong>Les chantiers de nettoyage en chiffres *<\/strong><\/span><\/h3>\n<ul>\n<li><span class=\"marker\"> Pr\u00e8s de 4500 participants mobilis\u00e9s parmi lesquels 2400 enfants;<\/span><\/li>\n<li><span class=\"marker\">30% de nouvelles structures impliqu\u00e9es;<\/span><\/li>\n<li><span class=\"marker\">84 projets initi\u00e9s en majorit\u00e9 par les collectivit\u00e9s (54%) et les associations (37%).<br \/>\n* Ann\u00e9e 2019<\/span><\/li>\n<\/ul>\n<p>Source : <a href=\"http:\/\/www.vosgesmag.fr\" target=\"_blank\" rel=\"noopener\">www.vosgesmag.fr<\/a><\/p>\n","protected":false},"excerpt":{"rendered":"<p>Chaque ann\u00e9e, dans les Vosges, d\u00e8s le printemps revenu, associations, communes, \u00e9tablissements scolaires, entreprises se mobilisent pour le grand nettoyage [&hellip;]<\/p>\n","protected":false},"author":44,"featured_media":38480,"comment_status":"open","ping_status":"open","sticky":false,"template":"","format":"standard","meta":{"footnotes":""},"categories":[460,18],"tags":[529,5739,7599],"class_list":["post-38479","post","type-post","status-publish","format-standard","has-post-thumbnail","hentry","category-a-la-une","category-vosges","tag-conseil-departemental-des-vosges","tag-nettoyage-de-printemps","tag-vosges-ambition-de-transition-ecologique"],"acf":[],"yoast_head":"<!-- This site is optimized with the Yoast SEO plugin v22.5 - https:\/\/yoast.com\/wordpress\/plugins\/seo\/ -->\n<title>Vosges \u2013 Le nettoyage de printemps, on y pense maintenant ! - Saint Die Info<\/title>\n<meta name=\"robots\" content=\"index, follow, max-snippet:-1, max-image-preview:large, max-video-preview:-1\" \/>\n<link rel=\"canonical\" href=\"https:\/\/vosgesinfo.fr\/saintdieinfo\/2020\/01\/vosges-nettoyage-de-printemps-on-y-pense-2-2\/\" \/>\n<meta name=\"twitter:card\" content=\"summary_large_image\" \/>\n<meta name=\"twitter:title\" content=\"Vosges \u2013 Le nettoyage de printemps, on y pense maintenant ! - Saint Die Info\" \/>\n<meta name=\"twitter:description\" content=\"Chaque ann\u00e9e, dans les Vosges, d\u00e8s le printemps revenu, associations, communes, \u00e9tablissements scolaires, entreprises se mobilisent pour le grand nettoyage [&hellip;]\" \/>\n<meta name=\"twitter:image\" content=\"https:\/\/vosgesinfo.fr\/app\/uploads\/sites\/4\/2024\/08\/202001chantiernettoyage1.jpg\" \/>\n<meta name=\"twitter:creator\" content=\"@VosgesInfo88\" \/>\n<meta name=\"twitter:site\" content=\"@VosgesInfo88\" \/>\n<meta name=\"twitter:label1\" content=\"\u00c9crit par\" \/>\n\t<meta name=\"twitter:data1\" content=\"la r\u00e9daction\" \/>\n\t<meta name=\"twitter:label2\" content=\"Dur\u00e9e de lecture estim\u00e9e\" \/>\n\t<meta name=\"twitter:data2\" content=\"1 minute\" \/>\n<script type=\"application\/ld+json\" class=\"yoast-schema-graph\">{\"@context\":\"https:\/\/schema.org\",\"@graph\":[{\"@type\":\"Article\",\"@id\":\"https:\/\/vosgesinfo.fr\/saintdieinfo\/2020\/01\/vosges-nettoyage-de-printemps-on-y-pense-2-2\/#article\",\"isPartOf\":{\"@id\":\"https:\/\/vosgesinfo.fr\/saintdieinfo\/2020\/01\/vosges-nettoyage-de-printemps-on-y-pense-2-2\/\"},\"author\":{\"name\":\"la r\u00e9daction\",\"@id\":\"https:\/\/vosgesinfo.fr\/saintdieinfo\/#\/schema\/person\/faee6704a21f3977511db84bd1cd450f\"},\"headline\":\"Vosges \u2013 Le nettoyage de printemps, on y pense maintenant !\",\"datePublished\":\"2020-01-10T04:30:50+00:00\",\"dateModified\":\"2020-01-10T04:30:50+00:00\",\"mainEntityOfPage\":{\"@id\":\"https:\/\/vosgesinfo.fr\/saintdieinfo\/2020\/01\/vosges-nettoyage-de-printemps-on-y-pense-2-2\/\"},\"wordCount\":304,\"commentCount\":0,\"publisher\":{\"@id\":\"https:\/\/vosgesinfo.fr\/saintdieinfo\/#organization\"},\"image\":{\"@id\":\"https:\/\/vosgesinfo.fr\/saintdieinfo\/2020\/01\/vosges-nettoyage-de-printemps-on-y-pense-2-2\/#primaryimage\"},\"thumbnailUrl\":\"https:\/\/vosgesinfo.fr\/app\/uploads\/sites\/4\/2024\/08\/202001chantiernettoyage1.jpg\",\"keywords\":[\"Conseil d\u00e9partemental des Vosges\",\"Nettoyage de printemps\",\"Vosges Ambition de Transition Ecologique\"],\"articleSection\":[\"A la Une\",\"Vosges\"],\"inLanguage\":\"fr-FR\",\"potentialAction\":[{\"@type\":\"CommentAction\",\"name\":\"Comment\",\"target\":[\"https:\/\/vosgesinfo.fr\/saintdieinfo\/2020\/01\/vosges-nettoyage-de-printemps-on-y-pense-2-2\/#respond\"]}]},{\"@type\":\"WebPage\",\"@id\":\"https:\/\/vosgesinfo.fr\/saintdieinfo\/2020\/01\/vosges-nettoyage-de-printemps-on-y-pense-2-2\/\",\"url\":\"https:\/\/vosgesinfo.fr\/saintdieinfo\/2020\/01\/vosges-nettoyage-de-printemps-on-y-pense-2-2\/\",\"name\":\"Vosges \u2013 Le nettoyage de printemps, on y pense maintenant ! - Saint Die Info\",\"isPartOf\":{\"@id\":\"https:\/\/vosgesinfo.fr\/saintdieinfo\/#website\"},\"primaryImageOfPage\":{\"@id\":\"https:\/\/vosgesinfo.fr\/saintdieinfo\/2020\/01\/vosges-nettoyage-de-printemps-on-y-pense-2-2\/#primaryimage\"},\"image\":{\"@id\":\"https:\/\/vosgesinfo.fr\/saintdieinfo\/2020\/01\/vosges-nettoyage-de-printemps-on-y-pense-2-2\/#primaryimage\"},\"thumbnailUrl\":\"https:\/\/vosgesinfo.fr\/app\/uploads\/sites\/4\/2024\/08\/202001chantiernettoyage1.jpg\",\"datePublished\":\"2020-01-10T04:30:50+00:00\",\"dateModified\":\"2020-01-10T04:30:50+00:00\",\"breadcrumb\":{\"@id\":\"https:\/\/vosgesinfo.fr\/saintdieinfo\/2020\/01\/vosges-nettoyage-de-printemps-on-y-pense-2-2\/#breadcrumb\"},\"inLanguage\":\"fr-FR\",\"potentialAction\":[{\"@type\":\"ReadAction\",\"target\":[\"https:\/\/vosgesinfo.fr\/saintdieinfo\/2020\/01\/vosges-nettoyage-de-printemps-on-y-pense-2-2\/\"]}]},{\"@type\":\"ImageObject\",\"inLanguage\":\"fr-FR\",\"@id\":\"https:\/\/vosgesinfo.fr\/saintdieinfo\/2020\/01\/vosges-nettoyage-de-printemps-on-y-pense-2-2\/#primaryimage\",\"url\":\"https:\/\/vosgesinfo.fr\/app\/uploads\/sites\/4\/2024\/08\/202001chantiernettoyage1.jpg\",\"contentUrl\":\"https:\/\/vosgesinfo.fr\/app\/uploads\/sites\/4\/2024\/08\/202001chantiernettoyage1.jpg\",\"width\":1600,\"height\":900},{\"@type\":\"BreadcrumbList\",\"@id\":\"https:\/\/vosgesinfo.fr\/saintdieinfo\/2020\/01\/vosges-nettoyage-de-printemps-on-y-pense-2-2\/#breadcrumb\",\"itemListElement\":[{\"@type\":\"ListItem\",\"position\":1,\"name\":\"Home\",\"item\":\"https:\/\/vosgesinfo.fr\/saintdieinfo\/\"},{\"@type\":\"ListItem\",\"position\":2,\"name\":\"Vosges \u2013 Le nettoyage de printemps, on y pense maintenant !\"}]},{\"@type\":\"WebSite\",\"@id\":\"https:\/\/vosgesinfo.fr\/saintdieinfo\/#website\",\"url\":\"https:\/\/vosgesinfo.fr\/saintdieinfo\/\",\"name\":\"Saint Die Info\",\"description\":\"Toute l&#039;actualit\u00e9 de Saint-Di\u00e9-Des-Vosges\",\"publisher\":{\"@id\":\"https:\/\/vosgesinfo.fr\/saintdieinfo\/#organization\"},\"alternateName\":\"Toute l'actualit\u00e9 de Saint-Di\u00e9-Des-Vosges\",\"potentialAction\":[{\"@type\":\"SearchAction\",\"target\":{\"@type\":\"EntryPoint\",\"urlTemplate\":\"https:\/\/vosgesinfo.fr\/saintdieinfo\/?s={search_term_string}\"},\"query-input\":\"required name=search_term_string\"}],\"inLanguage\":\"fr-FR\"},{\"@type\":\"Organization\",\"@id\":\"https:\/\/vosgesinfo.fr\/saintdieinfo\/#organization\",\"name\":\"Saint Die Info\",\"url\":\"https:\/\/vosgesinfo.fr\/saintdieinfo\/\",\"logo\":{\"@type\":\"ImageObject\",\"inLanguage\":\"fr-FR\",\"@id\":\"https:\/\/vosgesinfo.fr\/saintdieinfo\/#\/schema\/logo\/image\/\",\"url\":\"https:\/\/vosgesinfo.fr\/app\/uploads\/sites\/4\/2024\/02\/logo-sdi.jpg\",\"contentUrl\":\"https:\/\/vosgesinfo.fr\/app\/uploads\/sites\/4\/2024\/02\/logo-sdi.jpg\",\"width\":600,\"height\":600,\"caption\":\"Saint Die Info\"},\"image\":{\"@id\":\"https:\/\/vosgesinfo.fr\/saintdieinfo\/#\/schema\/logo\/image\/\"},\"sameAs\":[\"https:\/\/www.facebook.com\/Saintdieinfofr\",\"https:\/\/x.com\/VosgesInfo88\",\"https:\/\/www.youtube.com\/@vosgesinfo\"]},{\"@type\":\"Person\",\"@id\":\"https:\/\/vosgesinfo.fr\/saintdieinfo\/#\/schema\/person\/faee6704a21f3977511db84bd1cd450f\",\"name\":\"la r\u00e9daction\",\"image\":{\"@type\":\"ImageObject\",\"inLanguage\":\"fr-FR\",\"@id\":\"https:\/\/vosgesinfo.fr\/saintdieinfo\/#\/schema\/person\/image\/\",\"url\":\"https:\/\/secure.gravatar.com\/avatar\/6673d8bc6a9c17fa9a453eaa3448de834fa308c2ec9635b7aa99441a7c8d2cf6?s=96&d=mm&r=g\",\"contentUrl\":\"https:\/\/secure.gravatar.com\/avatar\/6673d8bc6a9c17fa9a453eaa3448de834fa308c2ec9635b7aa99441a7c8d2cf6?s=96&d=mm&r=g\",\"caption\":\"la r\u00e9daction\"},\"url\":\"https:\/\/vosgesinfo.fr\/saintdieinfo\/author\/redac\/\"}]}<\/script>\n<!-- \/ Yoast SEO plugin. -->","yoast_head_json":{"title":"Vosges \u2013 Le nettoyage de printemps, on y pense maintenant ! - Saint Die Info","robots":{"index":"index","follow":"follow","max-snippet":"max-snippet:-1","max-image-preview":"max-image-preview:large","max-video-preview":"max-video-preview:-1"},"canonical":"https:\/\/vosgesinfo.fr\/saintdieinfo\/2020\/01\/vosges-nettoyage-de-printemps-on-y-pense-2-2\/","twitter_card":"summary_large_image","twitter_title":"Vosges \u2013 Le nettoyage de printemps, on y pense maintenant ! - Saint Die Info","twitter_description":"Chaque ann\u00e9e, dans les Vosges, d\u00e8s le printemps revenu, associations, communes, \u00e9tablissements scolaires, entreprises se mobilisent pour le grand nettoyage [&hellip;]","twitter_image":"https:\/\/vosgesinfo.fr\/app\/uploads\/sites\/4\/2024\/08\/202001chantiernettoyage1.jpg","twitter_creator":"@VosgesInfo88","twitter_site":"@VosgesInfo88","twitter_misc":{"\u00c9crit par":"la r\u00e9daction","Dur\u00e9e de lecture estim\u00e9e":"1 minute"},"schema":{"@context":"https:\/\/schema.org","@graph":[{"@type":"Article","@id":"https:\/\/vosgesinfo.fr\/saintdieinfo\/2020\/01\/vosges-nettoyage-de-printemps-on-y-pense-2-2\/#article","isPartOf":{"@id":"https:\/\/vosgesinfo.fr\/saintdieinfo\/2020\/01\/vosges-nettoyage-de-printemps-on-y-pense-2-2\/"},"author":{"name":"la r\u00e9daction","@id":"https:\/\/vosgesinfo.fr\/saintdieinfo\/#\/schema\/person\/faee6704a21f3977511db84bd1cd450f"},"headline":"Vosges \u2013 Le nettoyage de printemps, on y pense maintenant !","datePublished":"2020-01-10T04:30:50+00:00","dateModified":"2020-01-10T04:30:50+00:00","mainEntityOfPage":{"@id":"https:\/\/vosgesinfo.fr\/saintdieinfo\/2020\/01\/vosges-nettoyage-de-printemps-on-y-pense-2-2\/"},"wordCount":304,"commentCount":0,"publisher":{"@id":"https:\/\/vosgesinfo.fr\/saintdieinfo\/#organization"},"image":{"@id":"https:\/\/vosgesinfo.fr\/saintdieinfo\/2020\/01\/vosges-nettoyage-de-printemps-on-y-pense-2-2\/#primaryimage"},"thumbnailUrl":"https:\/\/vosgesinfo.fr\/app\/uploads\/sites\/4\/2024\/08\/202001chantiernettoyage1.jpg","keywords":["Conseil d\u00e9partemental des Vosges","Nettoyage de printemps","Vosges Ambition de Transition Ecologique"],"articleSection":["A la Une","Vosges"],"inLanguage":"fr-FR","potentialAction":[{"@type":"CommentAction","name":"Comment","target":["https:\/\/vosgesinfo.fr\/saintdieinfo\/2020\/01\/vosges-nettoyage-de-printemps-on-y-pense-2-2\/#respond"]}]},{"@type":"WebPage","@id":"https:\/\/vosgesinfo.fr\/saintdieinfo\/2020\/01\/vosges-nettoyage-de-printemps-on-y-pense-2-2\/","url":"https:\/\/vosgesinfo.fr\/saintdieinfo\/2020\/01\/vosges-nettoyage-de-printemps-on-y-pense-2-2\/","name":"Vosges \u2013 Le nettoyage de printemps, on y pense maintenant ! - Saint Die Info","isPartOf":{"@id":"https:\/\/vosgesinfo.fr\/saintdieinfo\/#website"},"primaryImageOfPage":{"@id":"https:\/\/vosgesinfo.fr\/saintdieinfo\/2020\/01\/vosges-nettoyage-de-printemps-on-y-pense-2-2\/#primaryimage"},"image":{"@id":"https:\/\/vosgesinfo.fr\/saintdieinfo\/2020\/01\/vosges-nettoyage-de-printemps-on-y-pense-2-2\/#primaryimage"},"thumbnailUrl":"https:\/\/vosgesinfo.fr\/app\/uploads\/sites\/4\/2024\/08\/202001chantiernettoyage1.jpg","datePublished":"2020-01-10T04:30:50+00:00","dateModified":"2020-01-10T04:30:50+00:00","breadcrumb":{"@id":"https:\/\/vosgesinfo.fr\/saintdieinfo\/2020\/01\/vosges-nettoyage-de-printemps-on-y-pense-2-2\/#breadcrumb"},"inLanguage":"fr-FR","potentialAction":[{"@type":"ReadAction","target":["https:\/\/vosgesinfo.fr\/saintdieinfo\/2020\/01\/vosges-nettoyage-de-printemps-on-y-pense-2-2\/"]}]},{"@type":"ImageObject","inLanguage":"fr-FR","@id":"https:\/\/vosgesinfo.fr\/saintdieinfo\/2020\/01\/vosges-nettoyage-de-printemps-on-y-pense-2-2\/#primaryimage","url":"https:\/\/vosgesinfo.fr\/app\/uploads\/sites\/4\/2024\/08\/202001chantiernettoyage1.jpg","contentUrl":"https:\/\/vosgesinfo.fr\/app\/uploads\/sites\/4\/2024\/08\/202001chantiernettoyage1.jpg","width":1600,"height":900},{"@type":"BreadcrumbList","@id":"https:\/\/vosgesinfo.fr\/saintdieinfo\/2020\/01\/vosges-nettoyage-de-printemps-on-y-pense-2-2\/#breadcrumb","itemListElement":[{"@type":"ListItem","position":1,"name":"Home","item":"https:\/\/vosgesinfo.fr\/saintdieinfo\/"},{"@type":"ListItem","position":2,"name":"Vosges \u2013 Le nettoyage de printemps, on y pense maintenant !"}]},{"@type":"WebSite","@id":"https:\/\/vosgesinfo.fr\/saintdieinfo\/#website","url":"https:\/\/vosgesinfo.fr\/saintdieinfo\/","name":"Saint Die Info","description":"Toute l&#039;actualit\u00e9 de Saint-Di\u00e9-Des-Vosges","publisher":{"@id":"https:\/\/vosgesinfo.fr\/saintdieinfo\/#organization"},"alternateName":"Toute l'actualit\u00e9 de Saint-Di\u00e9-Des-Vosges","potentialAction":[{"@type":"SearchAction","target":{"@type":"EntryPoint","urlTemplate":"https:\/\/vosgesinfo.fr\/saintdieinfo\/?s={search_term_string}"},"query-input":"required name=search_term_string"}],"inLanguage":"fr-FR"},{"@type":"Organization","@id":"https:\/\/vosgesinfo.fr\/saintdieinfo\/#organization","name":"Saint Die Info","url":"https:\/\/vosgesinfo.fr\/saintdieinfo\/","logo":{"@type":"ImageObject","inLanguage":"fr-FR","@id":"https:\/\/vosgesinfo.fr\/saintdieinfo\/#\/schema\/logo\/image\/","url":"https:\/\/vosgesinfo.fr\/app\/uploads\/sites\/4\/2024\/02\/logo-sdi.jpg","contentUrl":"https:\/\/vosgesinfo.fr\/app\/uploads\/sites\/4\/2024\/02\/logo-sdi.jpg","width":600,"height":600,"caption":"Saint Die Info"},"image":{"@id":"https:\/\/vosgesinfo.fr\/saintdieinfo\/#\/schema\/logo\/image\/"},"sameAs":["https:\/\/www.facebook.com\/Saintdieinfofr","https:\/\/x.com\/VosgesInfo88","https:\/\/www.youtube.com\/@vosgesinfo"]},{"@type":"Person","@id":"https:\/\/vosgesinfo.fr\/saintdieinfo\/#\/schema\/person\/faee6704a21f3977511db84bd1cd450f","name":"la r\u00e9daction","image":{"@type":"ImageObject","inLanguage":"fr-FR","@id":"https:\/\/vosgesinfo.fr\/saintdieinfo\/#\/schema\/person\/image\/","url":"https:\/\/secure.gravatar.com\/avatar\/6673d8bc6a9c17fa9a453eaa3448de834fa308c2ec9635b7aa99441a7c8d2cf6?s=96&d=mm&r=g","contentUrl":"https:\/\/secure.gravatar.com\/avatar\/6673d8bc6a9c17fa9a453eaa3448de834fa308c2ec9635b7aa99441a7c8d2cf6?s=96&d=mm&r=g","caption":"la r\u00e9daction"},"url":"https:\/\/vosgesinfo.fr\/saintdieinfo\/author\/redac\/"}]}},"_links":{"self":[{"href":"https:\/\/vosgesinfo.fr\/saintdieinfo\/wp-json\/wp\/v2\/posts\/38479","targetHints":{"allow":["GET"]}}],"collection":[{"href":"https:\/\/vosgesinfo.fr\/saintdieinfo\/wp-json\/wp\/v2\/posts"}],"about":[{"href":"https:\/\/vosgesinfo.fr\/saintdieinfo\/wp-json\/wp\/v2\/types\/post"}],"author":[{"embeddable":true,"href":"https:\/\/vosgesinfo.fr\/saintdieinfo\/wp-json\/wp\/v2\/users\/44"}],"replies":[{"embeddable":true,"href":"https:\/\/vosgesinfo.fr\/saintdieinfo\/wp-json\/wp\/v2\/comments?post=38479"}],"version-history":[{"count":0,"href":"https:\/\/vosgesinfo.fr\/saintdieinfo\/wp-json\/wp\/v2\/posts\/38479\/revisions"}],"wp:featuredmedia":[{"embeddable":true,"href":"https:\/\/vosgesinfo.fr\/saintdieinfo\/wp-json\/wp\/v2\/media\/38480"}],"wp:attachment":[{"href":"https:\/\/vosgesinfo.fr\/saintdieinfo\/wp-json\/wp\/v2\/media?parent=38479"}],"wp:term":[{"taxonomy":"category","embeddable":true,"href":"https:\/\/vosgesinfo.fr\/saintdieinfo\/wp-json\/wp\/v2\/categories?post=38479"},{"taxonomy":"post_tag","embeddable":true,"href":"https:\/\/vosgesinfo.fr\/saintdieinfo\/wp-json\/wp\/v2\/tags?post=38479"}],"curies":[{"name":"wp","href":"https:\/\/api.w.org\/{rel}","templated":true}]}}