{"id":38545,"date":"2020-01-14T09:00:35","date_gmt":"2020-01-14T08:00:35","guid":{"rendered":"https:\/\/vosgesinfo.fr\/saintdieinfo\/2020\/01\/residence-jules-ferry-toit-vosgien-france-2\/"},"modified":"2020-01-14T09:00:35","modified_gmt":"2020-01-14T08:00:35","slug":"residence-jules-ferry-toit-vosgien-france-2","status":"publish","type":"post","link":"https:\/\/vosgesinfo.fr\/saintdieinfo\/2020\/01\/residence-jules-ferry-toit-vosgien-france-2\/","title":{"rendered":"La r\u00e9sidence Jules-Ferry du Toit Vosgien sur France 2"},"content":{"rendered":"<div id=\"attachment_154809\" style=\"width: 1010px\" class=\"wp-caption aligncenter\"><a href=\"\/2020\/01\/Le_Toit_Vosgien_Tout_Compte_Fait_France_2.jpg\" target=\"_blank\" rel=\"noopener\"><img decoding=\"async\" aria-describedby=\"caption-attachment-154809\" class=\"wp-image-154809 size-full\" src=\"\/2020\/01\/Le_Toit_Vosgien_Tout_Compte_Fait_France_2.jpg\" alt=\"Le_Toit_Vosgien_Tout_Compte_Fait_France_2\" width=\"1000\" height=\"571\" \/><\/a><p id=\"caption-attachment-154809\" class=\"wp-caption-text\">(Capture d&rsquo;\u00e9cran France 2)<\/p><\/div>\n<h2><strong><span style=\"font-family: Calibri, sans-serif;\"><span style=\"font-size: large;\">Dans son \u00e9mission du samedi 11 janvier, le magazine \u00ab\u00a0Tout compte fait\u00a0\u00bb diffus\u00e9 sur France 2 s&rsquo;est pench\u00e9 sur le th\u00e8me de la maison \u00ab\u00a0z\u00e9ro facture\u00a0\u00bb&#8230; et tout particuli\u00e8rement sur les maisons en bois ou structure bois.<\/span><\/span><\/strong><\/h2>\n<p><!--more--><\/p>\n<p><span style=\"font-family: Calibri, sans-serif;\"><span style=\"font-size: large;\">A la 23\u00e8me minute du reportage, un coup de projecteur est mis sur la r\u00e9sidence Jules-Ferry du Toit Vosgien. D&rsquo;une conception unique au monde, la r\u00e9sidence d\u00e9odatienne, situ\u00e9e rue du Breuil, a notamment int\u00e9ress\u00e9 nos voisins allemands de Fribourg-en-Brisgau en vue de la construction d&rsquo;un nouveau quartier, baptis\u00e9 \u00ab\u00a0Dietenbach\u00a0\u00bb (<a href=\"https:\/\/saintdieinfo.fr\/2019\/11\/fribourg-brisgau-vient-sinspirer-a-saint-die-vosges\/\" target=\"_blank\" rel=\"noopener\"><strong>lire notre pr\u00e9c\u00e9dent article<\/strong><\/a>).<\/span><\/span><\/p>\n<p><span style=\"font-family: Calibri, sans-serif;\"><span style=\"font-size: large;\">Pour rappel, la r\u00e9sidence Jules-Ferry se compose de 2 b\u00e2timents dits passifs construits avec des mat\u00e9riaux biosourc\u00e9s, dont le bilan carbone de la construction est positif. Chacun des 26 appartements dispose ainsi d&rsquo;une double VCM collective, d&rsquo;eau chaude solaire, de la g\u00e9othermie et d&rsquo;un affichage instantan\u00e9 de la consommation. Le tout en sachant que la chaleur des eaux us\u00e9es est r\u00e9cup\u00e9r\u00e9e pour \u00eatre ensuite transform\u00e9e en \u00e9nergie, et le tout en sachant qu&rsquo;une centrale double flux collective \u00e0 haut rendement permet de recycler les calories de l&rsquo;ensemble des logements, et ce \u00e0 hauteur de 80%.<\/span><\/span><\/p>\n<p><span style=\"font-family: Calibri, sans-serif;\"><span style=\"font-size: large;\">Le replay de l&rsquo;\u00e9mission est disponible sur <a href=\"https:\/\/www.france.tv\/france-2\/tout-compte-fait\/1143637-comment-se-chauffer-econome-et-ecolo-la-maison-zero-facture.html\" target=\"_blank\" rel=\"noopener\"><strong>le site de France T\u00e9l\u00e9visions<\/strong><\/a> jusqu&rsquo;\u00e0 samedi.<\/span><\/span><\/p>\n<p>J.J.<\/p>\n","protected":false},"excerpt":{"rendered":"<p>Dans son \u00e9mission du samedi 11 janvier, le magazine \u00ab\u00a0Tout compte fait\u00a0\u00bb diffus\u00e9 sur France 2 s&rsquo;est pench\u00e9 sur le [&hellip;]<\/p>\n","protected":false},"author":46,"featured_media":38546,"comment_status":"open","ping_status":"open","sticky":false,"template":"","format":"standard","meta":{"footnotes":""},"categories":[460,2915],"tags":[2053,3712,7625,3467,7626],"class_list":["post-38545","post","type-post","status-publish","format-standard","has-post-thumbnail","hentry","category-a-la-une","category-saint-die-son-canton","tag-france-2","tag-france-televisions","tag-residence-jules-ferry","tag-toit-vosgien","tag-tout-compte-fait"],"acf":[],"yoast_head":"<!-- This site is optimized with the Yoast SEO plugin v22.5 - https:\/\/yoast.com\/wordpress\/plugins\/seo\/ -->\n<title>La r\u00e9sidence Jules-Ferry du Toit Vosgien sur France 2 - Saint Die Info<\/title>\n<meta name=\"robots\" content=\"index, follow, max-snippet:-1, max-image-preview:large, max-video-preview:-1\" \/>\n<link rel=\"canonical\" href=\"https:\/\/vosgesinfo.fr\/saintdieinfo\/2020\/01\/residence-jules-ferry-toit-vosgien-france-2\/\" \/>\n<meta name=\"twitter:card\" content=\"summary_large_image\" \/>\n<meta name=\"twitter:title\" content=\"La r\u00e9sidence Jules-Ferry du Toit Vosgien sur France 2 - Saint Die Info\" \/>\n<meta name=\"twitter:description\" content=\"Dans son \u00e9mission du samedi 11 janvier, le magazine \u00ab\u00a0Tout compte fait\u00a0\u00bb diffus\u00e9 sur France 2 s&rsquo;est pench\u00e9 sur le [&hellip;]\" \/>\n<meta name=\"twitter:image\" content=\"https:\/\/vosgesinfo.fr\/app\/uploads\/sites\/4\/2024\/08\/202001le-toit-vosgien-tout-compte-fait-france-2.jpg\" \/>\n<meta name=\"twitter:creator\" content=\"@VosgesInfo88\" \/>\n<meta name=\"twitter:site\" content=\"@VosgesInfo88\" \/>\n<meta name=\"twitter:label1\" content=\"\u00c9crit par\" \/>\n\t<meta name=\"twitter:data1\" content=\"J.J.\" \/>\n\t<meta name=\"twitter:label2\" content=\"Dur\u00e9e de lecture estim\u00e9e\" \/>\n\t<meta name=\"twitter:data2\" content=\"1 minute\" \/>\n<script type=\"application\/ld+json\" class=\"yoast-schema-graph\">{\"@context\":\"https:\/\/schema.org\",\"@graph\":[{\"@type\":\"Article\",\"@id\":\"https:\/\/vosgesinfo.fr\/saintdieinfo\/2020\/01\/residence-jules-ferry-toit-vosgien-france-2\/#article\",\"isPartOf\":{\"@id\":\"https:\/\/vosgesinfo.fr\/saintdieinfo\/2020\/01\/residence-jules-ferry-toit-vosgien-france-2\/\"},\"author\":{\"name\":\"J.J.\",\"@id\":\"https:\/\/vosgesinfo.fr\/saintdieinfo\/#\/schema\/person\/fa73e9f726d67bb88f46d5b7943cb572\"},\"headline\":\"La r\u00e9sidence Jules-Ferry du Toit Vosgien sur France 2\",\"datePublished\":\"2020-01-14T08:00:35+00:00\",\"dateModified\":\"2020-01-14T08:00:35+00:00\",\"mainEntityOfPage\":{\"@id\":\"https:\/\/vosgesinfo.fr\/saintdieinfo\/2020\/01\/residence-jules-ferry-toit-vosgien-france-2\/\"},\"wordCount\":245,\"commentCount\":0,\"publisher\":{\"@id\":\"https:\/\/vosgesinfo.fr\/saintdieinfo\/#organization\"},\"image\":{\"@id\":\"https:\/\/vosgesinfo.fr\/saintdieinfo\/2020\/01\/residence-jules-ferry-toit-vosgien-france-2\/#primaryimage\"},\"thumbnailUrl\":\"https:\/\/vosgesinfo.fr\/app\/uploads\/sites\/4\/2024\/08\/202001le-toit-vosgien-tout-compte-fait-france-2.jpg\",\"keywords\":[\"france 2\",\"France T\u00e9l\u00e9visions\",\"R\u00e9sidence Jules-Ferry\",\"Toit Vosgien\",\"Tout compte fait\"],\"articleSection\":[\"A la Une\",\"Saint-Di\u00e9-des-Vosges et son Agglom\u00e9ration\"],\"inLanguage\":\"fr-FR\",\"potentialAction\":[{\"@type\":\"CommentAction\",\"name\":\"Comment\",\"target\":[\"https:\/\/vosgesinfo.fr\/saintdieinfo\/2020\/01\/residence-jules-ferry-toit-vosgien-france-2\/#respond\"]}]},{\"@type\":\"WebPage\",\"@id\":\"https:\/\/vosgesinfo.fr\/saintdieinfo\/2020\/01\/residence-jules-ferry-toit-vosgien-france-2\/\",\"url\":\"https:\/\/vosgesinfo.fr\/saintdieinfo\/2020\/01\/residence-jules-ferry-toit-vosgien-france-2\/\",\"name\":\"La r\u00e9sidence Jules-Ferry du Toit Vosgien sur France 2 - Saint Die Info\",\"isPartOf\":{\"@id\":\"https:\/\/vosgesinfo.fr\/saintdieinfo\/#website\"},\"primaryImageOfPage\":{\"@id\":\"https:\/\/vosgesinfo.fr\/saintdieinfo\/2020\/01\/residence-jules-ferry-toit-vosgien-france-2\/#primaryimage\"},\"image\":{\"@id\":\"https:\/\/vosgesinfo.fr\/saintdieinfo\/2020\/01\/residence-jules-ferry-toit-vosgien-france-2\/#primaryimage\"},\"thumbnailUrl\":\"https:\/\/vosgesinfo.fr\/app\/uploads\/sites\/4\/2024\/08\/202001le-toit-vosgien-tout-compte-fait-france-2.jpg\",\"datePublished\":\"2020-01-14T08:00:35+00:00\",\"dateModified\":\"2020-01-14T08:00:35+00:00\",\"breadcrumb\":{\"@id\":\"https:\/\/vosgesinfo.fr\/saintdieinfo\/2020\/01\/residence-jules-ferry-toit-vosgien-france-2\/#breadcrumb\"},\"inLanguage\":\"fr-FR\",\"potentialAction\":[{\"@type\":\"ReadAction\",\"target\":[\"https:\/\/vosgesinfo.fr\/saintdieinfo\/2020\/01\/residence-jules-ferry-toit-vosgien-france-2\/\"]}]},{\"@type\":\"ImageObject\",\"inLanguage\":\"fr-FR\",\"@id\":\"https:\/\/vosgesinfo.fr\/saintdieinfo\/2020\/01\/residence-jules-ferry-toit-vosgien-france-2\/#primaryimage\",\"url\":\"https:\/\/vosgesinfo.fr\/app\/uploads\/sites\/4\/2024\/08\/202001le-toit-vosgien-tout-compte-fait-france-2.jpg\",\"contentUrl\":\"https:\/\/vosgesinfo.fr\/app\/uploads\/sites\/4\/2024\/08\/202001le-toit-vosgien-tout-compte-fait-france-2.jpg\",\"width\":1000,\"height\":571},{\"@type\":\"BreadcrumbList\",\"@id\":\"https:\/\/vosgesinfo.fr\/saintdieinfo\/2020\/01\/residence-jules-ferry-toit-vosgien-france-2\/#breadcrumb\",\"itemListElement\":[{\"@type\":\"ListItem\",\"position\":1,\"name\":\"Home\",\"item\":\"https:\/\/vosgesinfo.fr\/saintdieinfo\/\"},{\"@type\":\"ListItem\",\"position\":2,\"name\":\"La r\u00e9sidence Jules-Ferry du Toit Vosgien sur France 2\"}]},{\"@type\":\"WebSite\",\"@id\":\"https:\/\/vosgesinfo.fr\/saintdieinfo\/#website\",\"url\":\"https:\/\/vosgesinfo.fr\/saintdieinfo\/\",\"name\":\"Saint Die Info\",\"description\":\"Toute l&#039;actualit\u00e9 de Saint-Di\u00e9-Des-Vosges\",\"publisher\":{\"@id\":\"https:\/\/vosgesinfo.fr\/saintdieinfo\/#organization\"},\"alternateName\":\"Toute l'actualit\u00e9 de Saint-Di\u00e9-Des-Vosges\",\"potentialAction\":[{\"@type\":\"SearchAction\",\"target\":{\"@type\":\"EntryPoint\",\"urlTemplate\":\"https:\/\/vosgesinfo.fr\/saintdieinfo\/?s={search_term_string}\"},\"query-input\":\"required name=search_term_string\"}],\"inLanguage\":\"fr-FR\"},{\"@type\":\"Organization\",\"@id\":\"https:\/\/vosgesinfo.fr\/saintdieinfo\/#organization\",\"name\":\"Saint Die Info\",\"url\":\"https:\/\/vosgesinfo.fr\/saintdieinfo\/\",\"logo\":{\"@type\":\"ImageObject\",\"inLanguage\":\"fr-FR\",\"@id\":\"https:\/\/vosgesinfo.fr\/saintdieinfo\/#\/schema\/logo\/image\/\",\"url\":\"https:\/\/vosgesinfo.fr\/app\/uploads\/sites\/4\/2024\/02\/logo-sdi.jpg\",\"contentUrl\":\"https:\/\/vosgesinfo.fr\/app\/uploads\/sites\/4\/2024\/02\/logo-sdi.jpg\",\"width\":600,\"height\":600,\"caption\":\"Saint Die Info\"},\"image\":{\"@id\":\"https:\/\/vosgesinfo.fr\/saintdieinfo\/#\/schema\/logo\/image\/\"},\"sameAs\":[\"https:\/\/www.facebook.com\/Saintdieinfofr\",\"https:\/\/x.com\/VosgesInfo88\",\"https:\/\/www.youtube.com\/@vosgesinfo\"]},{\"@type\":\"Person\",\"@id\":\"https:\/\/vosgesinfo.fr\/saintdieinfo\/#\/schema\/person\/fa73e9f726d67bb88f46d5b7943cb572\",\"name\":\"J.J.\",\"image\":{\"@type\":\"ImageObject\",\"inLanguage\":\"fr-FR\",\"@id\":\"https:\/\/vosgesinfo.fr\/saintdieinfo\/#\/schema\/person\/image\/\",\"url\":\"https:\/\/secure.gravatar.com\/avatar\/219e749e47ffbcca018a360ae4add7d4cdf1cdaaf8bc7676b27efade3fe65615?s=96&d=mm&r=g\",\"contentUrl\":\"https:\/\/secure.gravatar.com\/avatar\/219e749e47ffbcca018a360ae4add7d4cdf1cdaaf8bc7676b27efade3fe65615?s=96&d=mm&r=g\",\"caption\":\"J.J.\"},\"url\":\"https:\/\/vosgesinfo.fr\/saintdieinfo\/author\/j-j\/\"}]}<\/script>\n<!-- \/ Yoast SEO plugin. -->","yoast_head_json":{"title":"La r\u00e9sidence Jules-Ferry du Toit Vosgien sur France 2 - Saint Die Info","robots":{"index":"index","follow":"follow","max-snippet":"max-snippet:-1","max-image-preview":"max-image-preview:large","max-video-preview":"max-video-preview:-1"},"canonical":"https:\/\/vosgesinfo.fr\/saintdieinfo\/2020\/01\/residence-jules-ferry-toit-vosgien-france-2\/","twitter_card":"summary_large_image","twitter_title":"La r\u00e9sidence Jules-Ferry du Toit Vosgien sur France 2 - Saint Die Info","twitter_description":"Dans son \u00e9mission du samedi 11 janvier, le magazine \u00ab\u00a0Tout compte fait\u00a0\u00bb diffus\u00e9 sur France 2 s&rsquo;est pench\u00e9 sur le [&hellip;]","twitter_image":"https:\/\/vosgesinfo.fr\/app\/uploads\/sites\/4\/2024\/08\/202001le-toit-vosgien-tout-compte-fait-france-2.jpg","twitter_creator":"@VosgesInfo88","twitter_site":"@VosgesInfo88","twitter_misc":{"\u00c9crit par":"J.J.","Dur\u00e9e de lecture estim\u00e9e":"1 minute"},"schema":{"@context":"https:\/\/schema.org","@graph":[{"@type":"Article","@id":"https:\/\/vosgesinfo.fr\/saintdieinfo\/2020\/01\/residence-jules-ferry-toit-vosgien-france-2\/#article","isPartOf":{"@id":"https:\/\/vosgesinfo.fr\/saintdieinfo\/2020\/01\/residence-jules-ferry-toit-vosgien-france-2\/"},"author":{"name":"J.J.","@id":"https:\/\/vosgesinfo.fr\/saintdieinfo\/#\/schema\/person\/fa73e9f726d67bb88f46d5b7943cb572"},"headline":"La r\u00e9sidence Jules-Ferry du Toit Vosgien sur France 2","datePublished":"2020-01-14T08:00:35+00:00","dateModified":"2020-01-14T08:00:35+00:00","mainEntityOfPage":{"@id":"https:\/\/vosgesinfo.fr\/saintdieinfo\/2020\/01\/residence-jules-ferry-toit-vosgien-france-2\/"},"wordCount":245,"commentCount":0,"publisher":{"@id":"https:\/\/vosgesinfo.fr\/saintdieinfo\/#organization"},"image":{"@id":"https:\/\/vosgesinfo.fr\/saintdieinfo\/2020\/01\/residence-jules-ferry-toit-vosgien-france-2\/#primaryimage"},"thumbnailUrl":"https:\/\/vosgesinfo.fr\/app\/uploads\/sites\/4\/2024\/08\/202001le-toit-vosgien-tout-compte-fait-france-2.jpg","keywords":["france 2","France T\u00e9l\u00e9visions","R\u00e9sidence Jules-Ferry","Toit Vosgien","Tout compte fait"],"articleSection":["A la Une","Saint-Di\u00e9-des-Vosges et son Agglom\u00e9ration"],"inLanguage":"fr-FR","potentialAction":[{"@type":"CommentAction","name":"Comment","target":["https:\/\/vosgesinfo.fr\/saintdieinfo\/2020\/01\/residence-jules-ferry-toit-vosgien-france-2\/#respond"]}]},{"@type":"WebPage","@id":"https:\/\/vosgesinfo.fr\/saintdieinfo\/2020\/01\/residence-jules-ferry-toit-vosgien-france-2\/","url":"https:\/\/vosgesinfo.fr\/saintdieinfo\/2020\/01\/residence-jules-ferry-toit-vosgien-france-2\/","name":"La r\u00e9sidence Jules-Ferry du Toit Vosgien sur France 2 - Saint Die Info","isPartOf":{"@id":"https:\/\/vosgesinfo.fr\/saintdieinfo\/#website"},"primaryImageOfPage":{"@id":"https:\/\/vosgesinfo.fr\/saintdieinfo\/2020\/01\/residence-jules-ferry-toit-vosgien-france-2\/#primaryimage"},"image":{"@id":"https:\/\/vosgesinfo.fr\/saintdieinfo\/2020\/01\/residence-jules-ferry-toit-vosgien-france-2\/#primaryimage"},"thumbnailUrl":"https:\/\/vosgesinfo.fr\/app\/uploads\/sites\/4\/2024\/08\/202001le-toit-vosgien-tout-compte-fait-france-2.jpg","datePublished":"2020-01-14T08:00:35+00:00","dateModified":"2020-01-14T08:00:35+00:00","breadcrumb":{"@id":"https:\/\/vosgesinfo.fr\/saintdieinfo\/2020\/01\/residence-jules-ferry-toit-vosgien-france-2\/#breadcrumb"},"inLanguage":"fr-FR","potentialAction":[{"@type":"ReadAction","target":["https:\/\/vosgesinfo.fr\/saintdieinfo\/2020\/01\/residence-jules-ferry-toit-vosgien-france-2\/"]}]},{"@type":"ImageObject","inLanguage":"fr-FR","@id":"https:\/\/vosgesinfo.fr\/saintdieinfo\/2020\/01\/residence-jules-ferry-toit-vosgien-france-2\/#primaryimage","url":"https:\/\/vosgesinfo.fr\/app\/uploads\/sites\/4\/2024\/08\/202001le-toit-vosgien-tout-compte-fait-france-2.jpg","contentUrl":"https:\/\/vosgesinfo.fr\/app\/uploads\/sites\/4\/2024\/08\/202001le-toit-vosgien-tout-compte-fait-france-2.jpg","width":1000,"height":571},{"@type":"BreadcrumbList","@id":"https:\/\/vosgesinfo.fr\/saintdieinfo\/2020\/01\/residence-jules-ferry-toit-vosgien-france-2\/#breadcrumb","itemListElement":[{"@type":"ListItem","position":1,"name":"Home","item":"https:\/\/vosgesinfo.fr\/saintdieinfo\/"},{"@type":"ListItem","position":2,"name":"La r\u00e9sidence Jules-Ferry du Toit Vosgien sur France 2"}]},{"@type":"WebSite","@id":"https:\/\/vosgesinfo.fr\/saintdieinfo\/#website","url":"https:\/\/vosgesinfo.fr\/saintdieinfo\/","name":"Saint Die Info","description":"Toute l&#039;actualit\u00e9 de Saint-Di\u00e9-Des-Vosges","publisher":{"@id":"https:\/\/vosgesinfo.fr\/saintdieinfo\/#organization"},"alternateName":"Toute l'actualit\u00e9 de Saint-Di\u00e9-Des-Vosges","potentialAction":[{"@type":"SearchAction","target":{"@type":"EntryPoint","urlTemplate":"https:\/\/vosgesinfo.fr\/saintdieinfo\/?s={search_term_string}"},"query-input":"required name=search_term_string"}],"inLanguage":"fr-FR"},{"@type":"Organization","@id":"https:\/\/vosgesinfo.fr\/saintdieinfo\/#organization","name":"Saint Die Info","url":"https:\/\/vosgesinfo.fr\/saintdieinfo\/","logo":{"@type":"ImageObject","inLanguage":"fr-FR","@id":"https:\/\/vosgesinfo.fr\/saintdieinfo\/#\/schema\/logo\/image\/","url":"https:\/\/vosgesinfo.fr\/app\/uploads\/sites\/4\/2024\/02\/logo-sdi.jpg","contentUrl":"https:\/\/vosgesinfo.fr\/app\/uploads\/sites\/4\/2024\/02\/logo-sdi.jpg","width":600,"height":600,"caption":"Saint Die Info"},"image":{"@id":"https:\/\/vosgesinfo.fr\/saintdieinfo\/#\/schema\/logo\/image\/"},"sameAs":["https:\/\/www.facebook.com\/Saintdieinfofr","https:\/\/x.com\/VosgesInfo88","https:\/\/www.youtube.com\/@vosgesinfo"]},{"@type":"Person","@id":"https:\/\/vosgesinfo.fr\/saintdieinfo\/#\/schema\/person\/fa73e9f726d67bb88f46d5b7943cb572","name":"J.J.","image":{"@type":"ImageObject","inLanguage":"fr-FR","@id":"https:\/\/vosgesinfo.fr\/saintdieinfo\/#\/schema\/person\/image\/","url":"https:\/\/secure.gravatar.com\/avatar\/219e749e47ffbcca018a360ae4add7d4cdf1cdaaf8bc7676b27efade3fe65615?s=96&d=mm&r=g","contentUrl":"https:\/\/secure.gravatar.com\/avatar\/219e749e47ffbcca018a360ae4add7d4cdf1cdaaf8bc7676b27efade3fe65615?s=96&d=mm&r=g","caption":"J.J."},"url":"https:\/\/vosgesinfo.fr\/saintdieinfo\/author\/j-j\/"}]}},"_links":{"self":[{"href":"https:\/\/vosgesinfo.fr\/saintdieinfo\/wp-json\/wp\/v2\/posts\/38545","targetHints":{"allow":["GET"]}}],"collection":[{"href":"https:\/\/vosgesinfo.fr\/saintdieinfo\/wp-json\/wp\/v2\/posts"}],"about":[{"href":"https:\/\/vosgesinfo.fr\/saintdieinfo\/wp-json\/wp\/v2\/types\/post"}],"author":[{"embeddable":true,"href":"https:\/\/vosgesinfo.fr\/saintdieinfo\/wp-json\/wp\/v2\/users\/46"}],"replies":[{"embeddable":true,"href":"https:\/\/vosgesinfo.fr\/saintdieinfo\/wp-json\/wp\/v2\/comments?post=38545"}],"version-history":[{"count":0,"href":"https:\/\/vosgesinfo.fr\/saintdieinfo\/wp-json\/wp\/v2\/posts\/38545\/revisions"}],"wp:featuredmedia":[{"embeddable":true,"href":"https:\/\/vosgesinfo.fr\/saintdieinfo\/wp-json\/wp\/v2\/media\/38546"}],"wp:attachment":[{"href":"https:\/\/vosgesinfo.fr\/saintdieinfo\/wp-json\/wp\/v2\/media?parent=38545"}],"wp:term":[{"taxonomy":"category","embeddable":true,"href":"https:\/\/vosgesinfo.fr\/saintdieinfo\/wp-json\/wp\/v2\/categories?post=38545"},{"taxonomy":"post_tag","embeddable":true,"href":"https:\/\/vosgesinfo.fr\/saintdieinfo\/wp-json\/wp\/v2\/tags?post=38545"}],"curies":[{"name":"wp","href":"https:\/\/api.w.org\/{rel}","templated":true}]}}