{"id":38547,"date":"2020-01-14T08:30:24","date_gmt":"2020-01-14T07:30:24","guid":{"rendered":"https:\/\/vosgesinfo.fr\/saintdieinfo\/2020\/01\/etat-civil-3-11-janvier-2020\/"},"modified":"2020-01-14T08:30:24","modified_gmt":"2020-01-14T07:30:24","slug":"etat-civil-3-11-janvier-2020","status":"publish","type":"post","link":"https:\/\/vosgesinfo.fr\/saintdieinfo\/2020\/01\/etat-civil-3-11-janvier-2020\/","title":{"rendered":"Etat-civil du 3 au 11 janvier 2020"},"content":{"rendered":"<h3><strong><span style=\"font-family: Calibri, sans-serif;\"><span style=\"font-size: large;\">Naissances<\/span><\/span><\/strong><\/h3>\n<ul>\n<li lang=\"fr-FR\"><span style=\"font-family: Calibri, sans-serif;\"><span style=\"font-size: large;\">Chlo\u00e9 SAINT-DIZIER, n\u00e9e le 03\/01\/2020 \u00e0 Saint-Di\u00e9-des-Vosges \u2013 domicili\u00e9e \u00e0 Saulcy-sur-Meurthe, 4 rue Ren\u00e9-Fonck.<\/span><\/span><\/li>\n<li lang=\"fr-FR\"><span style=\"font-family: Calibri, sans-serif;\"><span style=\"font-size: large;\">Aur\u00e8le PECHEUR, n\u00e9 le 06\/01\/2020 \u00e0 Saint-Di\u00e9-des-Vosges \u2013 domicili\u00e9 \u00e0 Raon-l\u2019\u00c9tape, 2 rue des Grandes Hi\u00e8res.<\/span><\/span><\/li>\n<li lang=\"fr-FR\"><span style=\"font-family: Calibri, sans-serif;\"><span style=\"font-size: large;\">Gabriel KECH, n\u00e9 le 06\/01\/2020 \u00e0 Saint-Di\u00e9-des-Vosges \u2013 domicili\u00e9 \u00e0 Mandray, 840 rue de la Basse Mandray.<\/span><\/span><\/li>\n<li lang=\"fr-FR\"><span style=\"font-family: Calibri, sans-serif;\"><span style=\"font-size: large;\">Abigail PRADEL VASSEUR, n\u00e9e le 07\/01\/2020 \u00e0 Saint-Di\u00e9-des-Vosges \u2013 domicili\u00e9e \u00e0 Moussey, 27 rue Ren\u00e9-Laederich.<\/span><\/span><\/li>\n<li lang=\"fr-FR\"><span style=\"font-family: Calibri, sans-serif;\"><span style=\"font-size: large;\">Na\u00ebl XOLIN, n\u00e9 le 07\/01\/2020 \u00e0 Saint-Di\u00e9-des-Vosges \u2013 domicili\u00e9 \u00e0 Sapois, 73 route de Menaurupt.<\/span><\/span><\/li>\n<li lang=\"fr-FR\"><span style=\"font-family: Calibri, sans-serif;\"><span style=\"font-size: large;\">Luka TREFFE, n\u00e9 le 07\/01\/2020 \u00e0 Saint-Di\u00e9-des-Vosges \u2013 domicili\u00e9 \u00e0 Provench\u00e8res-et-Colroy, 26 lotissement Adrien-Mathis.<\/span><\/span><\/li>\n<li lang=\"fr-FR\"><span style=\"font-family: Calibri, sans-serif;\"><span style=\"font-size: large;\">L\u00e9opold BENOIT, n\u00e9 le 08\/01\/2020 \u00e0 Saint-Di\u00e9-des-Vosges \u2013 domicili\u00e9 \u00e0 Sainte-Marguerite, 85 rue de la Fave.<\/span><\/span><\/li>\n<\/ul>\n<h3><strong><span style=\"font-family: Calibri, sans-serif;\"><span style=\"font-size: large;\">D\u00e9c\u00e8s<\/span><\/span><\/strong><\/h3>\n<ul>\n<li><span style=\"font-family: Calibri, sans-serif;\"><span style=\"font-size: large;\">04\/01\/2020 \u2013 Claude HOLLARD \u2013 69 ans \u2013 domicili\u00e9 \u00e0 Laveline-devant-Bruy\u00e8res, 18 rue de la Vologne.<\/span><\/span><\/li>\n<li><span style=\"font-family: Calibri, sans-serif;\"><span style=\"font-size: large;\">06\/01\/2020 \u2013 Germaine THOMAS veuve ZENNER \u2013 94 ans \u2013 domicili\u00e9e \u00e0 Coinches, 139 rue de l\u2019Eglise.<\/span><\/span><\/li>\n<li><span style=\"font-family: Calibri, sans-serif;\"><span style=\"font-size: large;\">08\/01\/2020 \u2013 Claude STRABACH \u2013 88 ans \u2013 domicili\u00e9 \u00e0 Saint-Michel-sur-Meurthe, 216 rue du Haut du Chenot.<\/span><\/span><\/li>\n<li><span style=\"font-family: Calibri, sans-serif;\"><span style=\"font-size: large;\">09\/01\/2020 \u2013 C\u00e9cile SIMEON \u00e9pouse FROITIER \u2013 82 ans \u2013 domicili\u00e9e \u00e0 La Houssi\u00e8re, 165 ru de la Ballasti\u00e8re.<\/span><\/span><\/li>\n<li><span style=\"font-family: Calibri, sans-serif;\"><span style=\"font-size: large;\">09\/01\/2020 \u2013 Fernand CA\u00cbL \u2013 94 ans \u2013 domicili\u00e9 \u00e0 <span lang=\"fr-FR\">Saint-Di\u00e9-des-Vosges, <\/span>28 rue Jacques-Delille.<\/span><\/span><\/li>\n<li><span style=\"font-family: Calibri, sans-serif;\"><span style=\"font-size: large;\">09\/01\/2020 \u2013 Maria BAGNATO veuve DIDIER \u2013 80 ans \u2013 domicili\u00e9e \u00e0 Taintrux, 715 La Rue, Rougiville.<\/span><\/span><\/li>\n<li><span style=\"font-family: Calibri, sans-serif;\"><span style=\"font-size: large;\">09\/01\/2020 \u2013 Jocelyne QUINTEN veuve ARNOULD \u2013 71 ans \u2013 domicili\u00e9e \u00e0 Raon-l\u2019\u00c9tape, 6 Rue de Belle Vue.<\/span><\/span><\/li>\n<li><span style=\"font-family: Calibri, sans-serif;\"><span style=\"font-size: large;\">09\/01\/2020 \u2013 Michel PIERRON \u2013 72 ans \u2013 domicili\u00e9 \u00e0 <span lang=\"fr-FR\">Saint-Di\u00e9-des-Vosges,<\/span> 62 rue du 43\u00e8me R.I.T..<\/span><\/span><\/li>\n<li><span style=\"font-family: Calibri, sans-serif;\"><span style=\"font-size: large;\">10\/01\/2020 \u2013 Denise MALAQUIN veuve VAGNIER \u2013 96 ans \u2013 domicili\u00e9e \u00e0 <span lang=\"fr-FR\">Saint-Di\u00e9-des-Vosges, <\/span>2 rue Georges-Tronquart.<\/span><\/span><\/li>\n<li><span style=\"font-family: Calibri, sans-serif;\"><span style=\"font-size: large;\">11\/01\/2020 \u2013 Gabrielle ANTHONOT divorc\u00e9e HERRY \u2013 88 ans \u2013 domicili\u00e9e \u00e0 <span lang=\"fr-FR\">Saint-Di\u00e9-des-Vosges,<\/span> 31 avenue Ernest-Colin.<\/span><\/span><\/li>\n<\/ul>\n","protected":false},"excerpt":{"rendered":"<p>Naissances Chlo\u00e9 SAINT-DIZIER, n\u00e9e le 03\/01\/2020 \u00e0 Saint-Di\u00e9-des-Vosges \u2013 domicili\u00e9e \u00e0 Saulcy-sur-Meurthe, 4 rue Ren\u00e9-Fonck. Aur\u00e8le PECHEUR, n\u00e9 le 06\/01\/2020 [&hellip;]<\/p>\n","protected":false},"author":44,"featured_media":22025,"comment_status":"open","ping_status":"open","sticky":false,"template":"","format":"standard","meta":{"footnotes":""},"categories":[2915],"tags":[411],"class_list":["post-38547","post","type-post","status-publish","format-standard","has-post-thumbnail","hentry","category-saint-die-son-canton","tag-etat-civil"],"acf":[],"yoast_head":"<!-- This site is optimized with the Yoast SEO plugin v22.5 - https:\/\/yoast.com\/wordpress\/plugins\/seo\/ -->\n<title>Etat-civil du 3 au 11 janvier 2020 - Saint Die Info<\/title>\n<meta name=\"robots\" content=\"index, follow, max-snippet:-1, max-image-preview:large, max-video-preview:-1\" \/>\n<link rel=\"canonical\" href=\"https:\/\/vosgesinfo.fr\/saintdieinfo\/2020\/01\/etat-civil-3-11-janvier-2020\/\" \/>\n<meta name=\"twitter:card\" content=\"summary_large_image\" \/>\n<meta name=\"twitter:title\" content=\"Etat-civil du 3 au 11 janvier 2020 - Saint Die Info\" \/>\n<meta name=\"twitter:description\" content=\"Naissances Chlo\u00e9 SAINT-DIZIER, n\u00e9e le 03\/01\/2020 \u00e0 Saint-Di\u00e9-des-Vosges \u2013 domicili\u00e9e \u00e0 Saulcy-sur-Meurthe, 4 rue Ren\u00e9-Fonck. Aur\u00e8le PECHEUR, n\u00e9 le 06\/01\/2020 [&hellip;]\" \/>\n<meta name=\"twitter:image\" content=\"https:\/\/vosgesinfo.fr\/app\/uploads\/sites\/4\/2015\/09\/etatcivil3.jpg\" \/>\n<meta name=\"twitter:creator\" content=\"@VosgesInfo88\" \/>\n<meta name=\"twitter:site\" content=\"@VosgesInfo88\" \/>\n<meta name=\"twitter:label1\" content=\"\u00c9crit par\" \/>\n\t<meta name=\"twitter:data1\" content=\"la r\u00e9daction\" \/>\n\t<meta name=\"twitter:label2\" content=\"Dur\u00e9e de lecture estim\u00e9e\" \/>\n\t<meta name=\"twitter:data2\" content=\"1 minute\" \/>\n<script type=\"application\/ld+json\" class=\"yoast-schema-graph\">{\"@context\":\"https:\/\/schema.org\",\"@graph\":[{\"@type\":\"Article\",\"@id\":\"https:\/\/vosgesinfo.fr\/saintdieinfo\/2020\/01\/etat-civil-3-11-janvier-2020\/#article\",\"isPartOf\":{\"@id\":\"https:\/\/vosgesinfo.fr\/saintdieinfo\/2020\/01\/etat-civil-3-11-janvier-2020\/\"},\"author\":{\"name\":\"la r\u00e9daction\",\"@id\":\"https:\/\/vosgesinfo.fr\/saintdieinfo\/#\/schema\/person\/faee6704a21f3977511db84bd1cd450f\"},\"headline\":\"Etat-civil du 3 au 11 janvier 2020\",\"datePublished\":\"2020-01-14T07:30:24+00:00\",\"dateModified\":\"2020-01-14T07:30:24+00:00\",\"mainEntityOfPage\":{\"@id\":\"https:\/\/vosgesinfo.fr\/saintdieinfo\/2020\/01\/etat-civil-3-11-janvier-2020\/\"},\"wordCount\":215,\"commentCount\":0,\"publisher\":{\"@id\":\"https:\/\/vosgesinfo.fr\/saintdieinfo\/#organization\"},\"image\":{\"@id\":\"https:\/\/vosgesinfo.fr\/saintdieinfo\/2020\/01\/etat-civil-3-11-janvier-2020\/#primaryimage\"},\"thumbnailUrl\":\"https:\/\/vosgesinfo.fr\/app\/uploads\/sites\/4\/2015\/09\/etatcivil3.jpg\",\"keywords\":[\"\u00e9tat civil\"],\"articleSection\":[\"Saint-Di\u00e9-des-Vosges et son Agglom\u00e9ration\"],\"inLanguage\":\"fr-FR\",\"potentialAction\":[{\"@type\":\"CommentAction\",\"name\":\"Comment\",\"target\":[\"https:\/\/vosgesinfo.fr\/saintdieinfo\/2020\/01\/etat-civil-3-11-janvier-2020\/#respond\"]}]},{\"@type\":\"WebPage\",\"@id\":\"https:\/\/vosgesinfo.fr\/saintdieinfo\/2020\/01\/etat-civil-3-11-janvier-2020\/\",\"url\":\"https:\/\/vosgesinfo.fr\/saintdieinfo\/2020\/01\/etat-civil-3-11-janvier-2020\/\",\"name\":\"Etat-civil du 3 au 11 janvier 2020 - Saint Die Info\",\"isPartOf\":{\"@id\":\"https:\/\/vosgesinfo.fr\/saintdieinfo\/#website\"},\"primaryImageOfPage\":{\"@id\":\"https:\/\/vosgesinfo.fr\/saintdieinfo\/2020\/01\/etat-civil-3-11-janvier-2020\/#primaryimage\"},\"image\":{\"@id\":\"https:\/\/vosgesinfo.fr\/saintdieinfo\/2020\/01\/etat-civil-3-11-janvier-2020\/#primaryimage\"},\"thumbnailUrl\":\"https:\/\/vosgesinfo.fr\/app\/uploads\/sites\/4\/2015\/09\/etatcivil3.jpg\",\"datePublished\":\"2020-01-14T07:30:24+00:00\",\"dateModified\":\"2020-01-14T07:30:24+00:00\",\"breadcrumb\":{\"@id\":\"https:\/\/vosgesinfo.fr\/saintdieinfo\/2020\/01\/etat-civil-3-11-janvier-2020\/#breadcrumb\"},\"inLanguage\":\"fr-FR\",\"potentialAction\":[{\"@type\":\"ReadAction\",\"target\":[\"https:\/\/vosgesinfo.fr\/saintdieinfo\/2020\/01\/etat-civil-3-11-janvier-2020\/\"]}]},{\"@type\":\"ImageObject\",\"inLanguage\":\"fr-FR\",\"@id\":\"https:\/\/vosgesinfo.fr\/saintdieinfo\/2020\/01\/etat-civil-3-11-janvier-2020\/#primaryimage\",\"url\":\"https:\/\/vosgesinfo.fr\/app\/uploads\/sites\/4\/2015\/09\/etatcivil3.jpg\",\"contentUrl\":\"https:\/\/vosgesinfo.fr\/app\/uploads\/sites\/4\/2015\/09\/etatcivil3.jpg\",\"width\":640,\"height\":427},{\"@type\":\"BreadcrumbList\",\"@id\":\"https:\/\/vosgesinfo.fr\/saintdieinfo\/2020\/01\/etat-civil-3-11-janvier-2020\/#breadcrumb\",\"itemListElement\":[{\"@type\":\"ListItem\",\"position\":1,\"name\":\"Home\",\"item\":\"https:\/\/vosgesinfo.fr\/saintdieinfo\/\"},{\"@type\":\"ListItem\",\"position\":2,\"name\":\"Etat-civil du 3 au 11 janvier 2020\"}]},{\"@type\":\"WebSite\",\"@id\":\"https:\/\/vosgesinfo.fr\/saintdieinfo\/#website\",\"url\":\"https:\/\/vosgesinfo.fr\/saintdieinfo\/\",\"name\":\"Saint Die Info\",\"description\":\"Toute l&#039;actualit\u00e9 de Saint-Di\u00e9-Des-Vosges\",\"publisher\":{\"@id\":\"https:\/\/vosgesinfo.fr\/saintdieinfo\/#organization\"},\"alternateName\":\"Toute l'actualit\u00e9 de Saint-Di\u00e9-Des-Vosges\",\"potentialAction\":[{\"@type\":\"SearchAction\",\"target\":{\"@type\":\"EntryPoint\",\"urlTemplate\":\"https:\/\/vosgesinfo.fr\/saintdieinfo\/?s={search_term_string}\"},\"query-input\":\"required name=search_term_string\"}],\"inLanguage\":\"fr-FR\"},{\"@type\":\"Organization\",\"@id\":\"https:\/\/vosgesinfo.fr\/saintdieinfo\/#organization\",\"name\":\"Saint Die Info\",\"url\":\"https:\/\/vosgesinfo.fr\/saintdieinfo\/\",\"logo\":{\"@type\":\"ImageObject\",\"inLanguage\":\"fr-FR\",\"@id\":\"https:\/\/vosgesinfo.fr\/saintdieinfo\/#\/schema\/logo\/image\/\",\"url\":\"https:\/\/vosgesinfo.fr\/app\/uploads\/sites\/4\/2024\/02\/logo-sdi.jpg\",\"contentUrl\":\"https:\/\/vosgesinfo.fr\/app\/uploads\/sites\/4\/2024\/02\/logo-sdi.jpg\",\"width\":600,\"height\":600,\"caption\":\"Saint Die Info\"},\"image\":{\"@id\":\"https:\/\/vosgesinfo.fr\/saintdieinfo\/#\/schema\/logo\/image\/\"},\"sameAs\":[\"https:\/\/www.facebook.com\/Saintdieinfofr\",\"https:\/\/x.com\/VosgesInfo88\",\"https:\/\/www.youtube.com\/@vosgesinfo\"]},{\"@type\":\"Person\",\"@id\":\"https:\/\/vosgesinfo.fr\/saintdieinfo\/#\/schema\/person\/faee6704a21f3977511db84bd1cd450f\",\"name\":\"la r\u00e9daction\",\"image\":{\"@type\":\"ImageObject\",\"inLanguage\":\"fr-FR\",\"@id\":\"https:\/\/vosgesinfo.fr\/saintdieinfo\/#\/schema\/person\/image\/\",\"url\":\"https:\/\/secure.gravatar.com\/avatar\/6673d8bc6a9c17fa9a453eaa3448de834fa308c2ec9635b7aa99441a7c8d2cf6?s=96&d=mm&r=g\",\"contentUrl\":\"https:\/\/secure.gravatar.com\/avatar\/6673d8bc6a9c17fa9a453eaa3448de834fa308c2ec9635b7aa99441a7c8d2cf6?s=96&d=mm&r=g\",\"caption\":\"la r\u00e9daction\"},\"url\":\"https:\/\/vosgesinfo.fr\/saintdieinfo\/author\/redac\/\"}]}<\/script>\n<!-- \/ Yoast SEO plugin. -->","yoast_head_json":{"title":"Etat-civil du 3 au 11 janvier 2020 - Saint Die Info","robots":{"index":"index","follow":"follow","max-snippet":"max-snippet:-1","max-image-preview":"max-image-preview:large","max-video-preview":"max-video-preview:-1"},"canonical":"https:\/\/vosgesinfo.fr\/saintdieinfo\/2020\/01\/etat-civil-3-11-janvier-2020\/","twitter_card":"summary_large_image","twitter_title":"Etat-civil du 3 au 11 janvier 2020 - Saint Die Info","twitter_description":"Naissances Chlo\u00e9 SAINT-DIZIER, n\u00e9e le 03\/01\/2020 \u00e0 Saint-Di\u00e9-des-Vosges \u2013 domicili\u00e9e \u00e0 Saulcy-sur-Meurthe, 4 rue Ren\u00e9-Fonck. Aur\u00e8le PECHEUR, n\u00e9 le 06\/01\/2020 [&hellip;]","twitter_image":"https:\/\/vosgesinfo.fr\/app\/uploads\/sites\/4\/2015\/09\/etatcivil3.jpg","twitter_creator":"@VosgesInfo88","twitter_site":"@VosgesInfo88","twitter_misc":{"\u00c9crit par":"la r\u00e9daction","Dur\u00e9e de lecture estim\u00e9e":"1 minute"},"schema":{"@context":"https:\/\/schema.org","@graph":[{"@type":"Article","@id":"https:\/\/vosgesinfo.fr\/saintdieinfo\/2020\/01\/etat-civil-3-11-janvier-2020\/#article","isPartOf":{"@id":"https:\/\/vosgesinfo.fr\/saintdieinfo\/2020\/01\/etat-civil-3-11-janvier-2020\/"},"author":{"name":"la r\u00e9daction","@id":"https:\/\/vosgesinfo.fr\/saintdieinfo\/#\/schema\/person\/faee6704a21f3977511db84bd1cd450f"},"headline":"Etat-civil du 3 au 11 janvier 2020","datePublished":"2020-01-14T07:30:24+00:00","dateModified":"2020-01-14T07:30:24+00:00","mainEntityOfPage":{"@id":"https:\/\/vosgesinfo.fr\/saintdieinfo\/2020\/01\/etat-civil-3-11-janvier-2020\/"},"wordCount":215,"commentCount":0,"publisher":{"@id":"https:\/\/vosgesinfo.fr\/saintdieinfo\/#organization"},"image":{"@id":"https:\/\/vosgesinfo.fr\/saintdieinfo\/2020\/01\/etat-civil-3-11-janvier-2020\/#primaryimage"},"thumbnailUrl":"https:\/\/vosgesinfo.fr\/app\/uploads\/sites\/4\/2015\/09\/etatcivil3.jpg","keywords":["\u00e9tat civil"],"articleSection":["Saint-Di\u00e9-des-Vosges et son Agglom\u00e9ration"],"inLanguage":"fr-FR","potentialAction":[{"@type":"CommentAction","name":"Comment","target":["https:\/\/vosgesinfo.fr\/saintdieinfo\/2020\/01\/etat-civil-3-11-janvier-2020\/#respond"]}]},{"@type":"WebPage","@id":"https:\/\/vosgesinfo.fr\/saintdieinfo\/2020\/01\/etat-civil-3-11-janvier-2020\/","url":"https:\/\/vosgesinfo.fr\/saintdieinfo\/2020\/01\/etat-civil-3-11-janvier-2020\/","name":"Etat-civil du 3 au 11 janvier 2020 - Saint Die Info","isPartOf":{"@id":"https:\/\/vosgesinfo.fr\/saintdieinfo\/#website"},"primaryImageOfPage":{"@id":"https:\/\/vosgesinfo.fr\/saintdieinfo\/2020\/01\/etat-civil-3-11-janvier-2020\/#primaryimage"},"image":{"@id":"https:\/\/vosgesinfo.fr\/saintdieinfo\/2020\/01\/etat-civil-3-11-janvier-2020\/#primaryimage"},"thumbnailUrl":"https:\/\/vosgesinfo.fr\/app\/uploads\/sites\/4\/2015\/09\/etatcivil3.jpg","datePublished":"2020-01-14T07:30:24+00:00","dateModified":"2020-01-14T07:30:24+00:00","breadcrumb":{"@id":"https:\/\/vosgesinfo.fr\/saintdieinfo\/2020\/01\/etat-civil-3-11-janvier-2020\/#breadcrumb"},"inLanguage":"fr-FR","potentialAction":[{"@type":"ReadAction","target":["https:\/\/vosgesinfo.fr\/saintdieinfo\/2020\/01\/etat-civil-3-11-janvier-2020\/"]}]},{"@type":"ImageObject","inLanguage":"fr-FR","@id":"https:\/\/vosgesinfo.fr\/saintdieinfo\/2020\/01\/etat-civil-3-11-janvier-2020\/#primaryimage","url":"https:\/\/vosgesinfo.fr\/app\/uploads\/sites\/4\/2015\/09\/etatcivil3.jpg","contentUrl":"https:\/\/vosgesinfo.fr\/app\/uploads\/sites\/4\/2015\/09\/etatcivil3.jpg","width":640,"height":427},{"@type":"BreadcrumbList","@id":"https:\/\/vosgesinfo.fr\/saintdieinfo\/2020\/01\/etat-civil-3-11-janvier-2020\/#breadcrumb","itemListElement":[{"@type":"ListItem","position":1,"name":"Home","item":"https:\/\/vosgesinfo.fr\/saintdieinfo\/"},{"@type":"ListItem","position":2,"name":"Etat-civil du 3 au 11 janvier 2020"}]},{"@type":"WebSite","@id":"https:\/\/vosgesinfo.fr\/saintdieinfo\/#website","url":"https:\/\/vosgesinfo.fr\/saintdieinfo\/","name":"Saint Die Info","description":"Toute l&#039;actualit\u00e9 de Saint-Di\u00e9-Des-Vosges","publisher":{"@id":"https:\/\/vosgesinfo.fr\/saintdieinfo\/#organization"},"alternateName":"Toute l'actualit\u00e9 de Saint-Di\u00e9-Des-Vosges","potentialAction":[{"@type":"SearchAction","target":{"@type":"EntryPoint","urlTemplate":"https:\/\/vosgesinfo.fr\/saintdieinfo\/?s={search_term_string}"},"query-input":"required name=search_term_string"}],"inLanguage":"fr-FR"},{"@type":"Organization","@id":"https:\/\/vosgesinfo.fr\/saintdieinfo\/#organization","name":"Saint Die Info","url":"https:\/\/vosgesinfo.fr\/saintdieinfo\/","logo":{"@type":"ImageObject","inLanguage":"fr-FR","@id":"https:\/\/vosgesinfo.fr\/saintdieinfo\/#\/schema\/logo\/image\/","url":"https:\/\/vosgesinfo.fr\/app\/uploads\/sites\/4\/2024\/02\/logo-sdi.jpg","contentUrl":"https:\/\/vosgesinfo.fr\/app\/uploads\/sites\/4\/2024\/02\/logo-sdi.jpg","width":600,"height":600,"caption":"Saint Die Info"},"image":{"@id":"https:\/\/vosgesinfo.fr\/saintdieinfo\/#\/schema\/logo\/image\/"},"sameAs":["https:\/\/www.facebook.com\/Saintdieinfofr","https:\/\/x.com\/VosgesInfo88","https:\/\/www.youtube.com\/@vosgesinfo"]},{"@type":"Person","@id":"https:\/\/vosgesinfo.fr\/saintdieinfo\/#\/schema\/person\/faee6704a21f3977511db84bd1cd450f","name":"la r\u00e9daction","image":{"@type":"ImageObject","inLanguage":"fr-FR","@id":"https:\/\/vosgesinfo.fr\/saintdieinfo\/#\/schema\/person\/image\/","url":"https:\/\/secure.gravatar.com\/avatar\/6673d8bc6a9c17fa9a453eaa3448de834fa308c2ec9635b7aa99441a7c8d2cf6?s=96&d=mm&r=g","contentUrl":"https:\/\/secure.gravatar.com\/avatar\/6673d8bc6a9c17fa9a453eaa3448de834fa308c2ec9635b7aa99441a7c8d2cf6?s=96&d=mm&r=g","caption":"la r\u00e9daction"},"url":"https:\/\/vosgesinfo.fr\/saintdieinfo\/author\/redac\/"}]}},"_links":{"self":[{"href":"https:\/\/vosgesinfo.fr\/saintdieinfo\/wp-json\/wp\/v2\/posts\/38547","targetHints":{"allow":["GET"]}}],"collection":[{"href":"https:\/\/vosgesinfo.fr\/saintdieinfo\/wp-json\/wp\/v2\/posts"}],"about":[{"href":"https:\/\/vosgesinfo.fr\/saintdieinfo\/wp-json\/wp\/v2\/types\/post"}],"author":[{"embeddable":true,"href":"https:\/\/vosgesinfo.fr\/saintdieinfo\/wp-json\/wp\/v2\/users\/44"}],"replies":[{"embeddable":true,"href":"https:\/\/vosgesinfo.fr\/saintdieinfo\/wp-json\/wp\/v2\/comments?post=38547"}],"version-history":[{"count":0,"href":"https:\/\/vosgesinfo.fr\/saintdieinfo\/wp-json\/wp\/v2\/posts\/38547\/revisions"}],"wp:featuredmedia":[{"embeddable":true,"href":"https:\/\/vosgesinfo.fr\/saintdieinfo\/wp-json\/wp\/v2\/media\/22025"}],"wp:attachment":[{"href":"https:\/\/vosgesinfo.fr\/saintdieinfo\/wp-json\/wp\/v2\/media?parent=38547"}],"wp:term":[{"taxonomy":"category","embeddable":true,"href":"https:\/\/vosgesinfo.fr\/saintdieinfo\/wp-json\/wp\/v2\/categories?post=38547"},{"taxonomy":"post_tag","embeddable":true,"href":"https:\/\/vosgesinfo.fr\/saintdieinfo\/wp-json\/wp\/v2\/tags?post=38547"}],"curies":[{"name":"wp","href":"https:\/\/api.w.org\/{rel}","templated":true}]}}