{"id":38549,"date":"2020-01-14T13:00:41","date_gmt":"2020-01-14T12:00:41","guid":{"rendered":"https:\/\/vosgesinfo.fr\/saintdieinfo\/2020\/01\/mise-oeuvre-dun-plan-operationnel-de-securite-quartiers-de-kellermann-saint-roch\/"},"modified":"2020-01-14T13:00:41","modified_gmt":"2020-01-14T12:00:41","slug":"mise-oeuvre-dun-plan-operationnel-de-securite-quartiers-de-kellermann-saint-roch","status":"publish","type":"post","link":"https:\/\/vosgesinfo.fr\/saintdieinfo\/2020\/01\/mise-oeuvre-dun-plan-operationnel-de-securite-quartiers-de-kellermann-saint-roch\/","title":{"rendered":"Mise en oeuvre d\u2019un plan op\u00e9rationnel de s\u00e9curit\u00e9 dans les quartiers de Kellermann et Saint-Roch"},"content":{"rendered":"<h3><span style=\"text-decoration: underline;\"><strong><span style=\"font-family: Calibri, sans-serif;\"><span style=\"font-size: large;\">Communiqu\u00e9 de la Pr\u00e9fecture des Vosges :<\/span><\/span><\/strong><\/span><\/h3>\n<p><span style=\"font-family: Calibri, sans-serif;\"><span style=\"font-size: large;\">Apr\u00e8s les exactions commises et les incendies de v\u00e9hicules dans le quartier Kellermann de Saint-Di\u00e9-des-Vosges dans la nuit du 31 d\u00e9cembre dernier, le pr\u00e9fet des Vosges Pierre Ory a d\u00e9cid\u00e9 la mise en oeuvre de mesures p\u00e9rennes visant \u00e0 \u00e9viter les troubles et maintenir l\u2019ordre public dans les quartiers prioritaires de la Politique de la Ville (QPV) de cette commune.<\/span><\/span><\/p>\n<p><span style=\"font-family: Calibri, sans-serif;\"><span style=\"font-size: large;\">Dans la suite imm\u00e9diate de ces \u00e9v\u00e8nements, le Directeur D\u00e9partemental de la S\u00e9curit\u00e9 Publique des Vosges avait organis\u00e9 des renforts ponctuels pour venir en appui des effectifs de la Circonscription de S\u00e9curit\u00e9 Publique de Saint-Di\u00e9-des-Vosges, de jour comme de nuit.<\/span><\/span><\/p>\n<p><span style=\"font-family: Calibri, sans-serif;\"><span style=\"font-size: large;\">Une nouvelle organisation interne du commissariat permet d\u00e9sormais une pr\u00e9sence renforc\u00e9e, et des contr\u00f4les quotidiens, dans les quartiers Kellermann et Saint Roch. D\u2019ores et d\u00e9j\u00e0, et ce depuis quelques nuits, le d\u00e9ploiement de ces nouvelles mesures a permis d\u2019observer un retour au calme dans ces quartiers qui n\u00e9cessitent une grande vigilance des forces de s\u00e9curit\u00e9.<\/span><\/span><\/p>\n","protected":false},"excerpt":{"rendered":"<p>Communiqu\u00e9 de la Pr\u00e9fecture des Vosges : Apr\u00e8s les exactions commises et les incendies de v\u00e9hicules dans le quartier Kellermann [&hellip;]<\/p>\n","protected":false},"author":44,"featured_media":22036,"comment_status":"open","ping_status":"open","sticky":false,"template":"","format":"standard","meta":{"footnotes":""},"categories":[460,2915],"tags":[7627,7628,4860,6044,2971,7062,3121],"class_list":["post-38549","post","type-post","status-publish","format-standard","has-post-thumbnail","hentry","category-a-la-une","category-saint-die-son-canton","tag-ddsp-des-vosges","tag-ddspv","tag-police-nationale","tag-prefet-des-vosges","tag-quartier-kellermann","tag-quartier-politique-de-la-ville","tag-quartier-saint-roch"],"acf":[],"yoast_head":"<!-- This site is optimized with the Yoast SEO plugin v22.5 - https:\/\/yoast.com\/wordpress\/plugins\/seo\/ -->\n<title>Mise en oeuvre d\u2019un plan op\u00e9rationnel de s\u00e9curit\u00e9 dans les quartiers de Kellermann et Saint-Roch - Saint Die Info<\/title>\n<meta name=\"robots\" content=\"index, follow, max-snippet:-1, max-image-preview:large, max-video-preview:-1\" \/>\n<link rel=\"canonical\" href=\"https:\/\/vosgesinfo.fr\/saintdieinfo\/2020\/01\/mise-oeuvre-dun-plan-operationnel-de-securite-quartiers-de-kellermann-saint-roch\/\" \/>\n<meta name=\"twitter:card\" content=\"summary_large_image\" \/>\n<meta name=\"twitter:title\" content=\"Mise en oeuvre d\u2019un plan op\u00e9rationnel de s\u00e9curit\u00e9 dans les quartiers de Kellermann et Saint-Roch - Saint Die Info\" \/>\n<meta name=\"twitter:description\" content=\"Communiqu\u00e9 de la Pr\u00e9fecture des Vosges : Apr\u00e8s les exactions commises et les incendies de v\u00e9hicules dans le quartier Kellermann [&hellip;]\" \/>\n<meta name=\"twitter:image\" content=\"https:\/\/vosgesinfo.fr\/app\/uploads\/sites\/4\/2016\/04\/police-nationale-01.jpg\" \/>\n<meta name=\"twitter:creator\" content=\"@VosgesInfo88\" \/>\n<meta name=\"twitter:site\" content=\"@VosgesInfo88\" \/>\n<meta name=\"twitter:label1\" content=\"\u00c9crit par\" \/>\n\t<meta name=\"twitter:data1\" content=\"la r\u00e9daction\" \/>\n\t<meta name=\"twitter:label2\" content=\"Dur\u00e9e de lecture estim\u00e9e\" \/>\n\t<meta name=\"twitter:data2\" content=\"1 minute\" \/>\n<script type=\"application\/ld+json\" class=\"yoast-schema-graph\">{\"@context\":\"https:\/\/schema.org\",\"@graph\":[{\"@type\":\"Article\",\"@id\":\"https:\/\/vosgesinfo.fr\/saintdieinfo\/2020\/01\/mise-oeuvre-dun-plan-operationnel-de-securite-quartiers-de-kellermann-saint-roch\/#article\",\"isPartOf\":{\"@id\":\"https:\/\/vosgesinfo.fr\/saintdieinfo\/2020\/01\/mise-oeuvre-dun-plan-operationnel-de-securite-quartiers-de-kellermann-saint-roch\/\"},\"author\":{\"name\":\"la r\u00e9daction\",\"@id\":\"https:\/\/vosgesinfo.fr\/saintdieinfo\/#\/schema\/person\/faee6704a21f3977511db84bd1cd450f\"},\"headline\":\"Mise en oeuvre d\u2019un plan op\u00e9rationnel de s\u00e9curit\u00e9 dans les quartiers de Kellermann et Saint-Roch\",\"datePublished\":\"2020-01-14T12:00:41+00:00\",\"dateModified\":\"2020-01-14T12:00:41+00:00\",\"mainEntityOfPage\":{\"@id\":\"https:\/\/vosgesinfo.fr\/saintdieinfo\/2020\/01\/mise-oeuvre-dun-plan-operationnel-de-securite-quartiers-de-kellermann-saint-roch\/\"},\"wordCount\":202,\"commentCount\":0,\"publisher\":{\"@id\":\"https:\/\/vosgesinfo.fr\/saintdieinfo\/#organization\"},\"image\":{\"@id\":\"https:\/\/vosgesinfo.fr\/saintdieinfo\/2020\/01\/mise-oeuvre-dun-plan-operationnel-de-securite-quartiers-de-kellermann-saint-roch\/#primaryimage\"},\"thumbnailUrl\":\"https:\/\/vosgesinfo.fr\/app\/uploads\/sites\/4\/2016\/04\/police-nationale-01.jpg\",\"keywords\":[\"DDSP des Vosges\",\"DDSPV\",\"Police Nationale\",\"Pr\u00e9fet des Vosges\",\"Quartier Kellermann\",\"Quartier Politique de la Ville\",\"Quartier Saint-Roch\"],\"articleSection\":[\"A la Une\",\"Saint-Di\u00e9-des-Vosges et son Agglom\u00e9ration\"],\"inLanguage\":\"fr-FR\",\"potentialAction\":[{\"@type\":\"CommentAction\",\"name\":\"Comment\",\"target\":[\"https:\/\/vosgesinfo.fr\/saintdieinfo\/2020\/01\/mise-oeuvre-dun-plan-operationnel-de-securite-quartiers-de-kellermann-saint-roch\/#respond\"]}]},{\"@type\":\"WebPage\",\"@id\":\"https:\/\/vosgesinfo.fr\/saintdieinfo\/2020\/01\/mise-oeuvre-dun-plan-operationnel-de-securite-quartiers-de-kellermann-saint-roch\/\",\"url\":\"https:\/\/vosgesinfo.fr\/saintdieinfo\/2020\/01\/mise-oeuvre-dun-plan-operationnel-de-securite-quartiers-de-kellermann-saint-roch\/\",\"name\":\"Mise en oeuvre d\u2019un plan op\u00e9rationnel de s\u00e9curit\u00e9 dans les quartiers de Kellermann et Saint-Roch - Saint Die Info\",\"isPartOf\":{\"@id\":\"https:\/\/vosgesinfo.fr\/saintdieinfo\/#website\"},\"primaryImageOfPage\":{\"@id\":\"https:\/\/vosgesinfo.fr\/saintdieinfo\/2020\/01\/mise-oeuvre-dun-plan-operationnel-de-securite-quartiers-de-kellermann-saint-roch\/#primaryimage\"},\"image\":{\"@id\":\"https:\/\/vosgesinfo.fr\/saintdieinfo\/2020\/01\/mise-oeuvre-dun-plan-operationnel-de-securite-quartiers-de-kellermann-saint-roch\/#primaryimage\"},\"thumbnailUrl\":\"https:\/\/vosgesinfo.fr\/app\/uploads\/sites\/4\/2016\/04\/police-nationale-01.jpg\",\"datePublished\":\"2020-01-14T12:00:41+00:00\",\"dateModified\":\"2020-01-14T12:00:41+00:00\",\"breadcrumb\":{\"@id\":\"https:\/\/vosgesinfo.fr\/saintdieinfo\/2020\/01\/mise-oeuvre-dun-plan-operationnel-de-securite-quartiers-de-kellermann-saint-roch\/#breadcrumb\"},\"inLanguage\":\"fr-FR\",\"potentialAction\":[{\"@type\":\"ReadAction\",\"target\":[\"https:\/\/vosgesinfo.fr\/saintdieinfo\/2020\/01\/mise-oeuvre-dun-plan-operationnel-de-securite-quartiers-de-kellermann-saint-roch\/\"]}]},{\"@type\":\"ImageObject\",\"inLanguage\":\"fr-FR\",\"@id\":\"https:\/\/vosgesinfo.fr\/saintdieinfo\/2020\/01\/mise-oeuvre-dun-plan-operationnel-de-securite-quartiers-de-kellermann-saint-roch\/#primaryimage\",\"url\":\"https:\/\/vosgesinfo.fr\/app\/uploads\/sites\/4\/2016\/04\/police-nationale-01.jpg\",\"contentUrl\":\"https:\/\/vosgesinfo.fr\/app\/uploads\/sites\/4\/2016\/04\/police-nationale-01.jpg\",\"width\":1024,\"height\":576},{\"@type\":\"BreadcrumbList\",\"@id\":\"https:\/\/vosgesinfo.fr\/saintdieinfo\/2020\/01\/mise-oeuvre-dun-plan-operationnel-de-securite-quartiers-de-kellermann-saint-roch\/#breadcrumb\",\"itemListElement\":[{\"@type\":\"ListItem\",\"position\":1,\"name\":\"Home\",\"item\":\"https:\/\/vosgesinfo.fr\/saintdieinfo\/\"},{\"@type\":\"ListItem\",\"position\":2,\"name\":\"Mise en oeuvre d\u2019un plan op\u00e9rationnel de s\u00e9curit\u00e9 dans les quartiers de Kellermann et Saint-Roch\"}]},{\"@type\":\"WebSite\",\"@id\":\"https:\/\/vosgesinfo.fr\/saintdieinfo\/#website\",\"url\":\"https:\/\/vosgesinfo.fr\/saintdieinfo\/\",\"name\":\"Saint Die Info\",\"description\":\"Toute l&#039;actualit\u00e9 de Saint-Di\u00e9-Des-Vosges\",\"publisher\":{\"@id\":\"https:\/\/vosgesinfo.fr\/saintdieinfo\/#organization\"},\"alternateName\":\"Toute l'actualit\u00e9 de Saint-Di\u00e9-Des-Vosges\",\"potentialAction\":[{\"@type\":\"SearchAction\",\"target\":{\"@type\":\"EntryPoint\",\"urlTemplate\":\"https:\/\/vosgesinfo.fr\/saintdieinfo\/?s={search_term_string}\"},\"query-input\":\"required name=search_term_string\"}],\"inLanguage\":\"fr-FR\"},{\"@type\":\"Organization\",\"@id\":\"https:\/\/vosgesinfo.fr\/saintdieinfo\/#organization\",\"name\":\"Saint Die Info\",\"url\":\"https:\/\/vosgesinfo.fr\/saintdieinfo\/\",\"logo\":{\"@type\":\"ImageObject\",\"inLanguage\":\"fr-FR\",\"@id\":\"https:\/\/vosgesinfo.fr\/saintdieinfo\/#\/schema\/logo\/image\/\",\"url\":\"https:\/\/vosgesinfo.fr\/app\/uploads\/sites\/4\/2024\/02\/logo-sdi.jpg\",\"contentUrl\":\"https:\/\/vosgesinfo.fr\/app\/uploads\/sites\/4\/2024\/02\/logo-sdi.jpg\",\"width\":600,\"height\":600,\"caption\":\"Saint Die Info\"},\"image\":{\"@id\":\"https:\/\/vosgesinfo.fr\/saintdieinfo\/#\/schema\/logo\/image\/\"},\"sameAs\":[\"https:\/\/www.facebook.com\/Saintdieinfofr\",\"https:\/\/x.com\/VosgesInfo88\",\"https:\/\/www.youtube.com\/@vosgesinfo\"]},{\"@type\":\"Person\",\"@id\":\"https:\/\/vosgesinfo.fr\/saintdieinfo\/#\/schema\/person\/faee6704a21f3977511db84bd1cd450f\",\"name\":\"la r\u00e9daction\",\"image\":{\"@type\":\"ImageObject\",\"inLanguage\":\"fr-FR\",\"@id\":\"https:\/\/vosgesinfo.fr\/saintdieinfo\/#\/schema\/person\/image\/\",\"url\":\"https:\/\/secure.gravatar.com\/avatar\/6673d8bc6a9c17fa9a453eaa3448de834fa308c2ec9635b7aa99441a7c8d2cf6?s=96&d=mm&r=g\",\"contentUrl\":\"https:\/\/secure.gravatar.com\/avatar\/6673d8bc6a9c17fa9a453eaa3448de834fa308c2ec9635b7aa99441a7c8d2cf6?s=96&d=mm&r=g\",\"caption\":\"la r\u00e9daction\"},\"url\":\"https:\/\/vosgesinfo.fr\/saintdieinfo\/author\/redac\/\"}]}<\/script>\n<!-- \/ Yoast SEO plugin. -->","yoast_head_json":{"title":"Mise en oeuvre d\u2019un plan op\u00e9rationnel de s\u00e9curit\u00e9 dans les quartiers de Kellermann et Saint-Roch - Saint Die Info","robots":{"index":"index","follow":"follow","max-snippet":"max-snippet:-1","max-image-preview":"max-image-preview:large","max-video-preview":"max-video-preview:-1"},"canonical":"https:\/\/vosgesinfo.fr\/saintdieinfo\/2020\/01\/mise-oeuvre-dun-plan-operationnel-de-securite-quartiers-de-kellermann-saint-roch\/","twitter_card":"summary_large_image","twitter_title":"Mise en oeuvre d\u2019un plan op\u00e9rationnel de s\u00e9curit\u00e9 dans les quartiers de Kellermann et Saint-Roch - Saint Die Info","twitter_description":"Communiqu\u00e9 de la Pr\u00e9fecture des Vosges : Apr\u00e8s les exactions commises et les incendies de v\u00e9hicules dans le quartier Kellermann [&hellip;]","twitter_image":"https:\/\/vosgesinfo.fr\/app\/uploads\/sites\/4\/2016\/04\/police-nationale-01.jpg","twitter_creator":"@VosgesInfo88","twitter_site":"@VosgesInfo88","twitter_misc":{"\u00c9crit par":"la r\u00e9daction","Dur\u00e9e de lecture estim\u00e9e":"1 minute"},"schema":{"@context":"https:\/\/schema.org","@graph":[{"@type":"Article","@id":"https:\/\/vosgesinfo.fr\/saintdieinfo\/2020\/01\/mise-oeuvre-dun-plan-operationnel-de-securite-quartiers-de-kellermann-saint-roch\/#article","isPartOf":{"@id":"https:\/\/vosgesinfo.fr\/saintdieinfo\/2020\/01\/mise-oeuvre-dun-plan-operationnel-de-securite-quartiers-de-kellermann-saint-roch\/"},"author":{"name":"la r\u00e9daction","@id":"https:\/\/vosgesinfo.fr\/saintdieinfo\/#\/schema\/person\/faee6704a21f3977511db84bd1cd450f"},"headline":"Mise en oeuvre d\u2019un plan op\u00e9rationnel de s\u00e9curit\u00e9 dans les quartiers de Kellermann et Saint-Roch","datePublished":"2020-01-14T12:00:41+00:00","dateModified":"2020-01-14T12:00:41+00:00","mainEntityOfPage":{"@id":"https:\/\/vosgesinfo.fr\/saintdieinfo\/2020\/01\/mise-oeuvre-dun-plan-operationnel-de-securite-quartiers-de-kellermann-saint-roch\/"},"wordCount":202,"commentCount":0,"publisher":{"@id":"https:\/\/vosgesinfo.fr\/saintdieinfo\/#organization"},"image":{"@id":"https:\/\/vosgesinfo.fr\/saintdieinfo\/2020\/01\/mise-oeuvre-dun-plan-operationnel-de-securite-quartiers-de-kellermann-saint-roch\/#primaryimage"},"thumbnailUrl":"https:\/\/vosgesinfo.fr\/app\/uploads\/sites\/4\/2016\/04\/police-nationale-01.jpg","keywords":["DDSP des Vosges","DDSPV","Police Nationale","Pr\u00e9fet des Vosges","Quartier Kellermann","Quartier Politique de la Ville","Quartier Saint-Roch"],"articleSection":["A la Une","Saint-Di\u00e9-des-Vosges et son Agglom\u00e9ration"],"inLanguage":"fr-FR","potentialAction":[{"@type":"CommentAction","name":"Comment","target":["https:\/\/vosgesinfo.fr\/saintdieinfo\/2020\/01\/mise-oeuvre-dun-plan-operationnel-de-securite-quartiers-de-kellermann-saint-roch\/#respond"]}]},{"@type":"WebPage","@id":"https:\/\/vosgesinfo.fr\/saintdieinfo\/2020\/01\/mise-oeuvre-dun-plan-operationnel-de-securite-quartiers-de-kellermann-saint-roch\/","url":"https:\/\/vosgesinfo.fr\/saintdieinfo\/2020\/01\/mise-oeuvre-dun-plan-operationnel-de-securite-quartiers-de-kellermann-saint-roch\/","name":"Mise en oeuvre d\u2019un plan op\u00e9rationnel de s\u00e9curit\u00e9 dans les quartiers de Kellermann et Saint-Roch - Saint Die Info","isPartOf":{"@id":"https:\/\/vosgesinfo.fr\/saintdieinfo\/#website"},"primaryImageOfPage":{"@id":"https:\/\/vosgesinfo.fr\/saintdieinfo\/2020\/01\/mise-oeuvre-dun-plan-operationnel-de-securite-quartiers-de-kellermann-saint-roch\/#primaryimage"},"image":{"@id":"https:\/\/vosgesinfo.fr\/saintdieinfo\/2020\/01\/mise-oeuvre-dun-plan-operationnel-de-securite-quartiers-de-kellermann-saint-roch\/#primaryimage"},"thumbnailUrl":"https:\/\/vosgesinfo.fr\/app\/uploads\/sites\/4\/2016\/04\/police-nationale-01.jpg","datePublished":"2020-01-14T12:00:41+00:00","dateModified":"2020-01-14T12:00:41+00:00","breadcrumb":{"@id":"https:\/\/vosgesinfo.fr\/saintdieinfo\/2020\/01\/mise-oeuvre-dun-plan-operationnel-de-securite-quartiers-de-kellermann-saint-roch\/#breadcrumb"},"inLanguage":"fr-FR","potentialAction":[{"@type":"ReadAction","target":["https:\/\/vosgesinfo.fr\/saintdieinfo\/2020\/01\/mise-oeuvre-dun-plan-operationnel-de-securite-quartiers-de-kellermann-saint-roch\/"]}]},{"@type":"ImageObject","inLanguage":"fr-FR","@id":"https:\/\/vosgesinfo.fr\/saintdieinfo\/2020\/01\/mise-oeuvre-dun-plan-operationnel-de-securite-quartiers-de-kellermann-saint-roch\/#primaryimage","url":"https:\/\/vosgesinfo.fr\/app\/uploads\/sites\/4\/2016\/04\/police-nationale-01.jpg","contentUrl":"https:\/\/vosgesinfo.fr\/app\/uploads\/sites\/4\/2016\/04\/police-nationale-01.jpg","width":1024,"height":576},{"@type":"BreadcrumbList","@id":"https:\/\/vosgesinfo.fr\/saintdieinfo\/2020\/01\/mise-oeuvre-dun-plan-operationnel-de-securite-quartiers-de-kellermann-saint-roch\/#breadcrumb","itemListElement":[{"@type":"ListItem","position":1,"name":"Home","item":"https:\/\/vosgesinfo.fr\/saintdieinfo\/"},{"@type":"ListItem","position":2,"name":"Mise en oeuvre d\u2019un plan op\u00e9rationnel de s\u00e9curit\u00e9 dans les quartiers de Kellermann et Saint-Roch"}]},{"@type":"WebSite","@id":"https:\/\/vosgesinfo.fr\/saintdieinfo\/#website","url":"https:\/\/vosgesinfo.fr\/saintdieinfo\/","name":"Saint Die Info","description":"Toute l&#039;actualit\u00e9 de Saint-Di\u00e9-Des-Vosges","publisher":{"@id":"https:\/\/vosgesinfo.fr\/saintdieinfo\/#organization"},"alternateName":"Toute l'actualit\u00e9 de Saint-Di\u00e9-Des-Vosges","potentialAction":[{"@type":"SearchAction","target":{"@type":"EntryPoint","urlTemplate":"https:\/\/vosgesinfo.fr\/saintdieinfo\/?s={search_term_string}"},"query-input":"required name=search_term_string"}],"inLanguage":"fr-FR"},{"@type":"Organization","@id":"https:\/\/vosgesinfo.fr\/saintdieinfo\/#organization","name":"Saint Die Info","url":"https:\/\/vosgesinfo.fr\/saintdieinfo\/","logo":{"@type":"ImageObject","inLanguage":"fr-FR","@id":"https:\/\/vosgesinfo.fr\/saintdieinfo\/#\/schema\/logo\/image\/","url":"https:\/\/vosgesinfo.fr\/app\/uploads\/sites\/4\/2024\/02\/logo-sdi.jpg","contentUrl":"https:\/\/vosgesinfo.fr\/app\/uploads\/sites\/4\/2024\/02\/logo-sdi.jpg","width":600,"height":600,"caption":"Saint Die Info"},"image":{"@id":"https:\/\/vosgesinfo.fr\/saintdieinfo\/#\/schema\/logo\/image\/"},"sameAs":["https:\/\/www.facebook.com\/Saintdieinfofr","https:\/\/x.com\/VosgesInfo88","https:\/\/www.youtube.com\/@vosgesinfo"]},{"@type":"Person","@id":"https:\/\/vosgesinfo.fr\/saintdieinfo\/#\/schema\/person\/faee6704a21f3977511db84bd1cd450f","name":"la r\u00e9daction","image":{"@type":"ImageObject","inLanguage":"fr-FR","@id":"https:\/\/vosgesinfo.fr\/saintdieinfo\/#\/schema\/person\/image\/","url":"https:\/\/secure.gravatar.com\/avatar\/6673d8bc6a9c17fa9a453eaa3448de834fa308c2ec9635b7aa99441a7c8d2cf6?s=96&d=mm&r=g","contentUrl":"https:\/\/secure.gravatar.com\/avatar\/6673d8bc6a9c17fa9a453eaa3448de834fa308c2ec9635b7aa99441a7c8d2cf6?s=96&d=mm&r=g","caption":"la r\u00e9daction"},"url":"https:\/\/vosgesinfo.fr\/saintdieinfo\/author\/redac\/"}]}},"_links":{"self":[{"href":"https:\/\/vosgesinfo.fr\/saintdieinfo\/wp-json\/wp\/v2\/posts\/38549","targetHints":{"allow":["GET"]}}],"collection":[{"href":"https:\/\/vosgesinfo.fr\/saintdieinfo\/wp-json\/wp\/v2\/posts"}],"about":[{"href":"https:\/\/vosgesinfo.fr\/saintdieinfo\/wp-json\/wp\/v2\/types\/post"}],"author":[{"embeddable":true,"href":"https:\/\/vosgesinfo.fr\/saintdieinfo\/wp-json\/wp\/v2\/users\/44"}],"replies":[{"embeddable":true,"href":"https:\/\/vosgesinfo.fr\/saintdieinfo\/wp-json\/wp\/v2\/comments?post=38549"}],"version-history":[{"count":0,"href":"https:\/\/vosgesinfo.fr\/saintdieinfo\/wp-json\/wp\/v2\/posts\/38549\/revisions"}],"wp:featuredmedia":[{"embeddable":true,"href":"https:\/\/vosgesinfo.fr\/saintdieinfo\/wp-json\/wp\/v2\/media\/22036"}],"wp:attachment":[{"href":"https:\/\/vosgesinfo.fr\/saintdieinfo\/wp-json\/wp\/v2\/media?parent=38549"}],"wp:term":[{"taxonomy":"category","embeddable":true,"href":"https:\/\/vosgesinfo.fr\/saintdieinfo\/wp-json\/wp\/v2\/categories?post=38549"},{"taxonomy":"post_tag","embeddable":true,"href":"https:\/\/vosgesinfo.fr\/saintdieinfo\/wp-json\/wp\/v2\/tags?post=38549"}],"curies":[{"name":"wp","href":"https:\/\/api.w.org\/{rel}","templated":true}]}}