{"id":38551,"date":"2020-01-14T09:30:08","date_gmt":"2020-01-14T08:30:08","guid":{"rendered":"https:\/\/vosgesinfo.fr\/saintdieinfo\/2020\/01\/comite-de-greve-interprofessionnel-de-deodatie-poursuit-mobilisation-contre-reforme-retraites\/"},"modified":"2020-01-14T09:30:08","modified_gmt":"2020-01-14T08:30:08","slug":"comite-de-greve-interprofessionnel-de-deodatie-poursuit-mobilisation-contre-reforme-retraites","status":"publish","type":"post","link":"https:\/\/vosgesinfo.fr\/saintdieinfo\/2020\/01\/comite-de-greve-interprofessionnel-de-deodatie-poursuit-mobilisation-contre-reforme-retraites\/","title":{"rendered":"Le comit\u00e9 de gr\u00e8ve interprofessionnel de la D\u00e9odatie poursuit sa mobilisation contre la r\u00e9forme des retraites"},"content":{"rendered":"<p><a href=\"\/2020\/01\/Manifestation_Contre_R\u00e9forme_Retraites_14012020-15.jpg\" target=\"_blank\" rel=\"noopener\"><img decoding=\"async\" class=\"aligncenter wp-image-154836 size-full\" src=\"\/2020\/01\/Manifestation_Contre_R\u00e9forme_Retraites_14012020-15.jpg\" alt=\"Manifestation_Contre_R\u00e9forme_Retraites_14012020 (15)\" width=\"1000\" height=\"750\" \/><\/a><\/p>\n<h2><strong><span style=\"font-family: Calibri, sans-serif;\"><span style=\"font-size: large;\">Apr\u00e8s des actions jeudi et samedi derniers (lire nos pr\u00e9c\u00e9dents articles <a href=\"https:\/\/saintdieinfo.fr\/2020\/01\/nouvelle-mobilisation-deodatienne-contre-reforme-retraites\/\" target=\"_blank\" rel=\"noopener\">ici<\/a> et <a href=\"https:\/\/saintdieinfo.fr\/2020\/01\/non-a-retraite-morts-environ-200-manifestants-contre-reforme-retraites-a-saint-die-vosges\/\" target=\"_blank\" rel=\"noopener\">ici<\/a>), le comit\u00e9 de gr\u00e8ve interprofessionnel de la D\u00e9odatie poursuit sa mobilisation contre la r\u00e9forme des retraites, avec une nouvelle matin\u00e9e de manifestation ce mardi matin.<\/span><\/span><\/strong><\/h2>\n<p><!--more--><\/p>\n<p><span style=\"font-family: Calibri, sans-serif;\"><span style=\"font-size: large;\">Pr\u00e8s de 80 personnes se sont ainsi r\u00e9unies \u00e0 partir de 10h sur le parvis de la gare SNCF. Apr\u00e8s les prises de parole, un cort\u00e8ge s&rsquo;est form\u00e9 en direction de la rue du Parc, afin de rejoindre les gr\u00e9vistes de chez Enedis. \u00ab\u00a0On demande toujours le retrait pur et simple de la r\u00e9forme, car on ne veut pas de ce projet pour notre soci\u00e9t\u00e9\u00a0\u00bb ont notamment d\u00e9clar\u00e9 les manifestants, tout en insistant sur le fait que \u00ab\u00a0la r\u00e9forme ne concerne pas que les r\u00e9gimes sp\u00e9ciaux, mais aussi le priv\u00e9.\u00a0\u00bb<\/span><\/span><\/p>\n<p><span style=\"font-family: Calibri, sans-serif;\"><span style=\"font-size: large;\">Le comit\u00e9 de gr\u00e8ve redescendra dans les rues d\u00e9odatiennes d\u00e8s ce jeudi matin, lors de laquelle ses repr\u00e9sentants remettront une lettre destin\u00e9e au maire David Valence. Cette lettre ouverte revient sur ce qui s&rsquo;est pass\u00e9 dans la matin\u00e9e de vendredi, lors de la visite minist\u00e9rielle de Jacqueline Gourault (<a href=\"https:\/\/saintdieinfo.fr\/2020\/01\/manifestation-marge-de-venue-a-saint-die-vosges-de-ministre-jacqueline-gourault\/\" target=\"_blank\" rel=\"noopener\"><strong>lire notre pr\u00e9c\u00e9dent article<\/strong><\/a>). <em>\u00ab\u00a0Nous consid\u00e9rons qu&rsquo;avoir \u00e9t\u00e9 bouscul\u00e9s et gaz\u00e9s est inadmissible, notre manifestation \u00e9tait pacifique. Nous souhaitons donc interpeller David Valence sur le caract\u00e8re r\u00e9pressif des \u00e9v\u00e9nements.\u00a0\u00bb<\/em><\/span><\/span><\/p>\n<p>J.J.<\/p>\n\n","protected":false},"excerpt":{"rendered":"<p>Apr\u00e8s des actions jeudi et samedi derniers (lire nos pr\u00e9c\u00e9dents articles ici et ici), le comit\u00e9 de gr\u00e8ve interprofessionnel de [&hellip;]<\/p>\n","protected":false},"author":46,"featured_media":38552,"comment_status":"open","ping_status":"open","sticky":false,"template":"","format":"standard","meta":{"footnotes":""},"categories":[460,10,2915],"tags":[7586,710,7538,7539],"class_list":["post-38551","post","type-post","status-publish","format-standard","has-post-thumbnail","hentry","category-a-la-une","category-politique","category-saint-die-son-canton","tag-comite-de-greve-interprofessionnel-de-la-deodatie","tag-greve","tag-manifestation-contre-la-reforme-des-retraites","tag-mouvement-de-greve"],"acf":[],"yoast_head":"<!-- This site is optimized with the Yoast SEO plugin v22.5 - https:\/\/yoast.com\/wordpress\/plugins\/seo\/ -->\n<title>Le comit\u00e9 de gr\u00e8ve interprofessionnel de la D\u00e9odatie poursuit sa mobilisation contre la r\u00e9forme des retraites - Saint Die Info<\/title>\n<meta name=\"robots\" content=\"index, follow, max-snippet:-1, max-image-preview:large, max-video-preview:-1\" \/>\n<link rel=\"canonical\" href=\"https:\/\/vosgesinfo.fr\/saintdieinfo\/2020\/01\/comite-de-greve-interprofessionnel-de-deodatie-poursuit-mobilisation-contre-reforme-retraites\/\" \/>\n<meta name=\"twitter:card\" content=\"summary_large_image\" \/>\n<meta name=\"twitter:title\" content=\"Le comit\u00e9 de gr\u00e8ve interprofessionnel de la D\u00e9odatie poursuit sa mobilisation contre la r\u00e9forme des retraites - Saint Die Info\" \/>\n<meta name=\"twitter:description\" content=\"Apr\u00e8s des actions jeudi et samedi derniers (lire nos pr\u00e9c\u00e9dents articles ici et ici), le comit\u00e9 de gr\u00e8ve interprofessionnel de [&hellip;]\" \/>\n<meta name=\"twitter:image\" content=\"https:\/\/vosgesinfo.fr\/app\/uploads\/sites\/4\/2024\/08\/202001manifestation-contre-reforme-retraites-14012020-15.jpg\" \/>\n<meta name=\"twitter:creator\" content=\"@VosgesInfo88\" \/>\n<meta name=\"twitter:site\" content=\"@VosgesInfo88\" \/>\n<meta name=\"twitter:label1\" content=\"\u00c9crit par\" \/>\n\t<meta name=\"twitter:data1\" content=\"J.J.\" \/>\n\t<meta name=\"twitter:label2\" content=\"Dur\u00e9e de lecture estim\u00e9e\" \/>\n\t<meta name=\"twitter:data2\" content=\"1 minute\" \/>\n<script type=\"application\/ld+json\" class=\"yoast-schema-graph\">{\"@context\":\"https:\/\/schema.org\",\"@graph\":[{\"@type\":\"Article\",\"@id\":\"https:\/\/vosgesinfo.fr\/saintdieinfo\/2020\/01\/comite-de-greve-interprofessionnel-de-deodatie-poursuit-mobilisation-contre-reforme-retraites\/#article\",\"isPartOf\":{\"@id\":\"https:\/\/vosgesinfo.fr\/saintdieinfo\/2020\/01\/comite-de-greve-interprofessionnel-de-deodatie-poursuit-mobilisation-contre-reforme-retraites\/\"},\"author\":{\"name\":\"J.J.\",\"@id\":\"https:\/\/vosgesinfo.fr\/saintdieinfo\/#\/schema\/person\/fa73e9f726d67bb88f46d5b7943cb572\"},\"headline\":\"Le comit\u00e9 de gr\u00e8ve interprofessionnel de la D\u00e9odatie poursuit sa mobilisation contre la r\u00e9forme des retraites\",\"datePublished\":\"2020-01-14T08:30:08+00:00\",\"dateModified\":\"2020-01-14T08:30:08+00:00\",\"mainEntityOfPage\":{\"@id\":\"https:\/\/vosgesinfo.fr\/saintdieinfo\/2020\/01\/comite-de-greve-interprofessionnel-de-deodatie-poursuit-mobilisation-contre-reforme-retraites\/\"},\"wordCount\":267,\"commentCount\":0,\"publisher\":{\"@id\":\"https:\/\/vosgesinfo.fr\/saintdieinfo\/#organization\"},\"image\":{\"@id\":\"https:\/\/vosgesinfo.fr\/saintdieinfo\/2020\/01\/comite-de-greve-interprofessionnel-de-deodatie-poursuit-mobilisation-contre-reforme-retraites\/#primaryimage\"},\"thumbnailUrl\":\"https:\/\/vosgesinfo.fr\/app\/uploads\/sites\/4\/2024\/08\/202001manifestation-contre-reforme-retraites-14012020-15.jpg\",\"keywords\":[\"Comit\u00e9 de gr\u00e8ve interprofessionnel de la D\u00e9odatie\",\"greve\",\"Manifestation contre la r\u00e9forme des retraites\",\"Mouvement de gr\u00e8ve\"],\"articleSection\":[\"A la Une\",\"Politique\",\"Saint-Di\u00e9-des-Vosges et son Agglom\u00e9ration\"],\"inLanguage\":\"fr-FR\",\"potentialAction\":[{\"@type\":\"CommentAction\",\"name\":\"Comment\",\"target\":[\"https:\/\/vosgesinfo.fr\/saintdieinfo\/2020\/01\/comite-de-greve-interprofessionnel-de-deodatie-poursuit-mobilisation-contre-reforme-retraites\/#respond\"]}]},{\"@type\":\"WebPage\",\"@id\":\"https:\/\/vosgesinfo.fr\/saintdieinfo\/2020\/01\/comite-de-greve-interprofessionnel-de-deodatie-poursuit-mobilisation-contre-reforme-retraites\/\",\"url\":\"https:\/\/vosgesinfo.fr\/saintdieinfo\/2020\/01\/comite-de-greve-interprofessionnel-de-deodatie-poursuit-mobilisation-contre-reforme-retraites\/\",\"name\":\"Le comit\u00e9 de gr\u00e8ve interprofessionnel de la D\u00e9odatie poursuit sa mobilisation contre la r\u00e9forme des retraites - Saint Die Info\",\"isPartOf\":{\"@id\":\"https:\/\/vosgesinfo.fr\/saintdieinfo\/#website\"},\"primaryImageOfPage\":{\"@id\":\"https:\/\/vosgesinfo.fr\/saintdieinfo\/2020\/01\/comite-de-greve-interprofessionnel-de-deodatie-poursuit-mobilisation-contre-reforme-retraites\/#primaryimage\"},\"image\":{\"@id\":\"https:\/\/vosgesinfo.fr\/saintdieinfo\/2020\/01\/comite-de-greve-interprofessionnel-de-deodatie-poursuit-mobilisation-contre-reforme-retraites\/#primaryimage\"},\"thumbnailUrl\":\"https:\/\/vosgesinfo.fr\/app\/uploads\/sites\/4\/2024\/08\/202001manifestation-contre-reforme-retraites-14012020-15.jpg\",\"datePublished\":\"2020-01-14T08:30:08+00:00\",\"dateModified\":\"2020-01-14T08:30:08+00:00\",\"breadcrumb\":{\"@id\":\"https:\/\/vosgesinfo.fr\/saintdieinfo\/2020\/01\/comite-de-greve-interprofessionnel-de-deodatie-poursuit-mobilisation-contre-reforme-retraites\/#breadcrumb\"},\"inLanguage\":\"fr-FR\",\"potentialAction\":[{\"@type\":\"ReadAction\",\"target\":[\"https:\/\/vosgesinfo.fr\/saintdieinfo\/2020\/01\/comite-de-greve-interprofessionnel-de-deodatie-poursuit-mobilisation-contre-reforme-retraites\/\"]}]},{\"@type\":\"ImageObject\",\"inLanguage\":\"fr-FR\",\"@id\":\"https:\/\/vosgesinfo.fr\/saintdieinfo\/2020\/01\/comite-de-greve-interprofessionnel-de-deodatie-poursuit-mobilisation-contre-reforme-retraites\/#primaryimage\",\"url\":\"https:\/\/vosgesinfo.fr\/app\/uploads\/sites\/4\/2024\/08\/202001manifestation-contre-reforme-retraites-14012020-15.jpg\",\"contentUrl\":\"https:\/\/vosgesinfo.fr\/app\/uploads\/sites\/4\/2024\/08\/202001manifestation-contre-reforme-retraites-14012020-15.jpg\",\"width\":1000,\"height\":750},{\"@type\":\"BreadcrumbList\",\"@id\":\"https:\/\/vosgesinfo.fr\/saintdieinfo\/2020\/01\/comite-de-greve-interprofessionnel-de-deodatie-poursuit-mobilisation-contre-reforme-retraites\/#breadcrumb\",\"itemListElement\":[{\"@type\":\"ListItem\",\"position\":1,\"name\":\"Home\",\"item\":\"https:\/\/vosgesinfo.fr\/saintdieinfo\/\"},{\"@type\":\"ListItem\",\"position\":2,\"name\":\"Le comit\u00e9 de gr\u00e8ve interprofessionnel de la D\u00e9odatie poursuit sa mobilisation contre la r\u00e9forme des retraites\"}]},{\"@type\":\"WebSite\",\"@id\":\"https:\/\/vosgesinfo.fr\/saintdieinfo\/#website\",\"url\":\"https:\/\/vosgesinfo.fr\/saintdieinfo\/\",\"name\":\"Saint Die Info\",\"description\":\"Toute l&#039;actualit\u00e9 de Saint-Di\u00e9-Des-Vosges\",\"publisher\":{\"@id\":\"https:\/\/vosgesinfo.fr\/saintdieinfo\/#organization\"},\"alternateName\":\"Toute l'actualit\u00e9 de Saint-Di\u00e9-Des-Vosges\",\"potentialAction\":[{\"@type\":\"SearchAction\",\"target\":{\"@type\":\"EntryPoint\",\"urlTemplate\":\"https:\/\/vosgesinfo.fr\/saintdieinfo\/?s={search_term_string}\"},\"query-input\":\"required name=search_term_string\"}],\"inLanguage\":\"fr-FR\"},{\"@type\":\"Organization\",\"@id\":\"https:\/\/vosgesinfo.fr\/saintdieinfo\/#organization\",\"name\":\"Saint Die Info\",\"url\":\"https:\/\/vosgesinfo.fr\/saintdieinfo\/\",\"logo\":{\"@type\":\"ImageObject\",\"inLanguage\":\"fr-FR\",\"@id\":\"https:\/\/vosgesinfo.fr\/saintdieinfo\/#\/schema\/logo\/image\/\",\"url\":\"https:\/\/vosgesinfo.fr\/app\/uploads\/sites\/4\/2024\/02\/logo-sdi.jpg\",\"contentUrl\":\"https:\/\/vosgesinfo.fr\/app\/uploads\/sites\/4\/2024\/02\/logo-sdi.jpg\",\"width\":600,\"height\":600,\"caption\":\"Saint Die Info\"},\"image\":{\"@id\":\"https:\/\/vosgesinfo.fr\/saintdieinfo\/#\/schema\/logo\/image\/\"},\"sameAs\":[\"https:\/\/www.facebook.com\/Saintdieinfofr\",\"https:\/\/x.com\/VosgesInfo88\",\"https:\/\/www.youtube.com\/@vosgesinfo\"]},{\"@type\":\"Person\",\"@id\":\"https:\/\/vosgesinfo.fr\/saintdieinfo\/#\/schema\/person\/fa73e9f726d67bb88f46d5b7943cb572\",\"name\":\"J.J.\",\"image\":{\"@type\":\"ImageObject\",\"inLanguage\":\"fr-FR\",\"@id\":\"https:\/\/vosgesinfo.fr\/saintdieinfo\/#\/schema\/person\/image\/\",\"url\":\"https:\/\/secure.gravatar.com\/avatar\/219e749e47ffbcca018a360ae4add7d4cdf1cdaaf8bc7676b27efade3fe65615?s=96&d=mm&r=g\",\"contentUrl\":\"https:\/\/secure.gravatar.com\/avatar\/219e749e47ffbcca018a360ae4add7d4cdf1cdaaf8bc7676b27efade3fe65615?s=96&d=mm&r=g\",\"caption\":\"J.J.\"},\"url\":\"https:\/\/vosgesinfo.fr\/saintdieinfo\/author\/j-j\/\"}]}<\/script>\n<!-- \/ Yoast SEO plugin. -->","yoast_head_json":{"title":"Le comit\u00e9 de gr\u00e8ve interprofessionnel de la D\u00e9odatie poursuit sa mobilisation contre la r\u00e9forme des retraites - Saint Die Info","robots":{"index":"index","follow":"follow","max-snippet":"max-snippet:-1","max-image-preview":"max-image-preview:large","max-video-preview":"max-video-preview:-1"},"canonical":"https:\/\/vosgesinfo.fr\/saintdieinfo\/2020\/01\/comite-de-greve-interprofessionnel-de-deodatie-poursuit-mobilisation-contre-reforme-retraites\/","twitter_card":"summary_large_image","twitter_title":"Le comit\u00e9 de gr\u00e8ve interprofessionnel de la D\u00e9odatie poursuit sa mobilisation contre la r\u00e9forme des retraites - Saint Die Info","twitter_description":"Apr\u00e8s des actions jeudi et samedi derniers (lire nos pr\u00e9c\u00e9dents articles ici et ici), le comit\u00e9 de gr\u00e8ve interprofessionnel de [&hellip;]","twitter_image":"https:\/\/vosgesinfo.fr\/app\/uploads\/sites\/4\/2024\/08\/202001manifestation-contre-reforme-retraites-14012020-15.jpg","twitter_creator":"@VosgesInfo88","twitter_site":"@VosgesInfo88","twitter_misc":{"\u00c9crit par":"J.J.","Dur\u00e9e de lecture estim\u00e9e":"1 minute"},"schema":{"@context":"https:\/\/schema.org","@graph":[{"@type":"Article","@id":"https:\/\/vosgesinfo.fr\/saintdieinfo\/2020\/01\/comite-de-greve-interprofessionnel-de-deodatie-poursuit-mobilisation-contre-reforme-retraites\/#article","isPartOf":{"@id":"https:\/\/vosgesinfo.fr\/saintdieinfo\/2020\/01\/comite-de-greve-interprofessionnel-de-deodatie-poursuit-mobilisation-contre-reforme-retraites\/"},"author":{"name":"J.J.","@id":"https:\/\/vosgesinfo.fr\/saintdieinfo\/#\/schema\/person\/fa73e9f726d67bb88f46d5b7943cb572"},"headline":"Le comit\u00e9 de gr\u00e8ve interprofessionnel de la D\u00e9odatie poursuit sa mobilisation contre la r\u00e9forme des retraites","datePublished":"2020-01-14T08:30:08+00:00","dateModified":"2020-01-14T08:30:08+00:00","mainEntityOfPage":{"@id":"https:\/\/vosgesinfo.fr\/saintdieinfo\/2020\/01\/comite-de-greve-interprofessionnel-de-deodatie-poursuit-mobilisation-contre-reforme-retraites\/"},"wordCount":267,"commentCount":0,"publisher":{"@id":"https:\/\/vosgesinfo.fr\/saintdieinfo\/#organization"},"image":{"@id":"https:\/\/vosgesinfo.fr\/saintdieinfo\/2020\/01\/comite-de-greve-interprofessionnel-de-deodatie-poursuit-mobilisation-contre-reforme-retraites\/#primaryimage"},"thumbnailUrl":"https:\/\/vosgesinfo.fr\/app\/uploads\/sites\/4\/2024\/08\/202001manifestation-contre-reforme-retraites-14012020-15.jpg","keywords":["Comit\u00e9 de gr\u00e8ve interprofessionnel de la D\u00e9odatie","greve","Manifestation contre la r\u00e9forme des retraites","Mouvement de gr\u00e8ve"],"articleSection":["A la Une","Politique","Saint-Di\u00e9-des-Vosges et son Agglom\u00e9ration"],"inLanguage":"fr-FR","potentialAction":[{"@type":"CommentAction","name":"Comment","target":["https:\/\/vosgesinfo.fr\/saintdieinfo\/2020\/01\/comite-de-greve-interprofessionnel-de-deodatie-poursuit-mobilisation-contre-reforme-retraites\/#respond"]}]},{"@type":"WebPage","@id":"https:\/\/vosgesinfo.fr\/saintdieinfo\/2020\/01\/comite-de-greve-interprofessionnel-de-deodatie-poursuit-mobilisation-contre-reforme-retraites\/","url":"https:\/\/vosgesinfo.fr\/saintdieinfo\/2020\/01\/comite-de-greve-interprofessionnel-de-deodatie-poursuit-mobilisation-contre-reforme-retraites\/","name":"Le comit\u00e9 de gr\u00e8ve interprofessionnel de la D\u00e9odatie poursuit sa mobilisation contre la r\u00e9forme des retraites - Saint Die Info","isPartOf":{"@id":"https:\/\/vosgesinfo.fr\/saintdieinfo\/#website"},"primaryImageOfPage":{"@id":"https:\/\/vosgesinfo.fr\/saintdieinfo\/2020\/01\/comite-de-greve-interprofessionnel-de-deodatie-poursuit-mobilisation-contre-reforme-retraites\/#primaryimage"},"image":{"@id":"https:\/\/vosgesinfo.fr\/saintdieinfo\/2020\/01\/comite-de-greve-interprofessionnel-de-deodatie-poursuit-mobilisation-contre-reforme-retraites\/#primaryimage"},"thumbnailUrl":"https:\/\/vosgesinfo.fr\/app\/uploads\/sites\/4\/2024\/08\/202001manifestation-contre-reforme-retraites-14012020-15.jpg","datePublished":"2020-01-14T08:30:08+00:00","dateModified":"2020-01-14T08:30:08+00:00","breadcrumb":{"@id":"https:\/\/vosgesinfo.fr\/saintdieinfo\/2020\/01\/comite-de-greve-interprofessionnel-de-deodatie-poursuit-mobilisation-contre-reforme-retraites\/#breadcrumb"},"inLanguage":"fr-FR","potentialAction":[{"@type":"ReadAction","target":["https:\/\/vosgesinfo.fr\/saintdieinfo\/2020\/01\/comite-de-greve-interprofessionnel-de-deodatie-poursuit-mobilisation-contre-reforme-retraites\/"]}]},{"@type":"ImageObject","inLanguage":"fr-FR","@id":"https:\/\/vosgesinfo.fr\/saintdieinfo\/2020\/01\/comite-de-greve-interprofessionnel-de-deodatie-poursuit-mobilisation-contre-reforme-retraites\/#primaryimage","url":"https:\/\/vosgesinfo.fr\/app\/uploads\/sites\/4\/2024\/08\/202001manifestation-contre-reforme-retraites-14012020-15.jpg","contentUrl":"https:\/\/vosgesinfo.fr\/app\/uploads\/sites\/4\/2024\/08\/202001manifestation-contre-reforme-retraites-14012020-15.jpg","width":1000,"height":750},{"@type":"BreadcrumbList","@id":"https:\/\/vosgesinfo.fr\/saintdieinfo\/2020\/01\/comite-de-greve-interprofessionnel-de-deodatie-poursuit-mobilisation-contre-reforme-retraites\/#breadcrumb","itemListElement":[{"@type":"ListItem","position":1,"name":"Home","item":"https:\/\/vosgesinfo.fr\/saintdieinfo\/"},{"@type":"ListItem","position":2,"name":"Le comit\u00e9 de gr\u00e8ve interprofessionnel de la D\u00e9odatie poursuit sa mobilisation contre la r\u00e9forme des retraites"}]},{"@type":"WebSite","@id":"https:\/\/vosgesinfo.fr\/saintdieinfo\/#website","url":"https:\/\/vosgesinfo.fr\/saintdieinfo\/","name":"Saint Die Info","description":"Toute l&#039;actualit\u00e9 de Saint-Di\u00e9-Des-Vosges","publisher":{"@id":"https:\/\/vosgesinfo.fr\/saintdieinfo\/#organization"},"alternateName":"Toute l'actualit\u00e9 de Saint-Di\u00e9-Des-Vosges","potentialAction":[{"@type":"SearchAction","target":{"@type":"EntryPoint","urlTemplate":"https:\/\/vosgesinfo.fr\/saintdieinfo\/?s={search_term_string}"},"query-input":"required name=search_term_string"}],"inLanguage":"fr-FR"},{"@type":"Organization","@id":"https:\/\/vosgesinfo.fr\/saintdieinfo\/#organization","name":"Saint Die Info","url":"https:\/\/vosgesinfo.fr\/saintdieinfo\/","logo":{"@type":"ImageObject","inLanguage":"fr-FR","@id":"https:\/\/vosgesinfo.fr\/saintdieinfo\/#\/schema\/logo\/image\/","url":"https:\/\/vosgesinfo.fr\/app\/uploads\/sites\/4\/2024\/02\/logo-sdi.jpg","contentUrl":"https:\/\/vosgesinfo.fr\/app\/uploads\/sites\/4\/2024\/02\/logo-sdi.jpg","width":600,"height":600,"caption":"Saint Die Info"},"image":{"@id":"https:\/\/vosgesinfo.fr\/saintdieinfo\/#\/schema\/logo\/image\/"},"sameAs":["https:\/\/www.facebook.com\/Saintdieinfofr","https:\/\/x.com\/VosgesInfo88","https:\/\/www.youtube.com\/@vosgesinfo"]},{"@type":"Person","@id":"https:\/\/vosgesinfo.fr\/saintdieinfo\/#\/schema\/person\/fa73e9f726d67bb88f46d5b7943cb572","name":"J.J.","image":{"@type":"ImageObject","inLanguage":"fr-FR","@id":"https:\/\/vosgesinfo.fr\/saintdieinfo\/#\/schema\/person\/image\/","url":"https:\/\/secure.gravatar.com\/avatar\/219e749e47ffbcca018a360ae4add7d4cdf1cdaaf8bc7676b27efade3fe65615?s=96&d=mm&r=g","contentUrl":"https:\/\/secure.gravatar.com\/avatar\/219e749e47ffbcca018a360ae4add7d4cdf1cdaaf8bc7676b27efade3fe65615?s=96&d=mm&r=g","caption":"J.J."},"url":"https:\/\/vosgesinfo.fr\/saintdieinfo\/author\/j-j\/"}]}},"_links":{"self":[{"href":"https:\/\/vosgesinfo.fr\/saintdieinfo\/wp-json\/wp\/v2\/posts\/38551","targetHints":{"allow":["GET"]}}],"collection":[{"href":"https:\/\/vosgesinfo.fr\/saintdieinfo\/wp-json\/wp\/v2\/posts"}],"about":[{"href":"https:\/\/vosgesinfo.fr\/saintdieinfo\/wp-json\/wp\/v2\/types\/post"}],"author":[{"embeddable":true,"href":"https:\/\/vosgesinfo.fr\/saintdieinfo\/wp-json\/wp\/v2\/users\/46"}],"replies":[{"embeddable":true,"href":"https:\/\/vosgesinfo.fr\/saintdieinfo\/wp-json\/wp\/v2\/comments?post=38551"}],"version-history":[{"count":0,"href":"https:\/\/vosgesinfo.fr\/saintdieinfo\/wp-json\/wp\/v2\/posts\/38551\/revisions"}],"wp:featuredmedia":[{"embeddable":true,"href":"https:\/\/vosgesinfo.fr\/saintdieinfo\/wp-json\/wp\/v2\/media\/38552"}],"wp:attachment":[{"href":"https:\/\/vosgesinfo.fr\/saintdieinfo\/wp-json\/wp\/v2\/media?parent=38551"}],"wp:term":[{"taxonomy":"category","embeddable":true,"href":"https:\/\/vosgesinfo.fr\/saintdieinfo\/wp-json\/wp\/v2\/categories?post=38551"},{"taxonomy":"post_tag","embeddable":true,"href":"https:\/\/vosgesinfo.fr\/saintdieinfo\/wp-json\/wp\/v2\/tags?post=38551"}],"curies":[{"name":"wp","href":"https:\/\/api.w.org\/{rel}","templated":true}]}}