{"id":38575,"date":"2020-01-15T14:00:51","date_gmt":"2020-01-15T13:00:51","guid":{"rendered":"https:\/\/vosgesinfo.fr\/saintdieinfo\/2020\/01\/tchizz-voyages-entreprise-a-peps\/"},"modified":"2020-01-15T14:00:51","modified_gmt":"2020-01-15T13:00:51","slug":"tchizz-voyages-entreprise-a-peps","status":"publish","type":"post","link":"https:\/\/vosgesinfo.fr\/saintdieinfo\/2020\/01\/tchizz-voyages-entreprise-a-peps\/","title":{"rendered":"Tchizz Voyages, une entreprise qui a du \u00ab\u00a0peps\u00a0\u00bb\u00a0!"},"content":{"rendered":"<p><a href=\"\/2020\/01\/photo-groupe-tchizz.jpg\" target=\"_blank\" rel=\"noopener\"><img decoding=\"async\" class=\"aligncenter wp-image-154854 size-full\" src=\"\/2020\/01\/photo-groupe-tchizz.jpg\" alt=\"photo groupe tchizz\" width=\"784\" height=\"520\" \/><\/a><\/p>\n<h2><strong><span style=\"font-family: Calibri, sans-serif;\"><span style=\"font-size: large;\"><span lang=\"fr-FR\">En ce d\u00e9but d\u2019ann\u00e9e, toute l\u2019\u00e9quipe des <\/span><\/span><\/span><span style=\"font-family: Calibri, sans-serif;\"><span style=\"font-size: large;\"> Cars Ferry<\/span><\/span><span style=\"font-family: Calibri, sans-serif;\"><span style=\"font-size: large;\"><span lang=\"fr-FR\">, connus maintenant sous l\u2019appellation commerciale \u00ab\u00a0Tchizz Voyages\u00a0\u00bb, vous pr\u00e9sente ses meilleurs v\u0153ux de bonne sant\u00e9 et de r\u00e9ussite\u00a0! <\/span><\/span><\/span><\/strong><\/h2>\n<p><!--more--><\/p>\n<p><strong><span style=\"font-family: Calibri, sans-serif;\"><span style=\"font-size: large;\"><span lang=\"fr-FR\">Cette entreprise tr\u00e8s appr\u00e9ci\u00e9e des vosgiens et des lorrains, vous r\u00e9serve bien des surprises\u00a0et des nouveaut\u00e9s tout au long de cette ann\u00e9e ; Un \u00e9v\u00e8nement de taille se profile, puisqu\u2019elle va <\/span><\/span><\/span><span style=\"font-family: Calibri, sans-serif;\"><span style=\"font-size: large;\">souffler <\/span><\/span><span style=\"font-family: Calibri, sans-serif;\"><span style=\"font-size: large;\"><span lang=\"fr-FR\">sa centi\u00e8me bougie\u00a0\u2026\u00a0!<\/span><\/span><\/span><\/strong><\/p>\n<p><strong><span style=\"font-family: Calibri, sans-serif;\"><span style=\"font-size: large;\"><span lang=\"fr-FR\">En effet, <\/span><\/span><\/span><span style=\"font-family: Calibri, sans-serif;\"><span style=\"font-size: large;\">c&rsquo;est en novembre 1920 que Joseph Ferry, le fondateur des Auto-Cars Ferry a enregistr\u00e9 son <\/span><\/span><span style=\"font-family: Calibri, sans-serif;\"><span style=\"font-size: large;\"><span lang=\"fr-FR\">activit\u00e9 <\/span><\/span><\/span><span style=\"font-family: Calibri, sans-serif;\"><span style=\"font-size: large;\">au Tribunal de Commerce de Saint-Di\u00e9. Sa Soci\u00e9t\u00e9, situ\u00e9e \u00e0 Gerb\u00e9pal avait alors <\/span><\/span><span style=\"font-family: Calibri, sans-serif;\"><span style=\"font-size: large;\"><span lang=\"fr-FR\">comme fonctions<\/span><\/span><\/span><span style=\"font-family: Calibri, sans-serif;\"><span style=\"font-size: large;\"> les transports et la r\u00e9paration m\u00e9canique. Implant\u00e9s d\u00e8s les ann\u00e9es 30 \u00e0 Corcieux, o\u00f9 ils r\u00e9sident toujours, les Cars Ferry, transmis de g\u00e9n\u00e9ration en g\u00e9n\u00e9ration, n&rsquo;ont cess\u00e9 de se d\u00e9velopper<\/span><\/span><span style=\"font-family: Calibri, sans-serif;\"><span style=\"font-size: large;\"><span lang=\"fr-FR\"> et de r\u00e9pondre, avec succ\u00e8s, \u00e0 des demandes tr\u00e8s diversifi\u00e9es<\/span><\/span><\/span><span style=\"font-family: Calibri, sans-serif;\"><span style=\"font-size: large;\">.<\/span><\/span><\/strong><\/p>\n<p><strong><span style=\"font-family: Calibri, sans-serif;\"><span style=\"font-size: large;\">Aujourd&rsquo;hui, Edith Co<\/span><\/span><span style=\"font-family: Calibri, sans-serif;\"><span style=\"font-size: large;\"><span lang=\"fr-FR\">l<\/span><\/span><\/span><span style=\"font-family: Calibri, sans-serif;\"><span style=\"font-size: large;\">lin et son fils Matthieu tiennent les r\u00eanes de la soci\u00e9t\u00e9<\/span><\/span><\/strong> <span style=\"font-family: Calibri, sans-serif;\"><span style=\"font-size: large;\"> qui emploie actuellement <\/span><\/span><span style=\"font-family: Calibri, sans-serif;\"><span style=\"font-size: large;\"><span lang=\"fr-FR\">62<\/span><\/span><\/span><span style=\"font-family: Calibri, sans-serif;\"><span style=\"font-size: large;\"> personnes et dispose d&rsquo;un parc d<\/span><\/span><span style=\"font-family: Calibri, sans-serif;\"><span style=\"font-size: large;\"><span lang=\"fr-FR\">e<\/span><\/span><\/span> <span style=\"font-family: Calibri, sans-serif;\"><span style=\"font-size: large;\"><span lang=\"fr-FR\">53 <\/span><\/span><\/span><span style=\"font-family: Calibri, sans-serif;\"><span style=\"font-size: large;\">autocars<\/span><\/span><span style=\"font-family: Calibri, sans-serif;\"><span style=\"font-size: large;\"><span lang=\"fr-FR\">.<\/span><\/span><\/span><\/p>\n<p><strong><span style=\"font-family: Calibri, sans-serif;\"><span style=\"font-size: large;\">Des autocars modernes, confortables et qui r\u00e9pondent aux plus grandes exigences<\/span><\/span><\/strong><span style=\"font-family: Calibri, sans-serif;\"><span style=\"font-size: large;\"><strong>,<\/strong> avec notamment des prises USB, lecteurs DVD, cam\u00e9ras de route, des si\u00e8ges inclinables, machine \u00e0 caf\u00e9, des toilettes<\/span><\/span><span style=\"font-family: Calibri, sans-serif;\"><span style=\"font-size: large;\"><span lang=\"fr-FR\">..<\/span><\/span><\/span><\/p>\n<p><span style=\"font-family: Calibri, sans-serif;\"><span style=\"font-size: large;\">Ce logo au sourire <\/span><\/span><span style=\"font-family: Calibri, sans-serif;\"><span style=\"font-size: large;\"><span lang=\"fr-FR\">p\u00e9tillant,<\/span><\/span><\/span><span style=\"font-family: Calibri, sans-serif;\"><span style=\"font-size: large;\"> nous le croisons tous les jours sur les routes des Vosges, de la r\u00e9gion Grand Est, de France et d&rsquo;Europe car en tant qu&rsquo;expert du transport, <\/span><\/span><strong><span style=\"font-family: Calibri, sans-serif;\"><span style=\"font-size: large;\">Tchizz<\/span><\/span><span style=\"font-family: Calibri, sans-serif;\"><span style=\"font-size: large;\"><span lang=\"fr-FR\"> Voyages<\/span><\/span><\/span><span style=\"font-family: Calibri, sans-serif;\"><span style=\"font-size: large;\"> propose un large panel de prestations<\/span><\/span><\/strong><span style=\"font-family: Calibri, sans-serif;\"><span style=\"font-size: large;\"><strong>. <\/strong>Du transport scolaire \u00e0 la ligne r\u00e9guli\u00e8re, en passant par le transport <\/span><\/span><span style=\"font-family: Calibri, sans-serif;\"><span style=\"font-size: large;\"><span lang=\"fr-FR\">de loisirs et le transport touristique avec \u00ab\u00a0des prestations cl\u00e9 en main\u00a0\u00bb, y compris des destinations quotidiennes pour Paris avec \u00ab\u00a0Blablabus\u00a0\u00bb, depuis Saint-Di\u00e9 et Epinal.<\/span><\/span><\/span><\/p>\n<p><span style=\"font-family: Calibri, sans-serif;\"><span style=\"font-size: large;\"><span lang=\"fr-FR\">Et pour r\u00e9pondre \u00e0 toutes ses demandes, <\/span><\/span><\/span><strong><span style=\"font-family: Calibri, sans-serif;\"><span style=\"font-size: large;\"><span lang=\"fr-FR\">Tchizz Voyages c\u2019est avant tout une \u00e9quipe soud\u00e9e et compos\u00e9e de v\u00e9ritables professionnels du transport et du tourisme, que nous avons l\u2019occasion de vous pr\u00e9senter dans cet article et qui sont d\u00e9vou\u00e9s aux attentes de leurs clients et partenaires.<\/span><\/span><\/span><\/strong><\/p>\n<p><strong><span style=\"font-family: Calibri, sans-serif;\"><span style=\"font-size: large;\">Le temps d&rsquo;un week-end ou d&rsquo;une journ\u00e9e<\/span><\/span><\/strong><span style=\"font-family: Calibri, sans-serif;\"><span style=\"font-size: large;\">, montez \u00e0 bord et assistez \u00e0 un concert de<\/span><\/span><span style=\"font-family: Calibri, sans-serif;\"><span style=\"font-size: large;\"><span lang=\"fr-FR\"> C\u00e9line Dion ou de M. Pokora<\/span><\/span><\/span><span style=\"font-family: Calibri, sans-serif;\"><span style=\"font-size: large;\">, <\/span><\/span><span style=\"font-family: Calibri, sans-serif;\"><span style=\"font-size: large;\"><span lang=\"fr-FR\">\u00e0 un salon, \u00e0 <\/span><\/span><\/span><span style=\"font-family: Calibri, sans-serif;\"><span style=\"font-size: large;\">un match de football<\/span><\/span><span style=\"font-family: Calibri, sans-serif;\"><span style=\"font-size: large;\"><span lang=\"fr-FR\">,<\/span><\/span><\/span><span style=\"font-family: Calibri, sans-serif;\"><span style=\"font-size: large;\"> d\u00e9tendez-vous lors d&rsquo;une croisi\u00e8re sur le Rhin<\/span><\/span><span style=\"font-family: Calibri, sans-serif;\"><span style=\"font-size: large;\"><span lang=\"fr-FR\"> ou sur le Nil\u00a0!<\/span><\/span><\/span><span style=\"font-family: Calibri, sans-serif;\"><span style=\"font-size: large;\">, amusez-vous \u00e0 Europa<\/span><\/span><span style=\"font-family: Calibri, sans-serif;\"><span style=\"font-size: large;\"><span lang=\"fr-FR\">P<\/span><\/span><\/span><span style=\"font-family: Calibri, sans-serif;\"><span style=\"font-size: large;\">ark<\/span><\/span><span style=\"font-family: Calibri, sans-serif;\"><span style=\"font-size: large;\"><span lang=\"fr-FR\"> et \u00e0 Rulantica<\/span><\/span><\/span><span style=\"font-family: Calibri, sans-serif;\"><span style=\"font-size: large;\">, <\/span><\/span><strong><span style=\"font-family: Calibri, sans-serif;\"><span style=\"font-size: large;\"><span lang=\"fr-FR\">passez vos vacances<\/span><\/span><\/span><\/strong><span style=\"font-family: Calibri, sans-serif;\"><span style=\"font-size: large;\"><span lang=\"fr-FR\"> aux bords de la <\/span><\/span><\/span><span style=\"font-family: Calibri, sans-serif;\"><span style=\"font-size: large;\">Costa Brava, ou encore <\/span><\/span><span style=\"font-family: Calibri, sans-serif;\"><span style=\"font-size: large;\"><span lang=\"fr-FR\">sur l\u2019\u00eele de la R\u00e9union, de Djerba, avec des formules tout inclus dans un h\u00f4tel 4 \u00e9toiles\u2026<\/span><\/span><\/span><\/p>\n<p><strong><span style=\"font-family: Calibri, sans-serif;\"><span style=\"font-size: large;\"><span lang=\"fr-FR\">Et pourquoi pas les laisser vous d\u00e9nicher des s\u00e9jours insolites et originaux\u00a0!<\/span><\/span><\/span><\/strong><span style=\"font-family: Calibri, sans-serif;\"><span style=\"font-size: large;\"><span lang=\"fr-FR\">&#8230; vers <\/span><\/span><\/span><span style=\"font-family: Calibri, sans-serif;\"><span style=\"font-size: large;\">de nombreuses destinations en avion, <\/span><\/span><span style=\"font-family: Calibri, sans-serif;\"><span style=\"font-size: large;\"><span lang=\"fr-FR\">en <\/span><\/span><\/span><span style=\"font-family: Calibri, sans-serif;\"><span style=\"font-size: large;\">train ou<\/span><\/span><span style=\"font-family: Calibri, sans-serif;\"><span style=\"font-size: large;\"><span lang=\"fr-FR\"> en <\/span><\/span><\/span><span style=\"font-family: Calibri, sans-serif;\"><span style=\"font-size: large;\">bateau, en France ou \u00e0 l&rsquo;\u00e9tranger<\/span><\/span><span style=\"font-family: Calibri, sans-serif;\"><span style=\"font-size: large;\"><span lang=\"fr-FR\">, l\u2019\u00e9quipe sera heureuse de combler toutes vos envies de d\u00e9paysement<\/span><\/span><\/span><span style=\"font-family: Calibri, sans-serif;\"><span style=\"font-size: large;\"> !<\/span><\/span><\/p>\n<p><span style=\"font-family: Calibri, sans-serif;\"><span style=\"font-size: large;\"><span lang=\"fr-FR\">E<\/span><\/span><\/span><span style=\"font-family: Calibri, sans-serif;\"><span style=\"font-size: large;\">n somme, \u00e9vadez<\/span><\/span><span style=\"font-family: Calibri, sans-serif;\"><span style=\"font-size: large;\"><span lang=\"fr-FR\">&#8211;<\/span><\/span><\/span><span style=\"font-family: Calibri, sans-serif;\"><span style=\"font-size: large;\">vous seul, en couple ou entre amis avec le Tchizz, \u00e0 n&rsquo;importe quel moment de l&rsquo;ann\u00e9e, et <\/span><\/span><span style=\"font-family: Calibri, sans-serif;\"><span style=\"font-size: large;\"><b>\u00e0 <\/b><strong>des tarifs tr\u00e8s int\u00e9ressants, <\/strong><\/span><\/span><span style=\"font-family: Calibri, sans-serif;\"><span style=\"font-size: large;\"><span lang=\"fr-FR\"><strong>puisque Tchizz Voyages est partenaire des plus grands clubs de voyages<\/strong><b>\u00a0<\/b><\/span><\/span><\/span><span style=\"font-family: Calibri, sans-serif;\"><span style=\"font-size: large;\"><span lang=\"fr-FR\">comme Marmara, Fram, MSC croisi\u00e8res, Luxair, Nationaltours <\/span><\/span><\/span><span style=\"font-family: Calibri, sans-serif;\"><span style=\"font-size: large;\">et profitez, en plus, de<\/span><\/span><span style=\"font-family: Calibri, sans-serif;\"><span style=\"font-size: large;\"><span lang=\"fr-FR\">s conseils avant, pendant et apr\u00e8s votre s\u00e9jour. Et n&rsquo;oublions pas, bien-s\u00fbr, les 45 chauffeurs que vous pouvez croiser, tous les jours, sur les routes, au volant des cars Tchizz Voyages ! et qui font inlassablement preuve de rigueur, de vigilance et de concentration pour le bien-\u00eatre et la s\u00e9curit\u00e9 de leurs passagers !<br \/>\n<\/span><\/span><\/span><\/p>\n<p><span style=\"font-family: Calibri, sans-serif;\"><span style=\"font-size: large;\"><span lang=\"fr-FR\">En <\/span><\/span><\/span><span style=\"font-family: Calibri, sans-serif;\"><span style=\"font-size: large;\">faisant confiance \u00e0 Tchizz vous ne serez assur\u00e9ment pas d\u00e9\u00e7us du voyage !<\/span><\/span><\/p>\n<p><a href=\"\/2020\/01\/tchizz-voyages_1.jpg\" target=\"_blank\" rel=\"noopener\"><img decoding=\"async\" class=\"aligncenter wp-image-154861 size-full\" src=\"\/2020\/01\/tchizz-voyages_1.jpg\" alt=\"tchizz-voyages_1\" width=\"1000\" height=\"750\" \/><\/a><\/p>\n<p><strong><span style=\"font-family: Calibri, sans-serif;\"><span style=\"font-size: large;\">Cars Ferry \u2013 Tchizz Voyages<\/span><\/span><\/strong><\/p>\n<p><span style=\"font-family: Calibri, sans-serif;\"><span style=\"font-size: large;\"><span lang=\"fr-FR\">338 rue des Aviateurs<\/span><\/span><\/span><span style=\"font-family: Calibri, sans-serif;\"><span style=\"font-size: large;\">, 88430 Corcieux<\/span><\/span><\/p>\n<p><span style=\"font-family: Calibri, sans-serif;\"><span style=\"font-size: large;\">T\u00e9l\u00e9phone : <\/span><\/span><strong><span style=\"font-family: Calibri, sans-serif;\"><span style=\"font-size: large;\">03-29-50-65-16<\/span><\/span><\/strong><\/p>\n<p><a href=\"http:\/\/www.tchizz-voyages.com\/\" target=\"_blank\" rel=\"noopener\"><span style=\"color: #000080;\"><span lang=\"zxx\"><u><span style=\"font-family: Calibri, sans-serif;\"><span style=\"font-size: large;\"><b>http:\/\/www.tchizz-voyages.com\/<\/b><\/span><\/span><\/u><\/span><\/span><\/a><\/p>\n<p lang=\"fr-FR\"><span style=\"font-size: large;\">R\u00e9daction et photos\u00a0: Patricia Ferry-Demange<\/span><\/p>\n<div id=\"attachment_154868\" style=\"width: 694px\" class=\"wp-caption aligncenter\"><a href=\"\/2020\/01\/Mathieu-Colin-Pr\u00e9sident-de-Tchizz-Voyages-aux-c\u00f4t\u00e9s-de-Madame-Colin-Directrice-g\u00e9n\u00e9rale.jpg\" target=\"_blank\" rel=\"noopener\"><img decoding=\"async\" aria-describedby=\"caption-attachment-154868\" class=\"wp-image-154868 size-full\" src=\"\/2020\/01\/Mathieu-Colin-Pr\u00e9sident-de-Tchizz-Voyages-aux-c\u00f4t\u00e9s-de-Madame-Colin-Directrice-g\u00e9n\u00e9rale.jpg\" alt=\"Mathieu Colin, Pr\u00e9sident de Tchizz Voyages, aux c\u00f4t\u00e9s de Madame Colin, Directrice g\u00e9n\u00e9rale\" width=\"684\" height=\"912\" \/><\/a><p id=\"caption-attachment-154868\" class=\"wp-caption-text\">Matthieu Collin, Pr\u00e9sident de Tchizz Voyages, aux c\u00f4t\u00e9s de Madame Collin, Directrice g\u00e9n\u00e9rale<\/p><\/div>\n<div id=\"attachment_154863\" style=\"width: 676px\" class=\"wp-caption aligncenter\"><a href=\"\/2020\/01\/C\u00e9line-responsable-service-groupes.jpg\" target=\"_blank\" rel=\"noopener\"><img decoding=\"async\" aria-describedby=\"caption-attachment-154863\" class=\"wp-image-154863 size-full\" src=\"\/2020\/01\/C\u00e9line-responsable-service-groupes.jpg\" alt=\"C\u00e9line responsable service groupes\" width=\"666\" height=\"497\" \/><\/a><p id=\"caption-attachment-154863\" class=\"wp-caption-text\">C\u00e9line, responsable service groupes<\/p><\/div>\n<div id=\"attachment_154870\" style=\"width: 922px\" class=\"wp-caption aligncenter\"><a href=\"\/2020\/01\/Paul-responsable-dexploitation-.jpg\" target=\"_blank\" rel=\"noopener\"><img decoding=\"async\" aria-describedby=\"caption-attachment-154870\" class=\"wp-image-154870 size-full\" src=\"\/2020\/01\/Paul-responsable-dexploitation-.jpg\" alt=\"Paul, responsable d'exploitation\" width=\"912\" height=\"684\" \/><\/a><p id=\"caption-attachment-154870\" class=\"wp-caption-text\">Paul, responsable d&rsquo;exploitation<\/p><\/div>\n<div id=\"attachment_154872\" style=\"width: 922px\" class=\"wp-caption aligncenter\"><a href=\"\/2020\/01\/Stephane-responsable-lignes-r\u00e9guli\u00e8res-d\u00e9partementales-et-nationales.jpg\" target=\"_blank\" rel=\"noopener\"><img decoding=\"async\" aria-describedby=\"caption-attachment-154872\" class=\"wp-image-154872 size-full\" src=\"\/2020\/01\/Stephane-responsable-lignes-r\u00e9guli\u00e8res-d\u00e9partementales-et-nationales.jpg\" alt=\"Stephane, responsable lignes r\u00e9guli\u00e8res, d\u00e9partementales et nationales\" width=\"912\" height=\"684\" \/><\/a><p id=\"caption-attachment-154872\" class=\"wp-caption-text\">Stephane, responsable lignes r\u00e9guli\u00e8res, d\u00e9partementales et nationales<\/p><\/div>\n<div id=\"attachment_154869\" style=\"width: 922px\" class=\"wp-caption aligncenter\"><a href=\"\/2020\/01\/Patrick-responsable-transport-scolaire-et-tourisme..jpg\" target=\"_blank\" rel=\"noopener\"><img decoding=\"async\" aria-describedby=\"caption-attachment-154869\" class=\"wp-image-154869 size-full\" src=\"\/2020\/01\/Patrick-responsable-transport-scolaire-et-tourisme..jpg\" alt=\"Patrick, responsable transport scolaire et tourisme.\" width=\"912\" height=\"684\" \/><\/a><p id=\"caption-attachment-154869\" class=\"wp-caption-text\">Patrick, responsable transport scolaire et tourisme.<\/p><\/div>\n<div id=\"attachment_154866\" style=\"width: 922px\" class=\"wp-caption aligncenter\"><a href=\"\/2020\/01\/Laetitia-responsable-agence-de-voyage.jpg\" target=\"_blank\" rel=\"noopener\"><img decoding=\"async\" aria-describedby=\"caption-attachment-154866\" class=\"wp-image-154866 size-full\" src=\"\/2020\/01\/Laetitia-responsable-agence-de-voyage.jpg\" alt=\"Laetitia, responsable agence de voyage\" width=\"912\" height=\"684\" \/><\/a><p id=\"caption-attachment-154866\" class=\"wp-caption-text\">Laetitia, responsable agence de voyage<\/p><\/div>\n<div id=\"attachment_154862\" style=\"width: 970px\" class=\"wp-caption aligncenter\"><a href=\"\/2020\/01\/Carole-Ory-assistante-exploitation.jpg\" target=\"_blank\" rel=\"noopener\"><img decoding=\"async\" aria-describedby=\"caption-attachment-154862\" class=\"wp-image-154862 size-large\" src=\"\/2020\/01\/Carole-Ory-assistante-exploitation-1024x768.jpg\" alt=\"Carole Ory assistante exploitation\" width=\"960\" height=\"720\" \/><\/a><p id=\"caption-attachment-154862\" class=\"wp-caption-text\">Carole, assistante exploitation<\/p><\/div>\n<div id=\"attachment_154865\" style=\"width: 922px\" class=\"wp-caption aligncenter\"><a href=\"\/2020\/01\/Laetitia-assistante-commerciale.jpg\" target=\"_blank\" rel=\"noopener\"><img decoding=\"async\" aria-describedby=\"caption-attachment-154865\" class=\"wp-image-154865 size-full\" src=\"\/2020\/01\/Laetitia-assistante-commerciale.jpg\" alt=\"Carole Ory assistante exploitation\" width=\"912\" height=\"684\" \/><\/a><p id=\"caption-attachment-154865\" class=\"wp-caption-text\">Laetitia, assistante commerciale<\/p><\/div>\n<div id=\"attachment_154881\" style=\"width: 922px\" class=\"wp-caption aligncenter\"><a href=\"\/2020\/01\/Laurence-comptable-1.jpg\" target=\"_blank\" rel=\"noopener\"><img decoding=\"async\" aria-describedby=\"caption-attachment-154881\" class=\"wp-image-154881 size-full\" src=\"\/2020\/01\/Laurence-comptable-1.jpg\" alt=\"Laurence, comptable\" width=\"912\" height=\"684\" \/><\/a><p id=\"caption-attachment-154881\" class=\"wp-caption-text\">Laurence, comptable<\/p><\/div>\n<div id=\"attachment_154871\" style=\"width: 694px\" class=\"wp-caption aligncenter\"><a href=\"\/2020\/01\/Stephane-et-S\u00e9bastien-mecaniens-et-Francis-chef-datelier.jpg\" target=\"_blank\" rel=\"noopener\"><img decoding=\"async\" aria-describedby=\"caption-attachment-154871\" class=\"wp-image-154871 size-full\" src=\"\/2020\/01\/Stephane-et-S\u00e9bastien-mecaniens-et-Francis-chef-datelier.jpg\" alt=\"Stephane et S\u00e9bastien mecaniens, et Francis chef d'atelier\" width=\"684\" height=\"912\" \/><\/a><p id=\"caption-attachment-154871\" class=\"wp-caption-text\">Stephane et S\u00e9bastien mecaniens, et Francis chef d&rsquo;atelier<\/p><\/div>\n<div id=\"attachment_154873\" style=\"width: 970px\" class=\"wp-caption aligncenter\"><a href=\"\/2020\/01\/Anthony-en-licence-commercial-r\u00e9seau-sociaux.jpg\" target=\"_blank\" rel=\"noopener\"><img decoding=\"async\" aria-describedby=\"caption-attachment-154873\" class=\"wp-image-154873 size-large\" src=\"\/2020\/01\/Anthony-en-licence-commercial-r\u00e9seau-sociaux-1024x768.jpg\" alt=\"Anthony, en licence commercial r\u00e9seau sociaux\" width=\"960\" height=\"720\" \/><\/a><p id=\"caption-attachment-154873\" class=\"wp-caption-text\">Anthony, en licence commercial r\u00e9seau sociaux<\/p><\/div>\n<div id=\"attachment_154864\" style=\"width: 922px\" class=\"wp-caption aligncenter\"><a href=\"\/2020\/01\/Julien-apprenti-bts-tourisme.jpg\" target=\"_blank\" rel=\"noopener\"><img decoding=\"async\" aria-describedby=\"caption-attachment-154864\" class=\"wp-image-154864 size-full\" src=\"\/2020\/01\/Julien-apprenti-bts-tourisme.jpg\" alt=\"Julien, apprenti bts tourisme\" width=\"912\" height=\"684\" \/><\/a><p id=\"caption-attachment-154864\" class=\"wp-caption-text\">Julien, apprenti bts tourisme<\/p><\/div>\n","protected":false},"excerpt":{"rendered":"<p>En ce d\u00e9but d\u2019ann\u00e9e, toute l\u2019\u00e9quipe des Cars Ferry, connus maintenant sous l\u2019appellation commerciale \u00ab\u00a0Tchizz Voyages\u00a0\u00bb, vous pr\u00e9sente ses meilleurs [&hellip;]<\/p>\n","protected":false},"author":44,"featured_media":38576,"comment_status":"open","ping_status":"open","sticky":false,"template":"","format":"standard","meta":{"footnotes":""},"categories":[460,2915],"tags":[1824,7631],"class_list":["post-38575","post","type-post","status-publish","format-standard","has-post-thumbnail","hentry","category-a-la-une","category-saint-die-son-canton","tag-corcieux","tag-tchizz-voyages"],"acf":[],"yoast_head":"<!-- This site is optimized with the Yoast SEO plugin v22.5 - https:\/\/yoast.com\/wordpress\/plugins\/seo\/ -->\n<title>Tchizz Voyages, une entreprise qui a du \u00ab\u00a0peps\u00a0\u00bb\u00a0! - Saint Die Info<\/title>\n<meta name=\"robots\" content=\"index, follow, max-snippet:-1, max-image-preview:large, max-video-preview:-1\" \/>\n<link rel=\"canonical\" href=\"https:\/\/vosgesinfo.fr\/saintdieinfo\/2020\/01\/tchizz-voyages-entreprise-a-peps\/\" \/>\n<meta name=\"twitter:card\" content=\"summary_large_image\" \/>\n<meta name=\"twitter:title\" content=\"Tchizz Voyages, une entreprise qui a du \u00ab\u00a0peps\u00a0\u00bb\u00a0! - Saint Die Info\" \/>\n<meta name=\"twitter:description\" content=\"En ce d\u00e9but d\u2019ann\u00e9e, toute l\u2019\u00e9quipe des Cars Ferry, connus maintenant sous l\u2019appellation commerciale \u00ab\u00a0Tchizz Voyages\u00a0\u00bb, vous pr\u00e9sente ses meilleurs [&hellip;]\" \/>\n<meta name=\"twitter:image\" content=\"https:\/\/vosgesinfo.fr\/app\/uploads\/sites\/4\/2024\/08\/202001photo-groupe-tchizz.jpg\" \/>\n<meta name=\"twitter:creator\" content=\"@VosgesInfo88\" \/>\n<meta name=\"twitter:site\" content=\"@VosgesInfo88\" \/>\n<meta name=\"twitter:label1\" content=\"\u00c9crit par\" \/>\n\t<meta name=\"twitter:data1\" content=\"la r\u00e9daction\" \/>\n\t<meta name=\"twitter:label2\" content=\"Dur\u00e9e de lecture estim\u00e9e\" \/>\n\t<meta name=\"twitter:data2\" content=\"4 minutes\" \/>\n<script type=\"application\/ld+json\" class=\"yoast-schema-graph\">{\"@context\":\"https:\/\/schema.org\",\"@graph\":[{\"@type\":\"Article\",\"@id\":\"https:\/\/vosgesinfo.fr\/saintdieinfo\/2020\/01\/tchizz-voyages-entreprise-a-peps\/#article\",\"isPartOf\":{\"@id\":\"https:\/\/vosgesinfo.fr\/saintdieinfo\/2020\/01\/tchizz-voyages-entreprise-a-peps\/\"},\"author\":{\"name\":\"la r\u00e9daction\",\"@id\":\"https:\/\/vosgesinfo.fr\/saintdieinfo\/#\/schema\/person\/faee6704a21f3977511db84bd1cd450f\"},\"headline\":\"Tchizz Voyages, une entreprise qui a du \u00ab\u00a0peps\u00a0\u00bb\u00a0!\",\"datePublished\":\"2020-01-15T13:00:51+00:00\",\"dateModified\":\"2020-01-15T13:00:51+00:00\",\"mainEntityOfPage\":{\"@id\":\"https:\/\/vosgesinfo.fr\/saintdieinfo\/2020\/01\/tchizz-voyages-entreprise-a-peps\/\"},\"wordCount\":804,\"commentCount\":0,\"publisher\":{\"@id\":\"https:\/\/vosgesinfo.fr\/saintdieinfo\/#organization\"},\"image\":{\"@id\":\"https:\/\/vosgesinfo.fr\/saintdieinfo\/2020\/01\/tchizz-voyages-entreprise-a-peps\/#primaryimage\"},\"thumbnailUrl\":\"https:\/\/vosgesinfo.fr\/app\/uploads\/sites\/4\/2024\/08\/202001photo-groupe-tchizz.jpg\",\"keywords\":[\"Corcieux\",\"Tchizz voyages\"],\"articleSection\":[\"A la Une\",\"Saint-Di\u00e9-des-Vosges et son Agglom\u00e9ration\"],\"inLanguage\":\"fr-FR\",\"potentialAction\":[{\"@type\":\"CommentAction\",\"name\":\"Comment\",\"target\":[\"https:\/\/vosgesinfo.fr\/saintdieinfo\/2020\/01\/tchizz-voyages-entreprise-a-peps\/#respond\"]}]},{\"@type\":\"WebPage\",\"@id\":\"https:\/\/vosgesinfo.fr\/saintdieinfo\/2020\/01\/tchizz-voyages-entreprise-a-peps\/\",\"url\":\"https:\/\/vosgesinfo.fr\/saintdieinfo\/2020\/01\/tchizz-voyages-entreprise-a-peps\/\",\"name\":\"Tchizz Voyages, une entreprise qui a du \u00ab\u00a0peps\u00a0\u00bb\u00a0! - Saint Die Info\",\"isPartOf\":{\"@id\":\"https:\/\/vosgesinfo.fr\/saintdieinfo\/#website\"},\"primaryImageOfPage\":{\"@id\":\"https:\/\/vosgesinfo.fr\/saintdieinfo\/2020\/01\/tchizz-voyages-entreprise-a-peps\/#primaryimage\"},\"image\":{\"@id\":\"https:\/\/vosgesinfo.fr\/saintdieinfo\/2020\/01\/tchizz-voyages-entreprise-a-peps\/#primaryimage\"},\"thumbnailUrl\":\"https:\/\/vosgesinfo.fr\/app\/uploads\/sites\/4\/2024\/08\/202001photo-groupe-tchizz.jpg\",\"datePublished\":\"2020-01-15T13:00:51+00:00\",\"dateModified\":\"2020-01-15T13:00:51+00:00\",\"breadcrumb\":{\"@id\":\"https:\/\/vosgesinfo.fr\/saintdieinfo\/2020\/01\/tchizz-voyages-entreprise-a-peps\/#breadcrumb\"},\"inLanguage\":\"fr-FR\",\"potentialAction\":[{\"@type\":\"ReadAction\",\"target\":[\"https:\/\/vosgesinfo.fr\/saintdieinfo\/2020\/01\/tchizz-voyages-entreprise-a-peps\/\"]}]},{\"@type\":\"ImageObject\",\"inLanguage\":\"fr-FR\",\"@id\":\"https:\/\/vosgesinfo.fr\/saintdieinfo\/2020\/01\/tchizz-voyages-entreprise-a-peps\/#primaryimage\",\"url\":\"https:\/\/vosgesinfo.fr\/app\/uploads\/sites\/4\/2024\/08\/202001photo-groupe-tchizz.jpg\",\"contentUrl\":\"https:\/\/vosgesinfo.fr\/app\/uploads\/sites\/4\/2024\/08\/202001photo-groupe-tchizz.jpg\",\"width\":784,\"height\":520},{\"@type\":\"BreadcrumbList\",\"@id\":\"https:\/\/vosgesinfo.fr\/saintdieinfo\/2020\/01\/tchizz-voyages-entreprise-a-peps\/#breadcrumb\",\"itemListElement\":[{\"@type\":\"ListItem\",\"position\":1,\"name\":\"Home\",\"item\":\"https:\/\/vosgesinfo.fr\/saintdieinfo\/\"},{\"@type\":\"ListItem\",\"position\":2,\"name\":\"Tchizz Voyages, une entreprise qui a du \u00ab\u00a0peps\u00a0\u00bb\u00a0!\"}]},{\"@type\":\"WebSite\",\"@id\":\"https:\/\/vosgesinfo.fr\/saintdieinfo\/#website\",\"url\":\"https:\/\/vosgesinfo.fr\/saintdieinfo\/\",\"name\":\"Saint Die Info\",\"description\":\"Toute l&#039;actualit\u00e9 de Saint-Di\u00e9-Des-Vosges\",\"publisher\":{\"@id\":\"https:\/\/vosgesinfo.fr\/saintdieinfo\/#organization\"},\"alternateName\":\"Toute l'actualit\u00e9 de Saint-Di\u00e9-Des-Vosges\",\"potentialAction\":[{\"@type\":\"SearchAction\",\"target\":{\"@type\":\"EntryPoint\",\"urlTemplate\":\"https:\/\/vosgesinfo.fr\/saintdieinfo\/?s={search_term_string}\"},\"query-input\":\"required name=search_term_string\"}],\"inLanguage\":\"fr-FR\"},{\"@type\":\"Organization\",\"@id\":\"https:\/\/vosgesinfo.fr\/saintdieinfo\/#organization\",\"name\":\"Saint Die Info\",\"url\":\"https:\/\/vosgesinfo.fr\/saintdieinfo\/\",\"logo\":{\"@type\":\"ImageObject\",\"inLanguage\":\"fr-FR\",\"@id\":\"https:\/\/vosgesinfo.fr\/saintdieinfo\/#\/schema\/logo\/image\/\",\"url\":\"https:\/\/vosgesinfo.fr\/app\/uploads\/sites\/4\/2024\/02\/logo-sdi.jpg\",\"contentUrl\":\"https:\/\/vosgesinfo.fr\/app\/uploads\/sites\/4\/2024\/02\/logo-sdi.jpg\",\"width\":600,\"height\":600,\"caption\":\"Saint Die Info\"},\"image\":{\"@id\":\"https:\/\/vosgesinfo.fr\/saintdieinfo\/#\/schema\/logo\/image\/\"},\"sameAs\":[\"https:\/\/www.facebook.com\/Saintdieinfofr\",\"https:\/\/x.com\/VosgesInfo88\",\"https:\/\/www.youtube.com\/@vosgesinfo\"]},{\"@type\":\"Person\",\"@id\":\"https:\/\/vosgesinfo.fr\/saintdieinfo\/#\/schema\/person\/faee6704a21f3977511db84bd1cd450f\",\"name\":\"la r\u00e9daction\",\"image\":{\"@type\":\"ImageObject\",\"inLanguage\":\"fr-FR\",\"@id\":\"https:\/\/vosgesinfo.fr\/saintdieinfo\/#\/schema\/person\/image\/\",\"url\":\"https:\/\/secure.gravatar.com\/avatar\/6673d8bc6a9c17fa9a453eaa3448de834fa308c2ec9635b7aa99441a7c8d2cf6?s=96&d=mm&r=g\",\"contentUrl\":\"https:\/\/secure.gravatar.com\/avatar\/6673d8bc6a9c17fa9a453eaa3448de834fa308c2ec9635b7aa99441a7c8d2cf6?s=96&d=mm&r=g\",\"caption\":\"la r\u00e9daction\"},\"url\":\"https:\/\/vosgesinfo.fr\/saintdieinfo\/author\/redac\/\"}]}<\/script>\n<!-- \/ Yoast SEO plugin. -->","yoast_head_json":{"title":"Tchizz Voyages, une entreprise qui a du \u00ab\u00a0peps\u00a0\u00bb\u00a0! - Saint Die Info","robots":{"index":"index","follow":"follow","max-snippet":"max-snippet:-1","max-image-preview":"max-image-preview:large","max-video-preview":"max-video-preview:-1"},"canonical":"https:\/\/vosgesinfo.fr\/saintdieinfo\/2020\/01\/tchizz-voyages-entreprise-a-peps\/","twitter_card":"summary_large_image","twitter_title":"Tchizz Voyages, une entreprise qui a du \u00ab\u00a0peps\u00a0\u00bb\u00a0! - Saint Die Info","twitter_description":"En ce d\u00e9but d\u2019ann\u00e9e, toute l\u2019\u00e9quipe des Cars Ferry, connus maintenant sous l\u2019appellation commerciale \u00ab\u00a0Tchizz Voyages\u00a0\u00bb, vous pr\u00e9sente ses meilleurs [&hellip;]","twitter_image":"https:\/\/vosgesinfo.fr\/app\/uploads\/sites\/4\/2024\/08\/202001photo-groupe-tchizz.jpg","twitter_creator":"@VosgesInfo88","twitter_site":"@VosgesInfo88","twitter_misc":{"\u00c9crit par":"la r\u00e9daction","Dur\u00e9e de lecture estim\u00e9e":"4 minutes"},"schema":{"@context":"https:\/\/schema.org","@graph":[{"@type":"Article","@id":"https:\/\/vosgesinfo.fr\/saintdieinfo\/2020\/01\/tchizz-voyages-entreprise-a-peps\/#article","isPartOf":{"@id":"https:\/\/vosgesinfo.fr\/saintdieinfo\/2020\/01\/tchizz-voyages-entreprise-a-peps\/"},"author":{"name":"la r\u00e9daction","@id":"https:\/\/vosgesinfo.fr\/saintdieinfo\/#\/schema\/person\/faee6704a21f3977511db84bd1cd450f"},"headline":"Tchizz Voyages, une entreprise qui a du \u00ab\u00a0peps\u00a0\u00bb\u00a0!","datePublished":"2020-01-15T13:00:51+00:00","dateModified":"2020-01-15T13:00:51+00:00","mainEntityOfPage":{"@id":"https:\/\/vosgesinfo.fr\/saintdieinfo\/2020\/01\/tchizz-voyages-entreprise-a-peps\/"},"wordCount":804,"commentCount":0,"publisher":{"@id":"https:\/\/vosgesinfo.fr\/saintdieinfo\/#organization"},"image":{"@id":"https:\/\/vosgesinfo.fr\/saintdieinfo\/2020\/01\/tchizz-voyages-entreprise-a-peps\/#primaryimage"},"thumbnailUrl":"https:\/\/vosgesinfo.fr\/app\/uploads\/sites\/4\/2024\/08\/202001photo-groupe-tchizz.jpg","keywords":["Corcieux","Tchizz voyages"],"articleSection":["A la Une","Saint-Di\u00e9-des-Vosges et son Agglom\u00e9ration"],"inLanguage":"fr-FR","potentialAction":[{"@type":"CommentAction","name":"Comment","target":["https:\/\/vosgesinfo.fr\/saintdieinfo\/2020\/01\/tchizz-voyages-entreprise-a-peps\/#respond"]}]},{"@type":"WebPage","@id":"https:\/\/vosgesinfo.fr\/saintdieinfo\/2020\/01\/tchizz-voyages-entreprise-a-peps\/","url":"https:\/\/vosgesinfo.fr\/saintdieinfo\/2020\/01\/tchizz-voyages-entreprise-a-peps\/","name":"Tchizz Voyages, une entreprise qui a du \u00ab\u00a0peps\u00a0\u00bb\u00a0! - Saint Die Info","isPartOf":{"@id":"https:\/\/vosgesinfo.fr\/saintdieinfo\/#website"},"primaryImageOfPage":{"@id":"https:\/\/vosgesinfo.fr\/saintdieinfo\/2020\/01\/tchizz-voyages-entreprise-a-peps\/#primaryimage"},"image":{"@id":"https:\/\/vosgesinfo.fr\/saintdieinfo\/2020\/01\/tchizz-voyages-entreprise-a-peps\/#primaryimage"},"thumbnailUrl":"https:\/\/vosgesinfo.fr\/app\/uploads\/sites\/4\/2024\/08\/202001photo-groupe-tchizz.jpg","datePublished":"2020-01-15T13:00:51+00:00","dateModified":"2020-01-15T13:00:51+00:00","breadcrumb":{"@id":"https:\/\/vosgesinfo.fr\/saintdieinfo\/2020\/01\/tchizz-voyages-entreprise-a-peps\/#breadcrumb"},"inLanguage":"fr-FR","potentialAction":[{"@type":"ReadAction","target":["https:\/\/vosgesinfo.fr\/saintdieinfo\/2020\/01\/tchizz-voyages-entreprise-a-peps\/"]}]},{"@type":"ImageObject","inLanguage":"fr-FR","@id":"https:\/\/vosgesinfo.fr\/saintdieinfo\/2020\/01\/tchizz-voyages-entreprise-a-peps\/#primaryimage","url":"https:\/\/vosgesinfo.fr\/app\/uploads\/sites\/4\/2024\/08\/202001photo-groupe-tchizz.jpg","contentUrl":"https:\/\/vosgesinfo.fr\/app\/uploads\/sites\/4\/2024\/08\/202001photo-groupe-tchizz.jpg","width":784,"height":520},{"@type":"BreadcrumbList","@id":"https:\/\/vosgesinfo.fr\/saintdieinfo\/2020\/01\/tchizz-voyages-entreprise-a-peps\/#breadcrumb","itemListElement":[{"@type":"ListItem","position":1,"name":"Home","item":"https:\/\/vosgesinfo.fr\/saintdieinfo\/"},{"@type":"ListItem","position":2,"name":"Tchizz Voyages, une entreprise qui a du \u00ab\u00a0peps\u00a0\u00bb\u00a0!"}]},{"@type":"WebSite","@id":"https:\/\/vosgesinfo.fr\/saintdieinfo\/#website","url":"https:\/\/vosgesinfo.fr\/saintdieinfo\/","name":"Saint Die Info","description":"Toute l&#039;actualit\u00e9 de Saint-Di\u00e9-Des-Vosges","publisher":{"@id":"https:\/\/vosgesinfo.fr\/saintdieinfo\/#organization"},"alternateName":"Toute l'actualit\u00e9 de Saint-Di\u00e9-Des-Vosges","potentialAction":[{"@type":"SearchAction","target":{"@type":"EntryPoint","urlTemplate":"https:\/\/vosgesinfo.fr\/saintdieinfo\/?s={search_term_string}"},"query-input":"required name=search_term_string"}],"inLanguage":"fr-FR"},{"@type":"Organization","@id":"https:\/\/vosgesinfo.fr\/saintdieinfo\/#organization","name":"Saint Die Info","url":"https:\/\/vosgesinfo.fr\/saintdieinfo\/","logo":{"@type":"ImageObject","inLanguage":"fr-FR","@id":"https:\/\/vosgesinfo.fr\/saintdieinfo\/#\/schema\/logo\/image\/","url":"https:\/\/vosgesinfo.fr\/app\/uploads\/sites\/4\/2024\/02\/logo-sdi.jpg","contentUrl":"https:\/\/vosgesinfo.fr\/app\/uploads\/sites\/4\/2024\/02\/logo-sdi.jpg","width":600,"height":600,"caption":"Saint Die Info"},"image":{"@id":"https:\/\/vosgesinfo.fr\/saintdieinfo\/#\/schema\/logo\/image\/"},"sameAs":["https:\/\/www.facebook.com\/Saintdieinfofr","https:\/\/x.com\/VosgesInfo88","https:\/\/www.youtube.com\/@vosgesinfo"]},{"@type":"Person","@id":"https:\/\/vosgesinfo.fr\/saintdieinfo\/#\/schema\/person\/faee6704a21f3977511db84bd1cd450f","name":"la r\u00e9daction","image":{"@type":"ImageObject","inLanguage":"fr-FR","@id":"https:\/\/vosgesinfo.fr\/saintdieinfo\/#\/schema\/person\/image\/","url":"https:\/\/secure.gravatar.com\/avatar\/6673d8bc6a9c17fa9a453eaa3448de834fa308c2ec9635b7aa99441a7c8d2cf6?s=96&d=mm&r=g","contentUrl":"https:\/\/secure.gravatar.com\/avatar\/6673d8bc6a9c17fa9a453eaa3448de834fa308c2ec9635b7aa99441a7c8d2cf6?s=96&d=mm&r=g","caption":"la r\u00e9daction"},"url":"https:\/\/vosgesinfo.fr\/saintdieinfo\/author\/redac\/"}]}},"_links":{"self":[{"href":"https:\/\/vosgesinfo.fr\/saintdieinfo\/wp-json\/wp\/v2\/posts\/38575","targetHints":{"allow":["GET"]}}],"collection":[{"href":"https:\/\/vosgesinfo.fr\/saintdieinfo\/wp-json\/wp\/v2\/posts"}],"about":[{"href":"https:\/\/vosgesinfo.fr\/saintdieinfo\/wp-json\/wp\/v2\/types\/post"}],"author":[{"embeddable":true,"href":"https:\/\/vosgesinfo.fr\/saintdieinfo\/wp-json\/wp\/v2\/users\/44"}],"replies":[{"embeddable":true,"href":"https:\/\/vosgesinfo.fr\/saintdieinfo\/wp-json\/wp\/v2\/comments?post=38575"}],"version-history":[{"count":0,"href":"https:\/\/vosgesinfo.fr\/saintdieinfo\/wp-json\/wp\/v2\/posts\/38575\/revisions"}],"wp:featuredmedia":[{"embeddable":true,"href":"https:\/\/vosgesinfo.fr\/saintdieinfo\/wp-json\/wp\/v2\/media\/38576"}],"wp:attachment":[{"href":"https:\/\/vosgesinfo.fr\/saintdieinfo\/wp-json\/wp\/v2\/media?parent=38575"}],"wp:term":[{"taxonomy":"category","embeddable":true,"href":"https:\/\/vosgesinfo.fr\/saintdieinfo\/wp-json\/wp\/v2\/categories?post=38575"},{"taxonomy":"post_tag","embeddable":true,"href":"https:\/\/vosgesinfo.fr\/saintdieinfo\/wp-json\/wp\/v2\/tags?post=38575"}],"curies":[{"name":"wp","href":"https:\/\/api.w.org\/{rel}","templated":true}]}}