{"id":38591,"date":"2020-01-15T08:00:49","date_gmt":"2020-01-15T07:00:49","guid":{"rendered":"https:\/\/vosgesinfo.fr\/saintdieinfo\/2020\/01\/lesprit-olympique-souffle-vosges\/"},"modified":"2020-01-15T08:00:49","modified_gmt":"2020-01-15T07:00:49","slug":"lesprit-olympique-souffle-vosges","status":"publish","type":"post","link":"https:\/\/vosgesinfo.fr\/saintdieinfo\/2020\/01\/lesprit-olympique-souffle-vosges\/","title":{"rendered":"L&rsquo;esprit olympique souffle sur les Vosges"},"content":{"rendered":"<div id=\"attachment_154857\" style=\"width: 970px\" class=\"wp-caption aligncenter\"><a href=\"\/2020\/01\/2024.jpg\" target=\"_blank\" rel=\"noopener\"><img decoding=\"async\" aria-describedby=\"caption-attachment-154857\" class=\"wp-image-154857 size-large\" src=\"\/2020\/01\/2024-1024x576.jpg\" alt=\"2024\" width=\"960\" height=\"540\" \/><\/a><p id=\"caption-attachment-154857\" class=\"wp-caption-text\">(Cr\u00e9dits photographiques Conseil D\u00e9partemental des Vosges)<\/p><\/div>\n<h2><span style=\"font-size: 14pt;\"><strong>Depuis ce lundi, le D\u00e9partement est officiellement labellis\u00e9 Terre de Jeux 2024. Lors de la c\u00e9r\u00e9monie des v\u0153ux aux D\u00e9partements, R\u00e9gions et Communes de France qui s\u2019est d\u00e9roul\u00e9e ce lundi au S\u00e9nat, Tony Estanguet, pr\u00e9sident du Comit\u00e9 d\u2019organisation des jeux olympiques et paralympiques 2024 a d\u00e9voil\u00e9 la liste de la 2\u00e8me vague de labellisation \u00ab Terre de Jeux 2024 \u00bb.<\/strong><\/span><\/h2>\n<p><!--more--><\/p>\n<p>Parmi les territoires concern\u00e9s figurent les Vosges. Une belle satisfaction pour le D\u00e9partement qui, depuis de nombreuses ann\u00e9es, s\u2019est engag\u00e9 dans une<strong> politique volontariste en faveur du sport<\/strong>, ax\u00e9e sur trois ambitions :<strong> favoriser l\u2019acc\u00e8s au sport pour tous sur tous les territoires, assurer un d\u00e9veloppement ma\u00eetris\u00e9 des sports de nature et faire du sport de haut niveau un levier d\u2019attractivit\u00e9<\/strong>.<\/p>\n<p>Ce label Terre de jeux 2024 doit permettre de faire participer le plus grand nombre aux festivit\u00e9s et \u00e9v\u00e9nements partout en France, mettre davantage de sport dans le quotidien des Fran\u00e7ais, changer le regard sur le handicap et surtout faire de ces Jeux Olympiques et Paralympiques une vitrine exceptionnelle pour d\u00e9velopper l\u2019attractivit\u00e9 des territoires. C\u2019est la premi\u00e8re fois dans l\u2019histoire des JO qu\u2019un comit\u00e9 d\u2019organisation ouvre les Jeux aux territoires.<\/p>\n<p>Tony ESTANGUET, Pr\u00e9sident de Paris 2024, a salu\u00e9 l\u2019implication des D\u00e9partements et de l\u2019ADF : \u00ab<strong> L\u2019ADF et les d\u00e9partements sont d\u00e9j\u00e0 engag\u00e9s au quotidien pour promouvoir le sport sur leur territoire. Le label Terre de Jeux 2024 est une formidable opportunit\u00e9 pour partager avec tous les bienfaits de la pratique sportive et les valeurs de l\u2019olympisme.<\/strong> \u00bb<\/p>\n<p>Le D\u00e9partement rejoint ainsi les communes de La Bresse, Epinal et Vittel, d\u00e9j\u00e0 labellis\u00e9es. D&rsquo;autres collectivit\u00e9s vosgiennes pourraient suivre. Pas de doute, l&rsquo;esprit olympique souffle d\u2019ores et d\u00e9j\u00e0 sur les Vosges !<br \/>\nAvec ce label, Epinal, La Bresse, Vittel et le D\u00e9partement contribueront \u00e0 faire vivre aux Vosgiennes et aux Vosgiens les \u00e9motions des Jeux de 2024, accentueront la promotion de la pratique sportive, de l\u2019\u00e9ducation par le sport et permettront \u00e0 tous ceux qui le souhaitent de vivre l\u2019aventure olympique et paralympique.<\/p>\n<p>Pour le D\u00e9partement, devenir <a href=\"https:\/\/terredejeux.paris2024.org\/\" target=\"_blank\" rel=\"noopener\">Terre de Jeux 2024<\/a> c\u2019est b\u00e9n\u00e9ficier :<\/p>\n<p>&#8211; D&rsquo;une identit\u00e9 exclusive pour s\u2019associer aux Jeux<br \/>\n&#8211; D&rsquo;un acc\u00e8s privil\u00e9gi\u00e9 aux informations, outils et \u00e9v\u00e9nements de Paris 2024<br \/>\n&#8211; Du coup de projecteur des Jeux pour promouvoir ses actions et son territoire<br \/>\n&#8211; De la possibilit\u00e9 de candidater pour devenir Centre de Pr\u00e9paration aux Jeux<br \/>\n&#8211; Du partage d\u2019exp\u00e9rience avec une communaut\u00e9 engag\u00e9e<\/p>\n<p><span style=\"text-decoration: underline;\"><strong>Le sport dans les Vosges, c&rsquo;est :<\/strong><\/span><\/p>\n<ul>\n<li>54 Comit\u00e9s sportifs d\u00e9partementaux<\/li>\n<li>1\u00a0100 clubs<\/li>\n<li>1 vosgien sur 4 est licenci\u00e9 dans un club<\/li>\n<li>2\u00a0764 \u00e9quipements sportifs<\/li>\n<li>60 athl\u00e8tes accompagn\u00e9s vers le haut niveau<\/li>\n<li>250 comp\u00e9titions ou \u00e9v\u00e9nements soutenus<\/li>\n<li>1\u00a0747\u00a0000 \u20ac allou\u00e9s en 2020 par le D\u00e9partement \u00e0 la politique sportive<\/li>\n<\/ul>\n<p>Source : <a href=\"http:\/\/www.vosgesmag.fr\" target=\"_blank\" rel=\"noopener\">www.vosgesmag.fr<\/a><\/p>\n\n","protected":false},"excerpt":{"rendered":"<p>Depuis ce lundi, le D\u00e9partement est officiellement labellis\u00e9 Terre de Jeux 2024. Lors de la c\u00e9r\u00e9monie des v\u0153ux aux D\u00e9partements, [&hellip;]<\/p>\n","protected":false},"author":44,"featured_media":38592,"comment_status":"open","ping_status":"open","sticky":false,"template":"","format":"standard","meta":{"footnotes":""},"categories":[460,14,18],"tags":[529,3100,6436],"class_list":["post-38591","post","type-post","status-publish","format-standard","has-post-thumbnail","hentry","category-a-la-une","category-sport","category-vosges","tag-conseil-departemental-des-vosges","tag-jeux-olympiques-et-paralympiques-2024","tag-terre-de-jeux-2024"],"acf":[],"yoast_head":"<!-- This site is optimized with the Yoast SEO plugin v22.5 - https:\/\/yoast.com\/wordpress\/plugins\/seo\/ -->\n<title>L&#039;esprit olympique souffle sur les Vosges - Saint Die Info<\/title>\n<meta name=\"robots\" content=\"index, follow, max-snippet:-1, max-image-preview:large, max-video-preview:-1\" \/>\n<link rel=\"canonical\" href=\"https:\/\/vosgesinfo.fr\/saintdieinfo\/2020\/01\/lesprit-olympique-souffle-vosges\/\" \/>\n<meta name=\"twitter:card\" content=\"summary_large_image\" \/>\n<meta name=\"twitter:title\" content=\"L&#039;esprit olympique souffle sur les Vosges - Saint Die Info\" \/>\n<meta name=\"twitter:description\" content=\"Depuis ce lundi, le D\u00e9partement est officiellement labellis\u00e9 Terre de Jeux 2024. Lors de la c\u00e9r\u00e9monie des v\u0153ux aux D\u00e9partements, [&hellip;]\" \/>\n<meta name=\"twitter:image\" content=\"https:\/\/vosgesinfo.fr\/app\/uploads\/sites\/4\/2024\/08\/2020012024.jpg\" \/>\n<meta name=\"twitter:creator\" content=\"@VosgesInfo88\" \/>\n<meta name=\"twitter:site\" content=\"@VosgesInfo88\" \/>\n<meta name=\"twitter:label1\" content=\"\u00c9crit par\" \/>\n\t<meta name=\"twitter:data1\" content=\"la r\u00e9daction\" \/>\n\t<meta name=\"twitter:label2\" content=\"Dur\u00e9e de lecture estim\u00e9e\" \/>\n\t<meta name=\"twitter:data2\" content=\"3 minutes\" \/>\n<script type=\"application\/ld+json\" class=\"yoast-schema-graph\">{\"@context\":\"https:\/\/schema.org\",\"@graph\":[{\"@type\":\"Article\",\"@id\":\"https:\/\/vosgesinfo.fr\/saintdieinfo\/2020\/01\/lesprit-olympique-souffle-vosges\/#article\",\"isPartOf\":{\"@id\":\"https:\/\/vosgesinfo.fr\/saintdieinfo\/2020\/01\/lesprit-olympique-souffle-vosges\/\"},\"author\":{\"name\":\"la r\u00e9daction\",\"@id\":\"https:\/\/vosgesinfo.fr\/saintdieinfo\/#\/schema\/person\/faee6704a21f3977511db84bd1cd450f\"},\"headline\":\"L&rsquo;esprit olympique souffle sur les Vosges\",\"datePublished\":\"2020-01-15T07:00:49+00:00\",\"dateModified\":\"2020-01-15T07:00:49+00:00\",\"mainEntityOfPage\":{\"@id\":\"https:\/\/vosgesinfo.fr\/saintdieinfo\/2020\/01\/lesprit-olympique-souffle-vosges\/\"},\"wordCount\":524,\"commentCount\":0,\"publisher\":{\"@id\":\"https:\/\/vosgesinfo.fr\/saintdieinfo\/#organization\"},\"image\":{\"@id\":\"https:\/\/vosgesinfo.fr\/saintdieinfo\/2020\/01\/lesprit-olympique-souffle-vosges\/#primaryimage\"},\"thumbnailUrl\":\"https:\/\/vosgesinfo.fr\/app\/uploads\/sites\/4\/2024\/08\/2020012024.jpg\",\"keywords\":[\"Conseil d\u00e9partemental des Vosges\",\"Jeux Olympiques et Paralympiques 2024\",\"Terre de Jeux 2024\"],\"articleSection\":[\"A la Une\",\"Sport\",\"Vosges\"],\"inLanguage\":\"fr-FR\",\"potentialAction\":[{\"@type\":\"CommentAction\",\"name\":\"Comment\",\"target\":[\"https:\/\/vosgesinfo.fr\/saintdieinfo\/2020\/01\/lesprit-olympique-souffle-vosges\/#respond\"]}]},{\"@type\":\"WebPage\",\"@id\":\"https:\/\/vosgesinfo.fr\/saintdieinfo\/2020\/01\/lesprit-olympique-souffle-vosges\/\",\"url\":\"https:\/\/vosgesinfo.fr\/saintdieinfo\/2020\/01\/lesprit-olympique-souffle-vosges\/\",\"name\":\"L'esprit olympique souffle sur les Vosges - Saint Die Info\",\"isPartOf\":{\"@id\":\"https:\/\/vosgesinfo.fr\/saintdieinfo\/#website\"},\"primaryImageOfPage\":{\"@id\":\"https:\/\/vosgesinfo.fr\/saintdieinfo\/2020\/01\/lesprit-olympique-souffle-vosges\/#primaryimage\"},\"image\":{\"@id\":\"https:\/\/vosgesinfo.fr\/saintdieinfo\/2020\/01\/lesprit-olympique-souffle-vosges\/#primaryimage\"},\"thumbnailUrl\":\"https:\/\/vosgesinfo.fr\/app\/uploads\/sites\/4\/2024\/08\/2020012024.jpg\",\"datePublished\":\"2020-01-15T07:00:49+00:00\",\"dateModified\":\"2020-01-15T07:00:49+00:00\",\"breadcrumb\":{\"@id\":\"https:\/\/vosgesinfo.fr\/saintdieinfo\/2020\/01\/lesprit-olympique-souffle-vosges\/#breadcrumb\"},\"inLanguage\":\"fr-FR\",\"potentialAction\":[{\"@type\":\"ReadAction\",\"target\":[\"https:\/\/vosgesinfo.fr\/saintdieinfo\/2020\/01\/lesprit-olympique-souffle-vosges\/\"]}]},{\"@type\":\"ImageObject\",\"inLanguage\":\"fr-FR\",\"@id\":\"https:\/\/vosgesinfo.fr\/saintdieinfo\/2020\/01\/lesprit-olympique-souffle-vosges\/#primaryimage\",\"url\":\"https:\/\/vosgesinfo.fr\/app\/uploads\/sites\/4\/2024\/08\/2020012024.jpg\",\"contentUrl\":\"https:\/\/vosgesinfo.fr\/app\/uploads\/sites\/4\/2024\/08\/2020012024.jpg\",\"width\":1600,\"height\":900},{\"@type\":\"BreadcrumbList\",\"@id\":\"https:\/\/vosgesinfo.fr\/saintdieinfo\/2020\/01\/lesprit-olympique-souffle-vosges\/#breadcrumb\",\"itemListElement\":[{\"@type\":\"ListItem\",\"position\":1,\"name\":\"Home\",\"item\":\"https:\/\/vosgesinfo.fr\/saintdieinfo\/\"},{\"@type\":\"ListItem\",\"position\":2,\"name\":\"L&rsquo;esprit olympique souffle sur les Vosges\"}]},{\"@type\":\"WebSite\",\"@id\":\"https:\/\/vosgesinfo.fr\/saintdieinfo\/#website\",\"url\":\"https:\/\/vosgesinfo.fr\/saintdieinfo\/\",\"name\":\"Saint Die Info\",\"description\":\"Toute l&#039;actualit\u00e9 de Saint-Di\u00e9-Des-Vosges\",\"publisher\":{\"@id\":\"https:\/\/vosgesinfo.fr\/saintdieinfo\/#organization\"},\"alternateName\":\"Toute l'actualit\u00e9 de Saint-Di\u00e9-Des-Vosges\",\"potentialAction\":[{\"@type\":\"SearchAction\",\"target\":{\"@type\":\"EntryPoint\",\"urlTemplate\":\"https:\/\/vosgesinfo.fr\/saintdieinfo\/?s={search_term_string}\"},\"query-input\":\"required name=search_term_string\"}],\"inLanguage\":\"fr-FR\"},{\"@type\":\"Organization\",\"@id\":\"https:\/\/vosgesinfo.fr\/saintdieinfo\/#organization\",\"name\":\"Saint Die Info\",\"url\":\"https:\/\/vosgesinfo.fr\/saintdieinfo\/\",\"logo\":{\"@type\":\"ImageObject\",\"inLanguage\":\"fr-FR\",\"@id\":\"https:\/\/vosgesinfo.fr\/saintdieinfo\/#\/schema\/logo\/image\/\",\"url\":\"https:\/\/vosgesinfo.fr\/app\/uploads\/sites\/4\/2024\/02\/logo-sdi.jpg\",\"contentUrl\":\"https:\/\/vosgesinfo.fr\/app\/uploads\/sites\/4\/2024\/02\/logo-sdi.jpg\",\"width\":600,\"height\":600,\"caption\":\"Saint Die Info\"},\"image\":{\"@id\":\"https:\/\/vosgesinfo.fr\/saintdieinfo\/#\/schema\/logo\/image\/\"},\"sameAs\":[\"https:\/\/www.facebook.com\/Saintdieinfofr\",\"https:\/\/x.com\/VosgesInfo88\",\"https:\/\/www.youtube.com\/@vosgesinfo\"]},{\"@type\":\"Person\",\"@id\":\"https:\/\/vosgesinfo.fr\/saintdieinfo\/#\/schema\/person\/faee6704a21f3977511db84bd1cd450f\",\"name\":\"la r\u00e9daction\",\"image\":{\"@type\":\"ImageObject\",\"inLanguage\":\"fr-FR\",\"@id\":\"https:\/\/vosgesinfo.fr\/saintdieinfo\/#\/schema\/person\/image\/\",\"url\":\"https:\/\/secure.gravatar.com\/avatar\/6673d8bc6a9c17fa9a453eaa3448de834fa308c2ec9635b7aa99441a7c8d2cf6?s=96&d=mm&r=g\",\"contentUrl\":\"https:\/\/secure.gravatar.com\/avatar\/6673d8bc6a9c17fa9a453eaa3448de834fa308c2ec9635b7aa99441a7c8d2cf6?s=96&d=mm&r=g\",\"caption\":\"la r\u00e9daction\"},\"url\":\"https:\/\/vosgesinfo.fr\/saintdieinfo\/author\/redac\/\"}]}<\/script>\n<!-- \/ Yoast SEO plugin. -->","yoast_head_json":{"title":"L'esprit olympique souffle sur les Vosges - Saint Die Info","robots":{"index":"index","follow":"follow","max-snippet":"max-snippet:-1","max-image-preview":"max-image-preview:large","max-video-preview":"max-video-preview:-1"},"canonical":"https:\/\/vosgesinfo.fr\/saintdieinfo\/2020\/01\/lesprit-olympique-souffle-vosges\/","twitter_card":"summary_large_image","twitter_title":"L'esprit olympique souffle sur les Vosges - Saint Die Info","twitter_description":"Depuis ce lundi, le D\u00e9partement est officiellement labellis\u00e9 Terre de Jeux 2024. Lors de la c\u00e9r\u00e9monie des v\u0153ux aux D\u00e9partements, [&hellip;]","twitter_image":"https:\/\/vosgesinfo.fr\/app\/uploads\/sites\/4\/2024\/08\/2020012024.jpg","twitter_creator":"@VosgesInfo88","twitter_site":"@VosgesInfo88","twitter_misc":{"\u00c9crit par":"la r\u00e9daction","Dur\u00e9e de lecture estim\u00e9e":"3 minutes"},"schema":{"@context":"https:\/\/schema.org","@graph":[{"@type":"Article","@id":"https:\/\/vosgesinfo.fr\/saintdieinfo\/2020\/01\/lesprit-olympique-souffle-vosges\/#article","isPartOf":{"@id":"https:\/\/vosgesinfo.fr\/saintdieinfo\/2020\/01\/lesprit-olympique-souffle-vosges\/"},"author":{"name":"la r\u00e9daction","@id":"https:\/\/vosgesinfo.fr\/saintdieinfo\/#\/schema\/person\/faee6704a21f3977511db84bd1cd450f"},"headline":"L&rsquo;esprit olympique souffle sur les Vosges","datePublished":"2020-01-15T07:00:49+00:00","dateModified":"2020-01-15T07:00:49+00:00","mainEntityOfPage":{"@id":"https:\/\/vosgesinfo.fr\/saintdieinfo\/2020\/01\/lesprit-olympique-souffle-vosges\/"},"wordCount":524,"commentCount":0,"publisher":{"@id":"https:\/\/vosgesinfo.fr\/saintdieinfo\/#organization"},"image":{"@id":"https:\/\/vosgesinfo.fr\/saintdieinfo\/2020\/01\/lesprit-olympique-souffle-vosges\/#primaryimage"},"thumbnailUrl":"https:\/\/vosgesinfo.fr\/app\/uploads\/sites\/4\/2024\/08\/2020012024.jpg","keywords":["Conseil d\u00e9partemental des Vosges","Jeux Olympiques et Paralympiques 2024","Terre de Jeux 2024"],"articleSection":["A la Une","Sport","Vosges"],"inLanguage":"fr-FR","potentialAction":[{"@type":"CommentAction","name":"Comment","target":["https:\/\/vosgesinfo.fr\/saintdieinfo\/2020\/01\/lesprit-olympique-souffle-vosges\/#respond"]}]},{"@type":"WebPage","@id":"https:\/\/vosgesinfo.fr\/saintdieinfo\/2020\/01\/lesprit-olympique-souffle-vosges\/","url":"https:\/\/vosgesinfo.fr\/saintdieinfo\/2020\/01\/lesprit-olympique-souffle-vosges\/","name":"L'esprit olympique souffle sur les Vosges - Saint Die Info","isPartOf":{"@id":"https:\/\/vosgesinfo.fr\/saintdieinfo\/#website"},"primaryImageOfPage":{"@id":"https:\/\/vosgesinfo.fr\/saintdieinfo\/2020\/01\/lesprit-olympique-souffle-vosges\/#primaryimage"},"image":{"@id":"https:\/\/vosgesinfo.fr\/saintdieinfo\/2020\/01\/lesprit-olympique-souffle-vosges\/#primaryimage"},"thumbnailUrl":"https:\/\/vosgesinfo.fr\/app\/uploads\/sites\/4\/2024\/08\/2020012024.jpg","datePublished":"2020-01-15T07:00:49+00:00","dateModified":"2020-01-15T07:00:49+00:00","breadcrumb":{"@id":"https:\/\/vosgesinfo.fr\/saintdieinfo\/2020\/01\/lesprit-olympique-souffle-vosges\/#breadcrumb"},"inLanguage":"fr-FR","potentialAction":[{"@type":"ReadAction","target":["https:\/\/vosgesinfo.fr\/saintdieinfo\/2020\/01\/lesprit-olympique-souffle-vosges\/"]}]},{"@type":"ImageObject","inLanguage":"fr-FR","@id":"https:\/\/vosgesinfo.fr\/saintdieinfo\/2020\/01\/lesprit-olympique-souffle-vosges\/#primaryimage","url":"https:\/\/vosgesinfo.fr\/app\/uploads\/sites\/4\/2024\/08\/2020012024.jpg","contentUrl":"https:\/\/vosgesinfo.fr\/app\/uploads\/sites\/4\/2024\/08\/2020012024.jpg","width":1600,"height":900},{"@type":"BreadcrumbList","@id":"https:\/\/vosgesinfo.fr\/saintdieinfo\/2020\/01\/lesprit-olympique-souffle-vosges\/#breadcrumb","itemListElement":[{"@type":"ListItem","position":1,"name":"Home","item":"https:\/\/vosgesinfo.fr\/saintdieinfo\/"},{"@type":"ListItem","position":2,"name":"L&rsquo;esprit olympique souffle sur les Vosges"}]},{"@type":"WebSite","@id":"https:\/\/vosgesinfo.fr\/saintdieinfo\/#website","url":"https:\/\/vosgesinfo.fr\/saintdieinfo\/","name":"Saint Die Info","description":"Toute l&#039;actualit\u00e9 de Saint-Di\u00e9-Des-Vosges","publisher":{"@id":"https:\/\/vosgesinfo.fr\/saintdieinfo\/#organization"},"alternateName":"Toute l'actualit\u00e9 de Saint-Di\u00e9-Des-Vosges","potentialAction":[{"@type":"SearchAction","target":{"@type":"EntryPoint","urlTemplate":"https:\/\/vosgesinfo.fr\/saintdieinfo\/?s={search_term_string}"},"query-input":"required name=search_term_string"}],"inLanguage":"fr-FR"},{"@type":"Organization","@id":"https:\/\/vosgesinfo.fr\/saintdieinfo\/#organization","name":"Saint Die Info","url":"https:\/\/vosgesinfo.fr\/saintdieinfo\/","logo":{"@type":"ImageObject","inLanguage":"fr-FR","@id":"https:\/\/vosgesinfo.fr\/saintdieinfo\/#\/schema\/logo\/image\/","url":"https:\/\/vosgesinfo.fr\/app\/uploads\/sites\/4\/2024\/02\/logo-sdi.jpg","contentUrl":"https:\/\/vosgesinfo.fr\/app\/uploads\/sites\/4\/2024\/02\/logo-sdi.jpg","width":600,"height":600,"caption":"Saint Die Info"},"image":{"@id":"https:\/\/vosgesinfo.fr\/saintdieinfo\/#\/schema\/logo\/image\/"},"sameAs":["https:\/\/www.facebook.com\/Saintdieinfofr","https:\/\/x.com\/VosgesInfo88","https:\/\/www.youtube.com\/@vosgesinfo"]},{"@type":"Person","@id":"https:\/\/vosgesinfo.fr\/saintdieinfo\/#\/schema\/person\/faee6704a21f3977511db84bd1cd450f","name":"la r\u00e9daction","image":{"@type":"ImageObject","inLanguage":"fr-FR","@id":"https:\/\/vosgesinfo.fr\/saintdieinfo\/#\/schema\/person\/image\/","url":"https:\/\/secure.gravatar.com\/avatar\/6673d8bc6a9c17fa9a453eaa3448de834fa308c2ec9635b7aa99441a7c8d2cf6?s=96&d=mm&r=g","contentUrl":"https:\/\/secure.gravatar.com\/avatar\/6673d8bc6a9c17fa9a453eaa3448de834fa308c2ec9635b7aa99441a7c8d2cf6?s=96&d=mm&r=g","caption":"la r\u00e9daction"},"url":"https:\/\/vosgesinfo.fr\/saintdieinfo\/author\/redac\/"}]}},"_links":{"self":[{"href":"https:\/\/vosgesinfo.fr\/saintdieinfo\/wp-json\/wp\/v2\/posts\/38591","targetHints":{"allow":["GET"]}}],"collection":[{"href":"https:\/\/vosgesinfo.fr\/saintdieinfo\/wp-json\/wp\/v2\/posts"}],"about":[{"href":"https:\/\/vosgesinfo.fr\/saintdieinfo\/wp-json\/wp\/v2\/types\/post"}],"author":[{"embeddable":true,"href":"https:\/\/vosgesinfo.fr\/saintdieinfo\/wp-json\/wp\/v2\/users\/44"}],"replies":[{"embeddable":true,"href":"https:\/\/vosgesinfo.fr\/saintdieinfo\/wp-json\/wp\/v2\/comments?post=38591"}],"version-history":[{"count":0,"href":"https:\/\/vosgesinfo.fr\/saintdieinfo\/wp-json\/wp\/v2\/posts\/38591\/revisions"}],"wp:featuredmedia":[{"embeddable":true,"href":"https:\/\/vosgesinfo.fr\/saintdieinfo\/wp-json\/wp\/v2\/media\/38592"}],"wp:attachment":[{"href":"https:\/\/vosgesinfo.fr\/saintdieinfo\/wp-json\/wp\/v2\/media?parent=38591"}],"wp:term":[{"taxonomy":"category","embeddable":true,"href":"https:\/\/vosgesinfo.fr\/saintdieinfo\/wp-json\/wp\/v2\/categories?post=38591"},{"taxonomy":"post_tag","embeddable":true,"href":"https:\/\/vosgesinfo.fr\/saintdieinfo\/wp-json\/wp\/v2\/tags?post=38591"}],"curies":[{"name":"wp","href":"https:\/\/api.w.org\/{rel}","templated":true}]}}