{"id":38595,"date":"2020-01-15T10:00:22","date_gmt":"2020-01-15T09:00:22","guid":{"rendered":"https:\/\/vosgesinfo.fr\/saintdieinfo\/2020\/01\/rachel-verdonk-nouvelle-directrice-de-lehpad-charmes\/"},"modified":"2020-01-15T10:00:22","modified_gmt":"2020-01-15T09:00:22","slug":"rachel-verdonk-nouvelle-directrice-de-lehpad-charmes","status":"publish","type":"post","link":"https:\/\/vosgesinfo.fr\/saintdieinfo\/2020\/01\/rachel-verdonk-nouvelle-directrice-de-lehpad-charmes\/","title":{"rendered":"Rachel Verdonk est la nouvelle directrice de l&rsquo;EHPAD Les Charmes"},"content":{"rendered":"<div id=\"attachment_154878\" style=\"width: 1010px\" class=\"wp-caption aligncenter\"><a href=\"\/2020\/01\/Pr\u00e9sentation_Rachel_Verdonk_EHPAD_Les_Charmes-2.jpg\" target=\"_blank\" rel=\"noopener\"><img decoding=\"async\" aria-describedby=\"caption-attachment-154878\" class=\"wp-image-154878 size-full\" src=\"\/2020\/01\/Pr\u00e9sentation_Rachel_Verdonk_EHPAD_Les_Charmes-2.jpg\" alt=\"Pr\u00e9sentation_Rachel_Verdonk_EHPAD_Les_Charmes (2)\" width=\"1000\" height=\"750\" \/><\/a><p id=\"caption-attachment-154878\" class=\"wp-caption-text\">Rachel Verdonk (au centre) est la nouvelle directrice de l&rsquo;EHPAD Les Charmes.<\/p><\/div>\n<h2><strong><span style=\"font-family: Calibri, sans-serif;\"><span style=\"font-size: large;\">L&rsquo;EHPAD Les Charmes a accueilli ses premiers r\u00e9sidents au d\u00e9but de l&rsquo;ann\u00e9e 2016. G\u00e9r\u00e9 par le CCAS de Saint-Di\u00e9-des-Vosges, l&rsquo;\u00e9tablissement d&rsquo;accueil pour personnes \u00e2g\u00e9es, qui emploie 45 personnes, dispose de 68 lits, de 6 places en accueil de jour et d&rsquo;une place en h\u00e9bergement temporaire. <span style=\"font-family: Calibri, sans-serif;\"><span style=\"font-size: large;\">Suite au r\u00e9cent d\u00e9part de V\u00e9ronique Jestin, c&rsquo;est Rachel Verdonk qui assure d\u00e9sormais la direction de l&rsquo;EHPAD.<\/span><\/span><\/span><\/span><\/strong><\/h2>\n<p><!--more--><\/p>\n<p><span style=\"font-family: Calibri, sans-serif;\"><span style=\"font-size: large;\">En poste depuis le 2 janvier, cette native de Saint-Di\u00e9-des-Vosges a commenc\u00e9 sa carri\u00e8re par des \u00e9tudes d&rsquo;infirmi\u00e8re \u00e0 l&rsquo;IFSI d\u00e9odatien. Apr\u00e8s avoir obtenu son Master en Mangement des \u00e9tablissements sanitaires et sociaux \u00e0 l&rsquo;IAE de Nancy, Rachel Verdonk a pris son premier poste de direction en Bourgogne, o\u00f9 elle est rest\u00e9e 4 ans avant de partir 4 ans et demi dans le Sud. De retour en D\u00e9odatie en 2018, elle \u00e9tait jusqu&rsquo;\u00e0 r\u00e9cemment la directrice de la r\u00e9sidence de l&rsquo;\u00c2ge d&rsquo;Or.<\/span><\/span><\/p>\n<p><span style=\"font-family: Calibri, sans-serif;\"><span style=\"font-size: large;\">Et si elle a fait le choix de quitter un \u00e9tablissement priv\u00e9 pour une structure publique, c&rsquo;est notamment parce que <em>\u00ab\u00a0dans le public, il n&rsquo;y a pas cette logique de rentabilit\u00e9. L<span style=\"font-family: Calibri, sans-serif;\"><span style=\"font-size: large;\">&lsquo;objectif premier est de proposer la meilleure prise en charge possible pour les r\u00e9sidents.<\/span><\/span>\u00ab\u00a0<\/em><\/span><\/span><\/p>\n<p><span style=\"font-family: Calibri, sans-serif;\"><span style=\"font-size: large;\">Quant aux grands chantiers identifi\u00e9s par Rachel Verdonk depuis son arriv\u00e9e \u00e0 l&rsquo;EHPAD Les Charmes, un travail sera men\u00e9 sur la r\u00e9organisation du temps de travail, sur le circuit du m\u00e9dicament ainsi que sur l&rsquo;am\u00e9lioration de la qualit\u00e9 des prestations, dont la restauration.<\/span><\/span><\/p>\n<p>J.J.<\/p>\n<p><a href=\"\/2020\/01\/Pr\u00e9sentation_Rachel_Verdonk_EHPAD_Les_Charmes-1.jpg\" target=\"_blank\" rel=\"noopener\"><img decoding=\"async\" class=\"aligncenter wp-image-154877 size-full\" src=\"\/2020\/01\/Pr\u00e9sentation_Rachel_Verdonk_EHPAD_Les_Charmes-1.jpg\" alt=\"Pr\u00e9sentation_Rachel_Verdonk_EHPAD_Les_Charmes (1)\" width=\"1000\" height=\"750\" \/><\/a><\/p>\n","protected":false},"excerpt":{"rendered":"<p>L&rsquo;EHPAD Les Charmes a accueilli ses premiers r\u00e9sidents au d\u00e9but de l&rsquo;ann\u00e9e 2016. G\u00e9r\u00e9 par le CCAS de Saint-Di\u00e9-des-Vosges, l&rsquo;\u00e9tablissement [&hellip;]<\/p>\n","protected":false},"author":46,"featured_media":38596,"comment_status":"open","ping_status":"open","sticky":false,"template":"","format":"standard","meta":{"footnotes":""},"categories":[460,2915,4152,13],"tags":[3342,3804,7632],"class_list":["post-38595","post","type-post","status-publish","format-standard","has-post-thumbnail","hentry","category-a-la-une","category-saint-die-son-canton","category-sante","category-societe","tag-ccas-de-saint-die-des-vosges","tag-ehpad-les-charmes","tag-rachel-verdonk"],"acf":[],"yoast_head":"<!-- This site is optimized with the Yoast SEO plugin v22.5 - https:\/\/yoast.com\/wordpress\/plugins\/seo\/ -->\n<title>Rachel Verdonk est la nouvelle directrice de l&#039;EHPAD Les Charmes - Saint Die Info<\/title>\n<meta name=\"robots\" content=\"index, follow, max-snippet:-1, max-image-preview:large, max-video-preview:-1\" \/>\n<link rel=\"canonical\" href=\"https:\/\/vosgesinfo.fr\/saintdieinfo\/2020\/01\/rachel-verdonk-nouvelle-directrice-de-lehpad-charmes\/\" \/>\n<meta name=\"twitter:card\" content=\"summary_large_image\" \/>\n<meta name=\"twitter:title\" content=\"Rachel Verdonk est la nouvelle directrice de l&#039;EHPAD Les Charmes - Saint Die Info\" \/>\n<meta name=\"twitter:description\" content=\"L&rsquo;EHPAD Les Charmes a accueilli ses premiers r\u00e9sidents au d\u00e9but de l&rsquo;ann\u00e9e 2016. G\u00e9r\u00e9 par le CCAS de Saint-Di\u00e9-des-Vosges, l&rsquo;\u00e9tablissement [&hellip;]\" \/>\n<meta name=\"twitter:image\" content=\"https:\/\/vosgesinfo.fr\/app\/uploads\/sites\/4\/2024\/08\/202001presentation-rachel-verdonk-ehpad-les-charmes-2.jpg\" \/>\n<meta name=\"twitter:creator\" content=\"@VosgesInfo88\" \/>\n<meta name=\"twitter:site\" content=\"@VosgesInfo88\" \/>\n<meta name=\"twitter:label1\" content=\"\u00c9crit par\" \/>\n\t<meta name=\"twitter:data1\" content=\"J.J.\" \/>\n\t<meta name=\"twitter:label2\" content=\"Dur\u00e9e de lecture estim\u00e9e\" \/>\n\t<meta name=\"twitter:data2\" content=\"1 minute\" \/>\n<script type=\"application\/ld+json\" class=\"yoast-schema-graph\">{\"@context\":\"https:\/\/schema.org\",\"@graph\":[{\"@type\":\"Article\",\"@id\":\"https:\/\/vosgesinfo.fr\/saintdieinfo\/2020\/01\/rachel-verdonk-nouvelle-directrice-de-lehpad-charmes\/#article\",\"isPartOf\":{\"@id\":\"https:\/\/vosgesinfo.fr\/saintdieinfo\/2020\/01\/rachel-verdonk-nouvelle-directrice-de-lehpad-charmes\/\"},\"author\":{\"name\":\"J.J.\",\"@id\":\"https:\/\/vosgesinfo.fr\/saintdieinfo\/#\/schema\/person\/fa73e9f726d67bb88f46d5b7943cb572\"},\"headline\":\"Rachel Verdonk est la nouvelle directrice de l&rsquo;EHPAD Les Charmes\",\"datePublished\":\"2020-01-15T09:00:22+00:00\",\"dateModified\":\"2020-01-15T09:00:22+00:00\",\"mainEntityOfPage\":{\"@id\":\"https:\/\/vosgesinfo.fr\/saintdieinfo\/2020\/01\/rachel-verdonk-nouvelle-directrice-de-lehpad-charmes\/\"},\"wordCount\":297,\"commentCount\":0,\"publisher\":{\"@id\":\"https:\/\/vosgesinfo.fr\/saintdieinfo\/#organization\"},\"image\":{\"@id\":\"https:\/\/vosgesinfo.fr\/saintdieinfo\/2020\/01\/rachel-verdonk-nouvelle-directrice-de-lehpad-charmes\/#primaryimage\"},\"thumbnailUrl\":\"https:\/\/vosgesinfo.fr\/app\/uploads\/sites\/4\/2024\/08\/202001presentation-rachel-verdonk-ehpad-les-charmes-2.jpg\",\"keywords\":[\"CCAS de Saint-Di\u00e9-des-Vosges\",\"EHPAD Les Charmes\",\"Rachel Verdonk\"],\"articleSection\":[\"A la Une\",\"Saint-Di\u00e9-des-Vosges et son Agglom\u00e9ration\",\"Sant\u00e9\",\"Soci\u00e9t\u00e9\"],\"inLanguage\":\"fr-FR\",\"potentialAction\":[{\"@type\":\"CommentAction\",\"name\":\"Comment\",\"target\":[\"https:\/\/vosgesinfo.fr\/saintdieinfo\/2020\/01\/rachel-verdonk-nouvelle-directrice-de-lehpad-charmes\/#respond\"]}]},{\"@type\":\"WebPage\",\"@id\":\"https:\/\/vosgesinfo.fr\/saintdieinfo\/2020\/01\/rachel-verdonk-nouvelle-directrice-de-lehpad-charmes\/\",\"url\":\"https:\/\/vosgesinfo.fr\/saintdieinfo\/2020\/01\/rachel-verdonk-nouvelle-directrice-de-lehpad-charmes\/\",\"name\":\"Rachel Verdonk est la nouvelle directrice de l'EHPAD Les Charmes - Saint Die Info\",\"isPartOf\":{\"@id\":\"https:\/\/vosgesinfo.fr\/saintdieinfo\/#website\"},\"primaryImageOfPage\":{\"@id\":\"https:\/\/vosgesinfo.fr\/saintdieinfo\/2020\/01\/rachel-verdonk-nouvelle-directrice-de-lehpad-charmes\/#primaryimage\"},\"image\":{\"@id\":\"https:\/\/vosgesinfo.fr\/saintdieinfo\/2020\/01\/rachel-verdonk-nouvelle-directrice-de-lehpad-charmes\/#primaryimage\"},\"thumbnailUrl\":\"https:\/\/vosgesinfo.fr\/app\/uploads\/sites\/4\/2024\/08\/202001presentation-rachel-verdonk-ehpad-les-charmes-2.jpg\",\"datePublished\":\"2020-01-15T09:00:22+00:00\",\"dateModified\":\"2020-01-15T09:00:22+00:00\",\"breadcrumb\":{\"@id\":\"https:\/\/vosgesinfo.fr\/saintdieinfo\/2020\/01\/rachel-verdonk-nouvelle-directrice-de-lehpad-charmes\/#breadcrumb\"},\"inLanguage\":\"fr-FR\",\"potentialAction\":[{\"@type\":\"ReadAction\",\"target\":[\"https:\/\/vosgesinfo.fr\/saintdieinfo\/2020\/01\/rachel-verdonk-nouvelle-directrice-de-lehpad-charmes\/\"]}]},{\"@type\":\"ImageObject\",\"inLanguage\":\"fr-FR\",\"@id\":\"https:\/\/vosgesinfo.fr\/saintdieinfo\/2020\/01\/rachel-verdonk-nouvelle-directrice-de-lehpad-charmes\/#primaryimage\",\"url\":\"https:\/\/vosgesinfo.fr\/app\/uploads\/sites\/4\/2024\/08\/202001presentation-rachel-verdonk-ehpad-les-charmes-2.jpg\",\"contentUrl\":\"https:\/\/vosgesinfo.fr\/app\/uploads\/sites\/4\/2024\/08\/202001presentation-rachel-verdonk-ehpad-les-charmes-2.jpg\",\"width\":1000,\"height\":750},{\"@type\":\"BreadcrumbList\",\"@id\":\"https:\/\/vosgesinfo.fr\/saintdieinfo\/2020\/01\/rachel-verdonk-nouvelle-directrice-de-lehpad-charmes\/#breadcrumb\",\"itemListElement\":[{\"@type\":\"ListItem\",\"position\":1,\"name\":\"Home\",\"item\":\"https:\/\/vosgesinfo.fr\/saintdieinfo\/\"},{\"@type\":\"ListItem\",\"position\":2,\"name\":\"Rachel Verdonk est la nouvelle directrice de l&rsquo;EHPAD Les Charmes\"}]},{\"@type\":\"WebSite\",\"@id\":\"https:\/\/vosgesinfo.fr\/saintdieinfo\/#website\",\"url\":\"https:\/\/vosgesinfo.fr\/saintdieinfo\/\",\"name\":\"Saint Die Info\",\"description\":\"Toute l&#039;actualit\u00e9 de Saint-Di\u00e9-Des-Vosges\",\"publisher\":{\"@id\":\"https:\/\/vosgesinfo.fr\/saintdieinfo\/#organization\"},\"alternateName\":\"Toute l'actualit\u00e9 de Saint-Di\u00e9-Des-Vosges\",\"potentialAction\":[{\"@type\":\"SearchAction\",\"target\":{\"@type\":\"EntryPoint\",\"urlTemplate\":\"https:\/\/vosgesinfo.fr\/saintdieinfo\/?s={search_term_string}\"},\"query-input\":\"required name=search_term_string\"}],\"inLanguage\":\"fr-FR\"},{\"@type\":\"Organization\",\"@id\":\"https:\/\/vosgesinfo.fr\/saintdieinfo\/#organization\",\"name\":\"Saint Die Info\",\"url\":\"https:\/\/vosgesinfo.fr\/saintdieinfo\/\",\"logo\":{\"@type\":\"ImageObject\",\"inLanguage\":\"fr-FR\",\"@id\":\"https:\/\/vosgesinfo.fr\/saintdieinfo\/#\/schema\/logo\/image\/\",\"url\":\"https:\/\/vosgesinfo.fr\/app\/uploads\/sites\/4\/2024\/02\/logo-sdi.jpg\",\"contentUrl\":\"https:\/\/vosgesinfo.fr\/app\/uploads\/sites\/4\/2024\/02\/logo-sdi.jpg\",\"width\":600,\"height\":600,\"caption\":\"Saint Die Info\"},\"image\":{\"@id\":\"https:\/\/vosgesinfo.fr\/saintdieinfo\/#\/schema\/logo\/image\/\"},\"sameAs\":[\"https:\/\/www.facebook.com\/Saintdieinfofr\",\"https:\/\/x.com\/VosgesInfo88\",\"https:\/\/www.youtube.com\/@vosgesinfo\"]},{\"@type\":\"Person\",\"@id\":\"https:\/\/vosgesinfo.fr\/saintdieinfo\/#\/schema\/person\/fa73e9f726d67bb88f46d5b7943cb572\",\"name\":\"J.J.\",\"image\":{\"@type\":\"ImageObject\",\"inLanguage\":\"fr-FR\",\"@id\":\"https:\/\/vosgesinfo.fr\/saintdieinfo\/#\/schema\/person\/image\/\",\"url\":\"https:\/\/secure.gravatar.com\/avatar\/219e749e47ffbcca018a360ae4add7d4cdf1cdaaf8bc7676b27efade3fe65615?s=96&d=mm&r=g\",\"contentUrl\":\"https:\/\/secure.gravatar.com\/avatar\/219e749e47ffbcca018a360ae4add7d4cdf1cdaaf8bc7676b27efade3fe65615?s=96&d=mm&r=g\",\"caption\":\"J.J.\"},\"url\":\"https:\/\/vosgesinfo.fr\/saintdieinfo\/author\/j-j\/\"}]}<\/script>\n<!-- \/ Yoast SEO plugin. -->","yoast_head_json":{"title":"Rachel Verdonk est la nouvelle directrice de l'EHPAD Les Charmes - Saint Die Info","robots":{"index":"index","follow":"follow","max-snippet":"max-snippet:-1","max-image-preview":"max-image-preview:large","max-video-preview":"max-video-preview:-1"},"canonical":"https:\/\/vosgesinfo.fr\/saintdieinfo\/2020\/01\/rachel-verdonk-nouvelle-directrice-de-lehpad-charmes\/","twitter_card":"summary_large_image","twitter_title":"Rachel Verdonk est la nouvelle directrice de l'EHPAD Les Charmes - Saint Die Info","twitter_description":"L&rsquo;EHPAD Les Charmes a accueilli ses premiers r\u00e9sidents au d\u00e9but de l&rsquo;ann\u00e9e 2016. G\u00e9r\u00e9 par le CCAS de Saint-Di\u00e9-des-Vosges, l&rsquo;\u00e9tablissement [&hellip;]","twitter_image":"https:\/\/vosgesinfo.fr\/app\/uploads\/sites\/4\/2024\/08\/202001presentation-rachel-verdonk-ehpad-les-charmes-2.jpg","twitter_creator":"@VosgesInfo88","twitter_site":"@VosgesInfo88","twitter_misc":{"\u00c9crit par":"J.J.","Dur\u00e9e de lecture estim\u00e9e":"1 minute"},"schema":{"@context":"https:\/\/schema.org","@graph":[{"@type":"Article","@id":"https:\/\/vosgesinfo.fr\/saintdieinfo\/2020\/01\/rachel-verdonk-nouvelle-directrice-de-lehpad-charmes\/#article","isPartOf":{"@id":"https:\/\/vosgesinfo.fr\/saintdieinfo\/2020\/01\/rachel-verdonk-nouvelle-directrice-de-lehpad-charmes\/"},"author":{"name":"J.J.","@id":"https:\/\/vosgesinfo.fr\/saintdieinfo\/#\/schema\/person\/fa73e9f726d67bb88f46d5b7943cb572"},"headline":"Rachel Verdonk est la nouvelle directrice de l&rsquo;EHPAD Les Charmes","datePublished":"2020-01-15T09:00:22+00:00","dateModified":"2020-01-15T09:00:22+00:00","mainEntityOfPage":{"@id":"https:\/\/vosgesinfo.fr\/saintdieinfo\/2020\/01\/rachel-verdonk-nouvelle-directrice-de-lehpad-charmes\/"},"wordCount":297,"commentCount":0,"publisher":{"@id":"https:\/\/vosgesinfo.fr\/saintdieinfo\/#organization"},"image":{"@id":"https:\/\/vosgesinfo.fr\/saintdieinfo\/2020\/01\/rachel-verdonk-nouvelle-directrice-de-lehpad-charmes\/#primaryimage"},"thumbnailUrl":"https:\/\/vosgesinfo.fr\/app\/uploads\/sites\/4\/2024\/08\/202001presentation-rachel-verdonk-ehpad-les-charmes-2.jpg","keywords":["CCAS de Saint-Di\u00e9-des-Vosges","EHPAD Les Charmes","Rachel Verdonk"],"articleSection":["A la Une","Saint-Di\u00e9-des-Vosges et son Agglom\u00e9ration","Sant\u00e9","Soci\u00e9t\u00e9"],"inLanguage":"fr-FR","potentialAction":[{"@type":"CommentAction","name":"Comment","target":["https:\/\/vosgesinfo.fr\/saintdieinfo\/2020\/01\/rachel-verdonk-nouvelle-directrice-de-lehpad-charmes\/#respond"]}]},{"@type":"WebPage","@id":"https:\/\/vosgesinfo.fr\/saintdieinfo\/2020\/01\/rachel-verdonk-nouvelle-directrice-de-lehpad-charmes\/","url":"https:\/\/vosgesinfo.fr\/saintdieinfo\/2020\/01\/rachel-verdonk-nouvelle-directrice-de-lehpad-charmes\/","name":"Rachel Verdonk est la nouvelle directrice de l'EHPAD Les Charmes - Saint Die Info","isPartOf":{"@id":"https:\/\/vosgesinfo.fr\/saintdieinfo\/#website"},"primaryImageOfPage":{"@id":"https:\/\/vosgesinfo.fr\/saintdieinfo\/2020\/01\/rachel-verdonk-nouvelle-directrice-de-lehpad-charmes\/#primaryimage"},"image":{"@id":"https:\/\/vosgesinfo.fr\/saintdieinfo\/2020\/01\/rachel-verdonk-nouvelle-directrice-de-lehpad-charmes\/#primaryimage"},"thumbnailUrl":"https:\/\/vosgesinfo.fr\/app\/uploads\/sites\/4\/2024\/08\/202001presentation-rachel-verdonk-ehpad-les-charmes-2.jpg","datePublished":"2020-01-15T09:00:22+00:00","dateModified":"2020-01-15T09:00:22+00:00","breadcrumb":{"@id":"https:\/\/vosgesinfo.fr\/saintdieinfo\/2020\/01\/rachel-verdonk-nouvelle-directrice-de-lehpad-charmes\/#breadcrumb"},"inLanguage":"fr-FR","potentialAction":[{"@type":"ReadAction","target":["https:\/\/vosgesinfo.fr\/saintdieinfo\/2020\/01\/rachel-verdonk-nouvelle-directrice-de-lehpad-charmes\/"]}]},{"@type":"ImageObject","inLanguage":"fr-FR","@id":"https:\/\/vosgesinfo.fr\/saintdieinfo\/2020\/01\/rachel-verdonk-nouvelle-directrice-de-lehpad-charmes\/#primaryimage","url":"https:\/\/vosgesinfo.fr\/app\/uploads\/sites\/4\/2024\/08\/202001presentation-rachel-verdonk-ehpad-les-charmes-2.jpg","contentUrl":"https:\/\/vosgesinfo.fr\/app\/uploads\/sites\/4\/2024\/08\/202001presentation-rachel-verdonk-ehpad-les-charmes-2.jpg","width":1000,"height":750},{"@type":"BreadcrumbList","@id":"https:\/\/vosgesinfo.fr\/saintdieinfo\/2020\/01\/rachel-verdonk-nouvelle-directrice-de-lehpad-charmes\/#breadcrumb","itemListElement":[{"@type":"ListItem","position":1,"name":"Home","item":"https:\/\/vosgesinfo.fr\/saintdieinfo\/"},{"@type":"ListItem","position":2,"name":"Rachel Verdonk est la nouvelle directrice de l&rsquo;EHPAD Les Charmes"}]},{"@type":"WebSite","@id":"https:\/\/vosgesinfo.fr\/saintdieinfo\/#website","url":"https:\/\/vosgesinfo.fr\/saintdieinfo\/","name":"Saint Die Info","description":"Toute l&#039;actualit\u00e9 de Saint-Di\u00e9-Des-Vosges","publisher":{"@id":"https:\/\/vosgesinfo.fr\/saintdieinfo\/#organization"},"alternateName":"Toute l'actualit\u00e9 de Saint-Di\u00e9-Des-Vosges","potentialAction":[{"@type":"SearchAction","target":{"@type":"EntryPoint","urlTemplate":"https:\/\/vosgesinfo.fr\/saintdieinfo\/?s={search_term_string}"},"query-input":"required name=search_term_string"}],"inLanguage":"fr-FR"},{"@type":"Organization","@id":"https:\/\/vosgesinfo.fr\/saintdieinfo\/#organization","name":"Saint Die Info","url":"https:\/\/vosgesinfo.fr\/saintdieinfo\/","logo":{"@type":"ImageObject","inLanguage":"fr-FR","@id":"https:\/\/vosgesinfo.fr\/saintdieinfo\/#\/schema\/logo\/image\/","url":"https:\/\/vosgesinfo.fr\/app\/uploads\/sites\/4\/2024\/02\/logo-sdi.jpg","contentUrl":"https:\/\/vosgesinfo.fr\/app\/uploads\/sites\/4\/2024\/02\/logo-sdi.jpg","width":600,"height":600,"caption":"Saint Die Info"},"image":{"@id":"https:\/\/vosgesinfo.fr\/saintdieinfo\/#\/schema\/logo\/image\/"},"sameAs":["https:\/\/www.facebook.com\/Saintdieinfofr","https:\/\/x.com\/VosgesInfo88","https:\/\/www.youtube.com\/@vosgesinfo"]},{"@type":"Person","@id":"https:\/\/vosgesinfo.fr\/saintdieinfo\/#\/schema\/person\/fa73e9f726d67bb88f46d5b7943cb572","name":"J.J.","image":{"@type":"ImageObject","inLanguage":"fr-FR","@id":"https:\/\/vosgesinfo.fr\/saintdieinfo\/#\/schema\/person\/image\/","url":"https:\/\/secure.gravatar.com\/avatar\/219e749e47ffbcca018a360ae4add7d4cdf1cdaaf8bc7676b27efade3fe65615?s=96&d=mm&r=g","contentUrl":"https:\/\/secure.gravatar.com\/avatar\/219e749e47ffbcca018a360ae4add7d4cdf1cdaaf8bc7676b27efade3fe65615?s=96&d=mm&r=g","caption":"J.J."},"url":"https:\/\/vosgesinfo.fr\/saintdieinfo\/author\/j-j\/"}]}},"_links":{"self":[{"href":"https:\/\/vosgesinfo.fr\/saintdieinfo\/wp-json\/wp\/v2\/posts\/38595","targetHints":{"allow":["GET"]}}],"collection":[{"href":"https:\/\/vosgesinfo.fr\/saintdieinfo\/wp-json\/wp\/v2\/posts"}],"about":[{"href":"https:\/\/vosgesinfo.fr\/saintdieinfo\/wp-json\/wp\/v2\/types\/post"}],"author":[{"embeddable":true,"href":"https:\/\/vosgesinfo.fr\/saintdieinfo\/wp-json\/wp\/v2\/users\/46"}],"replies":[{"embeddable":true,"href":"https:\/\/vosgesinfo.fr\/saintdieinfo\/wp-json\/wp\/v2\/comments?post=38595"}],"version-history":[{"count":0,"href":"https:\/\/vosgesinfo.fr\/saintdieinfo\/wp-json\/wp\/v2\/posts\/38595\/revisions"}],"wp:featuredmedia":[{"embeddable":true,"href":"https:\/\/vosgesinfo.fr\/saintdieinfo\/wp-json\/wp\/v2\/media\/38596"}],"wp:attachment":[{"href":"https:\/\/vosgesinfo.fr\/saintdieinfo\/wp-json\/wp\/v2\/media?parent=38595"}],"wp:term":[{"taxonomy":"category","embeddable":true,"href":"https:\/\/vosgesinfo.fr\/saintdieinfo\/wp-json\/wp\/v2\/categories?post=38595"},{"taxonomy":"post_tag","embeddable":true,"href":"https:\/\/vosgesinfo.fr\/saintdieinfo\/wp-json\/wp\/v2\/tags?post=38595"}],"curies":[{"name":"wp","href":"https:\/\/api.w.org\/{rel}","templated":true}]}}