{"id":38630,"date":"2020-01-16T06:45:23","date_gmt":"2020-01-16T05:45:23","guid":{"rendered":"https:\/\/vosgesinfo.fr\/saintdieinfo\/2020\/01\/vosges-presidente-asia-argento-sera-bien-entouree-lors-festival-fantastique\/"},"modified":"2020-01-16T06:45:23","modified_gmt":"2020-01-16T05:45:23","slug":"vosges-presidente-asia-argento-sera-bien-entouree-lors-festival-fantastique","status":"publish","type":"post","link":"https:\/\/vosgesinfo.fr\/saintdieinfo\/2020\/01\/vosges-presidente-asia-argento-sera-bien-entouree-lors-festival-fantastique\/","title":{"rendered":"Vosges \u2013 La pr\u00e9sidente Asia Argento sera bien entour\u00e9e lors du Festival Fantastique"},"content":{"rendered":"<p><a href=\"\/2020\/01\/P1130906-670x460.jpg\" target=\"_blank\" rel=\"noopener\"><img decoding=\"async\" class=\"aligncenter wp-image-154946 size-full\" src=\"\/2020\/01\/P1130906-670x460.jpg\" alt=\"P1130906-670x460\" width=\"670\" height=\"460\" \/><\/a><\/p>\n<h2><span style=\"font-size: 14pt;\"><strong>Le compte \u00e0 rebours a commenc\u00e9 avec\u00a0 la pr\u00e9sentation des diff\u00e9rents jury. C\u2019est le pr\u00e9sident du Festival Fantastique, 27\u00e8me du nom Pierre Sachot qui \u00e9tait aux manettes de la conf\u00e9rence de presse organis\u00e9e ce jeudi matin au Casino de G\u00e9rardmer en compagnie du repr\u00e9sentant de Public Syst\u00e8me Bruno Barde, mais aussi du maire de la ville Stessy Speissmann et de la conseill\u00e8re R\u00e9gionale Sylvie D\u2019Alguerre : le Grand Est etant un partenaire privil\u00e9gi\u00e9 de la semaine cin\u00e9matographique.<\/strong><\/span><\/h2>\n<p><!--more--><\/p>\n<p>Lire la suite de l&rsquo;article : <a href=\"https:\/\/gerardmerinfo.fr\/2020\/01\/festival-fantastique-presidente-asia-argento-sera-bien-entouree\/\" target=\"_blank\" rel=\"noopener\">https:\/\/gerardmerinfo.fr\/2020\/01\/festival-fantastique-presidente-asia-argento-sera-bien-entouree\/<\/a><\/p>\n","protected":false},"excerpt":{"rendered":"<p>Le compte \u00e0 rebours a commenc\u00e9 avec\u00a0 la pr\u00e9sentation des diff\u00e9rents jury. C\u2019est le pr\u00e9sident du Festival Fantastique, 27\u00e8me du [&hellip;]<\/p>\n","protected":false},"author":44,"featured_media":38631,"comment_status":"open","ping_status":"open","sticky":false,"template":"","format":"standard","meta":{"footnotes":""},"categories":[460,20,18],"tags":[7639,4923,79],"class_list":["post-38630","post","type-post","status-publish","format-standard","has-post-thumbnail","hentry","category-a-la-une","category-loisirs","category-vosges","tag-27eme-festival-international-du-film-fantastique","tag-festival-du-film-fantastique-de-gerardmer","tag-gerardmer"],"acf":[],"yoast_head":"<!-- This site is optimized with the Yoast SEO plugin v22.5 - https:\/\/yoast.com\/wordpress\/plugins\/seo\/ -->\n<title>Vosges \u2013 La pr\u00e9sidente Asia Argento sera bien entour\u00e9e lors du Festival Fantastique - Saint Die Info<\/title>\n<meta name=\"robots\" content=\"index, follow, max-snippet:-1, max-image-preview:large, max-video-preview:-1\" \/>\n<link rel=\"canonical\" href=\"https:\/\/vosgesinfo.fr\/saintdieinfo\/2020\/01\/vosges-presidente-asia-argento-sera-bien-entouree-lors-festival-fantastique\/\" \/>\n<meta name=\"twitter:card\" content=\"summary_large_image\" \/>\n<meta name=\"twitter:title\" content=\"Vosges \u2013 La pr\u00e9sidente Asia Argento sera bien entour\u00e9e lors du Festival Fantastique - Saint Die Info\" \/>\n<meta name=\"twitter:description\" content=\"Le compte \u00e0 rebours a commenc\u00e9 avec\u00a0 la pr\u00e9sentation des diff\u00e9rents jury. C\u2019est le pr\u00e9sident du Festival Fantastique, 27\u00e8me du [&hellip;]\" \/>\n<meta name=\"twitter:image\" content=\"https:\/\/vosgesinfo.fr\/app\/uploads\/sites\/4\/2024\/08\/202001p1130906-670x460-1.jpg\" \/>\n<meta name=\"twitter:creator\" content=\"@VosgesInfo88\" \/>\n<meta name=\"twitter:site\" content=\"@VosgesInfo88\" \/>\n<meta name=\"twitter:label1\" content=\"\u00c9crit par\" \/>\n\t<meta name=\"twitter:data1\" content=\"la r\u00e9daction\" \/>\n<script type=\"application\/ld+json\" class=\"yoast-schema-graph\">{\"@context\":\"https:\/\/schema.org\",\"@graph\":[{\"@type\":\"Article\",\"@id\":\"https:\/\/vosgesinfo.fr\/saintdieinfo\/2020\/01\/vosges-presidente-asia-argento-sera-bien-entouree-lors-festival-fantastique\/#article\",\"isPartOf\":{\"@id\":\"https:\/\/vosgesinfo.fr\/saintdieinfo\/2020\/01\/vosges-presidente-asia-argento-sera-bien-entouree-lors-festival-fantastique\/\"},\"author\":{\"name\":\"la r\u00e9daction\",\"@id\":\"https:\/\/vosgesinfo.fr\/saintdieinfo\/#\/schema\/person\/faee6704a21f3977511db84bd1cd450f\"},\"headline\":\"Vosges \u2013 La pr\u00e9sidente Asia Argento sera bien entour\u00e9e lors du Festival Fantastique\",\"datePublished\":\"2020-01-16T05:45:23+00:00\",\"dateModified\":\"2020-01-16T05:45:23+00:00\",\"mainEntityOfPage\":{\"@id\":\"https:\/\/vosgesinfo.fr\/saintdieinfo\/2020\/01\/vosges-presidente-asia-argento-sera-bien-entouree-lors-festival-fantastique\/\"},\"wordCount\":113,\"commentCount\":0,\"publisher\":{\"@id\":\"https:\/\/vosgesinfo.fr\/saintdieinfo\/#organization\"},\"image\":{\"@id\":\"https:\/\/vosgesinfo.fr\/saintdieinfo\/2020\/01\/vosges-presidente-asia-argento-sera-bien-entouree-lors-festival-fantastique\/#primaryimage\"},\"thumbnailUrl\":\"https:\/\/vosgesinfo.fr\/app\/uploads\/sites\/4\/2024\/08\/202001p1130906-670x460-1.jpg\",\"keywords\":[\"27\u00e8me Festival International du Film Fantastique\",\"Festival du film fantastique de G\u00e9rardmer\",\"G\u00e9rardmer\"],\"articleSection\":[\"A la Une\",\"Loisirs\",\"Vosges\"],\"inLanguage\":\"fr-FR\",\"potentialAction\":[{\"@type\":\"CommentAction\",\"name\":\"Comment\",\"target\":[\"https:\/\/vosgesinfo.fr\/saintdieinfo\/2020\/01\/vosges-presidente-asia-argento-sera-bien-entouree-lors-festival-fantastique\/#respond\"]}]},{\"@type\":\"WebPage\",\"@id\":\"https:\/\/vosgesinfo.fr\/saintdieinfo\/2020\/01\/vosges-presidente-asia-argento-sera-bien-entouree-lors-festival-fantastique\/\",\"url\":\"https:\/\/vosgesinfo.fr\/saintdieinfo\/2020\/01\/vosges-presidente-asia-argento-sera-bien-entouree-lors-festival-fantastique\/\",\"name\":\"Vosges \u2013 La pr\u00e9sidente Asia Argento sera bien entour\u00e9e lors du Festival Fantastique - Saint Die Info\",\"isPartOf\":{\"@id\":\"https:\/\/vosgesinfo.fr\/saintdieinfo\/#website\"},\"primaryImageOfPage\":{\"@id\":\"https:\/\/vosgesinfo.fr\/saintdieinfo\/2020\/01\/vosges-presidente-asia-argento-sera-bien-entouree-lors-festival-fantastique\/#primaryimage\"},\"image\":{\"@id\":\"https:\/\/vosgesinfo.fr\/saintdieinfo\/2020\/01\/vosges-presidente-asia-argento-sera-bien-entouree-lors-festival-fantastique\/#primaryimage\"},\"thumbnailUrl\":\"https:\/\/vosgesinfo.fr\/app\/uploads\/sites\/4\/2024\/08\/202001p1130906-670x460-1.jpg\",\"datePublished\":\"2020-01-16T05:45:23+00:00\",\"dateModified\":\"2020-01-16T05:45:23+00:00\",\"breadcrumb\":{\"@id\":\"https:\/\/vosgesinfo.fr\/saintdieinfo\/2020\/01\/vosges-presidente-asia-argento-sera-bien-entouree-lors-festival-fantastique\/#breadcrumb\"},\"inLanguage\":\"fr-FR\",\"potentialAction\":[{\"@type\":\"ReadAction\",\"target\":[\"https:\/\/vosgesinfo.fr\/saintdieinfo\/2020\/01\/vosges-presidente-asia-argento-sera-bien-entouree-lors-festival-fantastique\/\"]}]},{\"@type\":\"ImageObject\",\"inLanguage\":\"fr-FR\",\"@id\":\"https:\/\/vosgesinfo.fr\/saintdieinfo\/2020\/01\/vosges-presidente-asia-argento-sera-bien-entouree-lors-festival-fantastique\/#primaryimage\",\"url\":\"https:\/\/vosgesinfo.fr\/app\/uploads\/sites\/4\/2024\/08\/202001p1130906-670x460-1.jpg\",\"contentUrl\":\"https:\/\/vosgesinfo.fr\/app\/uploads\/sites\/4\/2024\/08\/202001p1130906-670x460-1.jpg\",\"width\":670,\"height\":460},{\"@type\":\"BreadcrumbList\",\"@id\":\"https:\/\/vosgesinfo.fr\/saintdieinfo\/2020\/01\/vosges-presidente-asia-argento-sera-bien-entouree-lors-festival-fantastique\/#breadcrumb\",\"itemListElement\":[{\"@type\":\"ListItem\",\"position\":1,\"name\":\"Home\",\"item\":\"https:\/\/vosgesinfo.fr\/saintdieinfo\/\"},{\"@type\":\"ListItem\",\"position\":2,\"name\":\"Vosges \u2013 La pr\u00e9sidente Asia Argento sera bien entour\u00e9e lors du Festival Fantastique\"}]},{\"@type\":\"WebSite\",\"@id\":\"https:\/\/vosgesinfo.fr\/saintdieinfo\/#website\",\"url\":\"https:\/\/vosgesinfo.fr\/saintdieinfo\/\",\"name\":\"Saint Die Info\",\"description\":\"Toute l&#039;actualit\u00e9 de Saint-Di\u00e9-Des-Vosges\",\"publisher\":{\"@id\":\"https:\/\/vosgesinfo.fr\/saintdieinfo\/#organization\"},\"alternateName\":\"Toute l'actualit\u00e9 de Saint-Di\u00e9-Des-Vosges\",\"potentialAction\":[{\"@type\":\"SearchAction\",\"target\":{\"@type\":\"EntryPoint\",\"urlTemplate\":\"https:\/\/vosgesinfo.fr\/saintdieinfo\/?s={search_term_string}\"},\"query-input\":\"required name=search_term_string\"}],\"inLanguage\":\"fr-FR\"},{\"@type\":\"Organization\",\"@id\":\"https:\/\/vosgesinfo.fr\/saintdieinfo\/#organization\",\"name\":\"Saint Die Info\",\"url\":\"https:\/\/vosgesinfo.fr\/saintdieinfo\/\",\"logo\":{\"@type\":\"ImageObject\",\"inLanguage\":\"fr-FR\",\"@id\":\"https:\/\/vosgesinfo.fr\/saintdieinfo\/#\/schema\/logo\/image\/\",\"url\":\"https:\/\/vosgesinfo.fr\/app\/uploads\/sites\/4\/2024\/02\/logo-sdi.jpg\",\"contentUrl\":\"https:\/\/vosgesinfo.fr\/app\/uploads\/sites\/4\/2024\/02\/logo-sdi.jpg\",\"width\":600,\"height\":600,\"caption\":\"Saint Die Info\"},\"image\":{\"@id\":\"https:\/\/vosgesinfo.fr\/saintdieinfo\/#\/schema\/logo\/image\/\"},\"sameAs\":[\"https:\/\/www.facebook.com\/Saintdieinfofr\",\"https:\/\/x.com\/VosgesInfo88\",\"https:\/\/www.youtube.com\/@vosgesinfo\"]},{\"@type\":\"Person\",\"@id\":\"https:\/\/vosgesinfo.fr\/saintdieinfo\/#\/schema\/person\/faee6704a21f3977511db84bd1cd450f\",\"name\":\"la r\u00e9daction\",\"image\":{\"@type\":\"ImageObject\",\"inLanguage\":\"fr-FR\",\"@id\":\"https:\/\/vosgesinfo.fr\/saintdieinfo\/#\/schema\/person\/image\/\",\"url\":\"https:\/\/secure.gravatar.com\/avatar\/6673d8bc6a9c17fa9a453eaa3448de834fa308c2ec9635b7aa99441a7c8d2cf6?s=96&d=mm&r=g\",\"contentUrl\":\"https:\/\/secure.gravatar.com\/avatar\/6673d8bc6a9c17fa9a453eaa3448de834fa308c2ec9635b7aa99441a7c8d2cf6?s=96&d=mm&r=g\",\"caption\":\"la r\u00e9daction\"},\"url\":\"https:\/\/vosgesinfo.fr\/saintdieinfo\/author\/redac\/\"}]}<\/script>\n<!-- \/ Yoast SEO plugin. -->","yoast_head_json":{"title":"Vosges \u2013 La pr\u00e9sidente Asia Argento sera bien entour\u00e9e lors du Festival Fantastique - Saint Die Info","robots":{"index":"index","follow":"follow","max-snippet":"max-snippet:-1","max-image-preview":"max-image-preview:large","max-video-preview":"max-video-preview:-1"},"canonical":"https:\/\/vosgesinfo.fr\/saintdieinfo\/2020\/01\/vosges-presidente-asia-argento-sera-bien-entouree-lors-festival-fantastique\/","twitter_card":"summary_large_image","twitter_title":"Vosges \u2013 La pr\u00e9sidente Asia Argento sera bien entour\u00e9e lors du Festival Fantastique - Saint Die Info","twitter_description":"Le compte \u00e0 rebours a commenc\u00e9 avec\u00a0 la pr\u00e9sentation des diff\u00e9rents jury. C\u2019est le pr\u00e9sident du Festival Fantastique, 27\u00e8me du [&hellip;]","twitter_image":"https:\/\/vosgesinfo.fr\/app\/uploads\/sites\/4\/2024\/08\/202001p1130906-670x460-1.jpg","twitter_creator":"@VosgesInfo88","twitter_site":"@VosgesInfo88","twitter_misc":{"\u00c9crit par":"la r\u00e9daction"},"schema":{"@context":"https:\/\/schema.org","@graph":[{"@type":"Article","@id":"https:\/\/vosgesinfo.fr\/saintdieinfo\/2020\/01\/vosges-presidente-asia-argento-sera-bien-entouree-lors-festival-fantastique\/#article","isPartOf":{"@id":"https:\/\/vosgesinfo.fr\/saintdieinfo\/2020\/01\/vosges-presidente-asia-argento-sera-bien-entouree-lors-festival-fantastique\/"},"author":{"name":"la r\u00e9daction","@id":"https:\/\/vosgesinfo.fr\/saintdieinfo\/#\/schema\/person\/faee6704a21f3977511db84bd1cd450f"},"headline":"Vosges \u2013 La pr\u00e9sidente Asia Argento sera bien entour\u00e9e lors du Festival Fantastique","datePublished":"2020-01-16T05:45:23+00:00","dateModified":"2020-01-16T05:45:23+00:00","mainEntityOfPage":{"@id":"https:\/\/vosgesinfo.fr\/saintdieinfo\/2020\/01\/vosges-presidente-asia-argento-sera-bien-entouree-lors-festival-fantastique\/"},"wordCount":113,"commentCount":0,"publisher":{"@id":"https:\/\/vosgesinfo.fr\/saintdieinfo\/#organization"},"image":{"@id":"https:\/\/vosgesinfo.fr\/saintdieinfo\/2020\/01\/vosges-presidente-asia-argento-sera-bien-entouree-lors-festival-fantastique\/#primaryimage"},"thumbnailUrl":"https:\/\/vosgesinfo.fr\/app\/uploads\/sites\/4\/2024\/08\/202001p1130906-670x460-1.jpg","keywords":["27\u00e8me Festival International du Film Fantastique","Festival du film fantastique de G\u00e9rardmer","G\u00e9rardmer"],"articleSection":["A la Une","Loisirs","Vosges"],"inLanguage":"fr-FR","potentialAction":[{"@type":"CommentAction","name":"Comment","target":["https:\/\/vosgesinfo.fr\/saintdieinfo\/2020\/01\/vosges-presidente-asia-argento-sera-bien-entouree-lors-festival-fantastique\/#respond"]}]},{"@type":"WebPage","@id":"https:\/\/vosgesinfo.fr\/saintdieinfo\/2020\/01\/vosges-presidente-asia-argento-sera-bien-entouree-lors-festival-fantastique\/","url":"https:\/\/vosgesinfo.fr\/saintdieinfo\/2020\/01\/vosges-presidente-asia-argento-sera-bien-entouree-lors-festival-fantastique\/","name":"Vosges \u2013 La pr\u00e9sidente Asia Argento sera bien entour\u00e9e lors du Festival Fantastique - Saint Die Info","isPartOf":{"@id":"https:\/\/vosgesinfo.fr\/saintdieinfo\/#website"},"primaryImageOfPage":{"@id":"https:\/\/vosgesinfo.fr\/saintdieinfo\/2020\/01\/vosges-presidente-asia-argento-sera-bien-entouree-lors-festival-fantastique\/#primaryimage"},"image":{"@id":"https:\/\/vosgesinfo.fr\/saintdieinfo\/2020\/01\/vosges-presidente-asia-argento-sera-bien-entouree-lors-festival-fantastique\/#primaryimage"},"thumbnailUrl":"https:\/\/vosgesinfo.fr\/app\/uploads\/sites\/4\/2024\/08\/202001p1130906-670x460-1.jpg","datePublished":"2020-01-16T05:45:23+00:00","dateModified":"2020-01-16T05:45:23+00:00","breadcrumb":{"@id":"https:\/\/vosgesinfo.fr\/saintdieinfo\/2020\/01\/vosges-presidente-asia-argento-sera-bien-entouree-lors-festival-fantastique\/#breadcrumb"},"inLanguage":"fr-FR","potentialAction":[{"@type":"ReadAction","target":["https:\/\/vosgesinfo.fr\/saintdieinfo\/2020\/01\/vosges-presidente-asia-argento-sera-bien-entouree-lors-festival-fantastique\/"]}]},{"@type":"ImageObject","inLanguage":"fr-FR","@id":"https:\/\/vosgesinfo.fr\/saintdieinfo\/2020\/01\/vosges-presidente-asia-argento-sera-bien-entouree-lors-festival-fantastique\/#primaryimage","url":"https:\/\/vosgesinfo.fr\/app\/uploads\/sites\/4\/2024\/08\/202001p1130906-670x460-1.jpg","contentUrl":"https:\/\/vosgesinfo.fr\/app\/uploads\/sites\/4\/2024\/08\/202001p1130906-670x460-1.jpg","width":670,"height":460},{"@type":"BreadcrumbList","@id":"https:\/\/vosgesinfo.fr\/saintdieinfo\/2020\/01\/vosges-presidente-asia-argento-sera-bien-entouree-lors-festival-fantastique\/#breadcrumb","itemListElement":[{"@type":"ListItem","position":1,"name":"Home","item":"https:\/\/vosgesinfo.fr\/saintdieinfo\/"},{"@type":"ListItem","position":2,"name":"Vosges \u2013 La pr\u00e9sidente Asia Argento sera bien entour\u00e9e lors du Festival Fantastique"}]},{"@type":"WebSite","@id":"https:\/\/vosgesinfo.fr\/saintdieinfo\/#website","url":"https:\/\/vosgesinfo.fr\/saintdieinfo\/","name":"Saint Die Info","description":"Toute l&#039;actualit\u00e9 de Saint-Di\u00e9-Des-Vosges","publisher":{"@id":"https:\/\/vosgesinfo.fr\/saintdieinfo\/#organization"},"alternateName":"Toute l'actualit\u00e9 de Saint-Di\u00e9-Des-Vosges","potentialAction":[{"@type":"SearchAction","target":{"@type":"EntryPoint","urlTemplate":"https:\/\/vosgesinfo.fr\/saintdieinfo\/?s={search_term_string}"},"query-input":"required name=search_term_string"}],"inLanguage":"fr-FR"},{"@type":"Organization","@id":"https:\/\/vosgesinfo.fr\/saintdieinfo\/#organization","name":"Saint Die Info","url":"https:\/\/vosgesinfo.fr\/saintdieinfo\/","logo":{"@type":"ImageObject","inLanguage":"fr-FR","@id":"https:\/\/vosgesinfo.fr\/saintdieinfo\/#\/schema\/logo\/image\/","url":"https:\/\/vosgesinfo.fr\/app\/uploads\/sites\/4\/2024\/02\/logo-sdi.jpg","contentUrl":"https:\/\/vosgesinfo.fr\/app\/uploads\/sites\/4\/2024\/02\/logo-sdi.jpg","width":600,"height":600,"caption":"Saint Die Info"},"image":{"@id":"https:\/\/vosgesinfo.fr\/saintdieinfo\/#\/schema\/logo\/image\/"},"sameAs":["https:\/\/www.facebook.com\/Saintdieinfofr","https:\/\/x.com\/VosgesInfo88","https:\/\/www.youtube.com\/@vosgesinfo"]},{"@type":"Person","@id":"https:\/\/vosgesinfo.fr\/saintdieinfo\/#\/schema\/person\/faee6704a21f3977511db84bd1cd450f","name":"la r\u00e9daction","image":{"@type":"ImageObject","inLanguage":"fr-FR","@id":"https:\/\/vosgesinfo.fr\/saintdieinfo\/#\/schema\/person\/image\/","url":"https:\/\/secure.gravatar.com\/avatar\/6673d8bc6a9c17fa9a453eaa3448de834fa308c2ec9635b7aa99441a7c8d2cf6?s=96&d=mm&r=g","contentUrl":"https:\/\/secure.gravatar.com\/avatar\/6673d8bc6a9c17fa9a453eaa3448de834fa308c2ec9635b7aa99441a7c8d2cf6?s=96&d=mm&r=g","caption":"la r\u00e9daction"},"url":"https:\/\/vosgesinfo.fr\/saintdieinfo\/author\/redac\/"}]}},"_links":{"self":[{"href":"https:\/\/vosgesinfo.fr\/saintdieinfo\/wp-json\/wp\/v2\/posts\/38630","targetHints":{"allow":["GET"]}}],"collection":[{"href":"https:\/\/vosgesinfo.fr\/saintdieinfo\/wp-json\/wp\/v2\/posts"}],"about":[{"href":"https:\/\/vosgesinfo.fr\/saintdieinfo\/wp-json\/wp\/v2\/types\/post"}],"author":[{"embeddable":true,"href":"https:\/\/vosgesinfo.fr\/saintdieinfo\/wp-json\/wp\/v2\/users\/44"}],"replies":[{"embeddable":true,"href":"https:\/\/vosgesinfo.fr\/saintdieinfo\/wp-json\/wp\/v2\/comments?post=38630"}],"version-history":[{"count":0,"href":"https:\/\/vosgesinfo.fr\/saintdieinfo\/wp-json\/wp\/v2\/posts\/38630\/revisions"}],"wp:featuredmedia":[{"embeddable":true,"href":"https:\/\/vosgesinfo.fr\/saintdieinfo\/wp-json\/wp\/v2\/media\/38631"}],"wp:attachment":[{"href":"https:\/\/vosgesinfo.fr\/saintdieinfo\/wp-json\/wp\/v2\/media?parent=38630"}],"wp:term":[{"taxonomy":"category","embeddable":true,"href":"https:\/\/vosgesinfo.fr\/saintdieinfo\/wp-json\/wp\/v2\/categories?post=38630"},{"taxonomy":"post_tag","embeddable":true,"href":"https:\/\/vosgesinfo.fr\/saintdieinfo\/wp-json\/wp\/v2\/tags?post=38630"}],"curies":[{"name":"wp","href":"https:\/\/api.w.org\/{rel}","templated":true}]}}