{"id":38813,"date":"2020-01-23T11:35:02","date_gmt":"2020-01-23T10:35:02","guid":{"rendered":"https:\/\/vosgesinfo.fr\/saintdieinfo\/2020\/01\/accident-de-motoneige-quebec-trois-vosgiens-parmi-cinq-francais-disparus\/"},"modified":"2020-01-23T11:35:02","modified_gmt":"2020-01-23T10:35:02","slug":"accident-de-motoneige-quebec-trois-vosgiens-parmi-cinq-francais-disparus","status":"publish","type":"post","link":"https:\/\/vosgesinfo.fr\/saintdieinfo\/2020\/01\/accident-de-motoneige-quebec-trois-vosgiens-parmi-cinq-francais-disparus\/","title":{"rendered":"Accident de motoneige au Qu\u00e9bec : trois Vosgiens parmi les cinq fran\u00e7ais disparus"},"content":{"rendered":"<div id=\"attachment_155229\" style=\"width: 970px\" class=\"wp-caption aligncenter\"><a href=\"\/2020\/01\/snowmobiles-535686_1280.jpg\" target=\"_blank\" rel=\"noopener\"><img decoding=\"async\" aria-describedby=\"caption-attachment-155229\" class=\"wp-image-155229 size-large\" src=\"\/2020\/01\/snowmobiles-535686_1280-1024x690.jpg\" alt=\"snowmobiles-535686_1280\" width=\"960\" height=\"647\" \/><\/a><p id=\"caption-attachment-155229\" class=\"wp-caption-text\">(Photographie d&rsquo;illustration)<\/p><\/div>\n<h2><span style=\"font-size: 14pt;\"><strong>Mardi en fin d\u2019apr\u00e8s midi, un accident de motoneige s\u2019est produit au Qu\u00e9bec lors d\u2019une excursion sur les rives du lac Saint-Jean. Cinq fran\u00e7ais, parmi lesquels trois vosgiens, de 24, 25 et 58 ans, sont disparus et activement recherch\u00e9s.<\/strong><\/span><\/h2>\n<p><!--more--><\/p>\n<p>L\u2019accident s\u2019est produit vers 19h30. On compte un mort, cinq disparus et trois survivants en s\u00e9curit\u00e9. Au Lac-Saint-Jean, les plongeurs de la S\u00fbret\u00e9 du Qu\u00e9bec tentent de retrouver les personnes port\u00e9e disparues, parmi lesquelles trois Vosgiens.\u00a0Les policiers effectuent des recherches dans le secteur de l\u2019\u00eele Beemer. Des motoneiges ont \u00e9t\u00e9 retrouv\u00e9es au fond du lac.\u00a0<span class=\"s1\">Parmi les vosgiens disparus, deux sont li\u00e9s au Moto Club La Bressaude. <\/span><\/p>\n<p>Lire la suite de l&rsquo;article : <a href=\"https:\/\/remiremontinfo.fr\/2020\/01\/accident-de-motoneige-quebec-trois-vosgiens-parmi-cinq-francais-disparus\/\" target=\"_blank\" rel=\"noopener\">https:\/\/remiremontinfo.fr\/2020\/01\/accident-de-motoneige-quebec-trois-vosgiens-parmi-cinq-francais-disparus\/<\/a><\/p>\n","protected":false},"excerpt":{"rendered":"<p>Mardi en fin d\u2019apr\u00e8s midi, un accident de motoneige s\u2019est produit au Qu\u00e9bec lors d\u2019une excursion sur les rives du [&hellip;]<\/p>\n","protected":false},"author":44,"featured_media":38814,"comment_status":"open","ping_status":"open","sticky":false,"template":"","format":"standard","meta":{"footnotes":""},"categories":[460,2924,18],"tags":[7719,7720,7721],"class_list":["post-38813","post","type-post","status-publish","format-standard","has-post-thumbnail","hentry","category-a-la-une","category-fait-divers","category-vosges","tag-accident-de-motoneige","tag-accident-de-motoneige-au-quebec","tag-quebec"],"acf":[],"yoast_head":"<!-- This site is optimized with the Yoast SEO plugin v22.5 - https:\/\/yoast.com\/wordpress\/plugins\/seo\/ -->\n<title>Accident de motoneige au Qu\u00e9bec : trois Vosgiens parmi les cinq fran\u00e7ais disparus - Saint Die Info<\/title>\n<meta name=\"robots\" content=\"index, follow, max-snippet:-1, max-image-preview:large, max-video-preview:-1\" \/>\n<link rel=\"canonical\" href=\"https:\/\/vosgesinfo.fr\/saintdieinfo\/2020\/01\/accident-de-motoneige-quebec-trois-vosgiens-parmi-cinq-francais-disparus\/\" \/>\n<meta name=\"twitter:card\" content=\"summary_large_image\" \/>\n<meta name=\"twitter:title\" content=\"Accident de motoneige au Qu\u00e9bec : trois Vosgiens parmi les cinq fran\u00e7ais disparus - Saint Die Info\" \/>\n<meta name=\"twitter:description\" content=\"Mardi en fin d\u2019apr\u00e8s midi, un accident de motoneige s\u2019est produit au Qu\u00e9bec lors d\u2019une excursion sur les rives du [&hellip;]\" \/>\n<meta name=\"twitter:image\" content=\"https:\/\/vosgesinfo.fr\/app\/uploads\/sites\/4\/2024\/08\/202001snowmobiles-535686-1280.jpg\" \/>\n<meta name=\"twitter:creator\" content=\"@VosgesInfo88\" \/>\n<meta name=\"twitter:site\" content=\"@VosgesInfo88\" \/>\n<meta name=\"twitter:label1\" content=\"\u00c9crit par\" \/>\n\t<meta name=\"twitter:data1\" content=\"la r\u00e9daction\" \/>\n\t<meta name=\"twitter:label2\" content=\"Dur\u00e9e de lecture estim\u00e9e\" \/>\n\t<meta name=\"twitter:data2\" content=\"1 minute\" \/>\n<script type=\"application\/ld+json\" class=\"yoast-schema-graph\">{\"@context\":\"https:\/\/schema.org\",\"@graph\":[{\"@type\":\"Article\",\"@id\":\"https:\/\/vosgesinfo.fr\/saintdieinfo\/2020\/01\/accident-de-motoneige-quebec-trois-vosgiens-parmi-cinq-francais-disparus\/#article\",\"isPartOf\":{\"@id\":\"https:\/\/vosgesinfo.fr\/saintdieinfo\/2020\/01\/accident-de-motoneige-quebec-trois-vosgiens-parmi-cinq-francais-disparus\/\"},\"author\":{\"name\":\"la r\u00e9daction\",\"@id\":\"https:\/\/vosgesinfo.fr\/saintdieinfo\/#\/schema\/person\/faee6704a21f3977511db84bd1cd450f\"},\"headline\":\"Accident de motoneige au Qu\u00e9bec : trois Vosgiens parmi les cinq fran\u00e7ais disparus\",\"datePublished\":\"2020-01-23T10:35:02+00:00\",\"dateModified\":\"2020-01-23T10:35:02+00:00\",\"mainEntityOfPage\":{\"@id\":\"https:\/\/vosgesinfo.fr\/saintdieinfo\/2020\/01\/accident-de-motoneige-quebec-trois-vosgiens-parmi-cinq-francais-disparus\/\"},\"wordCount\":154,\"commentCount\":0,\"publisher\":{\"@id\":\"https:\/\/vosgesinfo.fr\/saintdieinfo\/#organization\"},\"image\":{\"@id\":\"https:\/\/vosgesinfo.fr\/saintdieinfo\/2020\/01\/accident-de-motoneige-quebec-trois-vosgiens-parmi-cinq-francais-disparus\/#primaryimage\"},\"thumbnailUrl\":\"https:\/\/vosgesinfo.fr\/app\/uploads\/sites\/4\/2024\/08\/202001snowmobiles-535686-1280.jpg\",\"keywords\":[\"Accident de motoneige\",\"Accident de motoneige au Qu\u00e9bec\",\"Qu\u00e9bec\"],\"articleSection\":[\"A la Une\",\"Fait Divers\",\"Vosges\"],\"inLanguage\":\"fr-FR\",\"potentialAction\":[{\"@type\":\"CommentAction\",\"name\":\"Comment\",\"target\":[\"https:\/\/vosgesinfo.fr\/saintdieinfo\/2020\/01\/accident-de-motoneige-quebec-trois-vosgiens-parmi-cinq-francais-disparus\/#respond\"]}]},{\"@type\":\"WebPage\",\"@id\":\"https:\/\/vosgesinfo.fr\/saintdieinfo\/2020\/01\/accident-de-motoneige-quebec-trois-vosgiens-parmi-cinq-francais-disparus\/\",\"url\":\"https:\/\/vosgesinfo.fr\/saintdieinfo\/2020\/01\/accident-de-motoneige-quebec-trois-vosgiens-parmi-cinq-francais-disparus\/\",\"name\":\"Accident de motoneige au Qu\u00e9bec : trois Vosgiens parmi les cinq fran\u00e7ais disparus - Saint Die Info\",\"isPartOf\":{\"@id\":\"https:\/\/vosgesinfo.fr\/saintdieinfo\/#website\"},\"primaryImageOfPage\":{\"@id\":\"https:\/\/vosgesinfo.fr\/saintdieinfo\/2020\/01\/accident-de-motoneige-quebec-trois-vosgiens-parmi-cinq-francais-disparus\/#primaryimage\"},\"image\":{\"@id\":\"https:\/\/vosgesinfo.fr\/saintdieinfo\/2020\/01\/accident-de-motoneige-quebec-trois-vosgiens-parmi-cinq-francais-disparus\/#primaryimage\"},\"thumbnailUrl\":\"https:\/\/vosgesinfo.fr\/app\/uploads\/sites\/4\/2024\/08\/202001snowmobiles-535686-1280.jpg\",\"datePublished\":\"2020-01-23T10:35:02+00:00\",\"dateModified\":\"2020-01-23T10:35:02+00:00\",\"breadcrumb\":{\"@id\":\"https:\/\/vosgesinfo.fr\/saintdieinfo\/2020\/01\/accident-de-motoneige-quebec-trois-vosgiens-parmi-cinq-francais-disparus\/#breadcrumb\"},\"inLanguage\":\"fr-FR\",\"potentialAction\":[{\"@type\":\"ReadAction\",\"target\":[\"https:\/\/vosgesinfo.fr\/saintdieinfo\/2020\/01\/accident-de-motoneige-quebec-trois-vosgiens-parmi-cinq-francais-disparus\/\"]}]},{\"@type\":\"ImageObject\",\"inLanguage\":\"fr-FR\",\"@id\":\"https:\/\/vosgesinfo.fr\/saintdieinfo\/2020\/01\/accident-de-motoneige-quebec-trois-vosgiens-parmi-cinq-francais-disparus\/#primaryimage\",\"url\":\"https:\/\/vosgesinfo.fr\/app\/uploads\/sites\/4\/2024\/08\/202001snowmobiles-535686-1280.jpg\",\"contentUrl\":\"https:\/\/vosgesinfo.fr\/app\/uploads\/sites\/4\/2024\/08\/202001snowmobiles-535686-1280.jpg\",\"width\":1280,\"height\":862},{\"@type\":\"BreadcrumbList\",\"@id\":\"https:\/\/vosgesinfo.fr\/saintdieinfo\/2020\/01\/accident-de-motoneige-quebec-trois-vosgiens-parmi-cinq-francais-disparus\/#breadcrumb\",\"itemListElement\":[{\"@type\":\"ListItem\",\"position\":1,\"name\":\"Home\",\"item\":\"https:\/\/vosgesinfo.fr\/saintdieinfo\/\"},{\"@type\":\"ListItem\",\"position\":2,\"name\":\"Accident de motoneige au Qu\u00e9bec : trois Vosgiens parmi les cinq fran\u00e7ais disparus\"}]},{\"@type\":\"WebSite\",\"@id\":\"https:\/\/vosgesinfo.fr\/saintdieinfo\/#website\",\"url\":\"https:\/\/vosgesinfo.fr\/saintdieinfo\/\",\"name\":\"Saint Die Info\",\"description\":\"Toute l&#039;actualit\u00e9 de Saint-Di\u00e9-Des-Vosges\",\"publisher\":{\"@id\":\"https:\/\/vosgesinfo.fr\/saintdieinfo\/#organization\"},\"alternateName\":\"Toute l'actualit\u00e9 de Saint-Di\u00e9-Des-Vosges\",\"potentialAction\":[{\"@type\":\"SearchAction\",\"target\":{\"@type\":\"EntryPoint\",\"urlTemplate\":\"https:\/\/vosgesinfo.fr\/saintdieinfo\/?s={search_term_string}\"},\"query-input\":\"required name=search_term_string\"}],\"inLanguage\":\"fr-FR\"},{\"@type\":\"Organization\",\"@id\":\"https:\/\/vosgesinfo.fr\/saintdieinfo\/#organization\",\"name\":\"Saint Die Info\",\"url\":\"https:\/\/vosgesinfo.fr\/saintdieinfo\/\",\"logo\":{\"@type\":\"ImageObject\",\"inLanguage\":\"fr-FR\",\"@id\":\"https:\/\/vosgesinfo.fr\/saintdieinfo\/#\/schema\/logo\/image\/\",\"url\":\"https:\/\/vosgesinfo.fr\/app\/uploads\/sites\/4\/2024\/02\/logo-sdi.jpg\",\"contentUrl\":\"https:\/\/vosgesinfo.fr\/app\/uploads\/sites\/4\/2024\/02\/logo-sdi.jpg\",\"width\":600,\"height\":600,\"caption\":\"Saint Die Info\"},\"image\":{\"@id\":\"https:\/\/vosgesinfo.fr\/saintdieinfo\/#\/schema\/logo\/image\/\"},\"sameAs\":[\"https:\/\/www.facebook.com\/Saintdieinfofr\",\"https:\/\/x.com\/VosgesInfo88\",\"https:\/\/www.youtube.com\/@vosgesinfo\"]},{\"@type\":\"Person\",\"@id\":\"https:\/\/vosgesinfo.fr\/saintdieinfo\/#\/schema\/person\/faee6704a21f3977511db84bd1cd450f\",\"name\":\"la r\u00e9daction\",\"image\":{\"@type\":\"ImageObject\",\"inLanguage\":\"fr-FR\",\"@id\":\"https:\/\/vosgesinfo.fr\/saintdieinfo\/#\/schema\/person\/image\/\",\"url\":\"https:\/\/secure.gravatar.com\/avatar\/6673d8bc6a9c17fa9a453eaa3448de834fa308c2ec9635b7aa99441a7c8d2cf6?s=96&d=mm&r=g\",\"contentUrl\":\"https:\/\/secure.gravatar.com\/avatar\/6673d8bc6a9c17fa9a453eaa3448de834fa308c2ec9635b7aa99441a7c8d2cf6?s=96&d=mm&r=g\",\"caption\":\"la r\u00e9daction\"},\"url\":\"https:\/\/vosgesinfo.fr\/saintdieinfo\/author\/redac\/\"}]}<\/script>\n<!-- \/ Yoast SEO plugin. -->","yoast_head_json":{"title":"Accident de motoneige au Qu\u00e9bec : trois Vosgiens parmi les cinq fran\u00e7ais disparus - Saint Die Info","robots":{"index":"index","follow":"follow","max-snippet":"max-snippet:-1","max-image-preview":"max-image-preview:large","max-video-preview":"max-video-preview:-1"},"canonical":"https:\/\/vosgesinfo.fr\/saintdieinfo\/2020\/01\/accident-de-motoneige-quebec-trois-vosgiens-parmi-cinq-francais-disparus\/","twitter_card":"summary_large_image","twitter_title":"Accident de motoneige au Qu\u00e9bec : trois Vosgiens parmi les cinq fran\u00e7ais disparus - Saint Die Info","twitter_description":"Mardi en fin d\u2019apr\u00e8s midi, un accident de motoneige s\u2019est produit au Qu\u00e9bec lors d\u2019une excursion sur les rives du [&hellip;]","twitter_image":"https:\/\/vosgesinfo.fr\/app\/uploads\/sites\/4\/2024\/08\/202001snowmobiles-535686-1280.jpg","twitter_creator":"@VosgesInfo88","twitter_site":"@VosgesInfo88","twitter_misc":{"\u00c9crit par":"la r\u00e9daction","Dur\u00e9e de lecture estim\u00e9e":"1 minute"},"schema":{"@context":"https:\/\/schema.org","@graph":[{"@type":"Article","@id":"https:\/\/vosgesinfo.fr\/saintdieinfo\/2020\/01\/accident-de-motoneige-quebec-trois-vosgiens-parmi-cinq-francais-disparus\/#article","isPartOf":{"@id":"https:\/\/vosgesinfo.fr\/saintdieinfo\/2020\/01\/accident-de-motoneige-quebec-trois-vosgiens-parmi-cinq-francais-disparus\/"},"author":{"name":"la r\u00e9daction","@id":"https:\/\/vosgesinfo.fr\/saintdieinfo\/#\/schema\/person\/faee6704a21f3977511db84bd1cd450f"},"headline":"Accident de motoneige au Qu\u00e9bec : trois Vosgiens parmi les cinq fran\u00e7ais disparus","datePublished":"2020-01-23T10:35:02+00:00","dateModified":"2020-01-23T10:35:02+00:00","mainEntityOfPage":{"@id":"https:\/\/vosgesinfo.fr\/saintdieinfo\/2020\/01\/accident-de-motoneige-quebec-trois-vosgiens-parmi-cinq-francais-disparus\/"},"wordCount":154,"commentCount":0,"publisher":{"@id":"https:\/\/vosgesinfo.fr\/saintdieinfo\/#organization"},"image":{"@id":"https:\/\/vosgesinfo.fr\/saintdieinfo\/2020\/01\/accident-de-motoneige-quebec-trois-vosgiens-parmi-cinq-francais-disparus\/#primaryimage"},"thumbnailUrl":"https:\/\/vosgesinfo.fr\/app\/uploads\/sites\/4\/2024\/08\/202001snowmobiles-535686-1280.jpg","keywords":["Accident de motoneige","Accident de motoneige au Qu\u00e9bec","Qu\u00e9bec"],"articleSection":["A la Une","Fait Divers","Vosges"],"inLanguage":"fr-FR","potentialAction":[{"@type":"CommentAction","name":"Comment","target":["https:\/\/vosgesinfo.fr\/saintdieinfo\/2020\/01\/accident-de-motoneige-quebec-trois-vosgiens-parmi-cinq-francais-disparus\/#respond"]}]},{"@type":"WebPage","@id":"https:\/\/vosgesinfo.fr\/saintdieinfo\/2020\/01\/accident-de-motoneige-quebec-trois-vosgiens-parmi-cinq-francais-disparus\/","url":"https:\/\/vosgesinfo.fr\/saintdieinfo\/2020\/01\/accident-de-motoneige-quebec-trois-vosgiens-parmi-cinq-francais-disparus\/","name":"Accident de motoneige au Qu\u00e9bec : trois Vosgiens parmi les cinq fran\u00e7ais disparus - Saint Die Info","isPartOf":{"@id":"https:\/\/vosgesinfo.fr\/saintdieinfo\/#website"},"primaryImageOfPage":{"@id":"https:\/\/vosgesinfo.fr\/saintdieinfo\/2020\/01\/accident-de-motoneige-quebec-trois-vosgiens-parmi-cinq-francais-disparus\/#primaryimage"},"image":{"@id":"https:\/\/vosgesinfo.fr\/saintdieinfo\/2020\/01\/accident-de-motoneige-quebec-trois-vosgiens-parmi-cinq-francais-disparus\/#primaryimage"},"thumbnailUrl":"https:\/\/vosgesinfo.fr\/app\/uploads\/sites\/4\/2024\/08\/202001snowmobiles-535686-1280.jpg","datePublished":"2020-01-23T10:35:02+00:00","dateModified":"2020-01-23T10:35:02+00:00","breadcrumb":{"@id":"https:\/\/vosgesinfo.fr\/saintdieinfo\/2020\/01\/accident-de-motoneige-quebec-trois-vosgiens-parmi-cinq-francais-disparus\/#breadcrumb"},"inLanguage":"fr-FR","potentialAction":[{"@type":"ReadAction","target":["https:\/\/vosgesinfo.fr\/saintdieinfo\/2020\/01\/accident-de-motoneige-quebec-trois-vosgiens-parmi-cinq-francais-disparus\/"]}]},{"@type":"ImageObject","inLanguage":"fr-FR","@id":"https:\/\/vosgesinfo.fr\/saintdieinfo\/2020\/01\/accident-de-motoneige-quebec-trois-vosgiens-parmi-cinq-francais-disparus\/#primaryimage","url":"https:\/\/vosgesinfo.fr\/app\/uploads\/sites\/4\/2024\/08\/202001snowmobiles-535686-1280.jpg","contentUrl":"https:\/\/vosgesinfo.fr\/app\/uploads\/sites\/4\/2024\/08\/202001snowmobiles-535686-1280.jpg","width":1280,"height":862},{"@type":"BreadcrumbList","@id":"https:\/\/vosgesinfo.fr\/saintdieinfo\/2020\/01\/accident-de-motoneige-quebec-trois-vosgiens-parmi-cinq-francais-disparus\/#breadcrumb","itemListElement":[{"@type":"ListItem","position":1,"name":"Home","item":"https:\/\/vosgesinfo.fr\/saintdieinfo\/"},{"@type":"ListItem","position":2,"name":"Accident de motoneige au Qu\u00e9bec : trois Vosgiens parmi les cinq fran\u00e7ais disparus"}]},{"@type":"WebSite","@id":"https:\/\/vosgesinfo.fr\/saintdieinfo\/#website","url":"https:\/\/vosgesinfo.fr\/saintdieinfo\/","name":"Saint Die Info","description":"Toute l&#039;actualit\u00e9 de Saint-Di\u00e9-Des-Vosges","publisher":{"@id":"https:\/\/vosgesinfo.fr\/saintdieinfo\/#organization"},"alternateName":"Toute l'actualit\u00e9 de Saint-Di\u00e9-Des-Vosges","potentialAction":[{"@type":"SearchAction","target":{"@type":"EntryPoint","urlTemplate":"https:\/\/vosgesinfo.fr\/saintdieinfo\/?s={search_term_string}"},"query-input":"required name=search_term_string"}],"inLanguage":"fr-FR"},{"@type":"Organization","@id":"https:\/\/vosgesinfo.fr\/saintdieinfo\/#organization","name":"Saint Die Info","url":"https:\/\/vosgesinfo.fr\/saintdieinfo\/","logo":{"@type":"ImageObject","inLanguage":"fr-FR","@id":"https:\/\/vosgesinfo.fr\/saintdieinfo\/#\/schema\/logo\/image\/","url":"https:\/\/vosgesinfo.fr\/app\/uploads\/sites\/4\/2024\/02\/logo-sdi.jpg","contentUrl":"https:\/\/vosgesinfo.fr\/app\/uploads\/sites\/4\/2024\/02\/logo-sdi.jpg","width":600,"height":600,"caption":"Saint Die Info"},"image":{"@id":"https:\/\/vosgesinfo.fr\/saintdieinfo\/#\/schema\/logo\/image\/"},"sameAs":["https:\/\/www.facebook.com\/Saintdieinfofr","https:\/\/x.com\/VosgesInfo88","https:\/\/www.youtube.com\/@vosgesinfo"]},{"@type":"Person","@id":"https:\/\/vosgesinfo.fr\/saintdieinfo\/#\/schema\/person\/faee6704a21f3977511db84bd1cd450f","name":"la r\u00e9daction","image":{"@type":"ImageObject","inLanguage":"fr-FR","@id":"https:\/\/vosgesinfo.fr\/saintdieinfo\/#\/schema\/person\/image\/","url":"https:\/\/secure.gravatar.com\/avatar\/6673d8bc6a9c17fa9a453eaa3448de834fa308c2ec9635b7aa99441a7c8d2cf6?s=96&d=mm&r=g","contentUrl":"https:\/\/secure.gravatar.com\/avatar\/6673d8bc6a9c17fa9a453eaa3448de834fa308c2ec9635b7aa99441a7c8d2cf6?s=96&d=mm&r=g","caption":"la r\u00e9daction"},"url":"https:\/\/vosgesinfo.fr\/saintdieinfo\/author\/redac\/"}]}},"_links":{"self":[{"href":"https:\/\/vosgesinfo.fr\/saintdieinfo\/wp-json\/wp\/v2\/posts\/38813","targetHints":{"allow":["GET"]}}],"collection":[{"href":"https:\/\/vosgesinfo.fr\/saintdieinfo\/wp-json\/wp\/v2\/posts"}],"about":[{"href":"https:\/\/vosgesinfo.fr\/saintdieinfo\/wp-json\/wp\/v2\/types\/post"}],"author":[{"embeddable":true,"href":"https:\/\/vosgesinfo.fr\/saintdieinfo\/wp-json\/wp\/v2\/users\/44"}],"replies":[{"embeddable":true,"href":"https:\/\/vosgesinfo.fr\/saintdieinfo\/wp-json\/wp\/v2\/comments?post=38813"}],"version-history":[{"count":0,"href":"https:\/\/vosgesinfo.fr\/saintdieinfo\/wp-json\/wp\/v2\/posts\/38813\/revisions"}],"wp:featuredmedia":[{"embeddable":true,"href":"https:\/\/vosgesinfo.fr\/saintdieinfo\/wp-json\/wp\/v2\/media\/38814"}],"wp:attachment":[{"href":"https:\/\/vosgesinfo.fr\/saintdieinfo\/wp-json\/wp\/v2\/media?parent=38813"}],"wp:term":[{"taxonomy":"category","embeddable":true,"href":"https:\/\/vosgesinfo.fr\/saintdieinfo\/wp-json\/wp\/v2\/categories?post=38813"},{"taxonomy":"post_tag","embeddable":true,"href":"https:\/\/vosgesinfo.fr\/saintdieinfo\/wp-json\/wp\/v2\/tags?post=38813"}],"curies":[{"name":"wp","href":"https:\/\/api.w.org\/{rel}","templated":true}]}}