{"id":38909,"date":"2020-01-27T12:00:45","date_gmt":"2020-01-27T11:00:45","guid":{"rendered":"https:\/\/vosgesinfo.fr\/saintdieinfo\/2020\/01\/elections-municipales-david-valence-presentera-liste-demain-mardi\/"},"modified":"2020-01-27T12:00:45","modified_gmt":"2020-01-27T11:00:45","slug":"elections-municipales-david-valence-presentera-liste-demain-mardi","status":"publish","type":"post","link":"https:\/\/vosgesinfo.fr\/saintdieinfo\/2020\/01\/elections-municipales-david-valence-presentera-liste-demain-mardi\/","title":{"rendered":"Elections municipales : David Valence pr\u00e9sentera sa liste demain mardi"},"content":{"rendered":"<h2><strong><span style=\"font-family: Calibri, sans-serif;\"><span style=\"font-size: large;\">A maintenant un mois et demi du premier tour des prochaines \u00e9lections municipales, qui se tiendra dimanche 15 mars, la liste \u00ab\u00a0Plus forts pour Saint-Di\u00e9\u00a0\u00bb conduite par le maire David Valence sera pr\u00e9sent\u00e9e publiquement \u00e0 l&rsquo;Espace Fran\u00e7ois-Mitterrand demain mardi \u00e0 20h. Une liste qui compte 19 nouveaux candidats sur 33 et 50% de nouveaux candidats en positions \u00e9ligibles, et qui est pour le moment la seule liste officiellement d\u00e9clar\u00e9e \u00e0 Saint-Di\u00e9-des-Vosges.<br \/>\n<\/span><\/span><\/strong><\/h2>\n<p><!--more--><\/p>\n<div id=\"attachment_155349\" style=\"width: 730px\" class=\"wp-caption aligncenter\"><a href=\"\/2020\/01\/DV_Elections_Municipales_2020.jpg\" target=\"_blank\" rel=\"noopener\"><img decoding=\"async\" aria-describedby=\"caption-attachment-155349\" class=\"wp-image-155349 size-full\" src=\"\/2020\/01\/DV_Elections_Municipales_2020.jpg\" alt=\"DV_Elections_Municipales_2020\" width=\"720\" height=\"1009\" \/><\/a><p id=\"caption-attachment-155349\" class=\"wp-caption-text\">L&rsquo;affiche de campagne de la liste \u00ab\u00a0Plus forts pour Saint-Di\u00e9\u00a0\u00bb.<\/p><\/div>\n","protected":false},"excerpt":{"rendered":"<p>A maintenant un mois et demi du premier tour des prochaines \u00e9lections municipales, qui se tiendra dimanche 15 mars, la [&hellip;]<\/p>\n","protected":false},"author":44,"featured_media":38910,"comment_status":"open","ping_status":"open","sticky":false,"template":"","format":"standard","meta":{"footnotes":""},"categories":[460,10,2915],"tags":[3337,7579,3089,7580],"class_list":["post-38909","post","type-post","status-publish","format-standard","has-post-thumbnail","hentry","category-a-la-une","category-politique","category-saint-die-son-canton","tag-david-valence","tag-elections-municipales-2020","tag-espace-francois-mitterrand","tag-plus-forts-pour-saint-die"],"acf":[],"yoast_head":"<!-- This site is optimized with the Yoast SEO plugin v22.5 - https:\/\/yoast.com\/wordpress\/plugins\/seo\/ -->\n<title>Elections municipales : David Valence pr\u00e9sentera sa liste demain mardi - Saint Die Info<\/title>\n<meta name=\"robots\" content=\"index, follow, max-snippet:-1, max-image-preview:large, max-video-preview:-1\" \/>\n<link rel=\"canonical\" href=\"https:\/\/vosgesinfo.fr\/saintdieinfo\/2020\/01\/elections-municipales-david-valence-presentera-liste-demain-mardi\/\" \/>\n<meta name=\"twitter:card\" content=\"summary_large_image\" \/>\n<meta name=\"twitter:title\" content=\"Elections municipales : David Valence pr\u00e9sentera sa liste demain mardi - Saint Die Info\" \/>\n<meta name=\"twitter:description\" content=\"A maintenant un mois et demi du premier tour des prochaines \u00e9lections municipales, qui se tiendra dimanche 15 mars, la [&hellip;]\" \/>\n<meta name=\"twitter:image\" content=\"https:\/\/vosgesinfo.fr\/app\/uploads\/sites\/4\/2024\/08\/202001dv-elections-municipales-2020-01.jpg\" \/>\n<meta name=\"twitter:creator\" content=\"@VosgesInfo88\" \/>\n<meta name=\"twitter:site\" content=\"@VosgesInfo88\" \/>\n<meta name=\"twitter:label1\" content=\"\u00c9crit par\" \/>\n\t<meta name=\"twitter:data1\" content=\"la r\u00e9daction\" \/>\n<script type=\"application\/ld+json\" class=\"yoast-schema-graph\">{\"@context\":\"https:\/\/schema.org\",\"@graph\":[{\"@type\":\"Article\",\"@id\":\"https:\/\/vosgesinfo.fr\/saintdieinfo\/2020\/01\/elections-municipales-david-valence-presentera-liste-demain-mardi\/#article\",\"isPartOf\":{\"@id\":\"https:\/\/vosgesinfo.fr\/saintdieinfo\/2020\/01\/elections-municipales-david-valence-presentera-liste-demain-mardi\/\"},\"author\":{\"name\":\"la r\u00e9daction\",\"@id\":\"https:\/\/vosgesinfo.fr\/saintdieinfo\/#\/schema\/person\/faee6704a21f3977511db84bd1cd450f\"},\"headline\":\"Elections municipales : David Valence pr\u00e9sentera sa liste demain mardi\",\"datePublished\":\"2020-01-27T11:00:45+00:00\",\"dateModified\":\"2020-01-27T11:00:45+00:00\",\"mainEntityOfPage\":{\"@id\":\"https:\/\/vosgesinfo.fr\/saintdieinfo\/2020\/01\/elections-municipales-david-valence-presentera-liste-demain-mardi\/\"},\"wordCount\":99,\"commentCount\":0,\"publisher\":{\"@id\":\"https:\/\/vosgesinfo.fr\/saintdieinfo\/#organization\"},\"image\":{\"@id\":\"https:\/\/vosgesinfo.fr\/saintdieinfo\/2020\/01\/elections-municipales-david-valence-presentera-liste-demain-mardi\/#primaryimage\"},\"thumbnailUrl\":\"https:\/\/vosgesinfo.fr\/app\/uploads\/sites\/4\/2024\/08\/202001dv-elections-municipales-2020-01.jpg\",\"keywords\":[\"David Valence\",\"Elections municipales 2020\",\"Espace Fran\u00e7ois-Mitterrand\",\"Plus forts pour Saint-Di\u00e9\"],\"articleSection\":[\"A la Une\",\"Politique\",\"Saint-Di\u00e9-des-Vosges et son Agglom\u00e9ration\"],\"inLanguage\":\"fr-FR\",\"potentialAction\":[{\"@type\":\"CommentAction\",\"name\":\"Comment\",\"target\":[\"https:\/\/vosgesinfo.fr\/saintdieinfo\/2020\/01\/elections-municipales-david-valence-presentera-liste-demain-mardi\/#respond\"]}]},{\"@type\":\"WebPage\",\"@id\":\"https:\/\/vosgesinfo.fr\/saintdieinfo\/2020\/01\/elections-municipales-david-valence-presentera-liste-demain-mardi\/\",\"url\":\"https:\/\/vosgesinfo.fr\/saintdieinfo\/2020\/01\/elections-municipales-david-valence-presentera-liste-demain-mardi\/\",\"name\":\"Elections municipales : David Valence pr\u00e9sentera sa liste demain mardi - Saint Die Info\",\"isPartOf\":{\"@id\":\"https:\/\/vosgesinfo.fr\/saintdieinfo\/#website\"},\"primaryImageOfPage\":{\"@id\":\"https:\/\/vosgesinfo.fr\/saintdieinfo\/2020\/01\/elections-municipales-david-valence-presentera-liste-demain-mardi\/#primaryimage\"},\"image\":{\"@id\":\"https:\/\/vosgesinfo.fr\/saintdieinfo\/2020\/01\/elections-municipales-david-valence-presentera-liste-demain-mardi\/#primaryimage\"},\"thumbnailUrl\":\"https:\/\/vosgesinfo.fr\/app\/uploads\/sites\/4\/2024\/08\/202001dv-elections-municipales-2020-01.jpg\",\"datePublished\":\"2020-01-27T11:00:45+00:00\",\"dateModified\":\"2020-01-27T11:00:45+00:00\",\"breadcrumb\":{\"@id\":\"https:\/\/vosgesinfo.fr\/saintdieinfo\/2020\/01\/elections-municipales-david-valence-presentera-liste-demain-mardi\/#breadcrumb\"},\"inLanguage\":\"fr-FR\",\"potentialAction\":[{\"@type\":\"ReadAction\",\"target\":[\"https:\/\/vosgesinfo.fr\/saintdieinfo\/2020\/01\/elections-municipales-david-valence-presentera-liste-demain-mardi\/\"]}]},{\"@type\":\"ImageObject\",\"inLanguage\":\"fr-FR\",\"@id\":\"https:\/\/vosgesinfo.fr\/saintdieinfo\/2020\/01\/elections-municipales-david-valence-presentera-liste-demain-mardi\/#primaryimage\",\"url\":\"https:\/\/vosgesinfo.fr\/app\/uploads\/sites\/4\/2024\/08\/202001dv-elections-municipales-2020-01.jpg\",\"contentUrl\":\"https:\/\/vosgesinfo.fr\/app\/uploads\/sites\/4\/2024\/08\/202001dv-elections-municipales-2020-01.jpg\",\"width\":694,\"height\":477},{\"@type\":\"BreadcrumbList\",\"@id\":\"https:\/\/vosgesinfo.fr\/saintdieinfo\/2020\/01\/elections-municipales-david-valence-presentera-liste-demain-mardi\/#breadcrumb\",\"itemListElement\":[{\"@type\":\"ListItem\",\"position\":1,\"name\":\"Home\",\"item\":\"https:\/\/vosgesinfo.fr\/saintdieinfo\/\"},{\"@type\":\"ListItem\",\"position\":2,\"name\":\"Elections municipales : David Valence pr\u00e9sentera sa liste demain mardi\"}]},{\"@type\":\"WebSite\",\"@id\":\"https:\/\/vosgesinfo.fr\/saintdieinfo\/#website\",\"url\":\"https:\/\/vosgesinfo.fr\/saintdieinfo\/\",\"name\":\"Saint Die Info\",\"description\":\"Toute l&#039;actualit\u00e9 de Saint-Di\u00e9-Des-Vosges\",\"publisher\":{\"@id\":\"https:\/\/vosgesinfo.fr\/saintdieinfo\/#organization\"},\"alternateName\":\"Toute l'actualit\u00e9 de Saint-Di\u00e9-Des-Vosges\",\"potentialAction\":[{\"@type\":\"SearchAction\",\"target\":{\"@type\":\"EntryPoint\",\"urlTemplate\":\"https:\/\/vosgesinfo.fr\/saintdieinfo\/?s={search_term_string}\"},\"query-input\":\"required name=search_term_string\"}],\"inLanguage\":\"fr-FR\"},{\"@type\":\"Organization\",\"@id\":\"https:\/\/vosgesinfo.fr\/saintdieinfo\/#organization\",\"name\":\"Saint Die Info\",\"url\":\"https:\/\/vosgesinfo.fr\/saintdieinfo\/\",\"logo\":{\"@type\":\"ImageObject\",\"inLanguage\":\"fr-FR\",\"@id\":\"https:\/\/vosgesinfo.fr\/saintdieinfo\/#\/schema\/logo\/image\/\",\"url\":\"https:\/\/vosgesinfo.fr\/app\/uploads\/sites\/4\/2024\/02\/logo-sdi.jpg\",\"contentUrl\":\"https:\/\/vosgesinfo.fr\/app\/uploads\/sites\/4\/2024\/02\/logo-sdi.jpg\",\"width\":600,\"height\":600,\"caption\":\"Saint Die Info\"},\"image\":{\"@id\":\"https:\/\/vosgesinfo.fr\/saintdieinfo\/#\/schema\/logo\/image\/\"},\"sameAs\":[\"https:\/\/www.facebook.com\/Saintdieinfofr\",\"https:\/\/x.com\/VosgesInfo88\",\"https:\/\/www.youtube.com\/@vosgesinfo\"]},{\"@type\":\"Person\",\"@id\":\"https:\/\/vosgesinfo.fr\/saintdieinfo\/#\/schema\/person\/faee6704a21f3977511db84bd1cd450f\",\"name\":\"la r\u00e9daction\",\"image\":{\"@type\":\"ImageObject\",\"inLanguage\":\"fr-FR\",\"@id\":\"https:\/\/vosgesinfo.fr\/saintdieinfo\/#\/schema\/person\/image\/\",\"url\":\"https:\/\/secure.gravatar.com\/avatar\/6673d8bc6a9c17fa9a453eaa3448de834fa308c2ec9635b7aa99441a7c8d2cf6?s=96&d=mm&r=g\",\"contentUrl\":\"https:\/\/secure.gravatar.com\/avatar\/6673d8bc6a9c17fa9a453eaa3448de834fa308c2ec9635b7aa99441a7c8d2cf6?s=96&d=mm&r=g\",\"caption\":\"la r\u00e9daction\"},\"url\":\"https:\/\/vosgesinfo.fr\/saintdieinfo\/author\/redac\/\"}]}<\/script>\n<!-- \/ Yoast SEO plugin. -->","yoast_head_json":{"title":"Elections municipales : David Valence pr\u00e9sentera sa liste demain mardi - Saint Die Info","robots":{"index":"index","follow":"follow","max-snippet":"max-snippet:-1","max-image-preview":"max-image-preview:large","max-video-preview":"max-video-preview:-1"},"canonical":"https:\/\/vosgesinfo.fr\/saintdieinfo\/2020\/01\/elections-municipales-david-valence-presentera-liste-demain-mardi\/","twitter_card":"summary_large_image","twitter_title":"Elections municipales : David Valence pr\u00e9sentera sa liste demain mardi - Saint Die Info","twitter_description":"A maintenant un mois et demi du premier tour des prochaines \u00e9lections municipales, qui se tiendra dimanche 15 mars, la [&hellip;]","twitter_image":"https:\/\/vosgesinfo.fr\/app\/uploads\/sites\/4\/2024\/08\/202001dv-elections-municipales-2020-01.jpg","twitter_creator":"@VosgesInfo88","twitter_site":"@VosgesInfo88","twitter_misc":{"\u00c9crit par":"la r\u00e9daction"},"schema":{"@context":"https:\/\/schema.org","@graph":[{"@type":"Article","@id":"https:\/\/vosgesinfo.fr\/saintdieinfo\/2020\/01\/elections-municipales-david-valence-presentera-liste-demain-mardi\/#article","isPartOf":{"@id":"https:\/\/vosgesinfo.fr\/saintdieinfo\/2020\/01\/elections-municipales-david-valence-presentera-liste-demain-mardi\/"},"author":{"name":"la r\u00e9daction","@id":"https:\/\/vosgesinfo.fr\/saintdieinfo\/#\/schema\/person\/faee6704a21f3977511db84bd1cd450f"},"headline":"Elections municipales : David Valence pr\u00e9sentera sa liste demain mardi","datePublished":"2020-01-27T11:00:45+00:00","dateModified":"2020-01-27T11:00:45+00:00","mainEntityOfPage":{"@id":"https:\/\/vosgesinfo.fr\/saintdieinfo\/2020\/01\/elections-municipales-david-valence-presentera-liste-demain-mardi\/"},"wordCount":99,"commentCount":0,"publisher":{"@id":"https:\/\/vosgesinfo.fr\/saintdieinfo\/#organization"},"image":{"@id":"https:\/\/vosgesinfo.fr\/saintdieinfo\/2020\/01\/elections-municipales-david-valence-presentera-liste-demain-mardi\/#primaryimage"},"thumbnailUrl":"https:\/\/vosgesinfo.fr\/app\/uploads\/sites\/4\/2024\/08\/202001dv-elections-municipales-2020-01.jpg","keywords":["David Valence","Elections municipales 2020","Espace Fran\u00e7ois-Mitterrand","Plus forts pour Saint-Di\u00e9"],"articleSection":["A la Une","Politique","Saint-Di\u00e9-des-Vosges et son Agglom\u00e9ration"],"inLanguage":"fr-FR","potentialAction":[{"@type":"CommentAction","name":"Comment","target":["https:\/\/vosgesinfo.fr\/saintdieinfo\/2020\/01\/elections-municipales-david-valence-presentera-liste-demain-mardi\/#respond"]}]},{"@type":"WebPage","@id":"https:\/\/vosgesinfo.fr\/saintdieinfo\/2020\/01\/elections-municipales-david-valence-presentera-liste-demain-mardi\/","url":"https:\/\/vosgesinfo.fr\/saintdieinfo\/2020\/01\/elections-municipales-david-valence-presentera-liste-demain-mardi\/","name":"Elections municipales : David Valence pr\u00e9sentera sa liste demain mardi - Saint Die Info","isPartOf":{"@id":"https:\/\/vosgesinfo.fr\/saintdieinfo\/#website"},"primaryImageOfPage":{"@id":"https:\/\/vosgesinfo.fr\/saintdieinfo\/2020\/01\/elections-municipales-david-valence-presentera-liste-demain-mardi\/#primaryimage"},"image":{"@id":"https:\/\/vosgesinfo.fr\/saintdieinfo\/2020\/01\/elections-municipales-david-valence-presentera-liste-demain-mardi\/#primaryimage"},"thumbnailUrl":"https:\/\/vosgesinfo.fr\/app\/uploads\/sites\/4\/2024\/08\/202001dv-elections-municipales-2020-01.jpg","datePublished":"2020-01-27T11:00:45+00:00","dateModified":"2020-01-27T11:00:45+00:00","breadcrumb":{"@id":"https:\/\/vosgesinfo.fr\/saintdieinfo\/2020\/01\/elections-municipales-david-valence-presentera-liste-demain-mardi\/#breadcrumb"},"inLanguage":"fr-FR","potentialAction":[{"@type":"ReadAction","target":["https:\/\/vosgesinfo.fr\/saintdieinfo\/2020\/01\/elections-municipales-david-valence-presentera-liste-demain-mardi\/"]}]},{"@type":"ImageObject","inLanguage":"fr-FR","@id":"https:\/\/vosgesinfo.fr\/saintdieinfo\/2020\/01\/elections-municipales-david-valence-presentera-liste-demain-mardi\/#primaryimage","url":"https:\/\/vosgesinfo.fr\/app\/uploads\/sites\/4\/2024\/08\/202001dv-elections-municipales-2020-01.jpg","contentUrl":"https:\/\/vosgesinfo.fr\/app\/uploads\/sites\/4\/2024\/08\/202001dv-elections-municipales-2020-01.jpg","width":694,"height":477},{"@type":"BreadcrumbList","@id":"https:\/\/vosgesinfo.fr\/saintdieinfo\/2020\/01\/elections-municipales-david-valence-presentera-liste-demain-mardi\/#breadcrumb","itemListElement":[{"@type":"ListItem","position":1,"name":"Home","item":"https:\/\/vosgesinfo.fr\/saintdieinfo\/"},{"@type":"ListItem","position":2,"name":"Elections municipales : David Valence pr\u00e9sentera sa liste demain mardi"}]},{"@type":"WebSite","@id":"https:\/\/vosgesinfo.fr\/saintdieinfo\/#website","url":"https:\/\/vosgesinfo.fr\/saintdieinfo\/","name":"Saint Die Info","description":"Toute l&#039;actualit\u00e9 de Saint-Di\u00e9-Des-Vosges","publisher":{"@id":"https:\/\/vosgesinfo.fr\/saintdieinfo\/#organization"},"alternateName":"Toute l'actualit\u00e9 de Saint-Di\u00e9-Des-Vosges","potentialAction":[{"@type":"SearchAction","target":{"@type":"EntryPoint","urlTemplate":"https:\/\/vosgesinfo.fr\/saintdieinfo\/?s={search_term_string}"},"query-input":"required name=search_term_string"}],"inLanguage":"fr-FR"},{"@type":"Organization","@id":"https:\/\/vosgesinfo.fr\/saintdieinfo\/#organization","name":"Saint Die Info","url":"https:\/\/vosgesinfo.fr\/saintdieinfo\/","logo":{"@type":"ImageObject","inLanguage":"fr-FR","@id":"https:\/\/vosgesinfo.fr\/saintdieinfo\/#\/schema\/logo\/image\/","url":"https:\/\/vosgesinfo.fr\/app\/uploads\/sites\/4\/2024\/02\/logo-sdi.jpg","contentUrl":"https:\/\/vosgesinfo.fr\/app\/uploads\/sites\/4\/2024\/02\/logo-sdi.jpg","width":600,"height":600,"caption":"Saint Die Info"},"image":{"@id":"https:\/\/vosgesinfo.fr\/saintdieinfo\/#\/schema\/logo\/image\/"},"sameAs":["https:\/\/www.facebook.com\/Saintdieinfofr","https:\/\/x.com\/VosgesInfo88","https:\/\/www.youtube.com\/@vosgesinfo"]},{"@type":"Person","@id":"https:\/\/vosgesinfo.fr\/saintdieinfo\/#\/schema\/person\/faee6704a21f3977511db84bd1cd450f","name":"la r\u00e9daction","image":{"@type":"ImageObject","inLanguage":"fr-FR","@id":"https:\/\/vosgesinfo.fr\/saintdieinfo\/#\/schema\/person\/image\/","url":"https:\/\/secure.gravatar.com\/avatar\/6673d8bc6a9c17fa9a453eaa3448de834fa308c2ec9635b7aa99441a7c8d2cf6?s=96&d=mm&r=g","contentUrl":"https:\/\/secure.gravatar.com\/avatar\/6673d8bc6a9c17fa9a453eaa3448de834fa308c2ec9635b7aa99441a7c8d2cf6?s=96&d=mm&r=g","caption":"la r\u00e9daction"},"url":"https:\/\/vosgesinfo.fr\/saintdieinfo\/author\/redac\/"}]}},"_links":{"self":[{"href":"https:\/\/vosgesinfo.fr\/saintdieinfo\/wp-json\/wp\/v2\/posts\/38909","targetHints":{"allow":["GET"]}}],"collection":[{"href":"https:\/\/vosgesinfo.fr\/saintdieinfo\/wp-json\/wp\/v2\/posts"}],"about":[{"href":"https:\/\/vosgesinfo.fr\/saintdieinfo\/wp-json\/wp\/v2\/types\/post"}],"author":[{"embeddable":true,"href":"https:\/\/vosgesinfo.fr\/saintdieinfo\/wp-json\/wp\/v2\/users\/44"}],"replies":[{"embeddable":true,"href":"https:\/\/vosgesinfo.fr\/saintdieinfo\/wp-json\/wp\/v2\/comments?post=38909"}],"version-history":[{"count":0,"href":"https:\/\/vosgesinfo.fr\/saintdieinfo\/wp-json\/wp\/v2\/posts\/38909\/revisions"}],"wp:featuredmedia":[{"embeddable":true,"href":"https:\/\/vosgesinfo.fr\/saintdieinfo\/wp-json\/wp\/v2\/media\/38910"}],"wp:attachment":[{"href":"https:\/\/vosgesinfo.fr\/saintdieinfo\/wp-json\/wp\/v2\/media?parent=38909"}],"wp:term":[{"taxonomy":"category","embeddable":true,"href":"https:\/\/vosgesinfo.fr\/saintdieinfo\/wp-json\/wp\/v2\/categories?post=38909"},{"taxonomy":"post_tag","embeddable":true,"href":"https:\/\/vosgesinfo.fr\/saintdieinfo\/wp-json\/wp\/v2\/tags?post=38909"}],"curies":[{"name":"wp","href":"https:\/\/api.w.org\/{rel}","templated":true}]}}