{"id":38920,"date":"2020-01-28T10:00:57","date_gmt":"2020-01-28T09:00:57","guid":{"rendered":"https:\/\/vosgesinfo.fr\/saintdieinfo\/2020\/01\/accident-quebec-corps-vosgien-yann-thierry-a-ete-identifie\/"},"modified":"2020-01-28T10:00:57","modified_gmt":"2020-01-28T09:00:57","slug":"accident-quebec-corps-vosgien-yann-thierry-a-ete-identifie","status":"publish","type":"post","link":"https:\/\/vosgesinfo.fr\/saintdieinfo\/2020\/01\/accident-quebec-corps-vosgien-yann-thierry-a-ete-identifie\/","title":{"rendered":"Accident au Qu\u00e9bec : le corps du vosgien Yann Thierry a \u00e9t\u00e9 identifi\u00e9"},"content":{"rendered":"<dl id=\"attachment_281439\" class=\"wp-caption alignnone\">\n<dt class=\"wp-caption-dt\">\n<div id=\"attachment_155325\" style=\"width: 970px\" class=\"wp-caption alignnone\"><a href=\"\/2020\/01\/Qu\u00e9bec.png\" target=\"_blank\" rel=\"noopener\"><img decoding=\"async\" aria-describedby=\"caption-attachment-155325\" class=\"wp-image-155325 size-large\" src=\"\/2020\/01\/Qu\u00e9bec-1024x766.png\" alt=\"Qu\u00e9bec\" width=\"960\" height=\"718\" \/><\/a><p id=\"caption-attachment-155325\" class=\"wp-caption-text\">(Cr\u00e9dit photographique compte Twitter de Suret\u00e9 du Qu\u00e9bec)<\/p><\/div>\n<\/dt>\n<dt class=\"wp-caption-dt\">\n<h2><span style=\"font-size: 14pt;\"><strong>Mardi dernier, en fin d\u2019apr\u00e8s midi, un accident de motoneige s\u2019est produit au Qu\u00e9bec lors d\u2019une excursion sur les rives du lac Saint-Jean. Cinq fran\u00e7ais ont disparu, dont trois habitants du d\u00e9partement des Vosges, de 24, 25 et 58 ans.\u00a0\u00a0<\/strong><\/span><\/h2>\n<\/dt>\n<\/dl>\n<p><!--more--><\/p>\n<p>Le bureau du Coroner\u00a0confirme l\u2019identit\u00e9 des trois personnes d\u00e9c\u00e9d\u00e9es dont les corps ont \u00e9t\u00e9 retrouv\u00e9s \u00e0 l\u2019heure actuelle : M. Julien Benoit, 34 ans, de Sainte-Croix-aux-Mines, M. Yann Thiery, 24 ans, de Gerb\u00e9pal, et M. Gilles Claude, 58 ans, de Basse-sur-le-Rupt. Les recherches se poursuivent pour retrouver les deux personnes manquant \u00e0 l\u2019appel.<\/p>\n","protected":false},"excerpt":{"rendered":"<p>Mardi dernier, en fin d\u2019apr\u00e8s midi, un accident de motoneige s\u2019est produit au Qu\u00e9bec lors d\u2019une excursion sur les rives [&hellip;]<\/p>\n","protected":false},"author":44,"featured_media":38921,"comment_status":"open","ping_status":"open","sticky":false,"template":"","format":"standard","meta":{"footnotes":""},"categories":[460,2924,18],"tags":[7720,7731,7721],"class_list":["post-38920","post","type-post","status-publish","format-standard","has-post-thumbnail","hentry","category-a-la-une","category-fait-divers","category-vosges","tag-accident-de-motoneige-au-quebec","tag-motoneige","tag-quebec"],"acf":[],"yoast_head":"<!-- This site is optimized with the Yoast SEO plugin v22.5 - https:\/\/yoast.com\/wordpress\/plugins\/seo\/ -->\n<title>Accident au Qu\u00e9bec : le corps du vosgien Yann Thierry a \u00e9t\u00e9 identifi\u00e9 - Saint Die Info<\/title>\n<meta name=\"robots\" content=\"index, follow, max-snippet:-1, max-image-preview:large, max-video-preview:-1\" \/>\n<link rel=\"canonical\" href=\"https:\/\/vosgesinfo.fr\/saintdieinfo\/2020\/01\/accident-quebec-corps-vosgien-yann-thierry-a-ete-identifie\/\" \/>\n<meta name=\"twitter:card\" content=\"summary_large_image\" \/>\n<meta name=\"twitter:title\" content=\"Accident au Qu\u00e9bec : le corps du vosgien Yann Thierry a \u00e9t\u00e9 identifi\u00e9 - Saint Die Info\" \/>\n<meta name=\"twitter:description\" content=\"Mardi dernier, en fin d\u2019apr\u00e8s midi, un accident de motoneige s\u2019est produit au Qu\u00e9bec lors d\u2019une excursion sur les rives [&hellip;]\" \/>\n<meta name=\"twitter:image\" content=\"https:\/\/vosgesinfo.fr\/app\/uploads\/sites\/4\/2024\/08\/202001quebec-2.png\" \/>\n<meta name=\"twitter:creator\" content=\"@VosgesInfo88\" \/>\n<meta name=\"twitter:site\" content=\"@VosgesInfo88\" \/>\n<meta name=\"twitter:label1\" content=\"\u00c9crit par\" \/>\n\t<meta name=\"twitter:data1\" content=\"la r\u00e9daction\" \/>\n\t<meta name=\"twitter:label2\" content=\"Dur\u00e9e de lecture estim\u00e9e\" \/>\n\t<meta name=\"twitter:data2\" content=\"1 minute\" \/>\n<script type=\"application\/ld+json\" class=\"yoast-schema-graph\">{\"@context\":\"https:\/\/schema.org\",\"@graph\":[{\"@type\":\"Article\",\"@id\":\"https:\/\/vosgesinfo.fr\/saintdieinfo\/2020\/01\/accident-quebec-corps-vosgien-yann-thierry-a-ete-identifie\/#article\",\"isPartOf\":{\"@id\":\"https:\/\/vosgesinfo.fr\/saintdieinfo\/2020\/01\/accident-quebec-corps-vosgien-yann-thierry-a-ete-identifie\/\"},\"author\":{\"name\":\"la r\u00e9daction\",\"@id\":\"https:\/\/vosgesinfo.fr\/saintdieinfo\/#\/schema\/person\/faee6704a21f3977511db84bd1cd450f\"},\"headline\":\"Accident au Qu\u00e9bec : le corps du vosgien Yann Thierry a \u00e9t\u00e9 identifi\u00e9\",\"datePublished\":\"2020-01-28T09:00:57+00:00\",\"dateModified\":\"2020-01-28T09:00:57+00:00\",\"mainEntityOfPage\":{\"@id\":\"https:\/\/vosgesinfo.fr\/saintdieinfo\/2020\/01\/accident-quebec-corps-vosgien-yann-thierry-a-ete-identifie\/\"},\"wordCount\":130,\"commentCount\":0,\"publisher\":{\"@id\":\"https:\/\/vosgesinfo.fr\/saintdieinfo\/#organization\"},\"image\":{\"@id\":\"https:\/\/vosgesinfo.fr\/saintdieinfo\/2020\/01\/accident-quebec-corps-vosgien-yann-thierry-a-ete-identifie\/#primaryimage\"},\"thumbnailUrl\":\"https:\/\/vosgesinfo.fr\/app\/uploads\/sites\/4\/2024\/08\/202001quebec-2.png\",\"keywords\":[\"Accident de motoneige au Qu\u00e9bec\",\"Motoneige\",\"Qu\u00e9bec\"],\"articleSection\":[\"A la Une\",\"Fait Divers\",\"Vosges\"],\"inLanguage\":\"fr-FR\",\"potentialAction\":[{\"@type\":\"CommentAction\",\"name\":\"Comment\",\"target\":[\"https:\/\/vosgesinfo.fr\/saintdieinfo\/2020\/01\/accident-quebec-corps-vosgien-yann-thierry-a-ete-identifie\/#respond\"]}]},{\"@type\":\"WebPage\",\"@id\":\"https:\/\/vosgesinfo.fr\/saintdieinfo\/2020\/01\/accident-quebec-corps-vosgien-yann-thierry-a-ete-identifie\/\",\"url\":\"https:\/\/vosgesinfo.fr\/saintdieinfo\/2020\/01\/accident-quebec-corps-vosgien-yann-thierry-a-ete-identifie\/\",\"name\":\"Accident au Qu\u00e9bec : le corps du vosgien Yann Thierry a \u00e9t\u00e9 identifi\u00e9 - Saint Die Info\",\"isPartOf\":{\"@id\":\"https:\/\/vosgesinfo.fr\/saintdieinfo\/#website\"},\"primaryImageOfPage\":{\"@id\":\"https:\/\/vosgesinfo.fr\/saintdieinfo\/2020\/01\/accident-quebec-corps-vosgien-yann-thierry-a-ete-identifie\/#primaryimage\"},\"image\":{\"@id\":\"https:\/\/vosgesinfo.fr\/saintdieinfo\/2020\/01\/accident-quebec-corps-vosgien-yann-thierry-a-ete-identifie\/#primaryimage\"},\"thumbnailUrl\":\"https:\/\/vosgesinfo.fr\/app\/uploads\/sites\/4\/2024\/08\/202001quebec-2.png\",\"datePublished\":\"2020-01-28T09:00:57+00:00\",\"dateModified\":\"2020-01-28T09:00:57+00:00\",\"breadcrumb\":{\"@id\":\"https:\/\/vosgesinfo.fr\/saintdieinfo\/2020\/01\/accident-quebec-corps-vosgien-yann-thierry-a-ete-identifie\/#breadcrumb\"},\"inLanguage\":\"fr-FR\",\"potentialAction\":[{\"@type\":\"ReadAction\",\"target\":[\"https:\/\/vosgesinfo.fr\/saintdieinfo\/2020\/01\/accident-quebec-corps-vosgien-yann-thierry-a-ete-identifie\/\"]}]},{\"@type\":\"ImageObject\",\"inLanguage\":\"fr-FR\",\"@id\":\"https:\/\/vosgesinfo.fr\/saintdieinfo\/2020\/01\/accident-quebec-corps-vosgien-yann-thierry-a-ete-identifie\/#primaryimage\",\"url\":\"https:\/\/vosgesinfo.fr\/app\/uploads\/sites\/4\/2024\/08\/202001quebec-2.png\",\"contentUrl\":\"https:\/\/vosgesinfo.fr\/app\/uploads\/sites\/4\/2024\/08\/202001quebec-2.png\",\"width\":1546,\"height\":1156},{\"@type\":\"BreadcrumbList\",\"@id\":\"https:\/\/vosgesinfo.fr\/saintdieinfo\/2020\/01\/accident-quebec-corps-vosgien-yann-thierry-a-ete-identifie\/#breadcrumb\",\"itemListElement\":[{\"@type\":\"ListItem\",\"position\":1,\"name\":\"Home\",\"item\":\"https:\/\/vosgesinfo.fr\/saintdieinfo\/\"},{\"@type\":\"ListItem\",\"position\":2,\"name\":\"Accident au Qu\u00e9bec : le corps du vosgien Yann Thierry a \u00e9t\u00e9 identifi\u00e9\"}]},{\"@type\":\"WebSite\",\"@id\":\"https:\/\/vosgesinfo.fr\/saintdieinfo\/#website\",\"url\":\"https:\/\/vosgesinfo.fr\/saintdieinfo\/\",\"name\":\"Saint Die Info\",\"description\":\"Toute l&#039;actualit\u00e9 de Saint-Di\u00e9-Des-Vosges\",\"publisher\":{\"@id\":\"https:\/\/vosgesinfo.fr\/saintdieinfo\/#organization\"},\"alternateName\":\"Toute l'actualit\u00e9 de Saint-Di\u00e9-Des-Vosges\",\"potentialAction\":[{\"@type\":\"SearchAction\",\"target\":{\"@type\":\"EntryPoint\",\"urlTemplate\":\"https:\/\/vosgesinfo.fr\/saintdieinfo\/?s={search_term_string}\"},\"query-input\":\"required name=search_term_string\"}],\"inLanguage\":\"fr-FR\"},{\"@type\":\"Organization\",\"@id\":\"https:\/\/vosgesinfo.fr\/saintdieinfo\/#organization\",\"name\":\"Saint Die Info\",\"url\":\"https:\/\/vosgesinfo.fr\/saintdieinfo\/\",\"logo\":{\"@type\":\"ImageObject\",\"inLanguage\":\"fr-FR\",\"@id\":\"https:\/\/vosgesinfo.fr\/saintdieinfo\/#\/schema\/logo\/image\/\",\"url\":\"https:\/\/vosgesinfo.fr\/app\/uploads\/sites\/4\/2024\/02\/logo-sdi.jpg\",\"contentUrl\":\"https:\/\/vosgesinfo.fr\/app\/uploads\/sites\/4\/2024\/02\/logo-sdi.jpg\",\"width\":600,\"height\":600,\"caption\":\"Saint Die Info\"},\"image\":{\"@id\":\"https:\/\/vosgesinfo.fr\/saintdieinfo\/#\/schema\/logo\/image\/\"},\"sameAs\":[\"https:\/\/www.facebook.com\/Saintdieinfofr\",\"https:\/\/x.com\/VosgesInfo88\",\"https:\/\/www.youtube.com\/@vosgesinfo\"]},{\"@type\":\"Person\",\"@id\":\"https:\/\/vosgesinfo.fr\/saintdieinfo\/#\/schema\/person\/faee6704a21f3977511db84bd1cd450f\",\"name\":\"la r\u00e9daction\",\"image\":{\"@type\":\"ImageObject\",\"inLanguage\":\"fr-FR\",\"@id\":\"https:\/\/vosgesinfo.fr\/saintdieinfo\/#\/schema\/person\/image\/\",\"url\":\"https:\/\/secure.gravatar.com\/avatar\/6673d8bc6a9c17fa9a453eaa3448de834fa308c2ec9635b7aa99441a7c8d2cf6?s=96&d=mm&r=g\",\"contentUrl\":\"https:\/\/secure.gravatar.com\/avatar\/6673d8bc6a9c17fa9a453eaa3448de834fa308c2ec9635b7aa99441a7c8d2cf6?s=96&d=mm&r=g\",\"caption\":\"la r\u00e9daction\"},\"url\":\"https:\/\/vosgesinfo.fr\/saintdieinfo\/author\/redac\/\"}]}<\/script>\n<!-- \/ Yoast SEO plugin. -->","yoast_head_json":{"title":"Accident au Qu\u00e9bec : le corps du vosgien Yann Thierry a \u00e9t\u00e9 identifi\u00e9 - Saint Die Info","robots":{"index":"index","follow":"follow","max-snippet":"max-snippet:-1","max-image-preview":"max-image-preview:large","max-video-preview":"max-video-preview:-1"},"canonical":"https:\/\/vosgesinfo.fr\/saintdieinfo\/2020\/01\/accident-quebec-corps-vosgien-yann-thierry-a-ete-identifie\/","twitter_card":"summary_large_image","twitter_title":"Accident au Qu\u00e9bec : le corps du vosgien Yann Thierry a \u00e9t\u00e9 identifi\u00e9 - Saint Die Info","twitter_description":"Mardi dernier, en fin d\u2019apr\u00e8s midi, un accident de motoneige s\u2019est produit au Qu\u00e9bec lors d\u2019une excursion sur les rives [&hellip;]","twitter_image":"https:\/\/vosgesinfo.fr\/app\/uploads\/sites\/4\/2024\/08\/202001quebec-2.png","twitter_creator":"@VosgesInfo88","twitter_site":"@VosgesInfo88","twitter_misc":{"\u00c9crit par":"la r\u00e9daction","Dur\u00e9e de lecture estim\u00e9e":"1 minute"},"schema":{"@context":"https:\/\/schema.org","@graph":[{"@type":"Article","@id":"https:\/\/vosgesinfo.fr\/saintdieinfo\/2020\/01\/accident-quebec-corps-vosgien-yann-thierry-a-ete-identifie\/#article","isPartOf":{"@id":"https:\/\/vosgesinfo.fr\/saintdieinfo\/2020\/01\/accident-quebec-corps-vosgien-yann-thierry-a-ete-identifie\/"},"author":{"name":"la r\u00e9daction","@id":"https:\/\/vosgesinfo.fr\/saintdieinfo\/#\/schema\/person\/faee6704a21f3977511db84bd1cd450f"},"headline":"Accident au Qu\u00e9bec : le corps du vosgien Yann Thierry a \u00e9t\u00e9 identifi\u00e9","datePublished":"2020-01-28T09:00:57+00:00","dateModified":"2020-01-28T09:00:57+00:00","mainEntityOfPage":{"@id":"https:\/\/vosgesinfo.fr\/saintdieinfo\/2020\/01\/accident-quebec-corps-vosgien-yann-thierry-a-ete-identifie\/"},"wordCount":130,"commentCount":0,"publisher":{"@id":"https:\/\/vosgesinfo.fr\/saintdieinfo\/#organization"},"image":{"@id":"https:\/\/vosgesinfo.fr\/saintdieinfo\/2020\/01\/accident-quebec-corps-vosgien-yann-thierry-a-ete-identifie\/#primaryimage"},"thumbnailUrl":"https:\/\/vosgesinfo.fr\/app\/uploads\/sites\/4\/2024\/08\/202001quebec-2.png","keywords":["Accident de motoneige au Qu\u00e9bec","Motoneige","Qu\u00e9bec"],"articleSection":["A la Une","Fait Divers","Vosges"],"inLanguage":"fr-FR","potentialAction":[{"@type":"CommentAction","name":"Comment","target":["https:\/\/vosgesinfo.fr\/saintdieinfo\/2020\/01\/accident-quebec-corps-vosgien-yann-thierry-a-ete-identifie\/#respond"]}]},{"@type":"WebPage","@id":"https:\/\/vosgesinfo.fr\/saintdieinfo\/2020\/01\/accident-quebec-corps-vosgien-yann-thierry-a-ete-identifie\/","url":"https:\/\/vosgesinfo.fr\/saintdieinfo\/2020\/01\/accident-quebec-corps-vosgien-yann-thierry-a-ete-identifie\/","name":"Accident au Qu\u00e9bec : le corps du vosgien Yann Thierry a \u00e9t\u00e9 identifi\u00e9 - Saint Die Info","isPartOf":{"@id":"https:\/\/vosgesinfo.fr\/saintdieinfo\/#website"},"primaryImageOfPage":{"@id":"https:\/\/vosgesinfo.fr\/saintdieinfo\/2020\/01\/accident-quebec-corps-vosgien-yann-thierry-a-ete-identifie\/#primaryimage"},"image":{"@id":"https:\/\/vosgesinfo.fr\/saintdieinfo\/2020\/01\/accident-quebec-corps-vosgien-yann-thierry-a-ete-identifie\/#primaryimage"},"thumbnailUrl":"https:\/\/vosgesinfo.fr\/app\/uploads\/sites\/4\/2024\/08\/202001quebec-2.png","datePublished":"2020-01-28T09:00:57+00:00","dateModified":"2020-01-28T09:00:57+00:00","breadcrumb":{"@id":"https:\/\/vosgesinfo.fr\/saintdieinfo\/2020\/01\/accident-quebec-corps-vosgien-yann-thierry-a-ete-identifie\/#breadcrumb"},"inLanguage":"fr-FR","potentialAction":[{"@type":"ReadAction","target":["https:\/\/vosgesinfo.fr\/saintdieinfo\/2020\/01\/accident-quebec-corps-vosgien-yann-thierry-a-ete-identifie\/"]}]},{"@type":"ImageObject","inLanguage":"fr-FR","@id":"https:\/\/vosgesinfo.fr\/saintdieinfo\/2020\/01\/accident-quebec-corps-vosgien-yann-thierry-a-ete-identifie\/#primaryimage","url":"https:\/\/vosgesinfo.fr\/app\/uploads\/sites\/4\/2024\/08\/202001quebec-2.png","contentUrl":"https:\/\/vosgesinfo.fr\/app\/uploads\/sites\/4\/2024\/08\/202001quebec-2.png","width":1546,"height":1156},{"@type":"BreadcrumbList","@id":"https:\/\/vosgesinfo.fr\/saintdieinfo\/2020\/01\/accident-quebec-corps-vosgien-yann-thierry-a-ete-identifie\/#breadcrumb","itemListElement":[{"@type":"ListItem","position":1,"name":"Home","item":"https:\/\/vosgesinfo.fr\/saintdieinfo\/"},{"@type":"ListItem","position":2,"name":"Accident au Qu\u00e9bec : le corps du vosgien Yann Thierry a \u00e9t\u00e9 identifi\u00e9"}]},{"@type":"WebSite","@id":"https:\/\/vosgesinfo.fr\/saintdieinfo\/#website","url":"https:\/\/vosgesinfo.fr\/saintdieinfo\/","name":"Saint Die Info","description":"Toute l&#039;actualit\u00e9 de Saint-Di\u00e9-Des-Vosges","publisher":{"@id":"https:\/\/vosgesinfo.fr\/saintdieinfo\/#organization"},"alternateName":"Toute l'actualit\u00e9 de Saint-Di\u00e9-Des-Vosges","potentialAction":[{"@type":"SearchAction","target":{"@type":"EntryPoint","urlTemplate":"https:\/\/vosgesinfo.fr\/saintdieinfo\/?s={search_term_string}"},"query-input":"required name=search_term_string"}],"inLanguage":"fr-FR"},{"@type":"Organization","@id":"https:\/\/vosgesinfo.fr\/saintdieinfo\/#organization","name":"Saint Die Info","url":"https:\/\/vosgesinfo.fr\/saintdieinfo\/","logo":{"@type":"ImageObject","inLanguage":"fr-FR","@id":"https:\/\/vosgesinfo.fr\/saintdieinfo\/#\/schema\/logo\/image\/","url":"https:\/\/vosgesinfo.fr\/app\/uploads\/sites\/4\/2024\/02\/logo-sdi.jpg","contentUrl":"https:\/\/vosgesinfo.fr\/app\/uploads\/sites\/4\/2024\/02\/logo-sdi.jpg","width":600,"height":600,"caption":"Saint Die Info"},"image":{"@id":"https:\/\/vosgesinfo.fr\/saintdieinfo\/#\/schema\/logo\/image\/"},"sameAs":["https:\/\/www.facebook.com\/Saintdieinfofr","https:\/\/x.com\/VosgesInfo88","https:\/\/www.youtube.com\/@vosgesinfo"]},{"@type":"Person","@id":"https:\/\/vosgesinfo.fr\/saintdieinfo\/#\/schema\/person\/faee6704a21f3977511db84bd1cd450f","name":"la r\u00e9daction","image":{"@type":"ImageObject","inLanguage":"fr-FR","@id":"https:\/\/vosgesinfo.fr\/saintdieinfo\/#\/schema\/person\/image\/","url":"https:\/\/secure.gravatar.com\/avatar\/6673d8bc6a9c17fa9a453eaa3448de834fa308c2ec9635b7aa99441a7c8d2cf6?s=96&d=mm&r=g","contentUrl":"https:\/\/secure.gravatar.com\/avatar\/6673d8bc6a9c17fa9a453eaa3448de834fa308c2ec9635b7aa99441a7c8d2cf6?s=96&d=mm&r=g","caption":"la r\u00e9daction"},"url":"https:\/\/vosgesinfo.fr\/saintdieinfo\/author\/redac\/"}]}},"_links":{"self":[{"href":"https:\/\/vosgesinfo.fr\/saintdieinfo\/wp-json\/wp\/v2\/posts\/38920","targetHints":{"allow":["GET"]}}],"collection":[{"href":"https:\/\/vosgesinfo.fr\/saintdieinfo\/wp-json\/wp\/v2\/posts"}],"about":[{"href":"https:\/\/vosgesinfo.fr\/saintdieinfo\/wp-json\/wp\/v2\/types\/post"}],"author":[{"embeddable":true,"href":"https:\/\/vosgesinfo.fr\/saintdieinfo\/wp-json\/wp\/v2\/users\/44"}],"replies":[{"embeddable":true,"href":"https:\/\/vosgesinfo.fr\/saintdieinfo\/wp-json\/wp\/v2\/comments?post=38920"}],"version-history":[{"count":0,"href":"https:\/\/vosgesinfo.fr\/saintdieinfo\/wp-json\/wp\/v2\/posts\/38920\/revisions"}],"wp:featuredmedia":[{"embeddable":true,"href":"https:\/\/vosgesinfo.fr\/saintdieinfo\/wp-json\/wp\/v2\/media\/38921"}],"wp:attachment":[{"href":"https:\/\/vosgesinfo.fr\/saintdieinfo\/wp-json\/wp\/v2\/media?parent=38920"}],"wp:term":[{"taxonomy":"category","embeddable":true,"href":"https:\/\/vosgesinfo.fr\/saintdieinfo\/wp-json\/wp\/v2\/categories?post=38920"},{"taxonomy":"post_tag","embeddable":true,"href":"https:\/\/vosgesinfo.fr\/saintdieinfo\/wp-json\/wp\/v2\/tags?post=38920"}],"curies":[{"name":"wp","href":"https:\/\/api.w.org\/{rel}","templated":true}]}}