{"id":38927,"date":"2020-01-28T08:30:19","date_gmt":"2020-01-28T07:30:19","guid":{"rendered":"https:\/\/vosgesinfo.fr\/saintdieinfo\/2020\/01\/soiree-deodatienne-inter-reseaux-autour-de-lentreprise-de-demain\/"},"modified":"2020-01-28T08:30:19","modified_gmt":"2020-01-28T07:30:19","slug":"soiree-deodatienne-inter-reseaux-autour-de-lentreprise-de-demain","status":"publish","type":"post","link":"https:\/\/vosgesinfo.fr\/saintdieinfo\/2020\/01\/soiree-deodatienne-inter-reseaux-autour-de-lentreprise-de-demain\/","title":{"rendered":"Soir\u00e9e d\u00e9odatienne inter-r\u00e9seaux autour de l&rsquo;entreprise de demain"},"content":{"rendered":"<p><a href=\"\/2020\/01\/Soir\u00e9e_Inter-R\u00e9seaux_P\u00e9pini\u00e8re_Entreprises.jpg\" target=\"_blank\" rel=\"noopener\"><img decoding=\"async\" class=\"aligncenter wp-image-155372 size-full\" src=\"\/2020\/01\/Soir\u00e9e_Inter-R\u00e9seaux_P\u00e9pini\u00e8re_Entreprises.jpg\" alt=\"Soir\u00e9e_Inter-R\u00e9seaux_P\u00e9pini\u00e8re_Entreprises\" width=\"1000\" height=\"750\" \/><\/a><\/p>\n<h2><strong><span style=\"font-family: Calibri, sans-serif;\"><span style=\"font-size: large;\">Un inter-r\u00e9seaux d&rsquo;entrepreneurs est n\u00e9 en D\u00e9odatie au d\u00e9but de l&rsquo;ann\u00e9e 2019, d&rsquo;un souhait des membres de diff\u00e9rents r\u00e9seaux professionnels de mieux se conna\u00eetre et d&rsquo;\u00e9changer&#8230; pour ainsi cr\u00e9er de nouvelles opportunit\u00e9s, mais aussi rompre l&rsquo;isolement dont souffrent parfois les chefs et cr\u00e9ateurs d&rsquo;entreprises. Sont notamment membres de cet inter-r\u00e9seaux l&rsquo;UDAC, Face Vosges, le r\u00e9seau R\u00e9ussir Entre pro, le R\u00e9seau Entreprendre ou encore la P\u00e9pini\u00e8re d&rsquo;Entreprise de Saint-Di\u00e9-des-Vosges.<br \/>\n<\/span><\/span><\/strong><\/h2>\n<p><!--more--><\/p>\n<p><span style=\"font-family: Calibri, sans-serif;\"><span style=\"font-size: large;\">Apr\u00e8s plusieurs r\u00e9unions de travail, une premi\u00e8re rencontre s&rsquo;est mat\u00e9rialis\u00e9e avec le soutien de la Communaut\u00e9 d&rsquo;Agglom\u00e9ration. Cette rencontre, qui s&rsquo;est d\u00e9roul\u00e9e le 25 avril dernier, a r\u00e9uni 70 participants \u00e0 l&rsquo;Espace Fran\u00e7ois-Mitterrand. Suite au succ\u00e8s remport\u00e9 par ce premier rendez-vous, une prochaine et seconde rencontre inter-r\u00e9seaux se tiendra jeudi 13 f\u00e9vrier au centre CAP France de La Bolle, de 19h \u00e0 22h30. Sous l&rsquo;\u00e9clairage de Christian Rataux, d&rsquo;un cabinet de conseil nanc\u00e9ien, cette soir\u00e9e, qui prendra la forme d&rsquo;un d\u00eener convivial, sera consacr\u00e9e \u00e0 l&rsquo;entreprise de demain. <\/span><\/span><\/p>\n<p><span style=\"font-family: Calibri, sans-serif;\"><span style=\"font-size: large;\">Diff\u00e9rents sujets seront abord\u00e9s en lien avec cette th\u00e9matique centrale, comme les difficult\u00e9s \u00e0 recruter; les nouvelles fa\u00e7ons de communiquer en entreprise; le d\u00e9veloppement des comp\u00e9tences des salari\u00e9s \u00e0 travers la formation; le d\u00e9veloppement d&rsquo;une intelligence collective dans l&rsquo;entreprise; le management interg\u00e9n\u00e9rationnel; le bonheur ou travail&#8230;L&rsquo;objectif \u00e9tant de soulever des pistes pour percevoir ce que l&rsquo;entreprise de demain, ce que l&rsquo;entreprise devra \u00eatre demain. Le tout en sachant que d&rsquo;autres soir\u00e9es de ce type sont envisag\u00e9es par l&rsquo;inter-r\u00e9seaux \u00e0 l&rsquo;avenir.<\/span><\/span><\/p>\n<p><span style=\"font-size: large;\"><span style=\"font-family: Calibri, sans-serif;\">Une participation de 27 euros est demand\u00e9e pour le repas et les boissons. R\u00e9servation obligatoire avec r\u00e8glement, car le nombre de places est limit\u00e9, via le lien suivant : <\/span><strong><a href=\"https:\/\/www.weezevent.com\/soiree-diner-rencontre-des-dirigeants\" target=\"_blank\" rel=\"noopener\"><span style=\"font-family: Calibri, sans-serif;\">https:\/\/www.weezevent.com\/soiree-diner-rencontre-des-dirigeants<\/span><\/a><\/strong><\/span><\/p>\n<p>J.J.<\/p>\n","protected":false},"excerpt":{"rendered":"<p>Un inter-r\u00e9seaux d&rsquo;entrepreneurs est n\u00e9 en D\u00e9odatie au d\u00e9but de l&rsquo;ann\u00e9e 2019, d&rsquo;un souhait des membres de diff\u00e9rents r\u00e9seaux professionnels [&hellip;]<\/p>\n","protected":false},"author":46,"featured_media":38928,"comment_status":"open","ping_status":"open","sticky":false,"template":"","format":"standard","meta":{"footnotes":""},"categories":[460,5,2915],"tags":[7768,7769,2984,7770,7771],"class_list":["post-38927","post","type-post","status-publish","format-standard","has-post-thumbnail","hentry","category-a-la-une","category-economie","category-saint-die-son-canton","tag-entreprise-de-demain","tag-inter-reseaux","tag-quartier-la-bolle","tag-relais-cap-france","tag-soiree-inter-reseaux"],"acf":[],"yoast_head":"<!-- This site is optimized with the Yoast SEO plugin v22.5 - https:\/\/yoast.com\/wordpress\/plugins\/seo\/ -->\n<title>Soir\u00e9e d\u00e9odatienne inter-r\u00e9seaux autour de l&#039;entreprise de demain - Saint Die Info<\/title>\n<meta name=\"robots\" content=\"index, follow, max-snippet:-1, max-image-preview:large, max-video-preview:-1\" \/>\n<link rel=\"canonical\" href=\"https:\/\/vosgesinfo.fr\/saintdieinfo\/2020\/01\/soiree-deodatienne-inter-reseaux-autour-de-lentreprise-de-demain\/\" \/>\n<meta name=\"twitter:card\" content=\"summary_large_image\" \/>\n<meta name=\"twitter:title\" content=\"Soir\u00e9e d\u00e9odatienne inter-r\u00e9seaux autour de l&#039;entreprise de demain - Saint Die Info\" \/>\n<meta name=\"twitter:description\" content=\"Un inter-r\u00e9seaux d&rsquo;entrepreneurs est n\u00e9 en D\u00e9odatie au d\u00e9but de l&rsquo;ann\u00e9e 2019, d&rsquo;un souhait des membres de diff\u00e9rents r\u00e9seaux professionnels [&hellip;]\" \/>\n<meta name=\"twitter:image\" content=\"https:\/\/vosgesinfo.fr\/app\/uploads\/sites\/4\/2024\/08\/202001soiree-inter-reseaux-pepiniere-entreprises.jpg\" \/>\n<meta name=\"twitter:creator\" content=\"@VosgesInfo88\" \/>\n<meta name=\"twitter:site\" content=\"@VosgesInfo88\" \/>\n<meta name=\"twitter:label1\" content=\"\u00c9crit par\" \/>\n\t<meta name=\"twitter:data1\" content=\"J.J.\" \/>\n\t<meta name=\"twitter:label2\" content=\"Dur\u00e9e de lecture estim\u00e9e\" \/>\n\t<meta name=\"twitter:data2\" content=\"2 minutes\" \/>\n<script type=\"application\/ld+json\" class=\"yoast-schema-graph\">{\"@context\":\"https:\/\/schema.org\",\"@graph\":[{\"@type\":\"Article\",\"@id\":\"https:\/\/vosgesinfo.fr\/saintdieinfo\/2020\/01\/soiree-deodatienne-inter-reseaux-autour-de-lentreprise-de-demain\/#article\",\"isPartOf\":{\"@id\":\"https:\/\/vosgesinfo.fr\/saintdieinfo\/2020\/01\/soiree-deodatienne-inter-reseaux-autour-de-lentreprise-de-demain\/\"},\"author\":{\"name\":\"J.J.\",\"@id\":\"https:\/\/vosgesinfo.fr\/saintdieinfo\/#\/schema\/person\/fa73e9f726d67bb88f46d5b7943cb572\"},\"headline\":\"Soir\u00e9e d\u00e9odatienne inter-r\u00e9seaux autour de l&rsquo;entreprise de demain\",\"datePublished\":\"2020-01-28T07:30:19+00:00\",\"dateModified\":\"2020-01-28T07:30:19+00:00\",\"mainEntityOfPage\":{\"@id\":\"https:\/\/vosgesinfo.fr\/saintdieinfo\/2020\/01\/soiree-deodatienne-inter-reseaux-autour-de-lentreprise-de-demain\/\"},\"wordCount\":348,\"commentCount\":0,\"publisher\":{\"@id\":\"https:\/\/vosgesinfo.fr\/saintdieinfo\/#organization\"},\"image\":{\"@id\":\"https:\/\/vosgesinfo.fr\/saintdieinfo\/2020\/01\/soiree-deodatienne-inter-reseaux-autour-de-lentreprise-de-demain\/#primaryimage\"},\"thumbnailUrl\":\"https:\/\/vosgesinfo.fr\/app\/uploads\/sites\/4\/2024\/08\/202001soiree-inter-reseaux-pepiniere-entreprises.jpg\",\"keywords\":[\"Entreprise de demain\",\"Inter-r\u00e9seaux\",\"Quartier La Bolle\",\"Relais CAP France\",\"Soir\u00e9e inter-r\u00e9seaux\"],\"articleSection\":[\"A la Une\",\"\u00c9conomie\",\"Saint-Di\u00e9-des-Vosges et son Agglom\u00e9ration\"],\"inLanguage\":\"fr-FR\",\"potentialAction\":[{\"@type\":\"CommentAction\",\"name\":\"Comment\",\"target\":[\"https:\/\/vosgesinfo.fr\/saintdieinfo\/2020\/01\/soiree-deodatienne-inter-reseaux-autour-de-lentreprise-de-demain\/#respond\"]}]},{\"@type\":\"WebPage\",\"@id\":\"https:\/\/vosgesinfo.fr\/saintdieinfo\/2020\/01\/soiree-deodatienne-inter-reseaux-autour-de-lentreprise-de-demain\/\",\"url\":\"https:\/\/vosgesinfo.fr\/saintdieinfo\/2020\/01\/soiree-deodatienne-inter-reseaux-autour-de-lentreprise-de-demain\/\",\"name\":\"Soir\u00e9e d\u00e9odatienne inter-r\u00e9seaux autour de l'entreprise de demain - Saint Die Info\",\"isPartOf\":{\"@id\":\"https:\/\/vosgesinfo.fr\/saintdieinfo\/#website\"},\"primaryImageOfPage\":{\"@id\":\"https:\/\/vosgesinfo.fr\/saintdieinfo\/2020\/01\/soiree-deodatienne-inter-reseaux-autour-de-lentreprise-de-demain\/#primaryimage\"},\"image\":{\"@id\":\"https:\/\/vosgesinfo.fr\/saintdieinfo\/2020\/01\/soiree-deodatienne-inter-reseaux-autour-de-lentreprise-de-demain\/#primaryimage\"},\"thumbnailUrl\":\"https:\/\/vosgesinfo.fr\/app\/uploads\/sites\/4\/2024\/08\/202001soiree-inter-reseaux-pepiniere-entreprises.jpg\",\"datePublished\":\"2020-01-28T07:30:19+00:00\",\"dateModified\":\"2020-01-28T07:30:19+00:00\",\"breadcrumb\":{\"@id\":\"https:\/\/vosgesinfo.fr\/saintdieinfo\/2020\/01\/soiree-deodatienne-inter-reseaux-autour-de-lentreprise-de-demain\/#breadcrumb\"},\"inLanguage\":\"fr-FR\",\"potentialAction\":[{\"@type\":\"ReadAction\",\"target\":[\"https:\/\/vosgesinfo.fr\/saintdieinfo\/2020\/01\/soiree-deodatienne-inter-reseaux-autour-de-lentreprise-de-demain\/\"]}]},{\"@type\":\"ImageObject\",\"inLanguage\":\"fr-FR\",\"@id\":\"https:\/\/vosgesinfo.fr\/saintdieinfo\/2020\/01\/soiree-deodatienne-inter-reseaux-autour-de-lentreprise-de-demain\/#primaryimage\",\"url\":\"https:\/\/vosgesinfo.fr\/app\/uploads\/sites\/4\/2024\/08\/202001soiree-inter-reseaux-pepiniere-entreprises.jpg\",\"contentUrl\":\"https:\/\/vosgesinfo.fr\/app\/uploads\/sites\/4\/2024\/08\/202001soiree-inter-reseaux-pepiniere-entreprises.jpg\",\"width\":1000,\"height\":750},{\"@type\":\"BreadcrumbList\",\"@id\":\"https:\/\/vosgesinfo.fr\/saintdieinfo\/2020\/01\/soiree-deodatienne-inter-reseaux-autour-de-lentreprise-de-demain\/#breadcrumb\",\"itemListElement\":[{\"@type\":\"ListItem\",\"position\":1,\"name\":\"Home\",\"item\":\"https:\/\/vosgesinfo.fr\/saintdieinfo\/\"},{\"@type\":\"ListItem\",\"position\":2,\"name\":\"Soir\u00e9e d\u00e9odatienne inter-r\u00e9seaux autour de l&rsquo;entreprise de demain\"}]},{\"@type\":\"WebSite\",\"@id\":\"https:\/\/vosgesinfo.fr\/saintdieinfo\/#website\",\"url\":\"https:\/\/vosgesinfo.fr\/saintdieinfo\/\",\"name\":\"Saint Die Info\",\"description\":\"Toute l&#039;actualit\u00e9 de Saint-Di\u00e9-Des-Vosges\",\"publisher\":{\"@id\":\"https:\/\/vosgesinfo.fr\/saintdieinfo\/#organization\"},\"alternateName\":\"Toute l'actualit\u00e9 de Saint-Di\u00e9-Des-Vosges\",\"potentialAction\":[{\"@type\":\"SearchAction\",\"target\":{\"@type\":\"EntryPoint\",\"urlTemplate\":\"https:\/\/vosgesinfo.fr\/saintdieinfo\/?s={search_term_string}\"},\"query-input\":\"required name=search_term_string\"}],\"inLanguage\":\"fr-FR\"},{\"@type\":\"Organization\",\"@id\":\"https:\/\/vosgesinfo.fr\/saintdieinfo\/#organization\",\"name\":\"Saint Die Info\",\"url\":\"https:\/\/vosgesinfo.fr\/saintdieinfo\/\",\"logo\":{\"@type\":\"ImageObject\",\"inLanguage\":\"fr-FR\",\"@id\":\"https:\/\/vosgesinfo.fr\/saintdieinfo\/#\/schema\/logo\/image\/\",\"url\":\"https:\/\/vosgesinfo.fr\/app\/uploads\/sites\/4\/2024\/02\/logo-sdi.jpg\",\"contentUrl\":\"https:\/\/vosgesinfo.fr\/app\/uploads\/sites\/4\/2024\/02\/logo-sdi.jpg\",\"width\":600,\"height\":600,\"caption\":\"Saint Die Info\"},\"image\":{\"@id\":\"https:\/\/vosgesinfo.fr\/saintdieinfo\/#\/schema\/logo\/image\/\"},\"sameAs\":[\"https:\/\/www.facebook.com\/Saintdieinfofr\",\"https:\/\/x.com\/VosgesInfo88\",\"https:\/\/www.youtube.com\/@vosgesinfo\"]},{\"@type\":\"Person\",\"@id\":\"https:\/\/vosgesinfo.fr\/saintdieinfo\/#\/schema\/person\/fa73e9f726d67bb88f46d5b7943cb572\",\"name\":\"J.J.\",\"image\":{\"@type\":\"ImageObject\",\"inLanguage\":\"fr-FR\",\"@id\":\"https:\/\/vosgesinfo.fr\/saintdieinfo\/#\/schema\/person\/image\/\",\"url\":\"https:\/\/secure.gravatar.com\/avatar\/219e749e47ffbcca018a360ae4add7d4cdf1cdaaf8bc7676b27efade3fe65615?s=96&d=mm&r=g\",\"contentUrl\":\"https:\/\/secure.gravatar.com\/avatar\/219e749e47ffbcca018a360ae4add7d4cdf1cdaaf8bc7676b27efade3fe65615?s=96&d=mm&r=g\",\"caption\":\"J.J.\"},\"url\":\"https:\/\/vosgesinfo.fr\/saintdieinfo\/author\/j-j\/\"}]}<\/script>\n<!-- \/ Yoast SEO plugin. -->","yoast_head_json":{"title":"Soir\u00e9e d\u00e9odatienne inter-r\u00e9seaux autour de l'entreprise de demain - Saint Die Info","robots":{"index":"index","follow":"follow","max-snippet":"max-snippet:-1","max-image-preview":"max-image-preview:large","max-video-preview":"max-video-preview:-1"},"canonical":"https:\/\/vosgesinfo.fr\/saintdieinfo\/2020\/01\/soiree-deodatienne-inter-reseaux-autour-de-lentreprise-de-demain\/","twitter_card":"summary_large_image","twitter_title":"Soir\u00e9e d\u00e9odatienne inter-r\u00e9seaux autour de l'entreprise de demain - Saint Die Info","twitter_description":"Un inter-r\u00e9seaux d&rsquo;entrepreneurs est n\u00e9 en D\u00e9odatie au d\u00e9but de l&rsquo;ann\u00e9e 2019, d&rsquo;un souhait des membres de diff\u00e9rents r\u00e9seaux professionnels [&hellip;]","twitter_image":"https:\/\/vosgesinfo.fr\/app\/uploads\/sites\/4\/2024\/08\/202001soiree-inter-reseaux-pepiniere-entreprises.jpg","twitter_creator":"@VosgesInfo88","twitter_site":"@VosgesInfo88","twitter_misc":{"\u00c9crit par":"J.J.","Dur\u00e9e de lecture estim\u00e9e":"2 minutes"},"schema":{"@context":"https:\/\/schema.org","@graph":[{"@type":"Article","@id":"https:\/\/vosgesinfo.fr\/saintdieinfo\/2020\/01\/soiree-deodatienne-inter-reseaux-autour-de-lentreprise-de-demain\/#article","isPartOf":{"@id":"https:\/\/vosgesinfo.fr\/saintdieinfo\/2020\/01\/soiree-deodatienne-inter-reseaux-autour-de-lentreprise-de-demain\/"},"author":{"name":"J.J.","@id":"https:\/\/vosgesinfo.fr\/saintdieinfo\/#\/schema\/person\/fa73e9f726d67bb88f46d5b7943cb572"},"headline":"Soir\u00e9e d\u00e9odatienne inter-r\u00e9seaux autour de l&rsquo;entreprise de demain","datePublished":"2020-01-28T07:30:19+00:00","dateModified":"2020-01-28T07:30:19+00:00","mainEntityOfPage":{"@id":"https:\/\/vosgesinfo.fr\/saintdieinfo\/2020\/01\/soiree-deodatienne-inter-reseaux-autour-de-lentreprise-de-demain\/"},"wordCount":348,"commentCount":0,"publisher":{"@id":"https:\/\/vosgesinfo.fr\/saintdieinfo\/#organization"},"image":{"@id":"https:\/\/vosgesinfo.fr\/saintdieinfo\/2020\/01\/soiree-deodatienne-inter-reseaux-autour-de-lentreprise-de-demain\/#primaryimage"},"thumbnailUrl":"https:\/\/vosgesinfo.fr\/app\/uploads\/sites\/4\/2024\/08\/202001soiree-inter-reseaux-pepiniere-entreprises.jpg","keywords":["Entreprise de demain","Inter-r\u00e9seaux","Quartier La Bolle","Relais CAP France","Soir\u00e9e inter-r\u00e9seaux"],"articleSection":["A la Une","\u00c9conomie","Saint-Di\u00e9-des-Vosges et son Agglom\u00e9ration"],"inLanguage":"fr-FR","potentialAction":[{"@type":"CommentAction","name":"Comment","target":["https:\/\/vosgesinfo.fr\/saintdieinfo\/2020\/01\/soiree-deodatienne-inter-reseaux-autour-de-lentreprise-de-demain\/#respond"]}]},{"@type":"WebPage","@id":"https:\/\/vosgesinfo.fr\/saintdieinfo\/2020\/01\/soiree-deodatienne-inter-reseaux-autour-de-lentreprise-de-demain\/","url":"https:\/\/vosgesinfo.fr\/saintdieinfo\/2020\/01\/soiree-deodatienne-inter-reseaux-autour-de-lentreprise-de-demain\/","name":"Soir\u00e9e d\u00e9odatienne inter-r\u00e9seaux autour de l'entreprise de demain - Saint Die Info","isPartOf":{"@id":"https:\/\/vosgesinfo.fr\/saintdieinfo\/#website"},"primaryImageOfPage":{"@id":"https:\/\/vosgesinfo.fr\/saintdieinfo\/2020\/01\/soiree-deodatienne-inter-reseaux-autour-de-lentreprise-de-demain\/#primaryimage"},"image":{"@id":"https:\/\/vosgesinfo.fr\/saintdieinfo\/2020\/01\/soiree-deodatienne-inter-reseaux-autour-de-lentreprise-de-demain\/#primaryimage"},"thumbnailUrl":"https:\/\/vosgesinfo.fr\/app\/uploads\/sites\/4\/2024\/08\/202001soiree-inter-reseaux-pepiniere-entreprises.jpg","datePublished":"2020-01-28T07:30:19+00:00","dateModified":"2020-01-28T07:30:19+00:00","breadcrumb":{"@id":"https:\/\/vosgesinfo.fr\/saintdieinfo\/2020\/01\/soiree-deodatienne-inter-reseaux-autour-de-lentreprise-de-demain\/#breadcrumb"},"inLanguage":"fr-FR","potentialAction":[{"@type":"ReadAction","target":["https:\/\/vosgesinfo.fr\/saintdieinfo\/2020\/01\/soiree-deodatienne-inter-reseaux-autour-de-lentreprise-de-demain\/"]}]},{"@type":"ImageObject","inLanguage":"fr-FR","@id":"https:\/\/vosgesinfo.fr\/saintdieinfo\/2020\/01\/soiree-deodatienne-inter-reseaux-autour-de-lentreprise-de-demain\/#primaryimage","url":"https:\/\/vosgesinfo.fr\/app\/uploads\/sites\/4\/2024\/08\/202001soiree-inter-reseaux-pepiniere-entreprises.jpg","contentUrl":"https:\/\/vosgesinfo.fr\/app\/uploads\/sites\/4\/2024\/08\/202001soiree-inter-reseaux-pepiniere-entreprises.jpg","width":1000,"height":750},{"@type":"BreadcrumbList","@id":"https:\/\/vosgesinfo.fr\/saintdieinfo\/2020\/01\/soiree-deodatienne-inter-reseaux-autour-de-lentreprise-de-demain\/#breadcrumb","itemListElement":[{"@type":"ListItem","position":1,"name":"Home","item":"https:\/\/vosgesinfo.fr\/saintdieinfo\/"},{"@type":"ListItem","position":2,"name":"Soir\u00e9e d\u00e9odatienne inter-r\u00e9seaux autour de l&rsquo;entreprise de demain"}]},{"@type":"WebSite","@id":"https:\/\/vosgesinfo.fr\/saintdieinfo\/#website","url":"https:\/\/vosgesinfo.fr\/saintdieinfo\/","name":"Saint Die Info","description":"Toute l&#039;actualit\u00e9 de Saint-Di\u00e9-Des-Vosges","publisher":{"@id":"https:\/\/vosgesinfo.fr\/saintdieinfo\/#organization"},"alternateName":"Toute l'actualit\u00e9 de Saint-Di\u00e9-Des-Vosges","potentialAction":[{"@type":"SearchAction","target":{"@type":"EntryPoint","urlTemplate":"https:\/\/vosgesinfo.fr\/saintdieinfo\/?s={search_term_string}"},"query-input":"required name=search_term_string"}],"inLanguage":"fr-FR"},{"@type":"Organization","@id":"https:\/\/vosgesinfo.fr\/saintdieinfo\/#organization","name":"Saint Die Info","url":"https:\/\/vosgesinfo.fr\/saintdieinfo\/","logo":{"@type":"ImageObject","inLanguage":"fr-FR","@id":"https:\/\/vosgesinfo.fr\/saintdieinfo\/#\/schema\/logo\/image\/","url":"https:\/\/vosgesinfo.fr\/app\/uploads\/sites\/4\/2024\/02\/logo-sdi.jpg","contentUrl":"https:\/\/vosgesinfo.fr\/app\/uploads\/sites\/4\/2024\/02\/logo-sdi.jpg","width":600,"height":600,"caption":"Saint Die Info"},"image":{"@id":"https:\/\/vosgesinfo.fr\/saintdieinfo\/#\/schema\/logo\/image\/"},"sameAs":["https:\/\/www.facebook.com\/Saintdieinfofr","https:\/\/x.com\/VosgesInfo88","https:\/\/www.youtube.com\/@vosgesinfo"]},{"@type":"Person","@id":"https:\/\/vosgesinfo.fr\/saintdieinfo\/#\/schema\/person\/fa73e9f726d67bb88f46d5b7943cb572","name":"J.J.","image":{"@type":"ImageObject","inLanguage":"fr-FR","@id":"https:\/\/vosgesinfo.fr\/saintdieinfo\/#\/schema\/person\/image\/","url":"https:\/\/secure.gravatar.com\/avatar\/219e749e47ffbcca018a360ae4add7d4cdf1cdaaf8bc7676b27efade3fe65615?s=96&d=mm&r=g","contentUrl":"https:\/\/secure.gravatar.com\/avatar\/219e749e47ffbcca018a360ae4add7d4cdf1cdaaf8bc7676b27efade3fe65615?s=96&d=mm&r=g","caption":"J.J."},"url":"https:\/\/vosgesinfo.fr\/saintdieinfo\/author\/j-j\/"}]}},"_links":{"self":[{"href":"https:\/\/vosgesinfo.fr\/saintdieinfo\/wp-json\/wp\/v2\/posts\/38927","targetHints":{"allow":["GET"]}}],"collection":[{"href":"https:\/\/vosgesinfo.fr\/saintdieinfo\/wp-json\/wp\/v2\/posts"}],"about":[{"href":"https:\/\/vosgesinfo.fr\/saintdieinfo\/wp-json\/wp\/v2\/types\/post"}],"author":[{"embeddable":true,"href":"https:\/\/vosgesinfo.fr\/saintdieinfo\/wp-json\/wp\/v2\/users\/46"}],"replies":[{"embeddable":true,"href":"https:\/\/vosgesinfo.fr\/saintdieinfo\/wp-json\/wp\/v2\/comments?post=38927"}],"version-history":[{"count":0,"href":"https:\/\/vosgesinfo.fr\/saintdieinfo\/wp-json\/wp\/v2\/posts\/38927\/revisions"}],"wp:featuredmedia":[{"embeddable":true,"href":"https:\/\/vosgesinfo.fr\/saintdieinfo\/wp-json\/wp\/v2\/media\/38928"}],"wp:attachment":[{"href":"https:\/\/vosgesinfo.fr\/saintdieinfo\/wp-json\/wp\/v2\/media?parent=38927"}],"wp:term":[{"taxonomy":"category","embeddable":true,"href":"https:\/\/vosgesinfo.fr\/saintdieinfo\/wp-json\/wp\/v2\/categories?post=38927"},{"taxonomy":"post_tag","embeddable":true,"href":"https:\/\/vosgesinfo.fr\/saintdieinfo\/wp-json\/wp\/v2\/tags?post=38927"}],"curies":[{"name":"wp","href":"https:\/\/api.w.org\/{rel}","templated":true}]}}