{"id":38931,"date":"2020-01-28T07:45:26","date_gmt":"2020-01-28T06:45:26","guid":{"rendered":"https:\/\/vosgesinfo.fr\/saintdieinfo\/2020\/01\/lorchestre-symphonique-de-saint-die-vosges-presente-festivopera\/"},"modified":"2020-01-28T07:45:26","modified_gmt":"2020-01-28T06:45:26","slug":"lorchestre-symphonique-de-saint-die-vosges-presente-festivopera","status":"publish","type":"post","link":"https:\/\/vosgesinfo.fr\/saintdieinfo\/2020\/01\/lorchestre-symphonique-de-saint-die-vosges-presente-festivopera\/","title":{"rendered":"L&rsquo;Orchestre Symphonique de Saint-Di\u00e9-des-Vosges pr\u00e9sente Festiv&rsquo;Op\u00e9ra"},"content":{"rendered":"<div id=\"attachment_155383\" style=\"width: 970px\" class=\"wp-caption aligncenter\"><a href=\"\/2020\/01\/FestivOp\u00e9ra-3.jpg\" target=\"_blank\" rel=\"noopener\"><img decoding=\"async\" aria-describedby=\"caption-attachment-155383\" class=\"wp-image-155383 size-large\" src=\"\/2020\/01\/FestivOp\u00e9ra-3-1024x768.jpg\" alt=\"Festiv'Op\u00e9ra (3)\" width=\"960\" height=\"720\" \/><\/a><p id=\"caption-attachment-155383\" class=\"wp-caption-text\">L&rsquo;une des r\u00e9p\u00e9tions de Festiv&rsquo;Op\u00e9ra. (Cr\u00e9dits photographiques Orchestre+)<\/p><\/div>\n<h2><strong><span style=\"font-family: Calibri, sans-serif;\"><span style=\"font-size: large;\">Apr\u00e8s une premi\u00e8re repr\u00e9sentation dimanche dernier au Centre Culturel de Remiremont, l&rsquo;Orchestre Symphonique de Saint-Di\u00e9-des-Vosges pr\u00e9sentera prochainement \u00ab\u00a0Festiv&rsquo;Op\u00e9ra\u00a0\u00bb \u00e0 l&rsquo;Espace Georges-Sadoul, samedi 8 f\u00e9vrier \u00e0 20h30 et dimanche 9 f\u00e9vrier \u00e0 16h.<\/span><\/span><\/strong><\/h2>\n<p><!--more--><\/p>\n<p><span style=\"font-family: Calibri, sans-serif;\"><span style=\"font-size: large;\">N&rsquo;ayant pas souhait\u00e9 se contenter d&rsquo;un seul chef-d&rsquo;oeuvre, la cinquantaine de musiciens dirig\u00e9s par le chef d&rsquo;orchestre David Hurpeau rendront hommage \u00e0 Verdi, Rossini, Bizet, quelques autres compositeurs d&rsquo;op\u00e9ras, et ce tout en interpr\u00e9tant la cr\u00e9ation du compositeur allemand Giordano Bruno Do Nascimiento. Une cr\u00e9ation des plus contemporaines, compos\u00e9e d&rsquo;apr\u00e8s un po\u00e8me de Yvan Goll&#8230; sachant que les 2 repr\u00e9sentations d\u00e9odatiennes seront jou\u00e9es au sein de la salle baptis\u00e9e du nom du po\u00e8te et \u00e9crivain d\u00e9odatien.<\/span><\/span><\/p>\n<p><span style=\"font-family: Calibri, sans-serif;\"><span style=\"font-size: large;\">Et qui dit op\u00e9ra dit musique, mais aussi chant. La soprano Nad\u00e8ge Meden et la mezzo-soprano Laeticia Geopfert seront donc les prestigieuses invit\u00e9es de l&rsquo;Orchestre Symphonique. Elles incarneront les grandes figures de l&rsquo;op\u00e9ra \u00e0 travers leurs voix tr\u00e8s diff\u00e9rentes et tr\u00e8s expressives. Pour sa part, Elsa Epis a quant \u00e0 elle imagin\u00e9, \u00e9crit et mis en sc\u00e8ne le fil conducteur qui assurera le lien entre les chefs-d&rsquo;oeuvre pr\u00e9sent\u00e9s les 8 et 9 f\u00e9vrier prochains.<\/span><\/span><\/p>\n<p><span style=\"font-family: Calibri, sans-serif;\"><span style=\"font-size: large;\">Et comme pour chaque concert propos\u00e9 par Orchestre+, qui rassemble en son sein les Orchestres Symphonique et d&rsquo;Harmonie, l&rsquo;entr\u00e9e aux repr\u00e9sentations de Festiv&rsquo;Op\u00e9ra est gratuite avec une libre participation du public. Une r\u00e9servation pr\u00e9alable est n\u00e9anmoins fortement conseill\u00e9e, aupr\u00e8s de la billetterie de l&rsquo;Espace Georges-Sadoul, au 26-28 quai Sadi-Carnot, ou par t\u00e9l\u00e9phone au <strong>03-29-56-14-09.<\/strong><\/span><\/span><\/p>\n<p>J.J.<\/p>\n\n\n","protected":false},"excerpt":{"rendered":"<p>Apr\u00e8s une premi\u00e8re repr\u00e9sentation dimanche dernier au Centre Culturel de Remiremont, l&rsquo;Orchestre Symphonique de Saint-Di\u00e9-des-Vosges pr\u00e9sentera prochainement \u00ab\u00a0Festiv&rsquo;Op\u00e9ra\u00a0\u00bb \u00e0 l&rsquo;Espace [&hellip;]<\/p>\n","protected":false},"author":46,"featured_media":38932,"comment_status":"open","ping_status":"open","sticky":false,"template":"","format":"standard","meta":{"footnotes":""},"categories":[460,2915],"tags":[3559,7774,7775,7776,7777,7778,3696,3697],"class_list":["post-38931","post","type-post","status-publish","format-standard","has-post-thumbnail","hentry","category-a-la-une","category-saint-die-son-canton","tag-espace-georges-sadoul","tag-festivopera","tag-giordano-do-nascimiento","tag-laeticia-geopfert","tag-nadege-meden","tag-opera","tag-orchestre-symphonique-de-saint-die-des-vosges","tag-orchestre"],"acf":[],"yoast_head":"<!-- This site is optimized with the Yoast SEO plugin v22.5 - https:\/\/yoast.com\/wordpress\/plugins\/seo\/ -->\n<title>L&#039;Orchestre Symphonique de Saint-Di\u00e9-des-Vosges pr\u00e9sente Festiv&#039;Op\u00e9ra - Saint Die Info<\/title>\n<meta name=\"robots\" content=\"index, follow, max-snippet:-1, max-image-preview:large, max-video-preview:-1\" \/>\n<link rel=\"canonical\" href=\"https:\/\/vosgesinfo.fr\/saintdieinfo\/2020\/01\/lorchestre-symphonique-de-saint-die-vosges-presente-festivopera\/\" \/>\n<meta name=\"twitter:card\" content=\"summary_large_image\" \/>\n<meta name=\"twitter:title\" content=\"L&#039;Orchestre Symphonique de Saint-Di\u00e9-des-Vosges pr\u00e9sente Festiv&#039;Op\u00e9ra - Saint Die Info\" \/>\n<meta name=\"twitter:description\" content=\"Apr\u00e8s une premi\u00e8re repr\u00e9sentation dimanche dernier au Centre Culturel de Remiremont, l&rsquo;Orchestre Symphonique de Saint-Di\u00e9-des-Vosges pr\u00e9sentera prochainement \u00ab\u00a0Festiv&rsquo;Op\u00e9ra\u00a0\u00bb \u00e0 l&rsquo;Espace [&hellip;]\" \/>\n<meta name=\"twitter:image\" content=\"https:\/\/vosgesinfo.fr\/app\/uploads\/sites\/4\/2024\/08\/202001festivopera-3.jpg\" \/>\n<meta name=\"twitter:creator\" content=\"@VosgesInfo88\" \/>\n<meta name=\"twitter:site\" content=\"@VosgesInfo88\" \/>\n<meta name=\"twitter:label1\" content=\"\u00c9crit par\" \/>\n\t<meta name=\"twitter:data1\" content=\"J.J.\" \/>\n\t<meta name=\"twitter:label2\" content=\"Dur\u00e9e de lecture estim\u00e9e\" \/>\n\t<meta name=\"twitter:data2\" content=\"2 minutes\" \/>\n<script type=\"application\/ld+json\" class=\"yoast-schema-graph\">{\"@context\":\"https:\/\/schema.org\",\"@graph\":[{\"@type\":\"Article\",\"@id\":\"https:\/\/vosgesinfo.fr\/saintdieinfo\/2020\/01\/lorchestre-symphonique-de-saint-die-vosges-presente-festivopera\/#article\",\"isPartOf\":{\"@id\":\"https:\/\/vosgesinfo.fr\/saintdieinfo\/2020\/01\/lorchestre-symphonique-de-saint-die-vosges-presente-festivopera\/\"},\"author\":{\"name\":\"J.J.\",\"@id\":\"https:\/\/vosgesinfo.fr\/saintdieinfo\/#\/schema\/person\/fa73e9f726d67bb88f46d5b7943cb572\"},\"headline\":\"L&rsquo;Orchestre Symphonique de Saint-Di\u00e9-des-Vosges pr\u00e9sente Festiv&rsquo;Op\u00e9ra\",\"datePublished\":\"2020-01-28T06:45:26+00:00\",\"dateModified\":\"2020-01-28T06:45:26+00:00\",\"mainEntityOfPage\":{\"@id\":\"https:\/\/vosgesinfo.fr\/saintdieinfo\/2020\/01\/lorchestre-symphonique-de-saint-die-vosges-presente-festivopera\/\"},\"wordCount\":333,\"commentCount\":0,\"publisher\":{\"@id\":\"https:\/\/vosgesinfo.fr\/saintdieinfo\/#organization\"},\"image\":{\"@id\":\"https:\/\/vosgesinfo.fr\/saintdieinfo\/2020\/01\/lorchestre-symphonique-de-saint-die-vosges-presente-festivopera\/#primaryimage\"},\"thumbnailUrl\":\"https:\/\/vosgesinfo.fr\/app\/uploads\/sites\/4\/2024\/08\/202001festivopera-3.jpg\",\"keywords\":[\"Espace Georges-Sadoul\",\"Festiv'Op\u00e9ra\",\"Giordano Do Nascimiento\",\"Laeticia Geopfert\",\"Nad\u00e8ge Meden\",\"Op\u00e9ra\",\"Orchestre Symphonique de Saint-Di\u00e9-des-Vosges\",\"Orchestre+\"],\"articleSection\":[\"A la Une\",\"Saint-Di\u00e9-des-Vosges et son Agglom\u00e9ration\"],\"inLanguage\":\"fr-FR\",\"potentialAction\":[{\"@type\":\"CommentAction\",\"name\":\"Comment\",\"target\":[\"https:\/\/vosgesinfo.fr\/saintdieinfo\/2020\/01\/lorchestre-symphonique-de-saint-die-vosges-presente-festivopera\/#respond\"]}]},{\"@type\":\"WebPage\",\"@id\":\"https:\/\/vosgesinfo.fr\/saintdieinfo\/2020\/01\/lorchestre-symphonique-de-saint-die-vosges-presente-festivopera\/\",\"url\":\"https:\/\/vosgesinfo.fr\/saintdieinfo\/2020\/01\/lorchestre-symphonique-de-saint-die-vosges-presente-festivopera\/\",\"name\":\"L'Orchestre Symphonique de Saint-Di\u00e9-des-Vosges pr\u00e9sente Festiv'Op\u00e9ra - Saint Die Info\",\"isPartOf\":{\"@id\":\"https:\/\/vosgesinfo.fr\/saintdieinfo\/#website\"},\"primaryImageOfPage\":{\"@id\":\"https:\/\/vosgesinfo.fr\/saintdieinfo\/2020\/01\/lorchestre-symphonique-de-saint-die-vosges-presente-festivopera\/#primaryimage\"},\"image\":{\"@id\":\"https:\/\/vosgesinfo.fr\/saintdieinfo\/2020\/01\/lorchestre-symphonique-de-saint-die-vosges-presente-festivopera\/#primaryimage\"},\"thumbnailUrl\":\"https:\/\/vosgesinfo.fr\/app\/uploads\/sites\/4\/2024\/08\/202001festivopera-3.jpg\",\"datePublished\":\"2020-01-28T06:45:26+00:00\",\"dateModified\":\"2020-01-28T06:45:26+00:00\",\"breadcrumb\":{\"@id\":\"https:\/\/vosgesinfo.fr\/saintdieinfo\/2020\/01\/lorchestre-symphonique-de-saint-die-vosges-presente-festivopera\/#breadcrumb\"},\"inLanguage\":\"fr-FR\",\"potentialAction\":[{\"@type\":\"ReadAction\",\"target\":[\"https:\/\/vosgesinfo.fr\/saintdieinfo\/2020\/01\/lorchestre-symphonique-de-saint-die-vosges-presente-festivopera\/\"]}]},{\"@type\":\"ImageObject\",\"inLanguage\":\"fr-FR\",\"@id\":\"https:\/\/vosgesinfo.fr\/saintdieinfo\/2020\/01\/lorchestre-symphonique-de-saint-die-vosges-presente-festivopera\/#primaryimage\",\"url\":\"https:\/\/vosgesinfo.fr\/app\/uploads\/sites\/4\/2024\/08\/202001festivopera-3.jpg\",\"contentUrl\":\"https:\/\/vosgesinfo.fr\/app\/uploads\/sites\/4\/2024\/08\/202001festivopera-3.jpg\",\"width\":2048,\"height\":1536},{\"@type\":\"BreadcrumbList\",\"@id\":\"https:\/\/vosgesinfo.fr\/saintdieinfo\/2020\/01\/lorchestre-symphonique-de-saint-die-vosges-presente-festivopera\/#breadcrumb\",\"itemListElement\":[{\"@type\":\"ListItem\",\"position\":1,\"name\":\"Home\",\"item\":\"https:\/\/vosgesinfo.fr\/saintdieinfo\/\"},{\"@type\":\"ListItem\",\"position\":2,\"name\":\"L&rsquo;Orchestre Symphonique de Saint-Di\u00e9-des-Vosges pr\u00e9sente Festiv&rsquo;Op\u00e9ra\"}]},{\"@type\":\"WebSite\",\"@id\":\"https:\/\/vosgesinfo.fr\/saintdieinfo\/#website\",\"url\":\"https:\/\/vosgesinfo.fr\/saintdieinfo\/\",\"name\":\"Saint Die Info\",\"description\":\"Toute l&#039;actualit\u00e9 de Saint-Di\u00e9-Des-Vosges\",\"publisher\":{\"@id\":\"https:\/\/vosgesinfo.fr\/saintdieinfo\/#organization\"},\"alternateName\":\"Toute l'actualit\u00e9 de Saint-Di\u00e9-Des-Vosges\",\"potentialAction\":[{\"@type\":\"SearchAction\",\"target\":{\"@type\":\"EntryPoint\",\"urlTemplate\":\"https:\/\/vosgesinfo.fr\/saintdieinfo\/?s={search_term_string}\"},\"query-input\":\"required name=search_term_string\"}],\"inLanguage\":\"fr-FR\"},{\"@type\":\"Organization\",\"@id\":\"https:\/\/vosgesinfo.fr\/saintdieinfo\/#organization\",\"name\":\"Saint Die Info\",\"url\":\"https:\/\/vosgesinfo.fr\/saintdieinfo\/\",\"logo\":{\"@type\":\"ImageObject\",\"inLanguage\":\"fr-FR\",\"@id\":\"https:\/\/vosgesinfo.fr\/saintdieinfo\/#\/schema\/logo\/image\/\",\"url\":\"https:\/\/vosgesinfo.fr\/app\/uploads\/sites\/4\/2024\/02\/logo-sdi.jpg\",\"contentUrl\":\"https:\/\/vosgesinfo.fr\/app\/uploads\/sites\/4\/2024\/02\/logo-sdi.jpg\",\"width\":600,\"height\":600,\"caption\":\"Saint Die Info\"},\"image\":{\"@id\":\"https:\/\/vosgesinfo.fr\/saintdieinfo\/#\/schema\/logo\/image\/\"},\"sameAs\":[\"https:\/\/www.facebook.com\/Saintdieinfofr\",\"https:\/\/x.com\/VosgesInfo88\",\"https:\/\/www.youtube.com\/@vosgesinfo\"]},{\"@type\":\"Person\",\"@id\":\"https:\/\/vosgesinfo.fr\/saintdieinfo\/#\/schema\/person\/fa73e9f726d67bb88f46d5b7943cb572\",\"name\":\"J.J.\",\"image\":{\"@type\":\"ImageObject\",\"inLanguage\":\"fr-FR\",\"@id\":\"https:\/\/vosgesinfo.fr\/saintdieinfo\/#\/schema\/person\/image\/\",\"url\":\"https:\/\/secure.gravatar.com\/avatar\/219e749e47ffbcca018a360ae4add7d4cdf1cdaaf8bc7676b27efade3fe65615?s=96&d=mm&r=g\",\"contentUrl\":\"https:\/\/secure.gravatar.com\/avatar\/219e749e47ffbcca018a360ae4add7d4cdf1cdaaf8bc7676b27efade3fe65615?s=96&d=mm&r=g\",\"caption\":\"J.J.\"},\"url\":\"https:\/\/vosgesinfo.fr\/saintdieinfo\/author\/j-j\/\"}]}<\/script>\n<!-- \/ Yoast SEO plugin. -->","yoast_head_json":{"title":"L'Orchestre Symphonique de Saint-Di\u00e9-des-Vosges pr\u00e9sente Festiv'Op\u00e9ra - Saint Die Info","robots":{"index":"index","follow":"follow","max-snippet":"max-snippet:-1","max-image-preview":"max-image-preview:large","max-video-preview":"max-video-preview:-1"},"canonical":"https:\/\/vosgesinfo.fr\/saintdieinfo\/2020\/01\/lorchestre-symphonique-de-saint-die-vosges-presente-festivopera\/","twitter_card":"summary_large_image","twitter_title":"L'Orchestre Symphonique de Saint-Di\u00e9-des-Vosges pr\u00e9sente Festiv'Op\u00e9ra - Saint Die Info","twitter_description":"Apr\u00e8s une premi\u00e8re repr\u00e9sentation dimanche dernier au Centre Culturel de Remiremont, l&rsquo;Orchestre Symphonique de Saint-Di\u00e9-des-Vosges pr\u00e9sentera prochainement \u00ab\u00a0Festiv&rsquo;Op\u00e9ra\u00a0\u00bb \u00e0 l&rsquo;Espace [&hellip;]","twitter_image":"https:\/\/vosgesinfo.fr\/app\/uploads\/sites\/4\/2024\/08\/202001festivopera-3.jpg","twitter_creator":"@VosgesInfo88","twitter_site":"@VosgesInfo88","twitter_misc":{"\u00c9crit par":"J.J.","Dur\u00e9e de lecture estim\u00e9e":"2 minutes"},"schema":{"@context":"https:\/\/schema.org","@graph":[{"@type":"Article","@id":"https:\/\/vosgesinfo.fr\/saintdieinfo\/2020\/01\/lorchestre-symphonique-de-saint-die-vosges-presente-festivopera\/#article","isPartOf":{"@id":"https:\/\/vosgesinfo.fr\/saintdieinfo\/2020\/01\/lorchestre-symphonique-de-saint-die-vosges-presente-festivopera\/"},"author":{"name":"J.J.","@id":"https:\/\/vosgesinfo.fr\/saintdieinfo\/#\/schema\/person\/fa73e9f726d67bb88f46d5b7943cb572"},"headline":"L&rsquo;Orchestre Symphonique de Saint-Di\u00e9-des-Vosges pr\u00e9sente Festiv&rsquo;Op\u00e9ra","datePublished":"2020-01-28T06:45:26+00:00","dateModified":"2020-01-28T06:45:26+00:00","mainEntityOfPage":{"@id":"https:\/\/vosgesinfo.fr\/saintdieinfo\/2020\/01\/lorchestre-symphonique-de-saint-die-vosges-presente-festivopera\/"},"wordCount":333,"commentCount":0,"publisher":{"@id":"https:\/\/vosgesinfo.fr\/saintdieinfo\/#organization"},"image":{"@id":"https:\/\/vosgesinfo.fr\/saintdieinfo\/2020\/01\/lorchestre-symphonique-de-saint-die-vosges-presente-festivopera\/#primaryimage"},"thumbnailUrl":"https:\/\/vosgesinfo.fr\/app\/uploads\/sites\/4\/2024\/08\/202001festivopera-3.jpg","keywords":["Espace Georges-Sadoul","Festiv'Op\u00e9ra","Giordano Do Nascimiento","Laeticia Geopfert","Nad\u00e8ge Meden","Op\u00e9ra","Orchestre Symphonique de Saint-Di\u00e9-des-Vosges","Orchestre+"],"articleSection":["A la Une","Saint-Di\u00e9-des-Vosges et son Agglom\u00e9ration"],"inLanguage":"fr-FR","potentialAction":[{"@type":"CommentAction","name":"Comment","target":["https:\/\/vosgesinfo.fr\/saintdieinfo\/2020\/01\/lorchestre-symphonique-de-saint-die-vosges-presente-festivopera\/#respond"]}]},{"@type":"WebPage","@id":"https:\/\/vosgesinfo.fr\/saintdieinfo\/2020\/01\/lorchestre-symphonique-de-saint-die-vosges-presente-festivopera\/","url":"https:\/\/vosgesinfo.fr\/saintdieinfo\/2020\/01\/lorchestre-symphonique-de-saint-die-vosges-presente-festivopera\/","name":"L'Orchestre Symphonique de Saint-Di\u00e9-des-Vosges pr\u00e9sente Festiv'Op\u00e9ra - Saint Die Info","isPartOf":{"@id":"https:\/\/vosgesinfo.fr\/saintdieinfo\/#website"},"primaryImageOfPage":{"@id":"https:\/\/vosgesinfo.fr\/saintdieinfo\/2020\/01\/lorchestre-symphonique-de-saint-die-vosges-presente-festivopera\/#primaryimage"},"image":{"@id":"https:\/\/vosgesinfo.fr\/saintdieinfo\/2020\/01\/lorchestre-symphonique-de-saint-die-vosges-presente-festivopera\/#primaryimage"},"thumbnailUrl":"https:\/\/vosgesinfo.fr\/app\/uploads\/sites\/4\/2024\/08\/202001festivopera-3.jpg","datePublished":"2020-01-28T06:45:26+00:00","dateModified":"2020-01-28T06:45:26+00:00","breadcrumb":{"@id":"https:\/\/vosgesinfo.fr\/saintdieinfo\/2020\/01\/lorchestre-symphonique-de-saint-die-vosges-presente-festivopera\/#breadcrumb"},"inLanguage":"fr-FR","potentialAction":[{"@type":"ReadAction","target":["https:\/\/vosgesinfo.fr\/saintdieinfo\/2020\/01\/lorchestre-symphonique-de-saint-die-vosges-presente-festivopera\/"]}]},{"@type":"ImageObject","inLanguage":"fr-FR","@id":"https:\/\/vosgesinfo.fr\/saintdieinfo\/2020\/01\/lorchestre-symphonique-de-saint-die-vosges-presente-festivopera\/#primaryimage","url":"https:\/\/vosgesinfo.fr\/app\/uploads\/sites\/4\/2024\/08\/202001festivopera-3.jpg","contentUrl":"https:\/\/vosgesinfo.fr\/app\/uploads\/sites\/4\/2024\/08\/202001festivopera-3.jpg","width":2048,"height":1536},{"@type":"BreadcrumbList","@id":"https:\/\/vosgesinfo.fr\/saintdieinfo\/2020\/01\/lorchestre-symphonique-de-saint-die-vosges-presente-festivopera\/#breadcrumb","itemListElement":[{"@type":"ListItem","position":1,"name":"Home","item":"https:\/\/vosgesinfo.fr\/saintdieinfo\/"},{"@type":"ListItem","position":2,"name":"L&rsquo;Orchestre Symphonique de Saint-Di\u00e9-des-Vosges pr\u00e9sente Festiv&rsquo;Op\u00e9ra"}]},{"@type":"WebSite","@id":"https:\/\/vosgesinfo.fr\/saintdieinfo\/#website","url":"https:\/\/vosgesinfo.fr\/saintdieinfo\/","name":"Saint Die Info","description":"Toute l&#039;actualit\u00e9 de Saint-Di\u00e9-Des-Vosges","publisher":{"@id":"https:\/\/vosgesinfo.fr\/saintdieinfo\/#organization"},"alternateName":"Toute l'actualit\u00e9 de Saint-Di\u00e9-Des-Vosges","potentialAction":[{"@type":"SearchAction","target":{"@type":"EntryPoint","urlTemplate":"https:\/\/vosgesinfo.fr\/saintdieinfo\/?s={search_term_string}"},"query-input":"required name=search_term_string"}],"inLanguage":"fr-FR"},{"@type":"Organization","@id":"https:\/\/vosgesinfo.fr\/saintdieinfo\/#organization","name":"Saint Die Info","url":"https:\/\/vosgesinfo.fr\/saintdieinfo\/","logo":{"@type":"ImageObject","inLanguage":"fr-FR","@id":"https:\/\/vosgesinfo.fr\/saintdieinfo\/#\/schema\/logo\/image\/","url":"https:\/\/vosgesinfo.fr\/app\/uploads\/sites\/4\/2024\/02\/logo-sdi.jpg","contentUrl":"https:\/\/vosgesinfo.fr\/app\/uploads\/sites\/4\/2024\/02\/logo-sdi.jpg","width":600,"height":600,"caption":"Saint Die Info"},"image":{"@id":"https:\/\/vosgesinfo.fr\/saintdieinfo\/#\/schema\/logo\/image\/"},"sameAs":["https:\/\/www.facebook.com\/Saintdieinfofr","https:\/\/x.com\/VosgesInfo88","https:\/\/www.youtube.com\/@vosgesinfo"]},{"@type":"Person","@id":"https:\/\/vosgesinfo.fr\/saintdieinfo\/#\/schema\/person\/fa73e9f726d67bb88f46d5b7943cb572","name":"J.J.","image":{"@type":"ImageObject","inLanguage":"fr-FR","@id":"https:\/\/vosgesinfo.fr\/saintdieinfo\/#\/schema\/person\/image\/","url":"https:\/\/secure.gravatar.com\/avatar\/219e749e47ffbcca018a360ae4add7d4cdf1cdaaf8bc7676b27efade3fe65615?s=96&d=mm&r=g","contentUrl":"https:\/\/secure.gravatar.com\/avatar\/219e749e47ffbcca018a360ae4add7d4cdf1cdaaf8bc7676b27efade3fe65615?s=96&d=mm&r=g","caption":"J.J."},"url":"https:\/\/vosgesinfo.fr\/saintdieinfo\/author\/j-j\/"}]}},"_links":{"self":[{"href":"https:\/\/vosgesinfo.fr\/saintdieinfo\/wp-json\/wp\/v2\/posts\/38931","targetHints":{"allow":["GET"]}}],"collection":[{"href":"https:\/\/vosgesinfo.fr\/saintdieinfo\/wp-json\/wp\/v2\/posts"}],"about":[{"href":"https:\/\/vosgesinfo.fr\/saintdieinfo\/wp-json\/wp\/v2\/types\/post"}],"author":[{"embeddable":true,"href":"https:\/\/vosgesinfo.fr\/saintdieinfo\/wp-json\/wp\/v2\/users\/46"}],"replies":[{"embeddable":true,"href":"https:\/\/vosgesinfo.fr\/saintdieinfo\/wp-json\/wp\/v2\/comments?post=38931"}],"version-history":[{"count":0,"href":"https:\/\/vosgesinfo.fr\/saintdieinfo\/wp-json\/wp\/v2\/posts\/38931\/revisions"}],"wp:featuredmedia":[{"embeddable":true,"href":"https:\/\/vosgesinfo.fr\/saintdieinfo\/wp-json\/wp\/v2\/media\/38932"}],"wp:attachment":[{"href":"https:\/\/vosgesinfo.fr\/saintdieinfo\/wp-json\/wp\/v2\/media?parent=38931"}],"wp:term":[{"taxonomy":"category","embeddable":true,"href":"https:\/\/vosgesinfo.fr\/saintdieinfo\/wp-json\/wp\/v2\/categories?post=38931"},{"taxonomy":"post_tag","embeddable":true,"href":"https:\/\/vosgesinfo.fr\/saintdieinfo\/wp-json\/wp\/v2\/tags?post=38931"}],"curies":[{"name":"wp","href":"https:\/\/api.w.org\/{rel}","templated":true}]}}