{"id":38942,"date":"2020-01-29T09:00:12","date_gmt":"2020-01-29T08:00:12","guid":{"rendered":"https:\/\/vosgesinfo.fr\/saintdieinfo\/2020\/01\/elections-municipales-david-valence-a-devoile-liste-plus-forts-saint-die\/"},"modified":"2020-01-29T09:00:12","modified_gmt":"2020-01-29T08:00:12","slug":"elections-municipales-david-valence-a-devoile-liste-plus-forts-saint-die","status":"publish","type":"post","link":"https:\/\/vosgesinfo.fr\/saintdieinfo\/2020\/01\/elections-municipales-david-valence-a-devoile-liste-plus-forts-saint-die\/","title":{"rendered":"Elections municipales : David Valence a d\u00e9voil\u00e9 la liste \u00ab\u00a0Plus forts pour Saint-Di\u00e9\u00a0\u00bb"},"content":{"rendered":"<h2><a href=\"\/2020\/01\/Pr\u00e9sentation_Liste_Plus_Forts_Pour_Saint-Di\u00e9-2.jpg\" target=\"_blank\" rel=\"noopener\"><img decoding=\"async\" class=\"aligncenter wp-image-155397 size-large\" src=\"\/2020\/01\/Pr\u00e9sentation_Liste_Plus_Forts_Pour_Saint-Di\u00e9-2-1024x768.jpg\" alt=\"Pr\u00e9sentation_Liste_Plus_Forts_Pour_Saint-Di\u00e9 (2)\" width=\"960\" height=\"720\" \/><\/a><\/h2>\n<h2><strong><span style=\"font-family: Calibri, sans-serif;\"><span style=\"font-size: large;\">Le maire David Valence a r\u00e9cemment officialis\u00e9 sa candidature aux prochaines \u00e9lections municipales, qui se d\u00e9rouleront les dimanches 15 et 22 mars prochains (<a href=\"https:\/\/saintdieinfo.fr\/2020\/01\/david-valence-a-officialise-candidature-aux-prochaines-elections-municipales-de-saint-die-vosges\/\" target=\"_blank\" rel=\"noopener\">lire notre pr\u00e9c\u00e9dent article<\/a>).<\/span><\/span><\/strong><\/h2>\n<p><!--more--><\/p>\n<p><span style=\"font-family: Calibri, sans-serif;\"><span style=\"font-size: large;\">Seul candidat d\u00e9clar\u00e9 \u00e0 ce jour \u00e0 Saint-Di\u00e9-des-Vosges, David Valence a d\u00e9voil\u00e9 sa liste \u00e0 l&rsquo;Espace Fran\u00e7ois-Mitterrand en ce mardi 28 janvier, apr\u00e8s 8 r\u00e9unions publiques dans les diff\u00e9rents quartiers de la ville (<a href=\"https:\/\/saintdieinfo.fr\/2020\/01\/elections-municipales-calendrier-reunions-publiques-de-david-valence\/\" target=\"_blank\" rel=\"noopener\">lire notre pr\u00e9c\u00e9dent article<\/a>). Autour du slogan \u00ab\u00a0Plus forts pour Saint-Di\u00e9\u00a0\u00bb, cette liste municipale se voit largement renouvel\u00e9e par rapport \u00e0 l&rsquo;\u00e9quipe encore en place pour quelques semaines, avec 19 nouveaux candidats sur 33 et 50% de nouveaux candidats en positions \u00e9ligibles.<\/span><\/span><\/p>\n<p><span style=\"font-family: Calibri, sans-serif;\"><span style=\"font-size: large;\"><em>\u00ab\u00a0Saint-Di\u00e9-des-Vosges a besoin de travail, de passion et d&rsquo;engagement dans les ann\u00e9es \u00e0 venir. Saint-Di\u00e9-des-Vosges sera une ville qui prot\u00e8ge et qui innove. Il faudra continuer d&rsquo;assumer et de d\u00e9fendre la singularit\u00e9 de Saint-Di\u00e9-des-Vosges, une ville solidaire<\/em>\u00a0\u00bb a notamment d\u00e9clar\u00e9 David Valence lors de son allocution, avant d&rsquo;appeler un par un ses colistiers \u00e0 le rejoindre.<br \/>\n<\/span><\/span><\/p>\n<p>J.J.<\/p>\n<h3><span style=\"font-size: 14pt;\"><strong>Retrouvez ci-dessous la liste \u00ab\u00a0Plus forts pour Saint-Di\u00e9\u00a0\u00bb:<\/strong><\/span><\/h3>\n<ol>\n<li><span style=\"font-family: Calibri, sans-serif;\"><span style=\"font-size: large;\">David Valence;<\/span><\/span><\/li>\n<li><span style=\"font-family: Calibri, sans-serif;\"><span style=\"font-size: large;\">Brigitte Henri;<\/span><\/span><\/li>\n<li><span style=\"font-family: Calibri, sans-serif;\"><span style=\"font-size: large;\">Bruno Toussaint;<\/span><\/span><\/li>\n<li><span style=\"font-family: Calibri, sans-serif;\"><span style=\"font-size: large;\">Colette Dauphin;<\/span><\/span><\/li>\n<li><span style=\"font-family: Calibri, sans-serif;\"><span style=\"font-size: large;\">Jean-Marie Vonderscher;<\/span><\/span><\/li>\n<li><span style=\"font-family: Calibri, sans-serif;\"><span style=\"font-size: large;\">Claude Kiener;<\/span><\/span><\/li>\n<li><span style=\"font-family: Calibri, sans-serif;\"><span style=\"font-size: large;\">Patrick Zanchetta;<\/span><\/span><\/li>\n<li><span style=\"font-family: Calibri, sans-serif;\"><span style=\"font-size: large;\">Caroline Mattioni;<\/span><\/span><\/li>\n<li><span style=\"font-family: Calibri, sans-serif;\"><span style=\"font-size: large;\">Mustafa Guglu;<\/span><\/span><\/li>\n<li><span style=\"font-family: Calibri, sans-serif;\"><span style=\"font-size: large;\">Fran\u00e7oise Legrand;<\/span><\/span><\/li>\n<li><span style=\"font-family: Calibri, sans-serif;\"><span style=\"font-size: large;\">Jean-Fran\u00e7ois Bruelle;<\/span><\/span><\/li>\n<li><span style=\"font-family: Calibri, sans-serif;\"><span style=\"font-size: large;\">Dominique Chobaut;<\/span><\/span><\/li>\n<li><span style=\"font-family: Calibri, sans-serif;\"><span style=\"font-size: large;\">Alex Komadina;<\/span><\/span><\/li>\n<li><span style=\"font-family: Calibri, sans-serif;\"><span style=\"font-size: large;\">Gina Filogonio;<\/span><\/span><\/li>\n<li><span style=\"font-family: Calibri, sans-serif;\"><span style=\"font-size: large;\">Nicolas Simon;<\/span><\/span><\/li>\n<li><span style=\"font-family: Calibri, sans-serif;\"><span style=\"font-size: large;\">Boury Seck Seye;<\/span><\/span><\/li>\n<li><span style=\"font-family: Calibri, sans-serif;\"><span style=\"font-size: large;\">Patrick Vouriot;<\/span><\/span><\/li>\n<li><span style=\"font-family: Calibri, sans-serif;\"><span style=\"font-size: large;\">Edith Augusto;<\/span><\/span><\/li>\n<li><span style=\"font-family: Calibri, sans-serif;\"><span style=\"font-size: large;\">Franck Maurice;<\/span><\/span><\/li>\n<li><span style=\"font-family: Calibri, sans-serif;\"><span style=\"font-size: large;\">Marie-Claude Ancel;<\/span><\/span><\/li>\n<li><span style=\"font-family: Calibri, sans-serif;\"><span style=\"font-size: large;\">Issam Benouada;<\/span><\/span><\/li>\n<li><span style=\"font-family: Calibri, sans-serif;\"><span style=\"font-size: large;\">Myriam Paquet;<\/span><\/span><\/li>\n<li><span style=\"font-family: Calibri, sans-serif;\"><span style=\"font-size: large;\">Pierre Jeannel;<\/span><\/span><\/li>\n<li><span style=\"font-family: Calibri, sans-serif;\"><span style=\"font-size: large;\">Roselyne Froment;<\/span><\/span><\/li>\n<li><span style=\"font-family: Calibri, sans-serif;\"><span style=\"font-size: large;\">Barlomiej Jurek;<\/span><\/span><\/li>\n<li><span style=\"font-family: Calibri, sans-serif;\"><span style=\"font-size: large;\">Michelina Salzmann;<\/span><\/span><\/li>\n<li><span style=\"font-family: Calibri, sans-serif;\"><span style=\"font-size: large;\">Gr\u00e9goire G\u00e2tel;<\/span><\/span><\/li>\n<li><span style=\"font-family: Calibri, sans-serif;\"><span style=\"font-size: large;\">H\u00e9l\u00e8ne Wathier;<\/span><\/span><\/li>\n<li><span style=\"font-family: Calibri, sans-serif;\"><span style=\"font-size: large;\">Jean-No\u00ebl Piton;<\/span><\/span><\/li>\n<li><span style=\"font-family: Calibri, sans-serif;\"><span style=\"font-size: large;\">Anne-C\u00e9cile Maurice;<\/span><\/span><\/li>\n<li><span style=\"font-family: Calibri, sans-serif;\"><span style=\"font-size: large;\">Nicolas Risacher;<\/span><\/span><\/li>\n<li><span style=\"font-family: Calibri, sans-serif;\"><span style=\"font-size: large;\">Catherine Viry;<\/span><\/span><\/li>\n<li><span style=\"font-family: Calibri, sans-serif;\"><span style=\"font-size: large;\">Jacques Ohlmann.<\/span><\/span><\/li>\n<\/ol>\n<p><a href=\"\/2020\/01\/Pr\u00e9sentation_Liste_Plus_Forts_Pour_Saint-Di\u00e9-1.jpg\"><img decoding=\"async\" class=\"aligncenter size-full wp-image-155396\" src=\"\/2020\/01\/Pr\u00e9sentation_Liste_Plus_Forts_Pour_Saint-Di\u00e9-1.jpg\" alt=\"Pr\u00e9sentation_Liste_Plus_Forts_Pour_Saint-Di\u00e9 (1)\" width=\"1000\" height=\"750\" \/><\/a><\/p>\n","protected":false},"excerpt":{"rendered":"<p>Le maire David Valence a r\u00e9cemment officialis\u00e9 sa candidature aux prochaines \u00e9lections municipales, qui se d\u00e9rouleront les dimanches 15 et [&hellip;]<\/p>\n","protected":false},"author":46,"featured_media":38943,"comment_status":"open","ping_status":"open","sticky":false,"template":"","format":"standard","meta":{"footnotes":""},"categories":[460,10,2915],"tags":[3337,7579,3089,7580],"class_list":["post-38942","post","type-post","status-publish","format-standard","has-post-thumbnail","hentry","category-a-la-une","category-politique","category-saint-die-son-canton","tag-david-valence","tag-elections-municipales-2020","tag-espace-francois-mitterrand","tag-plus-forts-pour-saint-die"],"acf":[],"yoast_head":"<!-- This site is optimized with the Yoast SEO plugin v22.5 - https:\/\/yoast.com\/wordpress\/plugins\/seo\/ -->\n<title>Elections municipales : David Valence a d\u00e9voil\u00e9 la liste &quot;Plus forts pour Saint-Di\u00e9&quot; - Saint Die Info<\/title>\n<meta name=\"robots\" content=\"index, follow, max-snippet:-1, max-image-preview:large, max-video-preview:-1\" \/>\n<link rel=\"canonical\" href=\"https:\/\/vosgesinfo.fr\/saintdieinfo\/2020\/01\/elections-municipales-david-valence-a-devoile-liste-plus-forts-saint-die\/\" \/>\n<meta name=\"twitter:card\" content=\"summary_large_image\" \/>\n<meta name=\"twitter:title\" content=\"Elections municipales : David Valence a d\u00e9voil\u00e9 la liste &quot;Plus forts pour Saint-Di\u00e9&quot; - Saint Die Info\" \/>\n<meta name=\"twitter:description\" content=\"Le maire David Valence a r\u00e9cemment officialis\u00e9 sa candidature aux prochaines \u00e9lections municipales, qui se d\u00e9rouleront les dimanches 15 et [&hellip;]\" \/>\n<meta name=\"twitter:image\" content=\"https:\/\/vosgesinfo.fr\/app\/uploads\/sites\/4\/2024\/08\/202001presentation-liste-plus-forts-pour-saint-die-2.jpg\" \/>\n<meta name=\"twitter:creator\" content=\"@VosgesInfo88\" \/>\n<meta name=\"twitter:site\" content=\"@VosgesInfo88\" \/>\n<meta name=\"twitter:label1\" content=\"\u00c9crit par\" \/>\n\t<meta name=\"twitter:data1\" content=\"J.J.\" \/>\n\t<meta name=\"twitter:label2\" content=\"Dur\u00e9e de lecture estim\u00e9e\" \/>\n\t<meta name=\"twitter:data2\" content=\"1 minute\" \/>\n<script type=\"application\/ld+json\" class=\"yoast-schema-graph\">{\"@context\":\"https:\/\/schema.org\",\"@graph\":[{\"@type\":\"Article\",\"@id\":\"https:\/\/vosgesinfo.fr\/saintdieinfo\/2020\/01\/elections-municipales-david-valence-a-devoile-liste-plus-forts-saint-die\/#article\",\"isPartOf\":{\"@id\":\"https:\/\/vosgesinfo.fr\/saintdieinfo\/2020\/01\/elections-municipales-david-valence-a-devoile-liste-plus-forts-saint-die\/\"},\"author\":{\"name\":\"J.J.\",\"@id\":\"https:\/\/vosgesinfo.fr\/saintdieinfo\/#\/schema\/person\/fa73e9f726d67bb88f46d5b7943cb572\"},\"headline\":\"Elections municipales : David Valence a d\u00e9voil\u00e9 la liste \u00ab\u00a0Plus forts pour Saint-Di\u00e9\u00a0\u00bb\",\"datePublished\":\"2020-01-29T08:00:12+00:00\",\"dateModified\":\"2020-01-29T08:00:12+00:00\",\"mainEntityOfPage\":{\"@id\":\"https:\/\/vosgesinfo.fr\/saintdieinfo\/2020\/01\/elections-municipales-david-valence-a-devoile-liste-plus-forts-saint-die\/\"},\"wordCount\":269,\"commentCount\":0,\"publisher\":{\"@id\":\"https:\/\/vosgesinfo.fr\/saintdieinfo\/#organization\"},\"image\":{\"@id\":\"https:\/\/vosgesinfo.fr\/saintdieinfo\/2020\/01\/elections-municipales-david-valence-a-devoile-liste-plus-forts-saint-die\/#primaryimage\"},\"thumbnailUrl\":\"https:\/\/vosgesinfo.fr\/app\/uploads\/sites\/4\/2024\/08\/202001presentation-liste-plus-forts-pour-saint-die-2.jpg\",\"keywords\":[\"David Valence\",\"Elections municipales 2020\",\"Espace Fran\u00e7ois-Mitterrand\",\"Plus forts pour Saint-Di\u00e9\"],\"articleSection\":[\"A la Une\",\"Politique\",\"Saint-Di\u00e9-des-Vosges et son Agglom\u00e9ration\"],\"inLanguage\":\"fr-FR\",\"potentialAction\":[{\"@type\":\"CommentAction\",\"name\":\"Comment\",\"target\":[\"https:\/\/vosgesinfo.fr\/saintdieinfo\/2020\/01\/elections-municipales-david-valence-a-devoile-liste-plus-forts-saint-die\/#respond\"]}]},{\"@type\":\"WebPage\",\"@id\":\"https:\/\/vosgesinfo.fr\/saintdieinfo\/2020\/01\/elections-municipales-david-valence-a-devoile-liste-plus-forts-saint-die\/\",\"url\":\"https:\/\/vosgesinfo.fr\/saintdieinfo\/2020\/01\/elections-municipales-david-valence-a-devoile-liste-plus-forts-saint-die\/\",\"name\":\"Elections municipales : David Valence a d\u00e9voil\u00e9 la liste \\\"Plus forts pour Saint-Di\u00e9\\\" - Saint Die Info\",\"isPartOf\":{\"@id\":\"https:\/\/vosgesinfo.fr\/saintdieinfo\/#website\"},\"primaryImageOfPage\":{\"@id\":\"https:\/\/vosgesinfo.fr\/saintdieinfo\/2020\/01\/elections-municipales-david-valence-a-devoile-liste-plus-forts-saint-die\/#primaryimage\"},\"image\":{\"@id\":\"https:\/\/vosgesinfo.fr\/saintdieinfo\/2020\/01\/elections-municipales-david-valence-a-devoile-liste-plus-forts-saint-die\/#primaryimage\"},\"thumbnailUrl\":\"https:\/\/vosgesinfo.fr\/app\/uploads\/sites\/4\/2024\/08\/202001presentation-liste-plus-forts-pour-saint-die-2.jpg\",\"datePublished\":\"2020-01-29T08:00:12+00:00\",\"dateModified\":\"2020-01-29T08:00:12+00:00\",\"breadcrumb\":{\"@id\":\"https:\/\/vosgesinfo.fr\/saintdieinfo\/2020\/01\/elections-municipales-david-valence-a-devoile-liste-plus-forts-saint-die\/#breadcrumb\"},\"inLanguage\":\"fr-FR\",\"potentialAction\":[{\"@type\":\"ReadAction\",\"target\":[\"https:\/\/vosgesinfo.fr\/saintdieinfo\/2020\/01\/elections-municipales-david-valence-a-devoile-liste-plus-forts-saint-die\/\"]}]},{\"@type\":\"ImageObject\",\"inLanguage\":\"fr-FR\",\"@id\":\"https:\/\/vosgesinfo.fr\/saintdieinfo\/2020\/01\/elections-municipales-david-valence-a-devoile-liste-plus-forts-saint-die\/#primaryimage\",\"url\":\"https:\/\/vosgesinfo.fr\/app\/uploads\/sites\/4\/2024\/08\/202001presentation-liste-plus-forts-pour-saint-die-2.jpg\",\"contentUrl\":\"https:\/\/vosgesinfo.fr\/app\/uploads\/sites\/4\/2024\/08\/202001presentation-liste-plus-forts-pour-saint-die-2.jpg\",\"width\":1500,\"height\":1125},{\"@type\":\"BreadcrumbList\",\"@id\":\"https:\/\/vosgesinfo.fr\/saintdieinfo\/2020\/01\/elections-municipales-david-valence-a-devoile-liste-plus-forts-saint-die\/#breadcrumb\",\"itemListElement\":[{\"@type\":\"ListItem\",\"position\":1,\"name\":\"Home\",\"item\":\"https:\/\/vosgesinfo.fr\/saintdieinfo\/\"},{\"@type\":\"ListItem\",\"position\":2,\"name\":\"Elections municipales : David Valence a d\u00e9voil\u00e9 la liste \u00ab\u00a0Plus forts pour Saint-Di\u00e9\u00a0\u00bb\"}]},{\"@type\":\"WebSite\",\"@id\":\"https:\/\/vosgesinfo.fr\/saintdieinfo\/#website\",\"url\":\"https:\/\/vosgesinfo.fr\/saintdieinfo\/\",\"name\":\"Saint Die Info\",\"description\":\"Toute l&#039;actualit\u00e9 de Saint-Di\u00e9-Des-Vosges\",\"publisher\":{\"@id\":\"https:\/\/vosgesinfo.fr\/saintdieinfo\/#organization\"},\"alternateName\":\"Toute l'actualit\u00e9 de Saint-Di\u00e9-Des-Vosges\",\"potentialAction\":[{\"@type\":\"SearchAction\",\"target\":{\"@type\":\"EntryPoint\",\"urlTemplate\":\"https:\/\/vosgesinfo.fr\/saintdieinfo\/?s={search_term_string}\"},\"query-input\":\"required name=search_term_string\"}],\"inLanguage\":\"fr-FR\"},{\"@type\":\"Organization\",\"@id\":\"https:\/\/vosgesinfo.fr\/saintdieinfo\/#organization\",\"name\":\"Saint Die Info\",\"url\":\"https:\/\/vosgesinfo.fr\/saintdieinfo\/\",\"logo\":{\"@type\":\"ImageObject\",\"inLanguage\":\"fr-FR\",\"@id\":\"https:\/\/vosgesinfo.fr\/saintdieinfo\/#\/schema\/logo\/image\/\",\"url\":\"https:\/\/vosgesinfo.fr\/app\/uploads\/sites\/4\/2024\/02\/logo-sdi.jpg\",\"contentUrl\":\"https:\/\/vosgesinfo.fr\/app\/uploads\/sites\/4\/2024\/02\/logo-sdi.jpg\",\"width\":600,\"height\":600,\"caption\":\"Saint Die Info\"},\"image\":{\"@id\":\"https:\/\/vosgesinfo.fr\/saintdieinfo\/#\/schema\/logo\/image\/\"},\"sameAs\":[\"https:\/\/www.facebook.com\/Saintdieinfofr\",\"https:\/\/x.com\/VosgesInfo88\",\"https:\/\/www.youtube.com\/@vosgesinfo\"]},{\"@type\":\"Person\",\"@id\":\"https:\/\/vosgesinfo.fr\/saintdieinfo\/#\/schema\/person\/fa73e9f726d67bb88f46d5b7943cb572\",\"name\":\"J.J.\",\"image\":{\"@type\":\"ImageObject\",\"inLanguage\":\"fr-FR\",\"@id\":\"https:\/\/vosgesinfo.fr\/saintdieinfo\/#\/schema\/person\/image\/\",\"url\":\"https:\/\/secure.gravatar.com\/avatar\/219e749e47ffbcca018a360ae4add7d4cdf1cdaaf8bc7676b27efade3fe65615?s=96&d=mm&r=g\",\"contentUrl\":\"https:\/\/secure.gravatar.com\/avatar\/219e749e47ffbcca018a360ae4add7d4cdf1cdaaf8bc7676b27efade3fe65615?s=96&d=mm&r=g\",\"caption\":\"J.J.\"},\"url\":\"https:\/\/vosgesinfo.fr\/saintdieinfo\/author\/j-j\/\"}]}<\/script>\n<!-- \/ Yoast SEO plugin. -->","yoast_head_json":{"title":"Elections municipales : David Valence a d\u00e9voil\u00e9 la liste \"Plus forts pour Saint-Di\u00e9\" - Saint Die Info","robots":{"index":"index","follow":"follow","max-snippet":"max-snippet:-1","max-image-preview":"max-image-preview:large","max-video-preview":"max-video-preview:-1"},"canonical":"https:\/\/vosgesinfo.fr\/saintdieinfo\/2020\/01\/elections-municipales-david-valence-a-devoile-liste-plus-forts-saint-die\/","twitter_card":"summary_large_image","twitter_title":"Elections municipales : David Valence a d\u00e9voil\u00e9 la liste \"Plus forts pour Saint-Di\u00e9\" - Saint Die Info","twitter_description":"Le maire David Valence a r\u00e9cemment officialis\u00e9 sa candidature aux prochaines \u00e9lections municipales, qui se d\u00e9rouleront les dimanches 15 et [&hellip;]","twitter_image":"https:\/\/vosgesinfo.fr\/app\/uploads\/sites\/4\/2024\/08\/202001presentation-liste-plus-forts-pour-saint-die-2.jpg","twitter_creator":"@VosgesInfo88","twitter_site":"@VosgesInfo88","twitter_misc":{"\u00c9crit par":"J.J.","Dur\u00e9e de lecture estim\u00e9e":"1 minute"},"schema":{"@context":"https:\/\/schema.org","@graph":[{"@type":"Article","@id":"https:\/\/vosgesinfo.fr\/saintdieinfo\/2020\/01\/elections-municipales-david-valence-a-devoile-liste-plus-forts-saint-die\/#article","isPartOf":{"@id":"https:\/\/vosgesinfo.fr\/saintdieinfo\/2020\/01\/elections-municipales-david-valence-a-devoile-liste-plus-forts-saint-die\/"},"author":{"name":"J.J.","@id":"https:\/\/vosgesinfo.fr\/saintdieinfo\/#\/schema\/person\/fa73e9f726d67bb88f46d5b7943cb572"},"headline":"Elections municipales : David Valence a d\u00e9voil\u00e9 la liste \u00ab\u00a0Plus forts pour Saint-Di\u00e9\u00a0\u00bb","datePublished":"2020-01-29T08:00:12+00:00","dateModified":"2020-01-29T08:00:12+00:00","mainEntityOfPage":{"@id":"https:\/\/vosgesinfo.fr\/saintdieinfo\/2020\/01\/elections-municipales-david-valence-a-devoile-liste-plus-forts-saint-die\/"},"wordCount":269,"commentCount":0,"publisher":{"@id":"https:\/\/vosgesinfo.fr\/saintdieinfo\/#organization"},"image":{"@id":"https:\/\/vosgesinfo.fr\/saintdieinfo\/2020\/01\/elections-municipales-david-valence-a-devoile-liste-plus-forts-saint-die\/#primaryimage"},"thumbnailUrl":"https:\/\/vosgesinfo.fr\/app\/uploads\/sites\/4\/2024\/08\/202001presentation-liste-plus-forts-pour-saint-die-2.jpg","keywords":["David Valence","Elections municipales 2020","Espace Fran\u00e7ois-Mitterrand","Plus forts pour Saint-Di\u00e9"],"articleSection":["A la Une","Politique","Saint-Di\u00e9-des-Vosges et son Agglom\u00e9ration"],"inLanguage":"fr-FR","potentialAction":[{"@type":"CommentAction","name":"Comment","target":["https:\/\/vosgesinfo.fr\/saintdieinfo\/2020\/01\/elections-municipales-david-valence-a-devoile-liste-plus-forts-saint-die\/#respond"]}]},{"@type":"WebPage","@id":"https:\/\/vosgesinfo.fr\/saintdieinfo\/2020\/01\/elections-municipales-david-valence-a-devoile-liste-plus-forts-saint-die\/","url":"https:\/\/vosgesinfo.fr\/saintdieinfo\/2020\/01\/elections-municipales-david-valence-a-devoile-liste-plus-forts-saint-die\/","name":"Elections municipales : David Valence a d\u00e9voil\u00e9 la liste \"Plus forts pour Saint-Di\u00e9\" - Saint Die Info","isPartOf":{"@id":"https:\/\/vosgesinfo.fr\/saintdieinfo\/#website"},"primaryImageOfPage":{"@id":"https:\/\/vosgesinfo.fr\/saintdieinfo\/2020\/01\/elections-municipales-david-valence-a-devoile-liste-plus-forts-saint-die\/#primaryimage"},"image":{"@id":"https:\/\/vosgesinfo.fr\/saintdieinfo\/2020\/01\/elections-municipales-david-valence-a-devoile-liste-plus-forts-saint-die\/#primaryimage"},"thumbnailUrl":"https:\/\/vosgesinfo.fr\/app\/uploads\/sites\/4\/2024\/08\/202001presentation-liste-plus-forts-pour-saint-die-2.jpg","datePublished":"2020-01-29T08:00:12+00:00","dateModified":"2020-01-29T08:00:12+00:00","breadcrumb":{"@id":"https:\/\/vosgesinfo.fr\/saintdieinfo\/2020\/01\/elections-municipales-david-valence-a-devoile-liste-plus-forts-saint-die\/#breadcrumb"},"inLanguage":"fr-FR","potentialAction":[{"@type":"ReadAction","target":["https:\/\/vosgesinfo.fr\/saintdieinfo\/2020\/01\/elections-municipales-david-valence-a-devoile-liste-plus-forts-saint-die\/"]}]},{"@type":"ImageObject","inLanguage":"fr-FR","@id":"https:\/\/vosgesinfo.fr\/saintdieinfo\/2020\/01\/elections-municipales-david-valence-a-devoile-liste-plus-forts-saint-die\/#primaryimage","url":"https:\/\/vosgesinfo.fr\/app\/uploads\/sites\/4\/2024\/08\/202001presentation-liste-plus-forts-pour-saint-die-2.jpg","contentUrl":"https:\/\/vosgesinfo.fr\/app\/uploads\/sites\/4\/2024\/08\/202001presentation-liste-plus-forts-pour-saint-die-2.jpg","width":1500,"height":1125},{"@type":"BreadcrumbList","@id":"https:\/\/vosgesinfo.fr\/saintdieinfo\/2020\/01\/elections-municipales-david-valence-a-devoile-liste-plus-forts-saint-die\/#breadcrumb","itemListElement":[{"@type":"ListItem","position":1,"name":"Home","item":"https:\/\/vosgesinfo.fr\/saintdieinfo\/"},{"@type":"ListItem","position":2,"name":"Elections municipales : David Valence a d\u00e9voil\u00e9 la liste \u00ab\u00a0Plus forts pour Saint-Di\u00e9\u00a0\u00bb"}]},{"@type":"WebSite","@id":"https:\/\/vosgesinfo.fr\/saintdieinfo\/#website","url":"https:\/\/vosgesinfo.fr\/saintdieinfo\/","name":"Saint Die Info","description":"Toute l&#039;actualit\u00e9 de Saint-Di\u00e9-Des-Vosges","publisher":{"@id":"https:\/\/vosgesinfo.fr\/saintdieinfo\/#organization"},"alternateName":"Toute l'actualit\u00e9 de Saint-Di\u00e9-Des-Vosges","potentialAction":[{"@type":"SearchAction","target":{"@type":"EntryPoint","urlTemplate":"https:\/\/vosgesinfo.fr\/saintdieinfo\/?s={search_term_string}"},"query-input":"required name=search_term_string"}],"inLanguage":"fr-FR"},{"@type":"Organization","@id":"https:\/\/vosgesinfo.fr\/saintdieinfo\/#organization","name":"Saint Die Info","url":"https:\/\/vosgesinfo.fr\/saintdieinfo\/","logo":{"@type":"ImageObject","inLanguage":"fr-FR","@id":"https:\/\/vosgesinfo.fr\/saintdieinfo\/#\/schema\/logo\/image\/","url":"https:\/\/vosgesinfo.fr\/app\/uploads\/sites\/4\/2024\/02\/logo-sdi.jpg","contentUrl":"https:\/\/vosgesinfo.fr\/app\/uploads\/sites\/4\/2024\/02\/logo-sdi.jpg","width":600,"height":600,"caption":"Saint Die Info"},"image":{"@id":"https:\/\/vosgesinfo.fr\/saintdieinfo\/#\/schema\/logo\/image\/"},"sameAs":["https:\/\/www.facebook.com\/Saintdieinfofr","https:\/\/x.com\/VosgesInfo88","https:\/\/www.youtube.com\/@vosgesinfo"]},{"@type":"Person","@id":"https:\/\/vosgesinfo.fr\/saintdieinfo\/#\/schema\/person\/fa73e9f726d67bb88f46d5b7943cb572","name":"J.J.","image":{"@type":"ImageObject","inLanguage":"fr-FR","@id":"https:\/\/vosgesinfo.fr\/saintdieinfo\/#\/schema\/person\/image\/","url":"https:\/\/secure.gravatar.com\/avatar\/219e749e47ffbcca018a360ae4add7d4cdf1cdaaf8bc7676b27efade3fe65615?s=96&d=mm&r=g","contentUrl":"https:\/\/secure.gravatar.com\/avatar\/219e749e47ffbcca018a360ae4add7d4cdf1cdaaf8bc7676b27efade3fe65615?s=96&d=mm&r=g","caption":"J.J."},"url":"https:\/\/vosgesinfo.fr\/saintdieinfo\/author\/j-j\/"}]}},"_links":{"self":[{"href":"https:\/\/vosgesinfo.fr\/saintdieinfo\/wp-json\/wp\/v2\/posts\/38942","targetHints":{"allow":["GET"]}}],"collection":[{"href":"https:\/\/vosgesinfo.fr\/saintdieinfo\/wp-json\/wp\/v2\/posts"}],"about":[{"href":"https:\/\/vosgesinfo.fr\/saintdieinfo\/wp-json\/wp\/v2\/types\/post"}],"author":[{"embeddable":true,"href":"https:\/\/vosgesinfo.fr\/saintdieinfo\/wp-json\/wp\/v2\/users\/46"}],"replies":[{"embeddable":true,"href":"https:\/\/vosgesinfo.fr\/saintdieinfo\/wp-json\/wp\/v2\/comments?post=38942"}],"version-history":[{"count":0,"href":"https:\/\/vosgesinfo.fr\/saintdieinfo\/wp-json\/wp\/v2\/posts\/38942\/revisions"}],"wp:featuredmedia":[{"embeddable":true,"href":"https:\/\/vosgesinfo.fr\/saintdieinfo\/wp-json\/wp\/v2\/media\/38943"}],"wp:attachment":[{"href":"https:\/\/vosgesinfo.fr\/saintdieinfo\/wp-json\/wp\/v2\/media?parent=38942"}],"wp:term":[{"taxonomy":"category","embeddable":true,"href":"https:\/\/vosgesinfo.fr\/saintdieinfo\/wp-json\/wp\/v2\/categories?post=38942"},{"taxonomy":"post_tag","embeddable":true,"href":"https:\/\/vosgesinfo.fr\/saintdieinfo\/wp-json\/wp\/v2\/tags?post=38942"}],"curies":[{"name":"wp","href":"https:\/\/api.w.org\/{rel}","templated":true}]}}