{"id":38966,"date":"2020-01-30T05:00:45","date_gmt":"2020-01-30T04:00:45","guid":{"rendered":"https:\/\/vosgesinfo.fr\/saintdieinfo\/2020\/01\/festival-film-fantastique-de-gerardmer-exposition-bd-conan-cimmerien-colosse-noir\/"},"modified":"2020-01-30T05:00:45","modified_gmt":"2020-01-30T04:00:45","slug":"festival-film-fantastique-de-gerardmer-exposition-bd-conan-cimmerien-colosse-noir","status":"publish","type":"post","link":"https:\/\/vosgesinfo.fr\/saintdieinfo\/2020\/01\/festival-film-fantastique-de-gerardmer-exposition-bd-conan-cimmerien-colosse-noir\/","title":{"rendered":"Festival du Film Fantastique de G\u00e9rardmer \u2013 EXPOSITION BD \u2013 Conan le Cimm\u00e9rien \u2013 Le colosse noir"},"content":{"rendered":"<div class=\"wpb_text_column wpb_content_element  vc_custom_1578478565331\">\n<div class=\"wpb_wrapper\">\n<h3 style=\"text-align: center;\"><a href=\"\/2020\/01\/Colosse-noir1-T.jpeg\" target=\"_blank\" rel=\"noopener\"><img decoding=\"async\" class=\"aligncenter wp-image-155437 size-full\" src=\"\/2020\/01\/Colosse-noir1-T.jpeg\" alt=\"Colosse-noir1-T\" width=\"600\" height=\"799\" \/><\/a><\/h3>\n<h3 style=\"text-align: center;\">EXPOSITION BANDE DESSIN\u00c9E<\/h3>\n<h3 style=\"text-align: center;\">Conan le Cimm\u00e9rien \u2013 Le colosse noir<\/h3>\n<h3 style=\"text-align: center;\">De Vincent Brugeas et Ronan Toulhoat<\/h3>\n<p style=\"text-align: center;\">Exposition r\u00e9alis\u00e9e en partenariat avec les \u00e9ditions Gl\u00e9nat<\/p>\n<\/div>\n<\/div>\n<div class=\"wpb_text_column wpb_content_element  vc_custom_1579514277875\">\n<div class=\"wpb_wrapper\">\n<p>\u00ab\u00a0\u00c9tabli dans la cit\u00e9 de Khoraja, Conan tente sa chance au service des mercenaires d\u2019Amalric. Dans l\u2019attente du combat, il m\u00e8ne une vie d\u2019homme de troupe ordinaire, buvant et batifolant dans les tavernes. Le destin le rattrape un soir alors qu\u2019il rencontre par hasard Yesmala, princesse et r\u00e9gente du royaume en personne. Elle aurait vu Conan en r\u00eave : les dieux l\u2019ont d\u00e9sign\u00e9 comme le g\u00e9n\u00e9ral qui doit mener ses arm\u00e9es contre les hordes d\u00e9moniaques du sorcier Nathok. De simple soldat, Conan le barbare devient le seul espoir de tout un royaume.\u00a0\u00bb<\/p>\n<\/div>\n<\/div>\n<div class=\"wpb_text_column wpb_content_element  vc_custom_1579514277875\">\n<div class=\"wpb_wrapper\">\n<p>Lire la suite de l&rsquo;article : <a href=\"https:\/\/gerardmerinfo.fr\/2020\/01\/festival-film-fantastique-de-gerardmer-exposition-bd-conan-cimmerien-colosse-noir\/\" target=\"_blank\" rel=\"noopener\">https:\/\/gerardmerinfo.fr\/2020\/01\/festival-film-fantastique-de-gerardmer-exposition-bd-conan-cimmerien-colosse-noir\/<\/a><\/p>\n<\/div>\n<\/div>\n","protected":false},"excerpt":{"rendered":"<p>EXPOSITION BANDE DESSIN\u00c9E Conan le Cimm\u00e9rien \u2013 Le colosse noir De Vincent Brugeas et Ronan Toulhoat Exposition r\u00e9alis\u00e9e en partenariat [&hellip;]<\/p>\n","protected":false},"author":44,"featured_media":38967,"comment_status":"open","ping_status":"open","sticky":false,"template":"","format":"standard","meta":{"footnotes":""},"categories":[460,20,18],"tags":[7787,200,4923,79],"class_list":["post-38966","post","type-post","status-publish","format-standard","has-post-thumbnail","hentry","category-a-la-une","category-loisirs","category-vosges","tag-conan-le-cimmerien","tag-exposition","tag-festival-du-film-fantastique-de-gerardmer","tag-gerardmer"],"acf":[],"yoast_head":"<!-- This site is optimized with the Yoast SEO plugin v22.5 - https:\/\/yoast.com\/wordpress\/plugins\/seo\/ -->\n<title>Festival du Film Fantastique de G\u00e9rardmer \u2013 EXPOSITION BD \u2013 Conan le Cimm\u00e9rien \u2013 Le colosse noir - Saint Die Info<\/title>\n<meta name=\"robots\" content=\"index, follow, max-snippet:-1, max-image-preview:large, max-video-preview:-1\" \/>\n<link rel=\"canonical\" href=\"https:\/\/vosgesinfo.fr\/saintdieinfo\/2020\/01\/festival-film-fantastique-de-gerardmer-exposition-bd-conan-cimmerien-colosse-noir\/\" \/>\n<meta name=\"twitter:card\" content=\"summary_large_image\" \/>\n<meta name=\"twitter:title\" content=\"Festival du Film Fantastique de G\u00e9rardmer \u2013 EXPOSITION BD \u2013 Conan le Cimm\u00e9rien \u2013 Le colosse noir - Saint Die Info\" \/>\n<meta name=\"twitter:description\" content=\"EXPOSITION BANDE DESSIN\u00c9E Conan le Cimm\u00e9rien \u2013 Le colosse noir De Vincent Brugeas et Ronan Toulhoat Exposition r\u00e9alis\u00e9e en partenariat [&hellip;]\" \/>\n<meta name=\"twitter:image\" content=\"https:\/\/vosgesinfo.fr\/app\/uploads\/sites\/4\/2024\/08\/202001colosse-noir1-t.jpeg\" \/>\n<meta name=\"twitter:creator\" content=\"@VosgesInfo88\" \/>\n<meta name=\"twitter:site\" content=\"@VosgesInfo88\" \/>\n<meta name=\"twitter:label1\" content=\"\u00c9crit par\" \/>\n\t<meta name=\"twitter:data1\" content=\"la r\u00e9daction\" \/>\n\t<meta name=\"twitter:label2\" content=\"Dur\u00e9e de lecture estim\u00e9e\" \/>\n\t<meta name=\"twitter:data2\" content=\"1 minute\" \/>\n<script type=\"application\/ld+json\" class=\"yoast-schema-graph\">{\"@context\":\"https:\/\/schema.org\",\"@graph\":[{\"@type\":\"Article\",\"@id\":\"https:\/\/vosgesinfo.fr\/saintdieinfo\/2020\/01\/festival-film-fantastique-de-gerardmer-exposition-bd-conan-cimmerien-colosse-noir\/#article\",\"isPartOf\":{\"@id\":\"https:\/\/vosgesinfo.fr\/saintdieinfo\/2020\/01\/festival-film-fantastique-de-gerardmer-exposition-bd-conan-cimmerien-colosse-noir\/\"},\"author\":{\"name\":\"la r\u00e9daction\",\"@id\":\"https:\/\/vosgesinfo.fr\/saintdieinfo\/#\/schema\/person\/faee6704a21f3977511db84bd1cd450f\"},\"headline\":\"Festival du Film Fantastique de G\u00e9rardmer \u2013 EXPOSITION BD \u2013 Conan le Cimm\u00e9rien \u2013 Le colosse noir\",\"datePublished\":\"2020-01-30T04:00:45+00:00\",\"dateModified\":\"2020-01-30T04:00:45+00:00\",\"mainEntityOfPage\":{\"@id\":\"https:\/\/vosgesinfo.fr\/saintdieinfo\/2020\/01\/festival-film-fantastique-de-gerardmer-exposition-bd-conan-cimmerien-colosse-noir\/\"},\"wordCount\":158,\"commentCount\":0,\"publisher\":{\"@id\":\"https:\/\/vosgesinfo.fr\/saintdieinfo\/#organization\"},\"image\":{\"@id\":\"https:\/\/vosgesinfo.fr\/saintdieinfo\/2020\/01\/festival-film-fantastique-de-gerardmer-exposition-bd-conan-cimmerien-colosse-noir\/#primaryimage\"},\"thumbnailUrl\":\"https:\/\/vosgesinfo.fr\/app\/uploads\/sites\/4\/2024\/08\/202001colosse-noir1-t.jpeg\",\"keywords\":[\"Conan le Cimm\u00e9rien\",\"exposition\",\"Festival du film fantastique de G\u00e9rardmer\",\"G\u00e9rardmer\"],\"articleSection\":[\"A la Une\",\"Loisirs\",\"Vosges\"],\"inLanguage\":\"fr-FR\",\"potentialAction\":[{\"@type\":\"CommentAction\",\"name\":\"Comment\",\"target\":[\"https:\/\/vosgesinfo.fr\/saintdieinfo\/2020\/01\/festival-film-fantastique-de-gerardmer-exposition-bd-conan-cimmerien-colosse-noir\/#respond\"]}]},{\"@type\":\"WebPage\",\"@id\":\"https:\/\/vosgesinfo.fr\/saintdieinfo\/2020\/01\/festival-film-fantastique-de-gerardmer-exposition-bd-conan-cimmerien-colosse-noir\/\",\"url\":\"https:\/\/vosgesinfo.fr\/saintdieinfo\/2020\/01\/festival-film-fantastique-de-gerardmer-exposition-bd-conan-cimmerien-colosse-noir\/\",\"name\":\"Festival du Film Fantastique de G\u00e9rardmer \u2013 EXPOSITION BD \u2013 Conan le Cimm\u00e9rien \u2013 Le colosse noir - Saint Die Info\",\"isPartOf\":{\"@id\":\"https:\/\/vosgesinfo.fr\/saintdieinfo\/#website\"},\"primaryImageOfPage\":{\"@id\":\"https:\/\/vosgesinfo.fr\/saintdieinfo\/2020\/01\/festival-film-fantastique-de-gerardmer-exposition-bd-conan-cimmerien-colosse-noir\/#primaryimage\"},\"image\":{\"@id\":\"https:\/\/vosgesinfo.fr\/saintdieinfo\/2020\/01\/festival-film-fantastique-de-gerardmer-exposition-bd-conan-cimmerien-colosse-noir\/#primaryimage\"},\"thumbnailUrl\":\"https:\/\/vosgesinfo.fr\/app\/uploads\/sites\/4\/2024\/08\/202001colosse-noir1-t.jpeg\",\"datePublished\":\"2020-01-30T04:00:45+00:00\",\"dateModified\":\"2020-01-30T04:00:45+00:00\",\"breadcrumb\":{\"@id\":\"https:\/\/vosgesinfo.fr\/saintdieinfo\/2020\/01\/festival-film-fantastique-de-gerardmer-exposition-bd-conan-cimmerien-colosse-noir\/#breadcrumb\"},\"inLanguage\":\"fr-FR\",\"potentialAction\":[{\"@type\":\"ReadAction\",\"target\":[\"https:\/\/vosgesinfo.fr\/saintdieinfo\/2020\/01\/festival-film-fantastique-de-gerardmer-exposition-bd-conan-cimmerien-colosse-noir\/\"]}]},{\"@type\":\"ImageObject\",\"inLanguage\":\"fr-FR\",\"@id\":\"https:\/\/vosgesinfo.fr\/saintdieinfo\/2020\/01\/festival-film-fantastique-de-gerardmer-exposition-bd-conan-cimmerien-colosse-noir\/#primaryimage\",\"url\":\"https:\/\/vosgesinfo.fr\/app\/uploads\/sites\/4\/2024\/08\/202001colosse-noir1-t.jpeg\",\"contentUrl\":\"https:\/\/vosgesinfo.fr\/app\/uploads\/sites\/4\/2024\/08\/202001colosse-noir1-t.jpeg\",\"width\":600,\"height\":799},{\"@type\":\"BreadcrumbList\",\"@id\":\"https:\/\/vosgesinfo.fr\/saintdieinfo\/2020\/01\/festival-film-fantastique-de-gerardmer-exposition-bd-conan-cimmerien-colosse-noir\/#breadcrumb\",\"itemListElement\":[{\"@type\":\"ListItem\",\"position\":1,\"name\":\"Home\",\"item\":\"https:\/\/vosgesinfo.fr\/saintdieinfo\/\"},{\"@type\":\"ListItem\",\"position\":2,\"name\":\"Festival du Film Fantastique de G\u00e9rardmer \u2013 EXPOSITION BD \u2013 Conan le Cimm\u00e9rien \u2013 Le colosse noir\"}]},{\"@type\":\"WebSite\",\"@id\":\"https:\/\/vosgesinfo.fr\/saintdieinfo\/#website\",\"url\":\"https:\/\/vosgesinfo.fr\/saintdieinfo\/\",\"name\":\"Saint Die Info\",\"description\":\"Toute l&#039;actualit\u00e9 de Saint-Di\u00e9-Des-Vosges\",\"publisher\":{\"@id\":\"https:\/\/vosgesinfo.fr\/saintdieinfo\/#organization\"},\"alternateName\":\"Toute l'actualit\u00e9 de Saint-Di\u00e9-Des-Vosges\",\"potentialAction\":[{\"@type\":\"SearchAction\",\"target\":{\"@type\":\"EntryPoint\",\"urlTemplate\":\"https:\/\/vosgesinfo.fr\/saintdieinfo\/?s={search_term_string}\"},\"query-input\":\"required name=search_term_string\"}],\"inLanguage\":\"fr-FR\"},{\"@type\":\"Organization\",\"@id\":\"https:\/\/vosgesinfo.fr\/saintdieinfo\/#organization\",\"name\":\"Saint Die Info\",\"url\":\"https:\/\/vosgesinfo.fr\/saintdieinfo\/\",\"logo\":{\"@type\":\"ImageObject\",\"inLanguage\":\"fr-FR\",\"@id\":\"https:\/\/vosgesinfo.fr\/saintdieinfo\/#\/schema\/logo\/image\/\",\"url\":\"https:\/\/vosgesinfo.fr\/app\/uploads\/sites\/4\/2024\/02\/logo-sdi.jpg\",\"contentUrl\":\"https:\/\/vosgesinfo.fr\/app\/uploads\/sites\/4\/2024\/02\/logo-sdi.jpg\",\"width\":600,\"height\":600,\"caption\":\"Saint Die Info\"},\"image\":{\"@id\":\"https:\/\/vosgesinfo.fr\/saintdieinfo\/#\/schema\/logo\/image\/\"},\"sameAs\":[\"https:\/\/www.facebook.com\/Saintdieinfofr\",\"https:\/\/x.com\/VosgesInfo88\",\"https:\/\/www.youtube.com\/@vosgesinfo\"]},{\"@type\":\"Person\",\"@id\":\"https:\/\/vosgesinfo.fr\/saintdieinfo\/#\/schema\/person\/faee6704a21f3977511db84bd1cd450f\",\"name\":\"la r\u00e9daction\",\"image\":{\"@type\":\"ImageObject\",\"inLanguage\":\"fr-FR\",\"@id\":\"https:\/\/vosgesinfo.fr\/saintdieinfo\/#\/schema\/person\/image\/\",\"url\":\"https:\/\/secure.gravatar.com\/avatar\/6673d8bc6a9c17fa9a453eaa3448de834fa308c2ec9635b7aa99441a7c8d2cf6?s=96&d=mm&r=g\",\"contentUrl\":\"https:\/\/secure.gravatar.com\/avatar\/6673d8bc6a9c17fa9a453eaa3448de834fa308c2ec9635b7aa99441a7c8d2cf6?s=96&d=mm&r=g\",\"caption\":\"la r\u00e9daction\"},\"url\":\"https:\/\/vosgesinfo.fr\/saintdieinfo\/author\/redac\/\"}]}<\/script>\n<!-- \/ Yoast SEO plugin. -->","yoast_head_json":{"title":"Festival du Film Fantastique de G\u00e9rardmer \u2013 EXPOSITION BD \u2013 Conan le Cimm\u00e9rien \u2013 Le colosse noir - Saint Die Info","robots":{"index":"index","follow":"follow","max-snippet":"max-snippet:-1","max-image-preview":"max-image-preview:large","max-video-preview":"max-video-preview:-1"},"canonical":"https:\/\/vosgesinfo.fr\/saintdieinfo\/2020\/01\/festival-film-fantastique-de-gerardmer-exposition-bd-conan-cimmerien-colosse-noir\/","twitter_card":"summary_large_image","twitter_title":"Festival du Film Fantastique de G\u00e9rardmer \u2013 EXPOSITION BD \u2013 Conan le Cimm\u00e9rien \u2013 Le colosse noir - Saint Die Info","twitter_description":"EXPOSITION BANDE DESSIN\u00c9E Conan le Cimm\u00e9rien \u2013 Le colosse noir De Vincent Brugeas et Ronan Toulhoat Exposition r\u00e9alis\u00e9e en partenariat [&hellip;]","twitter_image":"https:\/\/vosgesinfo.fr\/app\/uploads\/sites\/4\/2024\/08\/202001colosse-noir1-t.jpeg","twitter_creator":"@VosgesInfo88","twitter_site":"@VosgesInfo88","twitter_misc":{"\u00c9crit par":"la r\u00e9daction","Dur\u00e9e de lecture estim\u00e9e":"1 minute"},"schema":{"@context":"https:\/\/schema.org","@graph":[{"@type":"Article","@id":"https:\/\/vosgesinfo.fr\/saintdieinfo\/2020\/01\/festival-film-fantastique-de-gerardmer-exposition-bd-conan-cimmerien-colosse-noir\/#article","isPartOf":{"@id":"https:\/\/vosgesinfo.fr\/saintdieinfo\/2020\/01\/festival-film-fantastique-de-gerardmer-exposition-bd-conan-cimmerien-colosse-noir\/"},"author":{"name":"la r\u00e9daction","@id":"https:\/\/vosgesinfo.fr\/saintdieinfo\/#\/schema\/person\/faee6704a21f3977511db84bd1cd450f"},"headline":"Festival du Film Fantastique de G\u00e9rardmer \u2013 EXPOSITION BD \u2013 Conan le Cimm\u00e9rien \u2013 Le colosse noir","datePublished":"2020-01-30T04:00:45+00:00","dateModified":"2020-01-30T04:00:45+00:00","mainEntityOfPage":{"@id":"https:\/\/vosgesinfo.fr\/saintdieinfo\/2020\/01\/festival-film-fantastique-de-gerardmer-exposition-bd-conan-cimmerien-colosse-noir\/"},"wordCount":158,"commentCount":0,"publisher":{"@id":"https:\/\/vosgesinfo.fr\/saintdieinfo\/#organization"},"image":{"@id":"https:\/\/vosgesinfo.fr\/saintdieinfo\/2020\/01\/festival-film-fantastique-de-gerardmer-exposition-bd-conan-cimmerien-colosse-noir\/#primaryimage"},"thumbnailUrl":"https:\/\/vosgesinfo.fr\/app\/uploads\/sites\/4\/2024\/08\/202001colosse-noir1-t.jpeg","keywords":["Conan le Cimm\u00e9rien","exposition","Festival du film fantastique de G\u00e9rardmer","G\u00e9rardmer"],"articleSection":["A la Une","Loisirs","Vosges"],"inLanguage":"fr-FR","potentialAction":[{"@type":"CommentAction","name":"Comment","target":["https:\/\/vosgesinfo.fr\/saintdieinfo\/2020\/01\/festival-film-fantastique-de-gerardmer-exposition-bd-conan-cimmerien-colosse-noir\/#respond"]}]},{"@type":"WebPage","@id":"https:\/\/vosgesinfo.fr\/saintdieinfo\/2020\/01\/festival-film-fantastique-de-gerardmer-exposition-bd-conan-cimmerien-colosse-noir\/","url":"https:\/\/vosgesinfo.fr\/saintdieinfo\/2020\/01\/festival-film-fantastique-de-gerardmer-exposition-bd-conan-cimmerien-colosse-noir\/","name":"Festival du Film Fantastique de G\u00e9rardmer \u2013 EXPOSITION BD \u2013 Conan le Cimm\u00e9rien \u2013 Le colosse noir - Saint Die Info","isPartOf":{"@id":"https:\/\/vosgesinfo.fr\/saintdieinfo\/#website"},"primaryImageOfPage":{"@id":"https:\/\/vosgesinfo.fr\/saintdieinfo\/2020\/01\/festival-film-fantastique-de-gerardmer-exposition-bd-conan-cimmerien-colosse-noir\/#primaryimage"},"image":{"@id":"https:\/\/vosgesinfo.fr\/saintdieinfo\/2020\/01\/festival-film-fantastique-de-gerardmer-exposition-bd-conan-cimmerien-colosse-noir\/#primaryimage"},"thumbnailUrl":"https:\/\/vosgesinfo.fr\/app\/uploads\/sites\/4\/2024\/08\/202001colosse-noir1-t.jpeg","datePublished":"2020-01-30T04:00:45+00:00","dateModified":"2020-01-30T04:00:45+00:00","breadcrumb":{"@id":"https:\/\/vosgesinfo.fr\/saintdieinfo\/2020\/01\/festival-film-fantastique-de-gerardmer-exposition-bd-conan-cimmerien-colosse-noir\/#breadcrumb"},"inLanguage":"fr-FR","potentialAction":[{"@type":"ReadAction","target":["https:\/\/vosgesinfo.fr\/saintdieinfo\/2020\/01\/festival-film-fantastique-de-gerardmer-exposition-bd-conan-cimmerien-colosse-noir\/"]}]},{"@type":"ImageObject","inLanguage":"fr-FR","@id":"https:\/\/vosgesinfo.fr\/saintdieinfo\/2020\/01\/festival-film-fantastique-de-gerardmer-exposition-bd-conan-cimmerien-colosse-noir\/#primaryimage","url":"https:\/\/vosgesinfo.fr\/app\/uploads\/sites\/4\/2024\/08\/202001colosse-noir1-t.jpeg","contentUrl":"https:\/\/vosgesinfo.fr\/app\/uploads\/sites\/4\/2024\/08\/202001colosse-noir1-t.jpeg","width":600,"height":799},{"@type":"BreadcrumbList","@id":"https:\/\/vosgesinfo.fr\/saintdieinfo\/2020\/01\/festival-film-fantastique-de-gerardmer-exposition-bd-conan-cimmerien-colosse-noir\/#breadcrumb","itemListElement":[{"@type":"ListItem","position":1,"name":"Home","item":"https:\/\/vosgesinfo.fr\/saintdieinfo\/"},{"@type":"ListItem","position":2,"name":"Festival du Film Fantastique de G\u00e9rardmer \u2013 EXPOSITION BD \u2013 Conan le Cimm\u00e9rien \u2013 Le colosse noir"}]},{"@type":"WebSite","@id":"https:\/\/vosgesinfo.fr\/saintdieinfo\/#website","url":"https:\/\/vosgesinfo.fr\/saintdieinfo\/","name":"Saint Die Info","description":"Toute l&#039;actualit\u00e9 de Saint-Di\u00e9-Des-Vosges","publisher":{"@id":"https:\/\/vosgesinfo.fr\/saintdieinfo\/#organization"},"alternateName":"Toute l'actualit\u00e9 de Saint-Di\u00e9-Des-Vosges","potentialAction":[{"@type":"SearchAction","target":{"@type":"EntryPoint","urlTemplate":"https:\/\/vosgesinfo.fr\/saintdieinfo\/?s={search_term_string}"},"query-input":"required name=search_term_string"}],"inLanguage":"fr-FR"},{"@type":"Organization","@id":"https:\/\/vosgesinfo.fr\/saintdieinfo\/#organization","name":"Saint Die Info","url":"https:\/\/vosgesinfo.fr\/saintdieinfo\/","logo":{"@type":"ImageObject","inLanguage":"fr-FR","@id":"https:\/\/vosgesinfo.fr\/saintdieinfo\/#\/schema\/logo\/image\/","url":"https:\/\/vosgesinfo.fr\/app\/uploads\/sites\/4\/2024\/02\/logo-sdi.jpg","contentUrl":"https:\/\/vosgesinfo.fr\/app\/uploads\/sites\/4\/2024\/02\/logo-sdi.jpg","width":600,"height":600,"caption":"Saint Die Info"},"image":{"@id":"https:\/\/vosgesinfo.fr\/saintdieinfo\/#\/schema\/logo\/image\/"},"sameAs":["https:\/\/www.facebook.com\/Saintdieinfofr","https:\/\/x.com\/VosgesInfo88","https:\/\/www.youtube.com\/@vosgesinfo"]},{"@type":"Person","@id":"https:\/\/vosgesinfo.fr\/saintdieinfo\/#\/schema\/person\/faee6704a21f3977511db84bd1cd450f","name":"la r\u00e9daction","image":{"@type":"ImageObject","inLanguage":"fr-FR","@id":"https:\/\/vosgesinfo.fr\/saintdieinfo\/#\/schema\/person\/image\/","url":"https:\/\/secure.gravatar.com\/avatar\/6673d8bc6a9c17fa9a453eaa3448de834fa308c2ec9635b7aa99441a7c8d2cf6?s=96&d=mm&r=g","contentUrl":"https:\/\/secure.gravatar.com\/avatar\/6673d8bc6a9c17fa9a453eaa3448de834fa308c2ec9635b7aa99441a7c8d2cf6?s=96&d=mm&r=g","caption":"la r\u00e9daction"},"url":"https:\/\/vosgesinfo.fr\/saintdieinfo\/author\/redac\/"}]}},"_links":{"self":[{"href":"https:\/\/vosgesinfo.fr\/saintdieinfo\/wp-json\/wp\/v2\/posts\/38966","targetHints":{"allow":["GET"]}}],"collection":[{"href":"https:\/\/vosgesinfo.fr\/saintdieinfo\/wp-json\/wp\/v2\/posts"}],"about":[{"href":"https:\/\/vosgesinfo.fr\/saintdieinfo\/wp-json\/wp\/v2\/types\/post"}],"author":[{"embeddable":true,"href":"https:\/\/vosgesinfo.fr\/saintdieinfo\/wp-json\/wp\/v2\/users\/44"}],"replies":[{"embeddable":true,"href":"https:\/\/vosgesinfo.fr\/saintdieinfo\/wp-json\/wp\/v2\/comments?post=38966"}],"version-history":[{"count":0,"href":"https:\/\/vosgesinfo.fr\/saintdieinfo\/wp-json\/wp\/v2\/posts\/38966\/revisions"}],"wp:featuredmedia":[{"embeddable":true,"href":"https:\/\/vosgesinfo.fr\/saintdieinfo\/wp-json\/wp\/v2\/media\/38967"}],"wp:attachment":[{"href":"https:\/\/vosgesinfo.fr\/saintdieinfo\/wp-json\/wp\/v2\/media?parent=38966"}],"wp:term":[{"taxonomy":"category","embeddable":true,"href":"https:\/\/vosgesinfo.fr\/saintdieinfo\/wp-json\/wp\/v2\/categories?post=38966"},{"taxonomy":"post_tag","embeddable":true,"href":"https:\/\/vosgesinfo.fr\/saintdieinfo\/wp-json\/wp\/v2\/tags?post=38966"}],"curies":[{"name":"wp","href":"https:\/\/api.w.org\/{rel}","templated":true}]}}