{"id":38972,"date":"2020-01-30T06:00:37","date_gmt":"2020-01-30T05:00:37","guid":{"rendered":"https:\/\/vosgesinfo.fr\/saintdieinfo\/2020\/01\/festival-film-fantastique-de-gerardmer-asia-argento-presidente-festival-nest-reve-cauchemar\/"},"modified":"2020-01-30T06:00:37","modified_gmt":"2020-01-30T05:00:37","slug":"festival-film-fantastique-de-gerardmer-asia-argento-presidente-festival-nest-reve-cauchemar","status":"publish","type":"post","link":"https:\/\/vosgesinfo.fr\/saintdieinfo\/2020\/01\/festival-film-fantastique-de-gerardmer-asia-argento-presidente-festival-nest-reve-cauchemar\/","title":{"rendered":"Festival du Film Fantastique de G\u00e9rardmer \u2013 Asia Argento, pr\u00e9sidente du festival : ce n\u2019est ni un r\u00eave, ni un cauchemar"},"content":{"rendered":"<div id=\"attachment_155438\" style=\"width: 810px\" class=\"wp-caption aligncenter\"><a href=\"\/2020\/01\/festival-G\u00e9rardmer-2020-Asia-Argento-7.jpg\" target=\"_blank\" rel=\"noopener\"><img decoding=\"async\" aria-describedby=\"caption-attachment-155438\" class=\"wp-image-155438 size-full\" src=\"\/2020\/01\/festival-G\u00e9rardmer-2020-Asia-Argento-7.jpg\" alt=\"festival-G\u00e9rardmer-2020-Asia-Argento-7\" width=\"800\" height=\"600\" \/><\/a><p id=\"caption-attachment-155438\" class=\"wp-caption-text\">Asia Argento.<\/p><\/div>\n<h2><span style=\"font-size: 14pt;\"><strong>Eh oui, que ce soit pour le public ou pour elle-m\u00eame, ce n\u2019est pas un r\u00eave : Asia Argento est bien la pr\u00e9sidente du 27\u00e8me Festival International du Film Fantastique de G\u00e9rardmer qui a officiellement \u00e9t\u00e9 lanc\u00e9 ce mardi soir \u00e0 l\u2019Espace LAC.<\/strong><\/span><\/h2>\n<p><!--more--><\/p>\n<p>La principale int\u00e9ress\u00e9e n\u2019a donc pas cach\u00e9 sa joie de retrouver la Perle des Vosges et son festival, elle qui avait d\u00e9j\u00e0 fait partie du jury des longs m\u00e9trages il y a une vingtaine d\u2019ann\u00e9es : \u00ab\u00a0<em>Maintenant, j\u2019ai 44 ans, et je suis la pr\u00e9sidente du jury!<\/em>\u00a0\u00bb lancera-t-elle \u00e0 son arriv\u00e9e sur la sc\u00e8ne de l\u2019Espace LAC. Pour l\u2019accompagner dans sa mission et lors de cette c\u00e9r\u00e9monie d\u2019ouverture, on retrouvait \u00e0 ses c\u00f4t\u00e9s Christophe Gans, Alice Winocour, Arielle Dombasle, Flavien Berger, Niels Schneider, Jean-Beno\u00eet Dunckel et Jean-Fran\u00e7ois Rauger. Un solide \u00ab\u00a0casting\u00a0\u00bb qui sera progressivement rejoint \u00e0 G\u00e9rardmer par le jury des courts m\u00e9trages ainsi que de nombreux ma\u00eetres fran\u00e7ais du cin\u00e9ma de genre. Cela promet !<\/p>\n<p>Lire la suite de l&rsquo;article : <strong><a href=\"https:\/\/gerardmerinfo.fr\/2020\/01\/asia-argento-presidente-festival-de-gerardmer-nest-reve-cauchemard\/\" target=\"_blank\" rel=\"noopener\">https:\/\/gerardmerinfo.fr\/2020\/01\/asia-argento-presidente-festival-de-gerardmer-nest-reve-cauchemard\/<\/a><\/strong><\/p>\n","protected":false},"excerpt":{"rendered":"<p>Eh oui, que ce soit pour le public ou pour elle-m\u00eame, ce n\u2019est pas un r\u00eave : Asia Argento est [&hellip;]<\/p>\n","protected":false},"author":44,"featured_media":38973,"comment_status":"open","ping_status":"open","sticky":false,"template":"","format":"standard","meta":{"footnotes":""},"categories":[460,20,18],"tags":[7788,4923,79],"class_list":["post-38972","post","type-post","status-publish","format-standard","has-post-thumbnail","hentry","category-a-la-une","category-loisirs","category-vosges","tag-asia-argento","tag-festival-du-film-fantastique-de-gerardmer","tag-gerardmer"],"acf":[],"yoast_head":"<!-- This site is optimized with the Yoast SEO plugin v22.5 - https:\/\/yoast.com\/wordpress\/plugins\/seo\/ -->\n<title>Festival du Film Fantastique de G\u00e9rardmer \u2013 Asia Argento, pr\u00e9sidente du festival : ce n\u2019est ni un r\u00eave, ni un cauchemar - Saint Die Info<\/title>\n<meta name=\"robots\" content=\"index, follow, max-snippet:-1, max-image-preview:large, max-video-preview:-1\" \/>\n<link rel=\"canonical\" href=\"https:\/\/vosgesinfo.fr\/saintdieinfo\/2020\/01\/festival-film-fantastique-de-gerardmer-asia-argento-presidente-festival-nest-reve-cauchemar\/\" \/>\n<meta name=\"twitter:card\" content=\"summary_large_image\" \/>\n<meta name=\"twitter:title\" content=\"Festival du Film Fantastique de G\u00e9rardmer \u2013 Asia Argento, pr\u00e9sidente du festival : ce n\u2019est ni un r\u00eave, ni un cauchemar - Saint Die Info\" \/>\n<meta name=\"twitter:description\" content=\"Eh oui, que ce soit pour le public ou pour elle-m\u00eame, ce n\u2019est pas un r\u00eave : Asia Argento est [&hellip;]\" \/>\n<meta name=\"twitter:image\" content=\"https:\/\/vosgesinfo.fr\/app\/uploads\/sites\/4\/2024\/08\/202001festival-gerardmer-2020-asia-argento-7-1.jpg\" \/>\n<meta name=\"twitter:creator\" content=\"@VosgesInfo88\" \/>\n<meta name=\"twitter:site\" content=\"@VosgesInfo88\" \/>\n<meta name=\"twitter:label1\" content=\"\u00c9crit par\" \/>\n\t<meta name=\"twitter:data1\" content=\"la r\u00e9daction\" \/>\n\t<meta name=\"twitter:label2\" content=\"Dur\u00e9e de lecture estim\u00e9e\" \/>\n\t<meta name=\"twitter:data2\" content=\"1 minute\" \/>\n<script type=\"application\/ld+json\" class=\"yoast-schema-graph\">{\"@context\":\"https:\/\/schema.org\",\"@graph\":[{\"@type\":\"Article\",\"@id\":\"https:\/\/vosgesinfo.fr\/saintdieinfo\/2020\/01\/festival-film-fantastique-de-gerardmer-asia-argento-presidente-festival-nest-reve-cauchemar\/#article\",\"isPartOf\":{\"@id\":\"https:\/\/vosgesinfo.fr\/saintdieinfo\/2020\/01\/festival-film-fantastique-de-gerardmer-asia-argento-presidente-festival-nest-reve-cauchemar\/\"},\"author\":{\"name\":\"la r\u00e9daction\",\"@id\":\"https:\/\/vosgesinfo.fr\/saintdieinfo\/#\/schema\/person\/faee6704a21f3977511db84bd1cd450f\"},\"headline\":\"Festival du Film Fantastique de G\u00e9rardmer \u2013 Asia Argento, pr\u00e9sidente du festival : ce n\u2019est ni un r\u00eave, ni un cauchemar\",\"datePublished\":\"2020-01-30T05:00:37+00:00\",\"dateModified\":\"2020-01-30T05:00:37+00:00\",\"mainEntityOfPage\":{\"@id\":\"https:\/\/vosgesinfo.fr\/saintdieinfo\/2020\/01\/festival-film-fantastique-de-gerardmer-asia-argento-presidente-festival-nest-reve-cauchemar\/\"},\"wordCount\":224,\"commentCount\":0,\"publisher\":{\"@id\":\"https:\/\/vosgesinfo.fr\/saintdieinfo\/#organization\"},\"image\":{\"@id\":\"https:\/\/vosgesinfo.fr\/saintdieinfo\/2020\/01\/festival-film-fantastique-de-gerardmer-asia-argento-presidente-festival-nest-reve-cauchemar\/#primaryimage\"},\"thumbnailUrl\":\"https:\/\/vosgesinfo.fr\/app\/uploads\/sites\/4\/2024\/08\/202001festival-gerardmer-2020-asia-argento-7-1.jpg\",\"keywords\":[\"Asia Argento\",\"Festival du film fantastique de G\u00e9rardmer\",\"G\u00e9rardmer\"],\"articleSection\":[\"A la Une\",\"Loisirs\",\"Vosges\"],\"inLanguage\":\"fr-FR\",\"potentialAction\":[{\"@type\":\"CommentAction\",\"name\":\"Comment\",\"target\":[\"https:\/\/vosgesinfo.fr\/saintdieinfo\/2020\/01\/festival-film-fantastique-de-gerardmer-asia-argento-presidente-festival-nest-reve-cauchemar\/#respond\"]}]},{\"@type\":\"WebPage\",\"@id\":\"https:\/\/vosgesinfo.fr\/saintdieinfo\/2020\/01\/festival-film-fantastique-de-gerardmer-asia-argento-presidente-festival-nest-reve-cauchemar\/\",\"url\":\"https:\/\/vosgesinfo.fr\/saintdieinfo\/2020\/01\/festival-film-fantastique-de-gerardmer-asia-argento-presidente-festival-nest-reve-cauchemar\/\",\"name\":\"Festival du Film Fantastique de G\u00e9rardmer \u2013 Asia Argento, pr\u00e9sidente du festival : ce n\u2019est ni un r\u00eave, ni un cauchemar - Saint Die Info\",\"isPartOf\":{\"@id\":\"https:\/\/vosgesinfo.fr\/saintdieinfo\/#website\"},\"primaryImageOfPage\":{\"@id\":\"https:\/\/vosgesinfo.fr\/saintdieinfo\/2020\/01\/festival-film-fantastique-de-gerardmer-asia-argento-presidente-festival-nest-reve-cauchemar\/#primaryimage\"},\"image\":{\"@id\":\"https:\/\/vosgesinfo.fr\/saintdieinfo\/2020\/01\/festival-film-fantastique-de-gerardmer-asia-argento-presidente-festival-nest-reve-cauchemar\/#primaryimage\"},\"thumbnailUrl\":\"https:\/\/vosgesinfo.fr\/app\/uploads\/sites\/4\/2024\/08\/202001festival-gerardmer-2020-asia-argento-7-1.jpg\",\"datePublished\":\"2020-01-30T05:00:37+00:00\",\"dateModified\":\"2020-01-30T05:00:37+00:00\",\"breadcrumb\":{\"@id\":\"https:\/\/vosgesinfo.fr\/saintdieinfo\/2020\/01\/festival-film-fantastique-de-gerardmer-asia-argento-presidente-festival-nest-reve-cauchemar\/#breadcrumb\"},\"inLanguage\":\"fr-FR\",\"potentialAction\":[{\"@type\":\"ReadAction\",\"target\":[\"https:\/\/vosgesinfo.fr\/saintdieinfo\/2020\/01\/festival-film-fantastique-de-gerardmer-asia-argento-presidente-festival-nest-reve-cauchemar\/\"]}]},{\"@type\":\"ImageObject\",\"inLanguage\":\"fr-FR\",\"@id\":\"https:\/\/vosgesinfo.fr\/saintdieinfo\/2020\/01\/festival-film-fantastique-de-gerardmer-asia-argento-presidente-festival-nest-reve-cauchemar\/#primaryimage\",\"url\":\"https:\/\/vosgesinfo.fr\/app\/uploads\/sites\/4\/2024\/08\/202001festival-gerardmer-2020-asia-argento-7-1.jpg\",\"contentUrl\":\"https:\/\/vosgesinfo.fr\/app\/uploads\/sites\/4\/2024\/08\/202001festival-gerardmer-2020-asia-argento-7-1.jpg\",\"width\":800,\"height\":600},{\"@type\":\"BreadcrumbList\",\"@id\":\"https:\/\/vosgesinfo.fr\/saintdieinfo\/2020\/01\/festival-film-fantastique-de-gerardmer-asia-argento-presidente-festival-nest-reve-cauchemar\/#breadcrumb\",\"itemListElement\":[{\"@type\":\"ListItem\",\"position\":1,\"name\":\"Home\",\"item\":\"https:\/\/vosgesinfo.fr\/saintdieinfo\/\"},{\"@type\":\"ListItem\",\"position\":2,\"name\":\"Festival du Film Fantastique de G\u00e9rardmer \u2013 Asia Argento, pr\u00e9sidente du festival : ce n\u2019est ni un r\u00eave, ni un cauchemar\"}]},{\"@type\":\"WebSite\",\"@id\":\"https:\/\/vosgesinfo.fr\/saintdieinfo\/#website\",\"url\":\"https:\/\/vosgesinfo.fr\/saintdieinfo\/\",\"name\":\"Saint Die Info\",\"description\":\"Toute l&#039;actualit\u00e9 de Saint-Di\u00e9-Des-Vosges\",\"publisher\":{\"@id\":\"https:\/\/vosgesinfo.fr\/saintdieinfo\/#organization\"},\"alternateName\":\"Toute l'actualit\u00e9 de Saint-Di\u00e9-Des-Vosges\",\"potentialAction\":[{\"@type\":\"SearchAction\",\"target\":{\"@type\":\"EntryPoint\",\"urlTemplate\":\"https:\/\/vosgesinfo.fr\/saintdieinfo\/?s={search_term_string}\"},\"query-input\":\"required name=search_term_string\"}],\"inLanguage\":\"fr-FR\"},{\"@type\":\"Organization\",\"@id\":\"https:\/\/vosgesinfo.fr\/saintdieinfo\/#organization\",\"name\":\"Saint Die Info\",\"url\":\"https:\/\/vosgesinfo.fr\/saintdieinfo\/\",\"logo\":{\"@type\":\"ImageObject\",\"inLanguage\":\"fr-FR\",\"@id\":\"https:\/\/vosgesinfo.fr\/saintdieinfo\/#\/schema\/logo\/image\/\",\"url\":\"https:\/\/vosgesinfo.fr\/app\/uploads\/sites\/4\/2024\/02\/logo-sdi.jpg\",\"contentUrl\":\"https:\/\/vosgesinfo.fr\/app\/uploads\/sites\/4\/2024\/02\/logo-sdi.jpg\",\"width\":600,\"height\":600,\"caption\":\"Saint Die Info\"},\"image\":{\"@id\":\"https:\/\/vosgesinfo.fr\/saintdieinfo\/#\/schema\/logo\/image\/\"},\"sameAs\":[\"https:\/\/www.facebook.com\/Saintdieinfofr\",\"https:\/\/x.com\/VosgesInfo88\",\"https:\/\/www.youtube.com\/@vosgesinfo\"]},{\"@type\":\"Person\",\"@id\":\"https:\/\/vosgesinfo.fr\/saintdieinfo\/#\/schema\/person\/faee6704a21f3977511db84bd1cd450f\",\"name\":\"la r\u00e9daction\",\"image\":{\"@type\":\"ImageObject\",\"inLanguage\":\"fr-FR\",\"@id\":\"https:\/\/vosgesinfo.fr\/saintdieinfo\/#\/schema\/person\/image\/\",\"url\":\"https:\/\/secure.gravatar.com\/avatar\/6673d8bc6a9c17fa9a453eaa3448de834fa308c2ec9635b7aa99441a7c8d2cf6?s=96&d=mm&r=g\",\"contentUrl\":\"https:\/\/secure.gravatar.com\/avatar\/6673d8bc6a9c17fa9a453eaa3448de834fa308c2ec9635b7aa99441a7c8d2cf6?s=96&d=mm&r=g\",\"caption\":\"la r\u00e9daction\"},\"url\":\"https:\/\/vosgesinfo.fr\/saintdieinfo\/author\/redac\/\"}]}<\/script>\n<!-- \/ Yoast SEO plugin. -->","yoast_head_json":{"title":"Festival du Film Fantastique de G\u00e9rardmer \u2013 Asia Argento, pr\u00e9sidente du festival : ce n\u2019est ni un r\u00eave, ni un cauchemar - Saint Die Info","robots":{"index":"index","follow":"follow","max-snippet":"max-snippet:-1","max-image-preview":"max-image-preview:large","max-video-preview":"max-video-preview:-1"},"canonical":"https:\/\/vosgesinfo.fr\/saintdieinfo\/2020\/01\/festival-film-fantastique-de-gerardmer-asia-argento-presidente-festival-nest-reve-cauchemar\/","twitter_card":"summary_large_image","twitter_title":"Festival du Film Fantastique de G\u00e9rardmer \u2013 Asia Argento, pr\u00e9sidente du festival : ce n\u2019est ni un r\u00eave, ni un cauchemar - Saint Die Info","twitter_description":"Eh oui, que ce soit pour le public ou pour elle-m\u00eame, ce n\u2019est pas un r\u00eave : Asia Argento est [&hellip;]","twitter_image":"https:\/\/vosgesinfo.fr\/app\/uploads\/sites\/4\/2024\/08\/202001festival-gerardmer-2020-asia-argento-7-1.jpg","twitter_creator":"@VosgesInfo88","twitter_site":"@VosgesInfo88","twitter_misc":{"\u00c9crit par":"la r\u00e9daction","Dur\u00e9e de lecture estim\u00e9e":"1 minute"},"schema":{"@context":"https:\/\/schema.org","@graph":[{"@type":"Article","@id":"https:\/\/vosgesinfo.fr\/saintdieinfo\/2020\/01\/festival-film-fantastique-de-gerardmer-asia-argento-presidente-festival-nest-reve-cauchemar\/#article","isPartOf":{"@id":"https:\/\/vosgesinfo.fr\/saintdieinfo\/2020\/01\/festival-film-fantastique-de-gerardmer-asia-argento-presidente-festival-nest-reve-cauchemar\/"},"author":{"name":"la r\u00e9daction","@id":"https:\/\/vosgesinfo.fr\/saintdieinfo\/#\/schema\/person\/faee6704a21f3977511db84bd1cd450f"},"headline":"Festival du Film Fantastique de G\u00e9rardmer \u2013 Asia Argento, pr\u00e9sidente du festival : ce n\u2019est ni un r\u00eave, ni un cauchemar","datePublished":"2020-01-30T05:00:37+00:00","dateModified":"2020-01-30T05:00:37+00:00","mainEntityOfPage":{"@id":"https:\/\/vosgesinfo.fr\/saintdieinfo\/2020\/01\/festival-film-fantastique-de-gerardmer-asia-argento-presidente-festival-nest-reve-cauchemar\/"},"wordCount":224,"commentCount":0,"publisher":{"@id":"https:\/\/vosgesinfo.fr\/saintdieinfo\/#organization"},"image":{"@id":"https:\/\/vosgesinfo.fr\/saintdieinfo\/2020\/01\/festival-film-fantastique-de-gerardmer-asia-argento-presidente-festival-nest-reve-cauchemar\/#primaryimage"},"thumbnailUrl":"https:\/\/vosgesinfo.fr\/app\/uploads\/sites\/4\/2024\/08\/202001festival-gerardmer-2020-asia-argento-7-1.jpg","keywords":["Asia Argento","Festival du film fantastique de G\u00e9rardmer","G\u00e9rardmer"],"articleSection":["A la Une","Loisirs","Vosges"],"inLanguage":"fr-FR","potentialAction":[{"@type":"CommentAction","name":"Comment","target":["https:\/\/vosgesinfo.fr\/saintdieinfo\/2020\/01\/festival-film-fantastique-de-gerardmer-asia-argento-presidente-festival-nest-reve-cauchemar\/#respond"]}]},{"@type":"WebPage","@id":"https:\/\/vosgesinfo.fr\/saintdieinfo\/2020\/01\/festival-film-fantastique-de-gerardmer-asia-argento-presidente-festival-nest-reve-cauchemar\/","url":"https:\/\/vosgesinfo.fr\/saintdieinfo\/2020\/01\/festival-film-fantastique-de-gerardmer-asia-argento-presidente-festival-nest-reve-cauchemar\/","name":"Festival du Film Fantastique de G\u00e9rardmer \u2013 Asia Argento, pr\u00e9sidente du festival : ce n\u2019est ni un r\u00eave, ni un cauchemar - Saint Die Info","isPartOf":{"@id":"https:\/\/vosgesinfo.fr\/saintdieinfo\/#website"},"primaryImageOfPage":{"@id":"https:\/\/vosgesinfo.fr\/saintdieinfo\/2020\/01\/festival-film-fantastique-de-gerardmer-asia-argento-presidente-festival-nest-reve-cauchemar\/#primaryimage"},"image":{"@id":"https:\/\/vosgesinfo.fr\/saintdieinfo\/2020\/01\/festival-film-fantastique-de-gerardmer-asia-argento-presidente-festival-nest-reve-cauchemar\/#primaryimage"},"thumbnailUrl":"https:\/\/vosgesinfo.fr\/app\/uploads\/sites\/4\/2024\/08\/202001festival-gerardmer-2020-asia-argento-7-1.jpg","datePublished":"2020-01-30T05:00:37+00:00","dateModified":"2020-01-30T05:00:37+00:00","breadcrumb":{"@id":"https:\/\/vosgesinfo.fr\/saintdieinfo\/2020\/01\/festival-film-fantastique-de-gerardmer-asia-argento-presidente-festival-nest-reve-cauchemar\/#breadcrumb"},"inLanguage":"fr-FR","potentialAction":[{"@type":"ReadAction","target":["https:\/\/vosgesinfo.fr\/saintdieinfo\/2020\/01\/festival-film-fantastique-de-gerardmer-asia-argento-presidente-festival-nest-reve-cauchemar\/"]}]},{"@type":"ImageObject","inLanguage":"fr-FR","@id":"https:\/\/vosgesinfo.fr\/saintdieinfo\/2020\/01\/festival-film-fantastique-de-gerardmer-asia-argento-presidente-festival-nest-reve-cauchemar\/#primaryimage","url":"https:\/\/vosgesinfo.fr\/app\/uploads\/sites\/4\/2024\/08\/202001festival-gerardmer-2020-asia-argento-7-1.jpg","contentUrl":"https:\/\/vosgesinfo.fr\/app\/uploads\/sites\/4\/2024\/08\/202001festival-gerardmer-2020-asia-argento-7-1.jpg","width":800,"height":600},{"@type":"BreadcrumbList","@id":"https:\/\/vosgesinfo.fr\/saintdieinfo\/2020\/01\/festival-film-fantastique-de-gerardmer-asia-argento-presidente-festival-nest-reve-cauchemar\/#breadcrumb","itemListElement":[{"@type":"ListItem","position":1,"name":"Home","item":"https:\/\/vosgesinfo.fr\/saintdieinfo\/"},{"@type":"ListItem","position":2,"name":"Festival du Film Fantastique de G\u00e9rardmer \u2013 Asia Argento, pr\u00e9sidente du festival : ce n\u2019est ni un r\u00eave, ni un cauchemar"}]},{"@type":"WebSite","@id":"https:\/\/vosgesinfo.fr\/saintdieinfo\/#website","url":"https:\/\/vosgesinfo.fr\/saintdieinfo\/","name":"Saint Die Info","description":"Toute l&#039;actualit\u00e9 de Saint-Di\u00e9-Des-Vosges","publisher":{"@id":"https:\/\/vosgesinfo.fr\/saintdieinfo\/#organization"},"alternateName":"Toute l'actualit\u00e9 de Saint-Di\u00e9-Des-Vosges","potentialAction":[{"@type":"SearchAction","target":{"@type":"EntryPoint","urlTemplate":"https:\/\/vosgesinfo.fr\/saintdieinfo\/?s={search_term_string}"},"query-input":"required name=search_term_string"}],"inLanguage":"fr-FR"},{"@type":"Organization","@id":"https:\/\/vosgesinfo.fr\/saintdieinfo\/#organization","name":"Saint Die Info","url":"https:\/\/vosgesinfo.fr\/saintdieinfo\/","logo":{"@type":"ImageObject","inLanguage":"fr-FR","@id":"https:\/\/vosgesinfo.fr\/saintdieinfo\/#\/schema\/logo\/image\/","url":"https:\/\/vosgesinfo.fr\/app\/uploads\/sites\/4\/2024\/02\/logo-sdi.jpg","contentUrl":"https:\/\/vosgesinfo.fr\/app\/uploads\/sites\/4\/2024\/02\/logo-sdi.jpg","width":600,"height":600,"caption":"Saint Die Info"},"image":{"@id":"https:\/\/vosgesinfo.fr\/saintdieinfo\/#\/schema\/logo\/image\/"},"sameAs":["https:\/\/www.facebook.com\/Saintdieinfofr","https:\/\/x.com\/VosgesInfo88","https:\/\/www.youtube.com\/@vosgesinfo"]},{"@type":"Person","@id":"https:\/\/vosgesinfo.fr\/saintdieinfo\/#\/schema\/person\/faee6704a21f3977511db84bd1cd450f","name":"la r\u00e9daction","image":{"@type":"ImageObject","inLanguage":"fr-FR","@id":"https:\/\/vosgesinfo.fr\/saintdieinfo\/#\/schema\/person\/image\/","url":"https:\/\/secure.gravatar.com\/avatar\/6673d8bc6a9c17fa9a453eaa3448de834fa308c2ec9635b7aa99441a7c8d2cf6?s=96&d=mm&r=g","contentUrl":"https:\/\/secure.gravatar.com\/avatar\/6673d8bc6a9c17fa9a453eaa3448de834fa308c2ec9635b7aa99441a7c8d2cf6?s=96&d=mm&r=g","caption":"la r\u00e9daction"},"url":"https:\/\/vosgesinfo.fr\/saintdieinfo\/author\/redac\/"}]}},"_links":{"self":[{"href":"https:\/\/vosgesinfo.fr\/saintdieinfo\/wp-json\/wp\/v2\/posts\/38972","targetHints":{"allow":["GET"]}}],"collection":[{"href":"https:\/\/vosgesinfo.fr\/saintdieinfo\/wp-json\/wp\/v2\/posts"}],"about":[{"href":"https:\/\/vosgesinfo.fr\/saintdieinfo\/wp-json\/wp\/v2\/types\/post"}],"author":[{"embeddable":true,"href":"https:\/\/vosgesinfo.fr\/saintdieinfo\/wp-json\/wp\/v2\/users\/44"}],"replies":[{"embeddable":true,"href":"https:\/\/vosgesinfo.fr\/saintdieinfo\/wp-json\/wp\/v2\/comments?post=38972"}],"version-history":[{"count":0,"href":"https:\/\/vosgesinfo.fr\/saintdieinfo\/wp-json\/wp\/v2\/posts\/38972\/revisions"}],"wp:featuredmedia":[{"embeddable":true,"href":"https:\/\/vosgesinfo.fr\/saintdieinfo\/wp-json\/wp\/v2\/media\/38973"}],"wp:attachment":[{"href":"https:\/\/vosgesinfo.fr\/saintdieinfo\/wp-json\/wp\/v2\/media?parent=38972"}],"wp:term":[{"taxonomy":"category","embeddable":true,"href":"https:\/\/vosgesinfo.fr\/saintdieinfo\/wp-json\/wp\/v2\/categories?post=38972"},{"taxonomy":"post_tag","embeddable":true,"href":"https:\/\/vosgesinfo.fr\/saintdieinfo\/wp-json\/wp\/v2\/tags?post=38972"}],"curies":[{"name":"wp","href":"https:\/\/api.w.org\/{rel}","templated":true}]}}