{"id":38982,"date":"2020-01-30T07:00:38","date_gmt":"2020-01-30T06:00:38","guid":{"rendered":"https:\/\/vosgesinfo.fr\/saintdieinfo\/2020\/01\/saint-die-vosges-va-accueillir-services-deconcentres-finances-publiques\/"},"modified":"2020-01-30T07:00:38","modified_gmt":"2020-01-30T06:00:38","slug":"saint-die-vosges-va-accueillir-services-deconcentres-finances-publiques","status":"publish","type":"post","link":"https:\/\/vosgesinfo.fr\/saintdieinfo\/2020\/01\/saint-die-vosges-va-accueillir-services-deconcentres-finances-publiques\/","title":{"rendered":"Saint-Di\u00e9-des-Vosges va accueillir des services d\u00e9concentr\u00e9s des Finances publiques"},"content":{"rendered":"<p><span style=\"text-decoration: underline;\"><strong>Communiqu\u00e9 du maire David Valence :<\/strong><\/span><\/p>\n<h2><span style=\"font-size: 14pt;\"><strong>Saint-Di\u00e9-des-Vosges fait partie des 50 premi\u00e8res villes qui ont \u00e9t\u00e9 s\u00e9lectionn\u00e9es pour accueillir des services d\u00e9concentr\u00e9s de la direction g\u00e9n\u00e9rale des Finances publiques.<\/strong><\/span><\/h2>\n<p><!--more--><\/p>\n<p>L&rsquo;annonce vient d&rsquo;en \u00eatre faite officiellement par le Ministre G\u00e9rald Darmanin. La Ville avait candidat\u00e9 il y a d\u00e9j\u00e0 plusieurs mois pour b\u00e9n\u00e9ficier de cette d\u00e9concentration de services de l&rsquo;\u00c9tat, avec l&rsquo;appui de la Direction D\u00e9partementale des Finances Publiques et de la Pr\u00e9fecture des Vosges, \u00e0 hauteur de plusieurs dizaines d&#8217;emplois (20 \u00e0 50).<\/p>\n<p>Le nombre exact d&rsquo;agents concern\u00e9s et le calendrier d&rsquo;installation de ces services &#8211; jusqu&rsquo;ici implant\u00e9s dans de grandes villes &#8211; \u00e0 Saint-Di\u00e9-des-Vosges, vont maintenant faire l&rsquo;objet d&rsquo;\u00e9changes entre le minist\u00e8re de l\u2019Action et des Comptes publics et les organisations syndicales, comme pour les 49 autres villes.<\/p>\n<p>M\u00eame si l&rsquo;ampleur de la d\u00e9concentration ne pourra se mesurer que d&rsquo;ici plusieurs mois, il s&rsquo;agit d&rsquo;une excellente nouvelle pour Saint-Di\u00e9-des-Vosges. Elle t\u00e9moigne aussi de l&rsquo;attention de l&rsquo;\u00c9tat pour les villes moyennes en transition.<\/p>\n","protected":false},"excerpt":{"rendered":"<p>Communiqu\u00e9 du maire David Valence : Saint-Di\u00e9-des-Vosges fait partie des 50 premi\u00e8res villes qui ont \u00e9t\u00e9 s\u00e9lectionn\u00e9es pour accueillir des [&hellip;]<\/p>\n","protected":false},"author":44,"featured_media":38983,"comment_status":"open","ping_status":"open","sticky":false,"template":"","format":"standard","meta":{"footnotes":""},"categories":[460,10,2915],"tags":[7790,580,2729,7791],"class_list":["post-38982","post","type-post","status-publish","format-standard","has-post-thumbnail","hentry","category-a-la-une","category-politique","category-saint-die-son-canton","tag-direction-generale-des-finances-publiques","tag-finances-publiques","tag-gerald-darmanin","tag-services-deconcentres"],"acf":[],"yoast_head":"<!-- This site is optimized with the Yoast SEO plugin v22.5 - https:\/\/yoast.com\/wordpress\/plugins\/seo\/ -->\n<title>Saint-Di\u00e9-des-Vosges va accueillir des services d\u00e9concentr\u00e9s des Finances publiques - Saint Die Info<\/title>\n<meta name=\"robots\" content=\"index, follow, max-snippet:-1, max-image-preview:large, max-video-preview:-1\" \/>\n<link rel=\"canonical\" href=\"https:\/\/vosgesinfo.fr\/saintdieinfo\/2020\/01\/saint-die-vosges-va-accueillir-services-deconcentres-finances-publiques\/\" \/>\n<meta name=\"twitter:card\" content=\"summary_large_image\" \/>\n<meta name=\"twitter:title\" content=\"Saint-Di\u00e9-des-Vosges va accueillir des services d\u00e9concentr\u00e9s des Finances publiques - Saint Die Info\" \/>\n<meta name=\"twitter:description\" content=\"Communiqu\u00e9 du maire David Valence : Saint-Di\u00e9-des-Vosges fait partie des 50 premi\u00e8res villes qui ont \u00e9t\u00e9 s\u00e9lectionn\u00e9es pour accueillir des [&hellip;]\" \/>\n<meta name=\"twitter:image\" content=\"https:\/\/vosgesinfo.fr\/app\/uploads\/sites\/4\/2024\/08\/202001fp-logo.jpg\" \/>\n<meta name=\"twitter:creator\" content=\"@VosgesInfo88\" \/>\n<meta name=\"twitter:site\" content=\"@VosgesInfo88\" \/>\n<meta name=\"twitter:label1\" content=\"\u00c9crit par\" \/>\n\t<meta name=\"twitter:data1\" content=\"la r\u00e9daction\" \/>\n\t<meta name=\"twitter:label2\" content=\"Dur\u00e9e de lecture estim\u00e9e\" \/>\n\t<meta name=\"twitter:data2\" content=\"1 minute\" \/>\n<script type=\"application\/ld+json\" class=\"yoast-schema-graph\">{\"@context\":\"https:\/\/schema.org\",\"@graph\":[{\"@type\":\"Article\",\"@id\":\"https:\/\/vosgesinfo.fr\/saintdieinfo\/2020\/01\/saint-die-vosges-va-accueillir-services-deconcentres-finances-publiques\/#article\",\"isPartOf\":{\"@id\":\"https:\/\/vosgesinfo.fr\/saintdieinfo\/2020\/01\/saint-die-vosges-va-accueillir-services-deconcentres-finances-publiques\/\"},\"author\":{\"name\":\"la r\u00e9daction\",\"@id\":\"https:\/\/vosgesinfo.fr\/saintdieinfo\/#\/schema\/person\/faee6704a21f3977511db84bd1cd450f\"},\"headline\":\"Saint-Di\u00e9-des-Vosges va accueillir des services d\u00e9concentr\u00e9s des Finances publiques\",\"datePublished\":\"2020-01-30T06:00:38+00:00\",\"dateModified\":\"2020-01-30T06:00:38+00:00\",\"mainEntityOfPage\":{\"@id\":\"https:\/\/vosgesinfo.fr\/saintdieinfo\/2020\/01\/saint-die-vosges-va-accueillir-services-deconcentres-finances-publiques\/\"},\"wordCount\":207,\"commentCount\":0,\"publisher\":{\"@id\":\"https:\/\/vosgesinfo.fr\/saintdieinfo\/#organization\"},\"image\":{\"@id\":\"https:\/\/vosgesinfo.fr\/saintdieinfo\/2020\/01\/saint-die-vosges-va-accueillir-services-deconcentres-finances-publiques\/#primaryimage\"},\"thumbnailUrl\":\"https:\/\/vosgesinfo.fr\/app\/uploads\/sites\/4\/2024\/08\/202001fp-logo.jpg\",\"keywords\":[\"Direction G\u00e9n\u00e9rale des Finances Publiques\",\"Finances publiques\",\"G\u00e9rald Darmanin\",\"Services d\u00e9concentr\u00e9s\"],\"articleSection\":[\"A la Une\",\"Politique\",\"Saint-Di\u00e9-des-Vosges et son Agglom\u00e9ration\"],\"inLanguage\":\"fr-FR\",\"potentialAction\":[{\"@type\":\"CommentAction\",\"name\":\"Comment\",\"target\":[\"https:\/\/vosgesinfo.fr\/saintdieinfo\/2020\/01\/saint-die-vosges-va-accueillir-services-deconcentres-finances-publiques\/#respond\"]}]},{\"@type\":\"WebPage\",\"@id\":\"https:\/\/vosgesinfo.fr\/saintdieinfo\/2020\/01\/saint-die-vosges-va-accueillir-services-deconcentres-finances-publiques\/\",\"url\":\"https:\/\/vosgesinfo.fr\/saintdieinfo\/2020\/01\/saint-die-vosges-va-accueillir-services-deconcentres-finances-publiques\/\",\"name\":\"Saint-Di\u00e9-des-Vosges va accueillir des services d\u00e9concentr\u00e9s des Finances publiques - Saint Die Info\",\"isPartOf\":{\"@id\":\"https:\/\/vosgesinfo.fr\/saintdieinfo\/#website\"},\"primaryImageOfPage\":{\"@id\":\"https:\/\/vosgesinfo.fr\/saintdieinfo\/2020\/01\/saint-die-vosges-va-accueillir-services-deconcentres-finances-publiques\/#primaryimage\"},\"image\":{\"@id\":\"https:\/\/vosgesinfo.fr\/saintdieinfo\/2020\/01\/saint-die-vosges-va-accueillir-services-deconcentres-finances-publiques\/#primaryimage\"},\"thumbnailUrl\":\"https:\/\/vosgesinfo.fr\/app\/uploads\/sites\/4\/2024\/08\/202001fp-logo.jpg\",\"datePublished\":\"2020-01-30T06:00:38+00:00\",\"dateModified\":\"2020-01-30T06:00:38+00:00\",\"breadcrumb\":{\"@id\":\"https:\/\/vosgesinfo.fr\/saintdieinfo\/2020\/01\/saint-die-vosges-va-accueillir-services-deconcentres-finances-publiques\/#breadcrumb\"},\"inLanguage\":\"fr-FR\",\"potentialAction\":[{\"@type\":\"ReadAction\",\"target\":[\"https:\/\/vosgesinfo.fr\/saintdieinfo\/2020\/01\/saint-die-vosges-va-accueillir-services-deconcentres-finances-publiques\/\"]}]},{\"@type\":\"ImageObject\",\"inLanguage\":\"fr-FR\",\"@id\":\"https:\/\/vosgesinfo.fr\/saintdieinfo\/2020\/01\/saint-die-vosges-va-accueillir-services-deconcentres-finances-publiques\/#primaryimage\",\"url\":\"https:\/\/vosgesinfo.fr\/app\/uploads\/sites\/4\/2024\/08\/202001fp-logo.jpg\",\"contentUrl\":\"https:\/\/vosgesinfo.fr\/app\/uploads\/sites\/4\/2024\/08\/202001fp-logo.jpg\",\"width\":2000,\"height\":1200},{\"@type\":\"BreadcrumbList\",\"@id\":\"https:\/\/vosgesinfo.fr\/saintdieinfo\/2020\/01\/saint-die-vosges-va-accueillir-services-deconcentres-finances-publiques\/#breadcrumb\",\"itemListElement\":[{\"@type\":\"ListItem\",\"position\":1,\"name\":\"Home\",\"item\":\"https:\/\/vosgesinfo.fr\/saintdieinfo\/\"},{\"@type\":\"ListItem\",\"position\":2,\"name\":\"Saint-Di\u00e9-des-Vosges va accueillir des services d\u00e9concentr\u00e9s des Finances publiques\"}]},{\"@type\":\"WebSite\",\"@id\":\"https:\/\/vosgesinfo.fr\/saintdieinfo\/#website\",\"url\":\"https:\/\/vosgesinfo.fr\/saintdieinfo\/\",\"name\":\"Saint Die Info\",\"description\":\"Toute l&#039;actualit\u00e9 de Saint-Di\u00e9-Des-Vosges\",\"publisher\":{\"@id\":\"https:\/\/vosgesinfo.fr\/saintdieinfo\/#organization\"},\"alternateName\":\"Toute l'actualit\u00e9 de Saint-Di\u00e9-Des-Vosges\",\"potentialAction\":[{\"@type\":\"SearchAction\",\"target\":{\"@type\":\"EntryPoint\",\"urlTemplate\":\"https:\/\/vosgesinfo.fr\/saintdieinfo\/?s={search_term_string}\"},\"query-input\":\"required name=search_term_string\"}],\"inLanguage\":\"fr-FR\"},{\"@type\":\"Organization\",\"@id\":\"https:\/\/vosgesinfo.fr\/saintdieinfo\/#organization\",\"name\":\"Saint Die Info\",\"url\":\"https:\/\/vosgesinfo.fr\/saintdieinfo\/\",\"logo\":{\"@type\":\"ImageObject\",\"inLanguage\":\"fr-FR\",\"@id\":\"https:\/\/vosgesinfo.fr\/saintdieinfo\/#\/schema\/logo\/image\/\",\"url\":\"https:\/\/vosgesinfo.fr\/app\/uploads\/sites\/4\/2024\/02\/logo-sdi.jpg\",\"contentUrl\":\"https:\/\/vosgesinfo.fr\/app\/uploads\/sites\/4\/2024\/02\/logo-sdi.jpg\",\"width\":600,\"height\":600,\"caption\":\"Saint Die Info\"},\"image\":{\"@id\":\"https:\/\/vosgesinfo.fr\/saintdieinfo\/#\/schema\/logo\/image\/\"},\"sameAs\":[\"https:\/\/www.facebook.com\/Saintdieinfofr\",\"https:\/\/x.com\/VosgesInfo88\",\"https:\/\/www.youtube.com\/@vosgesinfo\"]},{\"@type\":\"Person\",\"@id\":\"https:\/\/vosgesinfo.fr\/saintdieinfo\/#\/schema\/person\/faee6704a21f3977511db84bd1cd450f\",\"name\":\"la r\u00e9daction\",\"image\":{\"@type\":\"ImageObject\",\"inLanguage\":\"fr-FR\",\"@id\":\"https:\/\/vosgesinfo.fr\/saintdieinfo\/#\/schema\/person\/image\/\",\"url\":\"https:\/\/secure.gravatar.com\/avatar\/6673d8bc6a9c17fa9a453eaa3448de834fa308c2ec9635b7aa99441a7c8d2cf6?s=96&d=mm&r=g\",\"contentUrl\":\"https:\/\/secure.gravatar.com\/avatar\/6673d8bc6a9c17fa9a453eaa3448de834fa308c2ec9635b7aa99441a7c8d2cf6?s=96&d=mm&r=g\",\"caption\":\"la r\u00e9daction\"},\"url\":\"https:\/\/vosgesinfo.fr\/saintdieinfo\/author\/redac\/\"}]}<\/script>\n<!-- \/ Yoast SEO plugin. -->","yoast_head_json":{"title":"Saint-Di\u00e9-des-Vosges va accueillir des services d\u00e9concentr\u00e9s des Finances publiques - Saint Die Info","robots":{"index":"index","follow":"follow","max-snippet":"max-snippet:-1","max-image-preview":"max-image-preview:large","max-video-preview":"max-video-preview:-1"},"canonical":"https:\/\/vosgesinfo.fr\/saintdieinfo\/2020\/01\/saint-die-vosges-va-accueillir-services-deconcentres-finances-publiques\/","twitter_card":"summary_large_image","twitter_title":"Saint-Di\u00e9-des-Vosges va accueillir des services d\u00e9concentr\u00e9s des Finances publiques - Saint Die Info","twitter_description":"Communiqu\u00e9 du maire David Valence : Saint-Di\u00e9-des-Vosges fait partie des 50 premi\u00e8res villes qui ont \u00e9t\u00e9 s\u00e9lectionn\u00e9es pour accueillir des [&hellip;]","twitter_image":"https:\/\/vosgesinfo.fr\/app\/uploads\/sites\/4\/2024\/08\/202001fp-logo.jpg","twitter_creator":"@VosgesInfo88","twitter_site":"@VosgesInfo88","twitter_misc":{"\u00c9crit par":"la r\u00e9daction","Dur\u00e9e de lecture estim\u00e9e":"1 minute"},"schema":{"@context":"https:\/\/schema.org","@graph":[{"@type":"Article","@id":"https:\/\/vosgesinfo.fr\/saintdieinfo\/2020\/01\/saint-die-vosges-va-accueillir-services-deconcentres-finances-publiques\/#article","isPartOf":{"@id":"https:\/\/vosgesinfo.fr\/saintdieinfo\/2020\/01\/saint-die-vosges-va-accueillir-services-deconcentres-finances-publiques\/"},"author":{"name":"la r\u00e9daction","@id":"https:\/\/vosgesinfo.fr\/saintdieinfo\/#\/schema\/person\/faee6704a21f3977511db84bd1cd450f"},"headline":"Saint-Di\u00e9-des-Vosges va accueillir des services d\u00e9concentr\u00e9s des Finances publiques","datePublished":"2020-01-30T06:00:38+00:00","dateModified":"2020-01-30T06:00:38+00:00","mainEntityOfPage":{"@id":"https:\/\/vosgesinfo.fr\/saintdieinfo\/2020\/01\/saint-die-vosges-va-accueillir-services-deconcentres-finances-publiques\/"},"wordCount":207,"commentCount":0,"publisher":{"@id":"https:\/\/vosgesinfo.fr\/saintdieinfo\/#organization"},"image":{"@id":"https:\/\/vosgesinfo.fr\/saintdieinfo\/2020\/01\/saint-die-vosges-va-accueillir-services-deconcentres-finances-publiques\/#primaryimage"},"thumbnailUrl":"https:\/\/vosgesinfo.fr\/app\/uploads\/sites\/4\/2024\/08\/202001fp-logo.jpg","keywords":["Direction G\u00e9n\u00e9rale des Finances Publiques","Finances publiques","G\u00e9rald Darmanin","Services d\u00e9concentr\u00e9s"],"articleSection":["A la Une","Politique","Saint-Di\u00e9-des-Vosges et son Agglom\u00e9ration"],"inLanguage":"fr-FR","potentialAction":[{"@type":"CommentAction","name":"Comment","target":["https:\/\/vosgesinfo.fr\/saintdieinfo\/2020\/01\/saint-die-vosges-va-accueillir-services-deconcentres-finances-publiques\/#respond"]}]},{"@type":"WebPage","@id":"https:\/\/vosgesinfo.fr\/saintdieinfo\/2020\/01\/saint-die-vosges-va-accueillir-services-deconcentres-finances-publiques\/","url":"https:\/\/vosgesinfo.fr\/saintdieinfo\/2020\/01\/saint-die-vosges-va-accueillir-services-deconcentres-finances-publiques\/","name":"Saint-Di\u00e9-des-Vosges va accueillir des services d\u00e9concentr\u00e9s des Finances publiques - Saint Die Info","isPartOf":{"@id":"https:\/\/vosgesinfo.fr\/saintdieinfo\/#website"},"primaryImageOfPage":{"@id":"https:\/\/vosgesinfo.fr\/saintdieinfo\/2020\/01\/saint-die-vosges-va-accueillir-services-deconcentres-finances-publiques\/#primaryimage"},"image":{"@id":"https:\/\/vosgesinfo.fr\/saintdieinfo\/2020\/01\/saint-die-vosges-va-accueillir-services-deconcentres-finances-publiques\/#primaryimage"},"thumbnailUrl":"https:\/\/vosgesinfo.fr\/app\/uploads\/sites\/4\/2024\/08\/202001fp-logo.jpg","datePublished":"2020-01-30T06:00:38+00:00","dateModified":"2020-01-30T06:00:38+00:00","breadcrumb":{"@id":"https:\/\/vosgesinfo.fr\/saintdieinfo\/2020\/01\/saint-die-vosges-va-accueillir-services-deconcentres-finances-publiques\/#breadcrumb"},"inLanguage":"fr-FR","potentialAction":[{"@type":"ReadAction","target":["https:\/\/vosgesinfo.fr\/saintdieinfo\/2020\/01\/saint-die-vosges-va-accueillir-services-deconcentres-finances-publiques\/"]}]},{"@type":"ImageObject","inLanguage":"fr-FR","@id":"https:\/\/vosgesinfo.fr\/saintdieinfo\/2020\/01\/saint-die-vosges-va-accueillir-services-deconcentres-finances-publiques\/#primaryimage","url":"https:\/\/vosgesinfo.fr\/app\/uploads\/sites\/4\/2024\/08\/202001fp-logo.jpg","contentUrl":"https:\/\/vosgesinfo.fr\/app\/uploads\/sites\/4\/2024\/08\/202001fp-logo.jpg","width":2000,"height":1200},{"@type":"BreadcrumbList","@id":"https:\/\/vosgesinfo.fr\/saintdieinfo\/2020\/01\/saint-die-vosges-va-accueillir-services-deconcentres-finances-publiques\/#breadcrumb","itemListElement":[{"@type":"ListItem","position":1,"name":"Home","item":"https:\/\/vosgesinfo.fr\/saintdieinfo\/"},{"@type":"ListItem","position":2,"name":"Saint-Di\u00e9-des-Vosges va accueillir des services d\u00e9concentr\u00e9s des Finances publiques"}]},{"@type":"WebSite","@id":"https:\/\/vosgesinfo.fr\/saintdieinfo\/#website","url":"https:\/\/vosgesinfo.fr\/saintdieinfo\/","name":"Saint Die Info","description":"Toute l&#039;actualit\u00e9 de Saint-Di\u00e9-Des-Vosges","publisher":{"@id":"https:\/\/vosgesinfo.fr\/saintdieinfo\/#organization"},"alternateName":"Toute l'actualit\u00e9 de Saint-Di\u00e9-Des-Vosges","potentialAction":[{"@type":"SearchAction","target":{"@type":"EntryPoint","urlTemplate":"https:\/\/vosgesinfo.fr\/saintdieinfo\/?s={search_term_string}"},"query-input":"required name=search_term_string"}],"inLanguage":"fr-FR"},{"@type":"Organization","@id":"https:\/\/vosgesinfo.fr\/saintdieinfo\/#organization","name":"Saint Die Info","url":"https:\/\/vosgesinfo.fr\/saintdieinfo\/","logo":{"@type":"ImageObject","inLanguage":"fr-FR","@id":"https:\/\/vosgesinfo.fr\/saintdieinfo\/#\/schema\/logo\/image\/","url":"https:\/\/vosgesinfo.fr\/app\/uploads\/sites\/4\/2024\/02\/logo-sdi.jpg","contentUrl":"https:\/\/vosgesinfo.fr\/app\/uploads\/sites\/4\/2024\/02\/logo-sdi.jpg","width":600,"height":600,"caption":"Saint Die Info"},"image":{"@id":"https:\/\/vosgesinfo.fr\/saintdieinfo\/#\/schema\/logo\/image\/"},"sameAs":["https:\/\/www.facebook.com\/Saintdieinfofr","https:\/\/x.com\/VosgesInfo88","https:\/\/www.youtube.com\/@vosgesinfo"]},{"@type":"Person","@id":"https:\/\/vosgesinfo.fr\/saintdieinfo\/#\/schema\/person\/faee6704a21f3977511db84bd1cd450f","name":"la r\u00e9daction","image":{"@type":"ImageObject","inLanguage":"fr-FR","@id":"https:\/\/vosgesinfo.fr\/saintdieinfo\/#\/schema\/person\/image\/","url":"https:\/\/secure.gravatar.com\/avatar\/6673d8bc6a9c17fa9a453eaa3448de834fa308c2ec9635b7aa99441a7c8d2cf6?s=96&d=mm&r=g","contentUrl":"https:\/\/secure.gravatar.com\/avatar\/6673d8bc6a9c17fa9a453eaa3448de834fa308c2ec9635b7aa99441a7c8d2cf6?s=96&d=mm&r=g","caption":"la r\u00e9daction"},"url":"https:\/\/vosgesinfo.fr\/saintdieinfo\/author\/redac\/"}]}},"_links":{"self":[{"href":"https:\/\/vosgesinfo.fr\/saintdieinfo\/wp-json\/wp\/v2\/posts\/38982","targetHints":{"allow":["GET"]}}],"collection":[{"href":"https:\/\/vosgesinfo.fr\/saintdieinfo\/wp-json\/wp\/v2\/posts"}],"about":[{"href":"https:\/\/vosgesinfo.fr\/saintdieinfo\/wp-json\/wp\/v2\/types\/post"}],"author":[{"embeddable":true,"href":"https:\/\/vosgesinfo.fr\/saintdieinfo\/wp-json\/wp\/v2\/users\/44"}],"replies":[{"embeddable":true,"href":"https:\/\/vosgesinfo.fr\/saintdieinfo\/wp-json\/wp\/v2\/comments?post=38982"}],"version-history":[{"count":0,"href":"https:\/\/vosgesinfo.fr\/saintdieinfo\/wp-json\/wp\/v2\/posts\/38982\/revisions"}],"wp:featuredmedia":[{"embeddable":true,"href":"https:\/\/vosgesinfo.fr\/saintdieinfo\/wp-json\/wp\/v2\/media\/38983"}],"wp:attachment":[{"href":"https:\/\/vosgesinfo.fr\/saintdieinfo\/wp-json\/wp\/v2\/media?parent=38982"}],"wp:term":[{"taxonomy":"category","embeddable":true,"href":"https:\/\/vosgesinfo.fr\/saintdieinfo\/wp-json\/wp\/v2\/categories?post=38982"},{"taxonomy":"post_tag","embeddable":true,"href":"https:\/\/vosgesinfo.fr\/saintdieinfo\/wp-json\/wp\/v2\/tags?post=38982"}],"curies":[{"name":"wp","href":"https:\/\/api.w.org\/{rel}","templated":true}]}}