{"id":38992,"date":"2020-01-30T12:00:57","date_gmt":"2020-01-30T11:00:57","guid":{"rendered":"https:\/\/vosgesinfo.fr\/saintdieinfo\/2020\/01\/petr-de-deodatie-signe-contrat-de-transition-ecologique\/"},"modified":"2020-01-30T12:00:57","modified_gmt":"2020-01-30T11:00:57","slug":"petr-de-deodatie-signe-contrat-de-transition-ecologique","status":"publish","type":"post","link":"https:\/\/vosgesinfo.fr\/saintdieinfo\/2020\/01\/petr-de-deodatie-signe-contrat-de-transition-ecologique\/","title":{"rendered":"Le PETR de la D\u00e9odatie signe un Contrat de Transition Ecologique"},"content":{"rendered":"<p><a href=\"\/2020\/01\/Signature_Contrat_Transition_Energ\u00e9tique.jpg\" target=\"_blank\" rel=\"noopener\"><img decoding=\"async\" class=\"aligncenter wp-image-155469 size-full\" src=\"\/2020\/01\/Signature_Contrat_Transition_Energ\u00e9tique.jpg\" alt=\"Signature_Contrat_Transition_Energ\u00e9tique\" width=\"1000\" height=\"750\" \/><\/a><\/p>\n<h2><strong><span style=\"font-family: Calibri, sans-serif;\"><span style=\"font-size: large;\">Le Contrat de Transition Ecologique \u2013 CTE \u2013 du P\u00f4le d&rsquo;Equilibre Territorial et Rural \u2013 PETR \u2013 de la D\u00e9odatie a \u00e9t\u00e9 sign\u00e9 ce jeudi matin dans les locaux de la sous-pr\u00e9fecture de Saint-Di\u00e9-des-Vosges.<\/span><\/span><\/strong><\/h2>\n<p><!--more--><\/p>\n<p><span style=\"font-family: Calibri, sans-serif;\"><span style=\"font-size: large;\">Un document paraph\u00e9 par le pr\u00e9sident du PETR Guy Drocchi, le vice-pr\u00e9sident Philippe Georgel, le pr\u00e9fet Pierre Ory, le pr\u00e9sident de la Communaut\u00e9 d&rsquo;Agglom\u00e9ration David Valence, de la vice-pr\u00e9sidente du Conseil D\u00e9partemental Martine Gimmillaro, le directeur de l&rsquo;Agence de l&rsquo;Eau Rhin-Meuse Marc Hoeltzel, le vice-pr\u00e9sident du Parc Naturel R\u00e9gional du Ballon des Vosges Bernard Maetz, Christophe Reif de l&rsquo;Agence de l&rsquo;Environnement et de la Ma\u00eetrise de l&rsquo;Energie \u2013 ADEME \u2013 et M\u00e9lanie Graesser, en sa qualit\u00e9 de d\u00e9l\u00e9gu\u00e9e de la Caisse des D\u00e9p\u00f4ts et Consignation.<\/span><\/span><\/p>\n<p><span style=\"font-family: Calibri, sans-serif;\"><span style=\"font-size: large;\">Premier CTE sign\u00e9 dans les Vosges, ce dispositif, \u00e9tabli sur une dur\u00e9e de 3 \u00e0 4 ans et initi\u00e9 par le Minist\u00e8re de la Transition Ecologique et Solidaire, a pour vocation de d\u00e9montrer, par des actions concr\u00e8tes, que l&rsquo;\u00e9cologie peut \u00eatre un moteur pour d\u00e9velopper l&rsquo;\u00e9conomie et l&#8217;emploi local. Concr\u00e8tement, 16 actions seront men\u00e9es dans le cadre du CTE du PETR de la D\u00e9odatie, financ\u00e9es par une enveloppe de l&rsquo;ordre de 9,6 millions d&rsquo;euros et articul\u00e9es autour de 5 grands axes : la sensibilisation et la communication; les b\u00e2timents et l&rsquo;urbanisme; la fili\u00e8re agricole; la fili\u00e8re bois; le tourisme.<\/span><\/span><\/p>\n<p><span style=\"font-family: Calibri, sans-serif;\"><span style=\"font-size: large;\">Parmi ces actions figurent notamment la r\u00e9alisation d&rsquo;une liaison cyclable longue de 19 kilom\u00e8tres entre Saint-L\u00e9onard et Saint-Di\u00e9-des-Vosges; la construction par le Toit Vosgien d&rsquo;un b\u00e2timent \u00e0 ultra basse consommation, b\u00e2timent dit \u00ab\u00a0passif\u00a0\u00bb, quai Sadi-Carnot \u00e0 l&#8217;emplacement de l&rsquo;ancien CCAS d\u00e9odatien; l&rsquo;am\u00e9nagement d&rsquo;une maison de la biodiversit\u00e9 \u00e0 Saint-Di\u00e9-des-Vosges; ainsi que le lancement d&rsquo;une \u00e9tude pour lutter contre l&rsquo;artificialisation des sols&#8230; Le tout en sachant que la signature du CTE d\u00e9coule d&rsquo;une d\u00e9marche volontariste, et le tout en sachant que le PETR de la D\u00e9odatie s&rsquo;est d\u00e9j\u00e0 engag\u00e9 en mati\u00e8re de transition \u00e9cologique ces derni\u00e8res ann\u00e9es, avec par exemple l&rsquo;\u00e9laboration de trames vertes et bleues afin de prot\u00e9ger la biodiversit\u00e9 du territoire.<\/span><\/span><\/p>\n<p>J.J.<\/p>\n","protected":false},"excerpt":{"rendered":"<p>Le Contrat de Transition Ecologique \u2013 CTE \u2013 du P\u00f4le d&rsquo;Equilibre Territorial et Rural \u2013 PETR \u2013 de la D\u00e9odatie [&hellip;]<\/p>\n","protected":false},"author":46,"featured_media":38993,"comment_status":"open","ping_status":"open","sticky":false,"template":"","format":"standard","meta":{"footnotes":""},"categories":[460,10,2915],"tags":[6109,7794,7795,5644,7796],"class_list":["post-38992","post","type-post","status-publish","format-standard","has-post-thumbnail","hentry","category-a-la-une","category-politique","category-saint-die-son-canton","tag-contrat-de-transition-ecologique","tag-ministere-de-la-transition-ecologique-et-solidaire","tag-petr-de-la-deodatie","tag-sous-prefecture-de-saint-die-des-vosges","tag-transition-ecologique"],"acf":[],"yoast_head":"<!-- This site is optimized with the Yoast SEO plugin v22.5 - https:\/\/yoast.com\/wordpress\/plugins\/seo\/ -->\n<title>Le PETR de la D\u00e9odatie signe un Contrat de Transition Ecologique - Saint Die Info<\/title>\n<meta name=\"robots\" content=\"index, follow, max-snippet:-1, max-image-preview:large, max-video-preview:-1\" \/>\n<link rel=\"canonical\" href=\"https:\/\/vosgesinfo.fr\/saintdieinfo\/2020\/01\/petr-de-deodatie-signe-contrat-de-transition-ecologique\/\" \/>\n<meta name=\"twitter:card\" content=\"summary_large_image\" \/>\n<meta name=\"twitter:title\" content=\"Le PETR de la D\u00e9odatie signe un Contrat de Transition Ecologique - Saint Die Info\" \/>\n<meta name=\"twitter:description\" content=\"Le Contrat de Transition Ecologique \u2013 CTE \u2013 du P\u00f4le d&rsquo;Equilibre Territorial et Rural \u2013 PETR \u2013 de la D\u00e9odatie [&hellip;]\" \/>\n<meta name=\"twitter:image\" content=\"https:\/\/vosgesinfo.fr\/app\/uploads\/sites\/4\/2024\/08\/202001signature-contrat-transition-energetique.jpg\" \/>\n<meta name=\"twitter:creator\" content=\"@VosgesInfo88\" \/>\n<meta name=\"twitter:site\" content=\"@VosgesInfo88\" \/>\n<meta name=\"twitter:label1\" content=\"\u00c9crit par\" \/>\n\t<meta name=\"twitter:data1\" content=\"J.J.\" \/>\n\t<meta name=\"twitter:label2\" content=\"Dur\u00e9e de lecture estim\u00e9e\" \/>\n\t<meta name=\"twitter:data2\" content=\"2 minutes\" \/>\n<script type=\"application\/ld+json\" class=\"yoast-schema-graph\">{\"@context\":\"https:\/\/schema.org\",\"@graph\":[{\"@type\":\"Article\",\"@id\":\"https:\/\/vosgesinfo.fr\/saintdieinfo\/2020\/01\/petr-de-deodatie-signe-contrat-de-transition-ecologique\/#article\",\"isPartOf\":{\"@id\":\"https:\/\/vosgesinfo.fr\/saintdieinfo\/2020\/01\/petr-de-deodatie-signe-contrat-de-transition-ecologique\/\"},\"author\":{\"name\":\"J.J.\",\"@id\":\"https:\/\/vosgesinfo.fr\/saintdieinfo\/#\/schema\/person\/fa73e9f726d67bb88f46d5b7943cb572\"},\"headline\":\"Le PETR de la D\u00e9odatie signe un Contrat de Transition Ecologique\",\"datePublished\":\"2020-01-30T11:00:57+00:00\",\"dateModified\":\"2020-01-30T11:00:57+00:00\",\"mainEntityOfPage\":{\"@id\":\"https:\/\/vosgesinfo.fr\/saintdieinfo\/2020\/01\/petr-de-deodatie-signe-contrat-de-transition-ecologique\/\"},\"wordCount\":401,\"commentCount\":0,\"publisher\":{\"@id\":\"https:\/\/vosgesinfo.fr\/saintdieinfo\/#organization\"},\"image\":{\"@id\":\"https:\/\/vosgesinfo.fr\/saintdieinfo\/2020\/01\/petr-de-deodatie-signe-contrat-de-transition-ecologique\/#primaryimage\"},\"thumbnailUrl\":\"https:\/\/vosgesinfo.fr\/app\/uploads\/sites\/4\/2024\/08\/202001signature-contrat-transition-energetique.jpg\",\"keywords\":[\"Contrat de Transition Ecologique\",\"Minist\u00e8re de la Transition Ecologique et Solidaire\",\"PETR de la D\u00e9odatie\",\"Sous-pr\u00e9fecture de Saint-Di\u00e9-des-Vosges\",\"Transition \u00e9cologique\"],\"articleSection\":[\"A la Une\",\"Politique\",\"Saint-Di\u00e9-des-Vosges et son Agglom\u00e9ration\"],\"inLanguage\":\"fr-FR\",\"potentialAction\":[{\"@type\":\"CommentAction\",\"name\":\"Comment\",\"target\":[\"https:\/\/vosgesinfo.fr\/saintdieinfo\/2020\/01\/petr-de-deodatie-signe-contrat-de-transition-ecologique\/#respond\"]}]},{\"@type\":\"WebPage\",\"@id\":\"https:\/\/vosgesinfo.fr\/saintdieinfo\/2020\/01\/petr-de-deodatie-signe-contrat-de-transition-ecologique\/\",\"url\":\"https:\/\/vosgesinfo.fr\/saintdieinfo\/2020\/01\/petr-de-deodatie-signe-contrat-de-transition-ecologique\/\",\"name\":\"Le PETR de la D\u00e9odatie signe un Contrat de Transition Ecologique - Saint Die Info\",\"isPartOf\":{\"@id\":\"https:\/\/vosgesinfo.fr\/saintdieinfo\/#website\"},\"primaryImageOfPage\":{\"@id\":\"https:\/\/vosgesinfo.fr\/saintdieinfo\/2020\/01\/petr-de-deodatie-signe-contrat-de-transition-ecologique\/#primaryimage\"},\"image\":{\"@id\":\"https:\/\/vosgesinfo.fr\/saintdieinfo\/2020\/01\/petr-de-deodatie-signe-contrat-de-transition-ecologique\/#primaryimage\"},\"thumbnailUrl\":\"https:\/\/vosgesinfo.fr\/app\/uploads\/sites\/4\/2024\/08\/202001signature-contrat-transition-energetique.jpg\",\"datePublished\":\"2020-01-30T11:00:57+00:00\",\"dateModified\":\"2020-01-30T11:00:57+00:00\",\"breadcrumb\":{\"@id\":\"https:\/\/vosgesinfo.fr\/saintdieinfo\/2020\/01\/petr-de-deodatie-signe-contrat-de-transition-ecologique\/#breadcrumb\"},\"inLanguage\":\"fr-FR\",\"potentialAction\":[{\"@type\":\"ReadAction\",\"target\":[\"https:\/\/vosgesinfo.fr\/saintdieinfo\/2020\/01\/petr-de-deodatie-signe-contrat-de-transition-ecologique\/\"]}]},{\"@type\":\"ImageObject\",\"inLanguage\":\"fr-FR\",\"@id\":\"https:\/\/vosgesinfo.fr\/saintdieinfo\/2020\/01\/petr-de-deodatie-signe-contrat-de-transition-ecologique\/#primaryimage\",\"url\":\"https:\/\/vosgesinfo.fr\/app\/uploads\/sites\/4\/2024\/08\/202001signature-contrat-transition-energetique.jpg\",\"contentUrl\":\"https:\/\/vosgesinfo.fr\/app\/uploads\/sites\/4\/2024\/08\/202001signature-contrat-transition-energetique.jpg\",\"width\":1000,\"height\":750},{\"@type\":\"BreadcrumbList\",\"@id\":\"https:\/\/vosgesinfo.fr\/saintdieinfo\/2020\/01\/petr-de-deodatie-signe-contrat-de-transition-ecologique\/#breadcrumb\",\"itemListElement\":[{\"@type\":\"ListItem\",\"position\":1,\"name\":\"Home\",\"item\":\"https:\/\/vosgesinfo.fr\/saintdieinfo\/\"},{\"@type\":\"ListItem\",\"position\":2,\"name\":\"Le PETR de la D\u00e9odatie signe un Contrat de Transition Ecologique\"}]},{\"@type\":\"WebSite\",\"@id\":\"https:\/\/vosgesinfo.fr\/saintdieinfo\/#website\",\"url\":\"https:\/\/vosgesinfo.fr\/saintdieinfo\/\",\"name\":\"Saint Die Info\",\"description\":\"Toute l&#039;actualit\u00e9 de Saint-Di\u00e9-Des-Vosges\",\"publisher\":{\"@id\":\"https:\/\/vosgesinfo.fr\/saintdieinfo\/#organization\"},\"alternateName\":\"Toute l'actualit\u00e9 de Saint-Di\u00e9-Des-Vosges\",\"potentialAction\":[{\"@type\":\"SearchAction\",\"target\":{\"@type\":\"EntryPoint\",\"urlTemplate\":\"https:\/\/vosgesinfo.fr\/saintdieinfo\/?s={search_term_string}\"},\"query-input\":\"required name=search_term_string\"}],\"inLanguage\":\"fr-FR\"},{\"@type\":\"Organization\",\"@id\":\"https:\/\/vosgesinfo.fr\/saintdieinfo\/#organization\",\"name\":\"Saint Die Info\",\"url\":\"https:\/\/vosgesinfo.fr\/saintdieinfo\/\",\"logo\":{\"@type\":\"ImageObject\",\"inLanguage\":\"fr-FR\",\"@id\":\"https:\/\/vosgesinfo.fr\/saintdieinfo\/#\/schema\/logo\/image\/\",\"url\":\"https:\/\/vosgesinfo.fr\/app\/uploads\/sites\/4\/2024\/02\/logo-sdi.jpg\",\"contentUrl\":\"https:\/\/vosgesinfo.fr\/app\/uploads\/sites\/4\/2024\/02\/logo-sdi.jpg\",\"width\":600,\"height\":600,\"caption\":\"Saint Die Info\"},\"image\":{\"@id\":\"https:\/\/vosgesinfo.fr\/saintdieinfo\/#\/schema\/logo\/image\/\"},\"sameAs\":[\"https:\/\/www.facebook.com\/Saintdieinfofr\",\"https:\/\/x.com\/VosgesInfo88\",\"https:\/\/www.youtube.com\/@vosgesinfo\"]},{\"@type\":\"Person\",\"@id\":\"https:\/\/vosgesinfo.fr\/saintdieinfo\/#\/schema\/person\/fa73e9f726d67bb88f46d5b7943cb572\",\"name\":\"J.J.\",\"image\":{\"@type\":\"ImageObject\",\"inLanguage\":\"fr-FR\",\"@id\":\"https:\/\/vosgesinfo.fr\/saintdieinfo\/#\/schema\/person\/image\/\",\"url\":\"https:\/\/secure.gravatar.com\/avatar\/219e749e47ffbcca018a360ae4add7d4cdf1cdaaf8bc7676b27efade3fe65615?s=96&d=mm&r=g\",\"contentUrl\":\"https:\/\/secure.gravatar.com\/avatar\/219e749e47ffbcca018a360ae4add7d4cdf1cdaaf8bc7676b27efade3fe65615?s=96&d=mm&r=g\",\"caption\":\"J.J.\"},\"url\":\"https:\/\/vosgesinfo.fr\/saintdieinfo\/author\/j-j\/\"}]}<\/script>\n<!-- \/ Yoast SEO plugin. -->","yoast_head_json":{"title":"Le PETR de la D\u00e9odatie signe un Contrat de Transition Ecologique - Saint Die Info","robots":{"index":"index","follow":"follow","max-snippet":"max-snippet:-1","max-image-preview":"max-image-preview:large","max-video-preview":"max-video-preview:-1"},"canonical":"https:\/\/vosgesinfo.fr\/saintdieinfo\/2020\/01\/petr-de-deodatie-signe-contrat-de-transition-ecologique\/","twitter_card":"summary_large_image","twitter_title":"Le PETR de la D\u00e9odatie signe un Contrat de Transition Ecologique - Saint Die Info","twitter_description":"Le Contrat de Transition Ecologique \u2013 CTE \u2013 du P\u00f4le d&rsquo;Equilibre Territorial et Rural \u2013 PETR \u2013 de la D\u00e9odatie [&hellip;]","twitter_image":"https:\/\/vosgesinfo.fr\/app\/uploads\/sites\/4\/2024\/08\/202001signature-contrat-transition-energetique.jpg","twitter_creator":"@VosgesInfo88","twitter_site":"@VosgesInfo88","twitter_misc":{"\u00c9crit par":"J.J.","Dur\u00e9e de lecture estim\u00e9e":"2 minutes"},"schema":{"@context":"https:\/\/schema.org","@graph":[{"@type":"Article","@id":"https:\/\/vosgesinfo.fr\/saintdieinfo\/2020\/01\/petr-de-deodatie-signe-contrat-de-transition-ecologique\/#article","isPartOf":{"@id":"https:\/\/vosgesinfo.fr\/saintdieinfo\/2020\/01\/petr-de-deodatie-signe-contrat-de-transition-ecologique\/"},"author":{"name":"J.J.","@id":"https:\/\/vosgesinfo.fr\/saintdieinfo\/#\/schema\/person\/fa73e9f726d67bb88f46d5b7943cb572"},"headline":"Le PETR de la D\u00e9odatie signe un Contrat de Transition Ecologique","datePublished":"2020-01-30T11:00:57+00:00","dateModified":"2020-01-30T11:00:57+00:00","mainEntityOfPage":{"@id":"https:\/\/vosgesinfo.fr\/saintdieinfo\/2020\/01\/petr-de-deodatie-signe-contrat-de-transition-ecologique\/"},"wordCount":401,"commentCount":0,"publisher":{"@id":"https:\/\/vosgesinfo.fr\/saintdieinfo\/#organization"},"image":{"@id":"https:\/\/vosgesinfo.fr\/saintdieinfo\/2020\/01\/petr-de-deodatie-signe-contrat-de-transition-ecologique\/#primaryimage"},"thumbnailUrl":"https:\/\/vosgesinfo.fr\/app\/uploads\/sites\/4\/2024\/08\/202001signature-contrat-transition-energetique.jpg","keywords":["Contrat de Transition Ecologique","Minist\u00e8re de la Transition Ecologique et Solidaire","PETR de la D\u00e9odatie","Sous-pr\u00e9fecture de Saint-Di\u00e9-des-Vosges","Transition \u00e9cologique"],"articleSection":["A la Une","Politique","Saint-Di\u00e9-des-Vosges et son Agglom\u00e9ration"],"inLanguage":"fr-FR","potentialAction":[{"@type":"CommentAction","name":"Comment","target":["https:\/\/vosgesinfo.fr\/saintdieinfo\/2020\/01\/petr-de-deodatie-signe-contrat-de-transition-ecologique\/#respond"]}]},{"@type":"WebPage","@id":"https:\/\/vosgesinfo.fr\/saintdieinfo\/2020\/01\/petr-de-deodatie-signe-contrat-de-transition-ecologique\/","url":"https:\/\/vosgesinfo.fr\/saintdieinfo\/2020\/01\/petr-de-deodatie-signe-contrat-de-transition-ecologique\/","name":"Le PETR de la D\u00e9odatie signe un Contrat de Transition Ecologique - Saint Die Info","isPartOf":{"@id":"https:\/\/vosgesinfo.fr\/saintdieinfo\/#website"},"primaryImageOfPage":{"@id":"https:\/\/vosgesinfo.fr\/saintdieinfo\/2020\/01\/petr-de-deodatie-signe-contrat-de-transition-ecologique\/#primaryimage"},"image":{"@id":"https:\/\/vosgesinfo.fr\/saintdieinfo\/2020\/01\/petr-de-deodatie-signe-contrat-de-transition-ecologique\/#primaryimage"},"thumbnailUrl":"https:\/\/vosgesinfo.fr\/app\/uploads\/sites\/4\/2024\/08\/202001signature-contrat-transition-energetique.jpg","datePublished":"2020-01-30T11:00:57+00:00","dateModified":"2020-01-30T11:00:57+00:00","breadcrumb":{"@id":"https:\/\/vosgesinfo.fr\/saintdieinfo\/2020\/01\/petr-de-deodatie-signe-contrat-de-transition-ecologique\/#breadcrumb"},"inLanguage":"fr-FR","potentialAction":[{"@type":"ReadAction","target":["https:\/\/vosgesinfo.fr\/saintdieinfo\/2020\/01\/petr-de-deodatie-signe-contrat-de-transition-ecologique\/"]}]},{"@type":"ImageObject","inLanguage":"fr-FR","@id":"https:\/\/vosgesinfo.fr\/saintdieinfo\/2020\/01\/petr-de-deodatie-signe-contrat-de-transition-ecologique\/#primaryimage","url":"https:\/\/vosgesinfo.fr\/app\/uploads\/sites\/4\/2024\/08\/202001signature-contrat-transition-energetique.jpg","contentUrl":"https:\/\/vosgesinfo.fr\/app\/uploads\/sites\/4\/2024\/08\/202001signature-contrat-transition-energetique.jpg","width":1000,"height":750},{"@type":"BreadcrumbList","@id":"https:\/\/vosgesinfo.fr\/saintdieinfo\/2020\/01\/petr-de-deodatie-signe-contrat-de-transition-ecologique\/#breadcrumb","itemListElement":[{"@type":"ListItem","position":1,"name":"Home","item":"https:\/\/vosgesinfo.fr\/saintdieinfo\/"},{"@type":"ListItem","position":2,"name":"Le PETR de la D\u00e9odatie signe un Contrat de Transition Ecologique"}]},{"@type":"WebSite","@id":"https:\/\/vosgesinfo.fr\/saintdieinfo\/#website","url":"https:\/\/vosgesinfo.fr\/saintdieinfo\/","name":"Saint Die Info","description":"Toute l&#039;actualit\u00e9 de Saint-Di\u00e9-Des-Vosges","publisher":{"@id":"https:\/\/vosgesinfo.fr\/saintdieinfo\/#organization"},"alternateName":"Toute l'actualit\u00e9 de Saint-Di\u00e9-Des-Vosges","potentialAction":[{"@type":"SearchAction","target":{"@type":"EntryPoint","urlTemplate":"https:\/\/vosgesinfo.fr\/saintdieinfo\/?s={search_term_string}"},"query-input":"required name=search_term_string"}],"inLanguage":"fr-FR"},{"@type":"Organization","@id":"https:\/\/vosgesinfo.fr\/saintdieinfo\/#organization","name":"Saint Die Info","url":"https:\/\/vosgesinfo.fr\/saintdieinfo\/","logo":{"@type":"ImageObject","inLanguage":"fr-FR","@id":"https:\/\/vosgesinfo.fr\/saintdieinfo\/#\/schema\/logo\/image\/","url":"https:\/\/vosgesinfo.fr\/app\/uploads\/sites\/4\/2024\/02\/logo-sdi.jpg","contentUrl":"https:\/\/vosgesinfo.fr\/app\/uploads\/sites\/4\/2024\/02\/logo-sdi.jpg","width":600,"height":600,"caption":"Saint Die Info"},"image":{"@id":"https:\/\/vosgesinfo.fr\/saintdieinfo\/#\/schema\/logo\/image\/"},"sameAs":["https:\/\/www.facebook.com\/Saintdieinfofr","https:\/\/x.com\/VosgesInfo88","https:\/\/www.youtube.com\/@vosgesinfo"]},{"@type":"Person","@id":"https:\/\/vosgesinfo.fr\/saintdieinfo\/#\/schema\/person\/fa73e9f726d67bb88f46d5b7943cb572","name":"J.J.","image":{"@type":"ImageObject","inLanguage":"fr-FR","@id":"https:\/\/vosgesinfo.fr\/saintdieinfo\/#\/schema\/person\/image\/","url":"https:\/\/secure.gravatar.com\/avatar\/219e749e47ffbcca018a360ae4add7d4cdf1cdaaf8bc7676b27efade3fe65615?s=96&d=mm&r=g","contentUrl":"https:\/\/secure.gravatar.com\/avatar\/219e749e47ffbcca018a360ae4add7d4cdf1cdaaf8bc7676b27efade3fe65615?s=96&d=mm&r=g","caption":"J.J."},"url":"https:\/\/vosgesinfo.fr\/saintdieinfo\/author\/j-j\/"}]}},"_links":{"self":[{"href":"https:\/\/vosgesinfo.fr\/saintdieinfo\/wp-json\/wp\/v2\/posts\/38992","targetHints":{"allow":["GET"]}}],"collection":[{"href":"https:\/\/vosgesinfo.fr\/saintdieinfo\/wp-json\/wp\/v2\/posts"}],"about":[{"href":"https:\/\/vosgesinfo.fr\/saintdieinfo\/wp-json\/wp\/v2\/types\/post"}],"author":[{"embeddable":true,"href":"https:\/\/vosgesinfo.fr\/saintdieinfo\/wp-json\/wp\/v2\/users\/46"}],"replies":[{"embeddable":true,"href":"https:\/\/vosgesinfo.fr\/saintdieinfo\/wp-json\/wp\/v2\/comments?post=38992"}],"version-history":[{"count":0,"href":"https:\/\/vosgesinfo.fr\/saintdieinfo\/wp-json\/wp\/v2\/posts\/38992\/revisions"}],"wp:featuredmedia":[{"embeddable":true,"href":"https:\/\/vosgesinfo.fr\/saintdieinfo\/wp-json\/wp\/v2\/media\/38993"}],"wp:attachment":[{"href":"https:\/\/vosgesinfo.fr\/saintdieinfo\/wp-json\/wp\/v2\/media?parent=38992"}],"wp:term":[{"taxonomy":"category","embeddable":true,"href":"https:\/\/vosgesinfo.fr\/saintdieinfo\/wp-json\/wp\/v2\/categories?post=38992"},{"taxonomy":"post_tag","embeddable":true,"href":"https:\/\/vosgesinfo.fr\/saintdieinfo\/wp-json\/wp\/v2\/tags?post=38992"}],"curies":[{"name":"wp","href":"https:\/\/api.w.org\/{rel}","templated":true}]}}