{"id":39000,"date":"2020-01-30T06:27:14","date_gmt":"2020-01-30T05:27:14","guid":{"rendered":"https:\/\/vosgesinfo.fr\/saintdieinfo\/2020\/01\/etat-civil-15-24-janvier-2019\/"},"modified":"2020-01-30T06:27:14","modified_gmt":"2020-01-30T05:27:14","slug":"etat-civil-15-24-janvier-2019","status":"publish","type":"post","link":"https:\/\/vosgesinfo.fr\/saintdieinfo\/2020\/01\/etat-civil-15-24-janvier-2019\/","title":{"rendered":"Etat-civil du 15 au 24 janvier 2019"},"content":{"rendered":"<h3><strong><span style=\"font-family: Calibri, sans-serif;\"><span style=\"font-size: large;\">Naissances<\/span><\/span><\/strong><\/h3>\n<ul>\n<li lang=\"fr-FR\"><span style=\"font-family: Calibri, sans-serif;\"><span style=\"font-size: large;\">Cl\u00e9oph\u00e9e JACQUEL, n\u00e9e le 15\/01\/2020 \u00e0 Saint-Di\u00e9-des-Vosges \u2013 domicili\u00e9e \u00e0 Vienville, 8 L\u2019Epaxe.<\/span><\/span><\/li>\n<li lang=\"fr-FR\"><span style=\"font-family: Calibri, sans-serif;\"><span style=\"font-size: large;\">Lorenzo GADDA, n\u00e9 le 16\/01\/2020 \u00e0 Saint-Di\u00e9-des-Vosges \u2013 domicili\u00e9 \u00e0 Moyenmoutier, 215 impasse de Malfosse.<\/span><\/span><\/li>\n<li lang=\"fr-FR\"><span style=\"font-family: Calibri, sans-serif;\"><span style=\"font-size: large;\">L\u00e9onie PETIT, n\u00e9e le 16\/01\/2020 \u00e0 Saint-Di\u00e9-des-Vosges \u2013 domicili\u00e9e \u00e0 Fraize, 5 chemin de Ribeaupierre.<\/span><\/span><\/li>\n<li lang=\"fr-FR\"><span style=\"font-family: Calibri, sans-serif;\"><span style=\"font-size: large;\">Julia CHARLIER, n\u00e9e le 17\/01\/2020 \u00e0 Saint-Di\u00e9-des-Vosges \u2013 domicili\u00e9e \u00e0 Raon-l\u2019\u00c9tape, 15 rue Charles Clavi\u00e8re.<\/span><\/span><\/li>\n<li lang=\"fr-FR\"><span style=\"font-family: Calibri, sans-serif;\"><span style=\"font-size: large;\">Aybars OZER, n\u00e9 le 19\/01\/2020 \u00e0 Saint-Di\u00e9-des-Vosges \u2013 domicili\u00e9 \u00e0 Saint-Di\u00e9-des-Vosges, 16 route d\u2019\u00c9pinal.<\/span><\/span><\/li>\n<li lang=\"fr-FR\"><span style=\"font-family: Calibri, sans-serif;\"><span style=\"font-size: large;\">Anass BOURESAS, n\u00e9 le 21\/01\/2020 \u00e0 Saint-Di\u00e9-des-Vosges \u2013 domicili\u00e9 \u00e0 Saint-Di\u00e9-des-Vosges, 10 rue des Tirailleurs.<\/span><\/span><\/li>\n<li lang=\"fr-FR\"><span style=\"font-family: Calibri, sans-serif;\"><span style=\"font-size: large;\">L\u00e9na BOURBON, n\u00e9e le 21\/01\/2020 \u00e0 Saint-Di\u00e9-des-Vosges \u2013 domicili\u00e9e \u00e0 G\u00e9rardmer, 14 boulevard de Saint-Di\u00e9.<\/span><\/span><\/li>\n<li lang=\"fr-FR\"><span style=\"font-family: Calibri, sans-serif;\"><span style=\"font-size: large;\">Ma\u00ebl BRITZ, n\u00e9 le 24\/01\/2020\u00e0 Saint-Di\u00e9-des-Vosges \u2013 domicili\u00e9 \u00e0 Saint-Di\u00e9-des-Vosges, 7 rue des lisi\u00e8res du Kemberg.<\/span><\/span><\/li>\n<\/ul>\n<h3 lang=\"fr-FR\"><strong><span style=\"font-family: Calibri, sans-serif;\"><span style=\"font-size: large;\">D\u00e9c\u00e8s<\/span><\/span><\/strong><\/h3>\n<ul>\n<li><span style=\"font-family: Calibri, sans-serif;\"><span style=\"font-size: large;\">15\/01\/2020 \u2013 C\u00e9cile RICHARD veuve PICHON \u2013 88 ans \u2013 domicili\u00e9e \u00e0 La Bourgonce, 142 route de la Fallai\u00e8re.<\/span><\/span><\/li>\n<li><span style=\"font-family: Calibri, sans-serif;\"><span style=\"font-size: large;\">15\/01\/2020 \u2013 Solange JACQUOT veuve BERNARD \u2013 94 ans \u2013 domicili\u00e9e \u00e0 <span lang=\"fr-FR\">Saint-Di\u00e9-des-Vosges,<\/span> 19 avenue de Robache.<\/span><\/span><\/li>\n<li><span style=\"font-family: Calibri, sans-serif;\"><span style=\"font-size: large;\">15\/01\/2020 \u2013 Antoinette BERNAT veuve KRINER \u2013 86 ans \u2013 domicili\u00e9e \u00e0 <span lang=\"fr-FR\">Saint-Di\u00e9-des-Vosges,<\/span> 22 rue Gaston-Save.<\/span><\/span><\/li>\n<li><span style=\"font-family: Calibri, sans-serif;\"><span style=\"font-size: large;\">17\/01\/2020 \u2013 Gilles FOLKMANN \u2013 81 ans \u2013 domicili\u00e9 \u00e0 Granges-sur-Vologne, commune d\u00e9l\u00e9gu\u00e9e de Granges-Aumontzey, 34 rue de Lattre-de-Tassigny.<\/span><\/span><\/li>\n<li><span style=\"font-family: Calibri, sans-serif;\"><span style=\"font-size: large;\">17\/01\/2020 \u2013 Marceline MATHIEU veuve CLAUDE \u2013 95 ans \u2013 domicili\u00e9e \u00e0 Anould, 619 rue du Val de Meurthe.<\/span><\/span><\/li>\n<li><span style=\"font-family: Calibri, sans-serif;\"><span style=\"font-size: large;\">17\/01\/2020 &#8211; MAZOUZ Jeanne divorc\u00e9e GRIMAUD \u2013 65 ans domicili\u00e9e \u00e0 <span lang=\"fr-FR\">Saint-Di\u00e9-des-Vosges,<\/span> 31 avenue Ernest-Colin, B\u00e2timent Alsace.<\/span><\/span><\/li>\n<li><span style=\"font-family: Calibri, sans-serif;\"><span style=\"font-size: large;\">17\/01\/2020 &#8211; ROLLOT Ren\u00e9 \u2013 90 ans <span style=\"font-family: Calibri, sans-serif;\"><span style=\"font-size: large;\">\u2013<\/span><\/span> domicili\u00e9 \u00e0 <span lang=\"fr-FR\">Saint-Di\u00e9-des-Vosges, <\/span>rue L\u00e9on-Jacquerez.<\/span><\/span><\/li>\n<li><span style=\"font-family: Calibri, sans-serif;\"><span style=\"font-size: large;\">18\/01\/2020 &#8211; ARNOUX Liliane 86 ans <span style=\"font-family: Calibri, sans-serif;\"><span style=\"font-size: large;\">\u2013<\/span><\/span> domicili\u00e9e \u00e0 <span lang=\"fr-FR\">Saint-Di\u00e9-des-Vosges,<\/span> rue L\u00e9on-Jacquerez.<\/span><\/span><\/li>\n<li><span style=\"font-family: Calibri, sans-serif;\"><span style=\"font-size: large;\">20\/01\/2020 &#8211; VADIN Pierre \u2013 72 ans \u2013 domicili\u00e9 \u00e0 <span lang=\"fr-FR\">Saint-Di\u00e9-des-Vosges,<\/span> 88 rue d&rsquo;Alsace.<\/span><\/span><\/li>\n<li><span style=\"font-family: Calibri, sans-serif;\"><span style=\"font-size: large;\">20\/01\/2020 &#8211; BOUILLON Jean \u2013 83 ans \u2013 domicili\u00e9 \u00e0 <span lang=\"fr-FR\">Saint-Di\u00e9-des-Vosges, <\/span>rue L\u00e9on-Jacquerez.<\/span><\/span><\/li>\n<li><span style=\"font-family: Calibri, sans-serif;\"><span style=\"font-size: large;\"><span lang=\"\">20\/01\/2020 \u2013 Fatma G\u00dcRB\u00dcZ \u2013 46 ans \u2013 domicili\u00e9e \u00e0 <\/span><span lang=\"fr-FR\">Saint-Di\u00e9-des-Vosges, <\/span><span lang=\"\">10 impasse Ohl des Marais \u2013 d\u00e9c\u00e9d\u00e9e \u00e0 Vandoeuvre-l\u00e8s-Nancy.<\/span><\/span><\/span><\/li>\n<li><span style=\"font-family: Calibri, sans-serif;\"><span style=\"font-size: large;\">21\/01\/2020 &#8211; LEMAIRE Arnaud \u2013 39 ans \u2013 domicili\u00e9 \u00e0 <span lang=\"fr-FR\">Saint-Di\u00e9-des-Vosges,<\/span> 10 Rue de la Cr\u00e9n\u00e9e.<\/span><\/span><\/li>\n<li><span style=\"font-family: Calibri, sans-serif;\"><span style=\"font-size: large;\">23\/01\/2020 \u2013 Marguerite REMY veuve MICHEL \u2013 98 ans \u2013 domicili\u00e9e \u00e0 <span lang=\"fr-FR\">Saint-Di\u00e9-des-Vosges, <\/span>rue L\u00e9on-Jacquerez.<\/span><\/span><\/li>\n<\/ul>\n","protected":false},"excerpt":{"rendered":"<p>Naissances Cl\u00e9oph\u00e9e JACQUEL, n\u00e9e le 15\/01\/2020 \u00e0 Saint-Di\u00e9-des-Vosges \u2013 domicili\u00e9e \u00e0 Vienville, 8 L\u2019Epaxe. Lorenzo GADDA, n\u00e9 le 16\/01\/2020 \u00e0 [&hellip;]<\/p>\n","protected":false},"author":44,"featured_media":22025,"comment_status":"open","ping_status":"open","sticky":false,"template":"","format":"standard","meta":{"footnotes":""},"categories":[2915],"tags":[411],"class_list":["post-39000","post","type-post","status-publish","format-standard","has-post-thumbnail","hentry","category-saint-die-son-canton","tag-etat-civil"],"acf":[],"yoast_head":"<!-- This site is optimized with the Yoast SEO plugin v22.5 - https:\/\/yoast.com\/wordpress\/plugins\/seo\/ -->\n<title>Etat-civil du 15 au 24 janvier 2019 - Saint Die Info<\/title>\n<meta name=\"robots\" content=\"index, follow, max-snippet:-1, max-image-preview:large, max-video-preview:-1\" \/>\n<link rel=\"canonical\" href=\"https:\/\/vosgesinfo.fr\/saintdieinfo\/2020\/01\/etat-civil-15-24-janvier-2019\/\" \/>\n<meta name=\"twitter:card\" content=\"summary_large_image\" \/>\n<meta name=\"twitter:title\" content=\"Etat-civil du 15 au 24 janvier 2019 - Saint Die Info\" \/>\n<meta name=\"twitter:description\" content=\"Naissances Cl\u00e9oph\u00e9e JACQUEL, n\u00e9e le 15\/01\/2020 \u00e0 Saint-Di\u00e9-des-Vosges \u2013 domicili\u00e9e \u00e0 Vienville, 8 L\u2019Epaxe. Lorenzo GADDA, n\u00e9 le 16\/01\/2020 \u00e0 [&hellip;]\" \/>\n<meta name=\"twitter:image\" content=\"https:\/\/vosgesinfo.fr\/app\/uploads\/sites\/4\/2015\/09\/etatcivil3.jpg\" \/>\n<meta name=\"twitter:creator\" content=\"@VosgesInfo88\" \/>\n<meta name=\"twitter:site\" content=\"@VosgesInfo88\" \/>\n<meta name=\"twitter:label1\" content=\"\u00c9crit par\" \/>\n\t<meta name=\"twitter:data1\" content=\"la r\u00e9daction\" \/>\n\t<meta name=\"twitter:label2\" content=\"Dur\u00e9e de lecture estim\u00e9e\" \/>\n\t<meta name=\"twitter:data2\" content=\"1 minute\" \/>\n<script type=\"application\/ld+json\" class=\"yoast-schema-graph\">{\"@context\":\"https:\/\/schema.org\",\"@graph\":[{\"@type\":\"Article\",\"@id\":\"https:\/\/vosgesinfo.fr\/saintdieinfo\/2020\/01\/etat-civil-15-24-janvier-2019\/#article\",\"isPartOf\":{\"@id\":\"https:\/\/vosgesinfo.fr\/saintdieinfo\/2020\/01\/etat-civil-15-24-janvier-2019\/\"},\"author\":{\"name\":\"la r\u00e9daction\",\"@id\":\"https:\/\/vosgesinfo.fr\/saintdieinfo\/#\/schema\/person\/faee6704a21f3977511db84bd1cd450f\"},\"headline\":\"Etat-civil du 15 au 24 janvier 2019\",\"datePublished\":\"2020-01-30T05:27:14+00:00\",\"dateModified\":\"2020-01-30T05:27:14+00:00\",\"mainEntityOfPage\":{\"@id\":\"https:\/\/vosgesinfo.fr\/saintdieinfo\/2020\/01\/etat-civil-15-24-janvier-2019\/\"},\"wordCount\":284,\"commentCount\":0,\"publisher\":{\"@id\":\"https:\/\/vosgesinfo.fr\/saintdieinfo\/#organization\"},\"image\":{\"@id\":\"https:\/\/vosgesinfo.fr\/saintdieinfo\/2020\/01\/etat-civil-15-24-janvier-2019\/#primaryimage\"},\"thumbnailUrl\":\"https:\/\/vosgesinfo.fr\/app\/uploads\/sites\/4\/2015\/09\/etatcivil3.jpg\",\"keywords\":[\"\u00e9tat civil\"],\"articleSection\":[\"Saint-Di\u00e9-des-Vosges et son Agglom\u00e9ration\"],\"inLanguage\":\"fr-FR\",\"potentialAction\":[{\"@type\":\"CommentAction\",\"name\":\"Comment\",\"target\":[\"https:\/\/vosgesinfo.fr\/saintdieinfo\/2020\/01\/etat-civil-15-24-janvier-2019\/#respond\"]}]},{\"@type\":\"WebPage\",\"@id\":\"https:\/\/vosgesinfo.fr\/saintdieinfo\/2020\/01\/etat-civil-15-24-janvier-2019\/\",\"url\":\"https:\/\/vosgesinfo.fr\/saintdieinfo\/2020\/01\/etat-civil-15-24-janvier-2019\/\",\"name\":\"Etat-civil du 15 au 24 janvier 2019 - Saint Die Info\",\"isPartOf\":{\"@id\":\"https:\/\/vosgesinfo.fr\/saintdieinfo\/#website\"},\"primaryImageOfPage\":{\"@id\":\"https:\/\/vosgesinfo.fr\/saintdieinfo\/2020\/01\/etat-civil-15-24-janvier-2019\/#primaryimage\"},\"image\":{\"@id\":\"https:\/\/vosgesinfo.fr\/saintdieinfo\/2020\/01\/etat-civil-15-24-janvier-2019\/#primaryimage\"},\"thumbnailUrl\":\"https:\/\/vosgesinfo.fr\/app\/uploads\/sites\/4\/2015\/09\/etatcivil3.jpg\",\"datePublished\":\"2020-01-30T05:27:14+00:00\",\"dateModified\":\"2020-01-30T05:27:14+00:00\",\"breadcrumb\":{\"@id\":\"https:\/\/vosgesinfo.fr\/saintdieinfo\/2020\/01\/etat-civil-15-24-janvier-2019\/#breadcrumb\"},\"inLanguage\":\"fr-FR\",\"potentialAction\":[{\"@type\":\"ReadAction\",\"target\":[\"https:\/\/vosgesinfo.fr\/saintdieinfo\/2020\/01\/etat-civil-15-24-janvier-2019\/\"]}]},{\"@type\":\"ImageObject\",\"inLanguage\":\"fr-FR\",\"@id\":\"https:\/\/vosgesinfo.fr\/saintdieinfo\/2020\/01\/etat-civil-15-24-janvier-2019\/#primaryimage\",\"url\":\"https:\/\/vosgesinfo.fr\/app\/uploads\/sites\/4\/2015\/09\/etatcivil3.jpg\",\"contentUrl\":\"https:\/\/vosgesinfo.fr\/app\/uploads\/sites\/4\/2015\/09\/etatcivil3.jpg\",\"width\":640,\"height\":427},{\"@type\":\"BreadcrumbList\",\"@id\":\"https:\/\/vosgesinfo.fr\/saintdieinfo\/2020\/01\/etat-civil-15-24-janvier-2019\/#breadcrumb\",\"itemListElement\":[{\"@type\":\"ListItem\",\"position\":1,\"name\":\"Home\",\"item\":\"https:\/\/vosgesinfo.fr\/saintdieinfo\/\"},{\"@type\":\"ListItem\",\"position\":2,\"name\":\"Etat-civil du 15 au 24 janvier 2019\"}]},{\"@type\":\"WebSite\",\"@id\":\"https:\/\/vosgesinfo.fr\/saintdieinfo\/#website\",\"url\":\"https:\/\/vosgesinfo.fr\/saintdieinfo\/\",\"name\":\"Saint Die Info\",\"description\":\"Toute l&#039;actualit\u00e9 de Saint-Di\u00e9-Des-Vosges\",\"publisher\":{\"@id\":\"https:\/\/vosgesinfo.fr\/saintdieinfo\/#organization\"},\"alternateName\":\"Toute l'actualit\u00e9 de Saint-Di\u00e9-Des-Vosges\",\"potentialAction\":[{\"@type\":\"SearchAction\",\"target\":{\"@type\":\"EntryPoint\",\"urlTemplate\":\"https:\/\/vosgesinfo.fr\/saintdieinfo\/?s={search_term_string}\"},\"query-input\":\"required name=search_term_string\"}],\"inLanguage\":\"fr-FR\"},{\"@type\":\"Organization\",\"@id\":\"https:\/\/vosgesinfo.fr\/saintdieinfo\/#organization\",\"name\":\"Saint Die Info\",\"url\":\"https:\/\/vosgesinfo.fr\/saintdieinfo\/\",\"logo\":{\"@type\":\"ImageObject\",\"inLanguage\":\"fr-FR\",\"@id\":\"https:\/\/vosgesinfo.fr\/saintdieinfo\/#\/schema\/logo\/image\/\",\"url\":\"https:\/\/vosgesinfo.fr\/app\/uploads\/sites\/4\/2024\/02\/logo-sdi.jpg\",\"contentUrl\":\"https:\/\/vosgesinfo.fr\/app\/uploads\/sites\/4\/2024\/02\/logo-sdi.jpg\",\"width\":600,\"height\":600,\"caption\":\"Saint Die Info\"},\"image\":{\"@id\":\"https:\/\/vosgesinfo.fr\/saintdieinfo\/#\/schema\/logo\/image\/\"},\"sameAs\":[\"https:\/\/www.facebook.com\/Saintdieinfofr\",\"https:\/\/x.com\/VosgesInfo88\",\"https:\/\/www.youtube.com\/@vosgesinfo\"]},{\"@type\":\"Person\",\"@id\":\"https:\/\/vosgesinfo.fr\/saintdieinfo\/#\/schema\/person\/faee6704a21f3977511db84bd1cd450f\",\"name\":\"la r\u00e9daction\",\"image\":{\"@type\":\"ImageObject\",\"inLanguage\":\"fr-FR\",\"@id\":\"https:\/\/vosgesinfo.fr\/saintdieinfo\/#\/schema\/person\/image\/\",\"url\":\"https:\/\/secure.gravatar.com\/avatar\/6673d8bc6a9c17fa9a453eaa3448de834fa308c2ec9635b7aa99441a7c8d2cf6?s=96&d=mm&r=g\",\"contentUrl\":\"https:\/\/secure.gravatar.com\/avatar\/6673d8bc6a9c17fa9a453eaa3448de834fa308c2ec9635b7aa99441a7c8d2cf6?s=96&d=mm&r=g\",\"caption\":\"la r\u00e9daction\"},\"url\":\"https:\/\/vosgesinfo.fr\/saintdieinfo\/author\/redac\/\"}]}<\/script>\n<!-- \/ Yoast SEO plugin. -->","yoast_head_json":{"title":"Etat-civil du 15 au 24 janvier 2019 - Saint Die Info","robots":{"index":"index","follow":"follow","max-snippet":"max-snippet:-1","max-image-preview":"max-image-preview:large","max-video-preview":"max-video-preview:-1"},"canonical":"https:\/\/vosgesinfo.fr\/saintdieinfo\/2020\/01\/etat-civil-15-24-janvier-2019\/","twitter_card":"summary_large_image","twitter_title":"Etat-civil du 15 au 24 janvier 2019 - Saint Die Info","twitter_description":"Naissances Cl\u00e9oph\u00e9e JACQUEL, n\u00e9e le 15\/01\/2020 \u00e0 Saint-Di\u00e9-des-Vosges \u2013 domicili\u00e9e \u00e0 Vienville, 8 L\u2019Epaxe. Lorenzo GADDA, n\u00e9 le 16\/01\/2020 \u00e0 [&hellip;]","twitter_image":"https:\/\/vosgesinfo.fr\/app\/uploads\/sites\/4\/2015\/09\/etatcivil3.jpg","twitter_creator":"@VosgesInfo88","twitter_site":"@VosgesInfo88","twitter_misc":{"\u00c9crit par":"la r\u00e9daction","Dur\u00e9e de lecture estim\u00e9e":"1 minute"},"schema":{"@context":"https:\/\/schema.org","@graph":[{"@type":"Article","@id":"https:\/\/vosgesinfo.fr\/saintdieinfo\/2020\/01\/etat-civil-15-24-janvier-2019\/#article","isPartOf":{"@id":"https:\/\/vosgesinfo.fr\/saintdieinfo\/2020\/01\/etat-civil-15-24-janvier-2019\/"},"author":{"name":"la r\u00e9daction","@id":"https:\/\/vosgesinfo.fr\/saintdieinfo\/#\/schema\/person\/faee6704a21f3977511db84bd1cd450f"},"headline":"Etat-civil du 15 au 24 janvier 2019","datePublished":"2020-01-30T05:27:14+00:00","dateModified":"2020-01-30T05:27:14+00:00","mainEntityOfPage":{"@id":"https:\/\/vosgesinfo.fr\/saintdieinfo\/2020\/01\/etat-civil-15-24-janvier-2019\/"},"wordCount":284,"commentCount":0,"publisher":{"@id":"https:\/\/vosgesinfo.fr\/saintdieinfo\/#organization"},"image":{"@id":"https:\/\/vosgesinfo.fr\/saintdieinfo\/2020\/01\/etat-civil-15-24-janvier-2019\/#primaryimage"},"thumbnailUrl":"https:\/\/vosgesinfo.fr\/app\/uploads\/sites\/4\/2015\/09\/etatcivil3.jpg","keywords":["\u00e9tat civil"],"articleSection":["Saint-Di\u00e9-des-Vosges et son Agglom\u00e9ration"],"inLanguage":"fr-FR","potentialAction":[{"@type":"CommentAction","name":"Comment","target":["https:\/\/vosgesinfo.fr\/saintdieinfo\/2020\/01\/etat-civil-15-24-janvier-2019\/#respond"]}]},{"@type":"WebPage","@id":"https:\/\/vosgesinfo.fr\/saintdieinfo\/2020\/01\/etat-civil-15-24-janvier-2019\/","url":"https:\/\/vosgesinfo.fr\/saintdieinfo\/2020\/01\/etat-civil-15-24-janvier-2019\/","name":"Etat-civil du 15 au 24 janvier 2019 - Saint Die Info","isPartOf":{"@id":"https:\/\/vosgesinfo.fr\/saintdieinfo\/#website"},"primaryImageOfPage":{"@id":"https:\/\/vosgesinfo.fr\/saintdieinfo\/2020\/01\/etat-civil-15-24-janvier-2019\/#primaryimage"},"image":{"@id":"https:\/\/vosgesinfo.fr\/saintdieinfo\/2020\/01\/etat-civil-15-24-janvier-2019\/#primaryimage"},"thumbnailUrl":"https:\/\/vosgesinfo.fr\/app\/uploads\/sites\/4\/2015\/09\/etatcivil3.jpg","datePublished":"2020-01-30T05:27:14+00:00","dateModified":"2020-01-30T05:27:14+00:00","breadcrumb":{"@id":"https:\/\/vosgesinfo.fr\/saintdieinfo\/2020\/01\/etat-civil-15-24-janvier-2019\/#breadcrumb"},"inLanguage":"fr-FR","potentialAction":[{"@type":"ReadAction","target":["https:\/\/vosgesinfo.fr\/saintdieinfo\/2020\/01\/etat-civil-15-24-janvier-2019\/"]}]},{"@type":"ImageObject","inLanguage":"fr-FR","@id":"https:\/\/vosgesinfo.fr\/saintdieinfo\/2020\/01\/etat-civil-15-24-janvier-2019\/#primaryimage","url":"https:\/\/vosgesinfo.fr\/app\/uploads\/sites\/4\/2015\/09\/etatcivil3.jpg","contentUrl":"https:\/\/vosgesinfo.fr\/app\/uploads\/sites\/4\/2015\/09\/etatcivil3.jpg","width":640,"height":427},{"@type":"BreadcrumbList","@id":"https:\/\/vosgesinfo.fr\/saintdieinfo\/2020\/01\/etat-civil-15-24-janvier-2019\/#breadcrumb","itemListElement":[{"@type":"ListItem","position":1,"name":"Home","item":"https:\/\/vosgesinfo.fr\/saintdieinfo\/"},{"@type":"ListItem","position":2,"name":"Etat-civil du 15 au 24 janvier 2019"}]},{"@type":"WebSite","@id":"https:\/\/vosgesinfo.fr\/saintdieinfo\/#website","url":"https:\/\/vosgesinfo.fr\/saintdieinfo\/","name":"Saint Die Info","description":"Toute l&#039;actualit\u00e9 de Saint-Di\u00e9-Des-Vosges","publisher":{"@id":"https:\/\/vosgesinfo.fr\/saintdieinfo\/#organization"},"alternateName":"Toute l'actualit\u00e9 de Saint-Di\u00e9-Des-Vosges","potentialAction":[{"@type":"SearchAction","target":{"@type":"EntryPoint","urlTemplate":"https:\/\/vosgesinfo.fr\/saintdieinfo\/?s={search_term_string}"},"query-input":"required name=search_term_string"}],"inLanguage":"fr-FR"},{"@type":"Organization","@id":"https:\/\/vosgesinfo.fr\/saintdieinfo\/#organization","name":"Saint Die Info","url":"https:\/\/vosgesinfo.fr\/saintdieinfo\/","logo":{"@type":"ImageObject","inLanguage":"fr-FR","@id":"https:\/\/vosgesinfo.fr\/saintdieinfo\/#\/schema\/logo\/image\/","url":"https:\/\/vosgesinfo.fr\/app\/uploads\/sites\/4\/2024\/02\/logo-sdi.jpg","contentUrl":"https:\/\/vosgesinfo.fr\/app\/uploads\/sites\/4\/2024\/02\/logo-sdi.jpg","width":600,"height":600,"caption":"Saint Die Info"},"image":{"@id":"https:\/\/vosgesinfo.fr\/saintdieinfo\/#\/schema\/logo\/image\/"},"sameAs":["https:\/\/www.facebook.com\/Saintdieinfofr","https:\/\/x.com\/VosgesInfo88","https:\/\/www.youtube.com\/@vosgesinfo"]},{"@type":"Person","@id":"https:\/\/vosgesinfo.fr\/saintdieinfo\/#\/schema\/person\/faee6704a21f3977511db84bd1cd450f","name":"la r\u00e9daction","image":{"@type":"ImageObject","inLanguage":"fr-FR","@id":"https:\/\/vosgesinfo.fr\/saintdieinfo\/#\/schema\/person\/image\/","url":"https:\/\/secure.gravatar.com\/avatar\/6673d8bc6a9c17fa9a453eaa3448de834fa308c2ec9635b7aa99441a7c8d2cf6?s=96&d=mm&r=g","contentUrl":"https:\/\/secure.gravatar.com\/avatar\/6673d8bc6a9c17fa9a453eaa3448de834fa308c2ec9635b7aa99441a7c8d2cf6?s=96&d=mm&r=g","caption":"la r\u00e9daction"},"url":"https:\/\/vosgesinfo.fr\/saintdieinfo\/author\/redac\/"}]}},"_links":{"self":[{"href":"https:\/\/vosgesinfo.fr\/saintdieinfo\/wp-json\/wp\/v2\/posts\/39000","targetHints":{"allow":["GET"]}}],"collection":[{"href":"https:\/\/vosgesinfo.fr\/saintdieinfo\/wp-json\/wp\/v2\/posts"}],"about":[{"href":"https:\/\/vosgesinfo.fr\/saintdieinfo\/wp-json\/wp\/v2\/types\/post"}],"author":[{"embeddable":true,"href":"https:\/\/vosgesinfo.fr\/saintdieinfo\/wp-json\/wp\/v2\/users\/44"}],"replies":[{"embeddable":true,"href":"https:\/\/vosgesinfo.fr\/saintdieinfo\/wp-json\/wp\/v2\/comments?post=39000"}],"version-history":[{"count":0,"href":"https:\/\/vosgesinfo.fr\/saintdieinfo\/wp-json\/wp\/v2\/posts\/39000\/revisions"}],"wp:featuredmedia":[{"embeddable":true,"href":"https:\/\/vosgesinfo.fr\/saintdieinfo\/wp-json\/wp\/v2\/media\/22025"}],"wp:attachment":[{"href":"https:\/\/vosgesinfo.fr\/saintdieinfo\/wp-json\/wp\/v2\/media?parent=39000"}],"wp:term":[{"taxonomy":"category","embeddable":true,"href":"https:\/\/vosgesinfo.fr\/saintdieinfo\/wp-json\/wp\/v2\/categories?post=39000"},{"taxonomy":"post_tag","embeddable":true,"href":"https:\/\/vosgesinfo.fr\/saintdieinfo\/wp-json\/wp\/v2\/tags?post=39000"}],"curies":[{"name":"wp","href":"https:\/\/api.w.org\/{rel}","templated":true}]}}