{"id":39041,"date":"2020-02-01T05:00:40","date_gmt":"2020-02-01T04:00:40","guid":{"rendered":"https:\/\/vosgesinfo.fr\/saintdieinfo\/2020\/02\/festival-film-fantastique-de-gerardmer-images-profs-fantastiques-concours-de-canope\/"},"modified":"2020-02-01T05:00:40","modified_gmt":"2020-02-01T04:00:40","slug":"festival-film-fantastique-de-gerardmer-images-profs-fantastiques-concours-de-canope","status":"publish","type":"post","link":"https:\/\/vosgesinfo.fr\/saintdieinfo\/2020\/02\/festival-film-fantastique-de-gerardmer-images-profs-fantastiques-concours-de-canope\/","title":{"rendered":"Festival du Film Fantastique de G\u00e9rardmer \u2013 Des images et des profs fantastiques pour le concours de Canop\u00e9"},"content":{"rendered":"<h3><a href=\"\/2020\/02\/Canop\u00e9-festival-G\u00e9rardmer-Images-fantastiques-5.jpg\" target=\"_blank\" rel=\"noopener\"><img decoding=\"async\" class=\"aligncenter wp-image-155542 size-full\" src=\"\/2020\/02\/Canop\u00e9-festival-G\u00e9rardmer-Images-fantastiques-5.jpg\" alt=\"Canop\u00e9-festival-G\u00e9rardmer-Images-fantastiques-5\" width=\"800\" height=\"600\" \/><\/a><\/h3>\n<h2><span style=\"font-size: 14pt;\"><strong>C\u2019est devenu un incontournable du Festival de G\u00e9rardmer : la remise des prix du 7\u00e8me concours d\u2019images fantastiques organis\u00e9 par l\u2019atelier Canop\u00e9 Vosges a eu lieu vendredi en fin d\u2019apr\u00e8s-midi \u00e0 la MCL de G\u00e9rardmer en pr\u00e9sence de Pierre Sachot et Jean-Fran\u00e7ois Duval, les marathoniens de la semaine.<\/strong><\/span><\/h2>\n<p><!--more--><\/p>\n<p>L\u2019an dernier, les jeunes \u00e9taient invit\u00e9s \u00e0 travailler sur un th\u00e8me somme toute assez classique, \u00e0 savoir \u00ab\u00a0Imaginez l\u2019affiche du festival\u00a0\u00bb \u2026 Cette ann\u00e9e, ils devaient, si possible, mettre un peu \u00e0 contribution leurs enseignants avec le th\u00e8me \u00ab\u00a0Mon professeur est fantastique\u00a0\u00bb qui a manifestement inspir\u00e9 les participants.<\/p>\n<p>Lire la suite de l&rsquo;article : <a href=\"https:\/\/gerardmerinfo.fr\/2020\/01\/images-profs-fantastiques-concours-de-canope\/\" target=\"_blank\" rel=\"noopener\">https:\/\/gerardmerinfo.fr\/2020\/01\/images-profs-fantastiques-concours-de-canope\/<\/a><\/p>\n","protected":false},"excerpt":{"rendered":"<p>C\u2019est devenu un incontournable du Festival de G\u00e9rardmer : la remise des prix du 7\u00e8me concours d\u2019images fantastiques organis\u00e9 par [&hellip;]<\/p>\n","protected":false},"author":44,"featured_media":39042,"comment_status":"open","ping_status":"open","sticky":false,"template":"","format":"standard","meta":{"footnotes":""},"categories":[460,20,18],"tags":[7811,7812,4923,79],"class_list":["post-39041","post","type-post","status-publish","format-standard","has-post-thumbnail","hentry","category-a-la-une","category-loisirs","category-vosges","tag-canope-vosges","tag-concours-canope","tag-festival-du-film-fantastique-de-gerardmer","tag-gerardmer"],"acf":[],"yoast_head":"<!-- This site is optimized with the Yoast SEO plugin v22.5 - https:\/\/yoast.com\/wordpress\/plugins\/seo\/ -->\n<title>Festival du Film Fantastique de G\u00e9rardmer \u2013 Des images et des profs fantastiques pour le concours de Canop\u00e9 - Saint Die Info<\/title>\n<meta name=\"robots\" content=\"index, follow, max-snippet:-1, max-image-preview:large, max-video-preview:-1\" \/>\n<link rel=\"canonical\" href=\"https:\/\/vosgesinfo.fr\/saintdieinfo\/2020\/02\/festival-film-fantastique-de-gerardmer-images-profs-fantastiques-concours-de-canope\/\" \/>\n<meta name=\"twitter:card\" content=\"summary_large_image\" \/>\n<meta name=\"twitter:title\" content=\"Festival du Film Fantastique de G\u00e9rardmer \u2013 Des images et des profs fantastiques pour le concours de Canop\u00e9 - Saint Die Info\" \/>\n<meta name=\"twitter:description\" content=\"C\u2019est devenu un incontournable du Festival de G\u00e9rardmer : la remise des prix du 7\u00e8me concours d\u2019images fantastiques organis\u00e9 par [&hellip;]\" \/>\n<meta name=\"twitter:image\" content=\"https:\/\/vosgesinfo.fr\/app\/uploads\/sites\/4\/2024\/08\/202002canope-festival-gerardmer-images-fantastiques-5.jpg\" \/>\n<meta name=\"twitter:creator\" content=\"@VosgesInfo88\" \/>\n<meta name=\"twitter:site\" content=\"@VosgesInfo88\" \/>\n<meta name=\"twitter:label1\" content=\"\u00c9crit par\" \/>\n\t<meta name=\"twitter:data1\" content=\"la r\u00e9daction\" \/>\n\t<meta name=\"twitter:label2\" content=\"Dur\u00e9e de lecture estim\u00e9e\" \/>\n\t<meta name=\"twitter:data2\" content=\"1 minute\" \/>\n<script type=\"application\/ld+json\" class=\"yoast-schema-graph\">{\"@context\":\"https:\/\/schema.org\",\"@graph\":[{\"@type\":\"Article\",\"@id\":\"https:\/\/vosgesinfo.fr\/saintdieinfo\/2020\/02\/festival-film-fantastique-de-gerardmer-images-profs-fantastiques-concours-de-canope\/#article\",\"isPartOf\":{\"@id\":\"https:\/\/vosgesinfo.fr\/saintdieinfo\/2020\/02\/festival-film-fantastique-de-gerardmer-images-profs-fantastiques-concours-de-canope\/\"},\"author\":{\"name\":\"la r\u00e9daction\",\"@id\":\"https:\/\/vosgesinfo.fr\/saintdieinfo\/#\/schema\/person\/faee6704a21f3977511db84bd1cd450f\"},\"headline\":\"Festival du Film Fantastique de G\u00e9rardmer \u2013 Des images et des profs fantastiques pour le concours de Canop\u00e9\",\"datePublished\":\"2020-02-01T04:00:40+00:00\",\"dateModified\":\"2020-02-01T04:00:40+00:00\",\"mainEntityOfPage\":{\"@id\":\"https:\/\/vosgesinfo.fr\/saintdieinfo\/2020\/02\/festival-film-fantastique-de-gerardmer-images-profs-fantastiques-concours-de-canope\/\"},\"wordCount\":133,\"commentCount\":0,\"publisher\":{\"@id\":\"https:\/\/vosgesinfo.fr\/saintdieinfo\/#organization\"},\"image\":{\"@id\":\"https:\/\/vosgesinfo.fr\/saintdieinfo\/2020\/02\/festival-film-fantastique-de-gerardmer-images-profs-fantastiques-concours-de-canope\/#primaryimage\"},\"thumbnailUrl\":\"https:\/\/vosgesinfo.fr\/app\/uploads\/sites\/4\/2024\/08\/202002canope-festival-gerardmer-images-fantastiques-5.jpg\",\"keywords\":[\"Canop\u00e9 Vosges\",\"Concours Canop\u00e9\",\"Festival du film fantastique de G\u00e9rardmer\",\"G\u00e9rardmer\"],\"articleSection\":[\"A la Une\",\"Loisirs\",\"Vosges\"],\"inLanguage\":\"fr-FR\",\"potentialAction\":[{\"@type\":\"CommentAction\",\"name\":\"Comment\",\"target\":[\"https:\/\/vosgesinfo.fr\/saintdieinfo\/2020\/02\/festival-film-fantastique-de-gerardmer-images-profs-fantastiques-concours-de-canope\/#respond\"]}]},{\"@type\":\"WebPage\",\"@id\":\"https:\/\/vosgesinfo.fr\/saintdieinfo\/2020\/02\/festival-film-fantastique-de-gerardmer-images-profs-fantastiques-concours-de-canope\/\",\"url\":\"https:\/\/vosgesinfo.fr\/saintdieinfo\/2020\/02\/festival-film-fantastique-de-gerardmer-images-profs-fantastiques-concours-de-canope\/\",\"name\":\"Festival du Film Fantastique de G\u00e9rardmer \u2013 Des images et des profs fantastiques pour le concours de Canop\u00e9 - Saint Die Info\",\"isPartOf\":{\"@id\":\"https:\/\/vosgesinfo.fr\/saintdieinfo\/#website\"},\"primaryImageOfPage\":{\"@id\":\"https:\/\/vosgesinfo.fr\/saintdieinfo\/2020\/02\/festival-film-fantastique-de-gerardmer-images-profs-fantastiques-concours-de-canope\/#primaryimage\"},\"image\":{\"@id\":\"https:\/\/vosgesinfo.fr\/saintdieinfo\/2020\/02\/festival-film-fantastique-de-gerardmer-images-profs-fantastiques-concours-de-canope\/#primaryimage\"},\"thumbnailUrl\":\"https:\/\/vosgesinfo.fr\/app\/uploads\/sites\/4\/2024\/08\/202002canope-festival-gerardmer-images-fantastiques-5.jpg\",\"datePublished\":\"2020-02-01T04:00:40+00:00\",\"dateModified\":\"2020-02-01T04:00:40+00:00\",\"breadcrumb\":{\"@id\":\"https:\/\/vosgesinfo.fr\/saintdieinfo\/2020\/02\/festival-film-fantastique-de-gerardmer-images-profs-fantastiques-concours-de-canope\/#breadcrumb\"},\"inLanguage\":\"fr-FR\",\"potentialAction\":[{\"@type\":\"ReadAction\",\"target\":[\"https:\/\/vosgesinfo.fr\/saintdieinfo\/2020\/02\/festival-film-fantastique-de-gerardmer-images-profs-fantastiques-concours-de-canope\/\"]}]},{\"@type\":\"ImageObject\",\"inLanguage\":\"fr-FR\",\"@id\":\"https:\/\/vosgesinfo.fr\/saintdieinfo\/2020\/02\/festival-film-fantastique-de-gerardmer-images-profs-fantastiques-concours-de-canope\/#primaryimage\",\"url\":\"https:\/\/vosgesinfo.fr\/app\/uploads\/sites\/4\/2024\/08\/202002canope-festival-gerardmer-images-fantastiques-5.jpg\",\"contentUrl\":\"https:\/\/vosgesinfo.fr\/app\/uploads\/sites\/4\/2024\/08\/202002canope-festival-gerardmer-images-fantastiques-5.jpg\",\"width\":800,\"height\":600},{\"@type\":\"BreadcrumbList\",\"@id\":\"https:\/\/vosgesinfo.fr\/saintdieinfo\/2020\/02\/festival-film-fantastique-de-gerardmer-images-profs-fantastiques-concours-de-canope\/#breadcrumb\",\"itemListElement\":[{\"@type\":\"ListItem\",\"position\":1,\"name\":\"Home\",\"item\":\"https:\/\/vosgesinfo.fr\/saintdieinfo\/\"},{\"@type\":\"ListItem\",\"position\":2,\"name\":\"Festival du Film Fantastique de G\u00e9rardmer \u2013 Des images et des profs fantastiques pour le concours de Canop\u00e9\"}]},{\"@type\":\"WebSite\",\"@id\":\"https:\/\/vosgesinfo.fr\/saintdieinfo\/#website\",\"url\":\"https:\/\/vosgesinfo.fr\/saintdieinfo\/\",\"name\":\"Saint Die Info\",\"description\":\"Toute l&#039;actualit\u00e9 de Saint-Di\u00e9-Des-Vosges\",\"publisher\":{\"@id\":\"https:\/\/vosgesinfo.fr\/saintdieinfo\/#organization\"},\"alternateName\":\"Toute l'actualit\u00e9 de Saint-Di\u00e9-Des-Vosges\",\"potentialAction\":[{\"@type\":\"SearchAction\",\"target\":{\"@type\":\"EntryPoint\",\"urlTemplate\":\"https:\/\/vosgesinfo.fr\/saintdieinfo\/?s={search_term_string}\"},\"query-input\":\"required name=search_term_string\"}],\"inLanguage\":\"fr-FR\"},{\"@type\":\"Organization\",\"@id\":\"https:\/\/vosgesinfo.fr\/saintdieinfo\/#organization\",\"name\":\"Saint Die Info\",\"url\":\"https:\/\/vosgesinfo.fr\/saintdieinfo\/\",\"logo\":{\"@type\":\"ImageObject\",\"inLanguage\":\"fr-FR\",\"@id\":\"https:\/\/vosgesinfo.fr\/saintdieinfo\/#\/schema\/logo\/image\/\",\"url\":\"https:\/\/vosgesinfo.fr\/app\/uploads\/sites\/4\/2024\/02\/logo-sdi.jpg\",\"contentUrl\":\"https:\/\/vosgesinfo.fr\/app\/uploads\/sites\/4\/2024\/02\/logo-sdi.jpg\",\"width\":600,\"height\":600,\"caption\":\"Saint Die Info\"},\"image\":{\"@id\":\"https:\/\/vosgesinfo.fr\/saintdieinfo\/#\/schema\/logo\/image\/\"},\"sameAs\":[\"https:\/\/www.facebook.com\/Saintdieinfofr\",\"https:\/\/x.com\/VosgesInfo88\",\"https:\/\/www.youtube.com\/@vosgesinfo\"]},{\"@type\":\"Person\",\"@id\":\"https:\/\/vosgesinfo.fr\/saintdieinfo\/#\/schema\/person\/faee6704a21f3977511db84bd1cd450f\",\"name\":\"la r\u00e9daction\",\"image\":{\"@type\":\"ImageObject\",\"inLanguage\":\"fr-FR\",\"@id\":\"https:\/\/vosgesinfo.fr\/saintdieinfo\/#\/schema\/person\/image\/\",\"url\":\"https:\/\/secure.gravatar.com\/avatar\/6673d8bc6a9c17fa9a453eaa3448de834fa308c2ec9635b7aa99441a7c8d2cf6?s=96&d=mm&r=g\",\"contentUrl\":\"https:\/\/secure.gravatar.com\/avatar\/6673d8bc6a9c17fa9a453eaa3448de834fa308c2ec9635b7aa99441a7c8d2cf6?s=96&d=mm&r=g\",\"caption\":\"la r\u00e9daction\"},\"url\":\"https:\/\/vosgesinfo.fr\/saintdieinfo\/author\/redac\/\"}]}<\/script>\n<!-- \/ Yoast SEO plugin. -->","yoast_head_json":{"title":"Festival du Film Fantastique de G\u00e9rardmer \u2013 Des images et des profs fantastiques pour le concours de Canop\u00e9 - Saint Die Info","robots":{"index":"index","follow":"follow","max-snippet":"max-snippet:-1","max-image-preview":"max-image-preview:large","max-video-preview":"max-video-preview:-1"},"canonical":"https:\/\/vosgesinfo.fr\/saintdieinfo\/2020\/02\/festival-film-fantastique-de-gerardmer-images-profs-fantastiques-concours-de-canope\/","twitter_card":"summary_large_image","twitter_title":"Festival du Film Fantastique de G\u00e9rardmer \u2013 Des images et des profs fantastiques pour le concours de Canop\u00e9 - Saint Die Info","twitter_description":"C\u2019est devenu un incontournable du Festival de G\u00e9rardmer : la remise des prix du 7\u00e8me concours d\u2019images fantastiques organis\u00e9 par [&hellip;]","twitter_image":"https:\/\/vosgesinfo.fr\/app\/uploads\/sites\/4\/2024\/08\/202002canope-festival-gerardmer-images-fantastiques-5.jpg","twitter_creator":"@VosgesInfo88","twitter_site":"@VosgesInfo88","twitter_misc":{"\u00c9crit par":"la r\u00e9daction","Dur\u00e9e de lecture estim\u00e9e":"1 minute"},"schema":{"@context":"https:\/\/schema.org","@graph":[{"@type":"Article","@id":"https:\/\/vosgesinfo.fr\/saintdieinfo\/2020\/02\/festival-film-fantastique-de-gerardmer-images-profs-fantastiques-concours-de-canope\/#article","isPartOf":{"@id":"https:\/\/vosgesinfo.fr\/saintdieinfo\/2020\/02\/festival-film-fantastique-de-gerardmer-images-profs-fantastiques-concours-de-canope\/"},"author":{"name":"la r\u00e9daction","@id":"https:\/\/vosgesinfo.fr\/saintdieinfo\/#\/schema\/person\/faee6704a21f3977511db84bd1cd450f"},"headline":"Festival du Film Fantastique de G\u00e9rardmer \u2013 Des images et des profs fantastiques pour le concours de Canop\u00e9","datePublished":"2020-02-01T04:00:40+00:00","dateModified":"2020-02-01T04:00:40+00:00","mainEntityOfPage":{"@id":"https:\/\/vosgesinfo.fr\/saintdieinfo\/2020\/02\/festival-film-fantastique-de-gerardmer-images-profs-fantastiques-concours-de-canope\/"},"wordCount":133,"commentCount":0,"publisher":{"@id":"https:\/\/vosgesinfo.fr\/saintdieinfo\/#organization"},"image":{"@id":"https:\/\/vosgesinfo.fr\/saintdieinfo\/2020\/02\/festival-film-fantastique-de-gerardmer-images-profs-fantastiques-concours-de-canope\/#primaryimage"},"thumbnailUrl":"https:\/\/vosgesinfo.fr\/app\/uploads\/sites\/4\/2024\/08\/202002canope-festival-gerardmer-images-fantastiques-5.jpg","keywords":["Canop\u00e9 Vosges","Concours Canop\u00e9","Festival du film fantastique de G\u00e9rardmer","G\u00e9rardmer"],"articleSection":["A la Une","Loisirs","Vosges"],"inLanguage":"fr-FR","potentialAction":[{"@type":"CommentAction","name":"Comment","target":["https:\/\/vosgesinfo.fr\/saintdieinfo\/2020\/02\/festival-film-fantastique-de-gerardmer-images-profs-fantastiques-concours-de-canope\/#respond"]}]},{"@type":"WebPage","@id":"https:\/\/vosgesinfo.fr\/saintdieinfo\/2020\/02\/festival-film-fantastique-de-gerardmer-images-profs-fantastiques-concours-de-canope\/","url":"https:\/\/vosgesinfo.fr\/saintdieinfo\/2020\/02\/festival-film-fantastique-de-gerardmer-images-profs-fantastiques-concours-de-canope\/","name":"Festival du Film Fantastique de G\u00e9rardmer \u2013 Des images et des profs fantastiques pour le concours de Canop\u00e9 - Saint Die Info","isPartOf":{"@id":"https:\/\/vosgesinfo.fr\/saintdieinfo\/#website"},"primaryImageOfPage":{"@id":"https:\/\/vosgesinfo.fr\/saintdieinfo\/2020\/02\/festival-film-fantastique-de-gerardmer-images-profs-fantastiques-concours-de-canope\/#primaryimage"},"image":{"@id":"https:\/\/vosgesinfo.fr\/saintdieinfo\/2020\/02\/festival-film-fantastique-de-gerardmer-images-profs-fantastiques-concours-de-canope\/#primaryimage"},"thumbnailUrl":"https:\/\/vosgesinfo.fr\/app\/uploads\/sites\/4\/2024\/08\/202002canope-festival-gerardmer-images-fantastiques-5.jpg","datePublished":"2020-02-01T04:00:40+00:00","dateModified":"2020-02-01T04:00:40+00:00","breadcrumb":{"@id":"https:\/\/vosgesinfo.fr\/saintdieinfo\/2020\/02\/festival-film-fantastique-de-gerardmer-images-profs-fantastiques-concours-de-canope\/#breadcrumb"},"inLanguage":"fr-FR","potentialAction":[{"@type":"ReadAction","target":["https:\/\/vosgesinfo.fr\/saintdieinfo\/2020\/02\/festival-film-fantastique-de-gerardmer-images-profs-fantastiques-concours-de-canope\/"]}]},{"@type":"ImageObject","inLanguage":"fr-FR","@id":"https:\/\/vosgesinfo.fr\/saintdieinfo\/2020\/02\/festival-film-fantastique-de-gerardmer-images-profs-fantastiques-concours-de-canope\/#primaryimage","url":"https:\/\/vosgesinfo.fr\/app\/uploads\/sites\/4\/2024\/08\/202002canope-festival-gerardmer-images-fantastiques-5.jpg","contentUrl":"https:\/\/vosgesinfo.fr\/app\/uploads\/sites\/4\/2024\/08\/202002canope-festival-gerardmer-images-fantastiques-5.jpg","width":800,"height":600},{"@type":"BreadcrumbList","@id":"https:\/\/vosgesinfo.fr\/saintdieinfo\/2020\/02\/festival-film-fantastique-de-gerardmer-images-profs-fantastiques-concours-de-canope\/#breadcrumb","itemListElement":[{"@type":"ListItem","position":1,"name":"Home","item":"https:\/\/vosgesinfo.fr\/saintdieinfo\/"},{"@type":"ListItem","position":2,"name":"Festival du Film Fantastique de G\u00e9rardmer \u2013 Des images et des profs fantastiques pour le concours de Canop\u00e9"}]},{"@type":"WebSite","@id":"https:\/\/vosgesinfo.fr\/saintdieinfo\/#website","url":"https:\/\/vosgesinfo.fr\/saintdieinfo\/","name":"Saint Die Info","description":"Toute l&#039;actualit\u00e9 de Saint-Di\u00e9-Des-Vosges","publisher":{"@id":"https:\/\/vosgesinfo.fr\/saintdieinfo\/#organization"},"alternateName":"Toute l'actualit\u00e9 de Saint-Di\u00e9-Des-Vosges","potentialAction":[{"@type":"SearchAction","target":{"@type":"EntryPoint","urlTemplate":"https:\/\/vosgesinfo.fr\/saintdieinfo\/?s={search_term_string}"},"query-input":"required name=search_term_string"}],"inLanguage":"fr-FR"},{"@type":"Organization","@id":"https:\/\/vosgesinfo.fr\/saintdieinfo\/#organization","name":"Saint Die Info","url":"https:\/\/vosgesinfo.fr\/saintdieinfo\/","logo":{"@type":"ImageObject","inLanguage":"fr-FR","@id":"https:\/\/vosgesinfo.fr\/saintdieinfo\/#\/schema\/logo\/image\/","url":"https:\/\/vosgesinfo.fr\/app\/uploads\/sites\/4\/2024\/02\/logo-sdi.jpg","contentUrl":"https:\/\/vosgesinfo.fr\/app\/uploads\/sites\/4\/2024\/02\/logo-sdi.jpg","width":600,"height":600,"caption":"Saint Die Info"},"image":{"@id":"https:\/\/vosgesinfo.fr\/saintdieinfo\/#\/schema\/logo\/image\/"},"sameAs":["https:\/\/www.facebook.com\/Saintdieinfofr","https:\/\/x.com\/VosgesInfo88","https:\/\/www.youtube.com\/@vosgesinfo"]},{"@type":"Person","@id":"https:\/\/vosgesinfo.fr\/saintdieinfo\/#\/schema\/person\/faee6704a21f3977511db84bd1cd450f","name":"la r\u00e9daction","image":{"@type":"ImageObject","inLanguage":"fr-FR","@id":"https:\/\/vosgesinfo.fr\/saintdieinfo\/#\/schema\/person\/image\/","url":"https:\/\/secure.gravatar.com\/avatar\/6673d8bc6a9c17fa9a453eaa3448de834fa308c2ec9635b7aa99441a7c8d2cf6?s=96&d=mm&r=g","contentUrl":"https:\/\/secure.gravatar.com\/avatar\/6673d8bc6a9c17fa9a453eaa3448de834fa308c2ec9635b7aa99441a7c8d2cf6?s=96&d=mm&r=g","caption":"la r\u00e9daction"},"url":"https:\/\/vosgesinfo.fr\/saintdieinfo\/author\/redac\/"}]}},"_links":{"self":[{"href":"https:\/\/vosgesinfo.fr\/saintdieinfo\/wp-json\/wp\/v2\/posts\/39041","targetHints":{"allow":["GET"]}}],"collection":[{"href":"https:\/\/vosgesinfo.fr\/saintdieinfo\/wp-json\/wp\/v2\/posts"}],"about":[{"href":"https:\/\/vosgesinfo.fr\/saintdieinfo\/wp-json\/wp\/v2\/types\/post"}],"author":[{"embeddable":true,"href":"https:\/\/vosgesinfo.fr\/saintdieinfo\/wp-json\/wp\/v2\/users\/44"}],"replies":[{"embeddable":true,"href":"https:\/\/vosgesinfo.fr\/saintdieinfo\/wp-json\/wp\/v2\/comments?post=39041"}],"version-history":[{"count":0,"href":"https:\/\/vosgesinfo.fr\/saintdieinfo\/wp-json\/wp\/v2\/posts\/39041\/revisions"}],"wp:featuredmedia":[{"embeddable":true,"href":"https:\/\/vosgesinfo.fr\/saintdieinfo\/wp-json\/wp\/v2\/media\/39042"}],"wp:attachment":[{"href":"https:\/\/vosgesinfo.fr\/saintdieinfo\/wp-json\/wp\/v2\/media?parent=39041"}],"wp:term":[{"taxonomy":"category","embeddable":true,"href":"https:\/\/vosgesinfo.fr\/saintdieinfo\/wp-json\/wp\/v2\/categories?post=39041"},{"taxonomy":"post_tag","embeddable":true,"href":"https:\/\/vosgesinfo.fr\/saintdieinfo\/wp-json\/wp\/v2\/tags?post=39041"}],"curies":[{"name":"wp","href":"https:\/\/api.w.org\/{rel}","templated":true}]}}