{"id":39043,"date":"2020-02-01T10:00:04","date_gmt":"2020-02-01T09:00:04","guid":{"rendered":"https:\/\/vosgesinfo.fr\/saintdieinfo\/2020\/02\/conseil-de-prudhommes-de-saint-die-vosges-a-rentree-2020\/"},"modified":"2020-02-01T10:00:04","modified_gmt":"2020-02-01T09:00:04","slug":"conseil-de-prudhommes-de-saint-die-vosges-a-rentree-2020","status":"publish","type":"post","link":"https:\/\/vosgesinfo.fr\/saintdieinfo\/2020\/02\/conseil-de-prudhommes-de-saint-die-vosges-a-rentree-2020\/","title":{"rendered":"Le Conseil de Prud&rsquo;Hommes de Saint-Di\u00e9-des-Vosges a fait sa rentr\u00e9e 2020"},"content":{"rendered":"<div id=\"attachment_155549\" style=\"width: 970px\" class=\"wp-caption aligncenter\"><a href=\"\/2020\/02\/Rentr\u00e9e_Tribunal_PrudHommes-5.jpg\" target=\"_blank\" rel=\"noopener\"><img decoding=\"async\" aria-describedby=\"caption-attachment-155549\" class=\"wp-image-155549 size-large\" src=\"\/2020\/02\/Rentr\u00e9e_Tribunal_PrudHommes-5-1024x768.jpg\" alt=\"Rentr\u00e9e_Tribunal_Prud'Hommes (5)\" width=\"960\" height=\"720\" \/><\/a><p id=\"caption-attachment-155549\" class=\"wp-caption-text\">Laurent Lalev\u00e9e (second en partant de la gauche) est le nouveau pr\u00e9sident du Conseil des Prud&rsquo;Hommes de Saint-Di\u00e9-des-Vosges.<\/p><\/div>\n<h2><strong><span style=\"font-family: Calibri, sans-serif;\"><span style=\"font-size: large;\">Le Conseil de Prud&rsquo;Hommes de Saint-Di\u00e9-des-Vosges a fait son audience solennelle pour l&rsquo;ann\u00e9e 2020 ce vendredi apr\u00e8s-midi. Une audience annuelle \u00e0 laquelle ont assist\u00e9 le procureur de la R\u00e9publique Nicolas Heitz, la sous-pr\u00e9f\u00e8te Sylvie Siffermann, le maire David Valence, le conseiller r\u00e9gional Jean-Marie Lalandre.<\/span><\/span><\/strong><\/h2>\n<p><!--more--><\/p>\n<h3><strong><span style=\"font-family: Calibri, sans-serif;\"><span style=\"font-size: large;\">Nouveau pr\u00e9sident et nouvelle vice-pr\u00e9sidente<\/span><\/span><\/strong><\/h3>\n<p><span style=\"font-family: Calibri, sans-serif;\"><span style=\"font-size: large;\">Laurent Lalev\u00e9e, du coll\u00e8ge Salari\u00e9, a \u00e9t\u00e9 \u00e9lu pr\u00e9sident du conseil d\u00e9odatien en ce dernier jour de janvier. Il succ\u00e8de ainsi \u00e0 Jean-No\u00ebl Bleirad, du coll\u00e8ge Employeur, qui reste conseiller prud&rsquo;hommal. Marie-Pierre Tabary, \u00e9galement du coll\u00e8ge Employeur, a quant \u00e0 elle \u00e9t\u00e9 \u00e9lue au poste de vice-pr\u00e9sidente. L&rsquo;ann\u00e9e 2020 est \u00e9galement marqu\u00e9e par l&rsquo;arriv\u00e9 de messieurs Farcy, du coll\u00e8ge Employeur, et Mourot, du coll\u00e8ge Salari\u00e9. Au total, le conseil compte actuellement 38 conseillers prud&rsquo;homaux, avec respectivement 19 conseillers pour le coll\u00e8ge Employeur et 19 pour le coll\u00e8ge Salari\u00e9. Le tout en sachant que 5 postes sont vacants pour le coll\u00e8ge Salari\u00e9.<\/span><\/span><\/p>\n<h3><strong><span style=\"font-family: Calibri, sans-serif;\"><span style=\"font-size: large;\">Un nombre d&rsquo;affaires en baisse<\/span><\/span><\/strong><\/h3>\n<p><span style=\"font-family: Calibri, sans-serif;\"><span style=\"font-size: large;\">Avec 90 affaires nouvelles au cours de l&rsquo;ann\u00e9e 2019, leur nombre diminue assez significativement par rapport \u00e0 2018 et ses 143 affaires. Cette diminution est notamment due \u00e0 la r\u00e9forme Macron, dans le cadre de laquelle les indemnit\u00e9s prud&rsquo;homales sont plafonn\u00e9es tout en rendant la saisine du tribunal plus compliqu\u00e9e qu&rsquo;auparavant. 107 affaires \u00e9taient en cours au 31 d\u00e9cembre 2019, contre 158 au 31 d\u00e9cembre 2018. Enfin, 141 affaires ont \u00e9t\u00e9 termin\u00e9es en 2019, soit davantage que les 102 affaires termin\u00e9es en 2018. En ce qui concerne la dur\u00e9e moyenne des affaires termin\u00e9es, elle \u00e9tait de 11,2 mois en 2019. A titre de comparaison, la dur\u00e9e moyenne au niveau national \u00e9tait de 14,8 mois en 2018.<\/span><\/span><\/p>\n<h3><strong><span style=\"font-family: Calibri, sans-serif;\"><span style=\"font-size: large;\">Fusion des greffes<\/span><\/span><\/strong><\/h3>\n<p><span style=\"font-family: Calibri, sans-serif;\"><span style=\"font-size: large;\">A partir de 2020, toutes les greffes des Vosges d\u00e9pendront d\u00e9sormais d&rsquo;un directeur bas\u00e9 \u00e0 Epinal, qui aura la responsabilit\u00e9 d&rsquo;une soixantaine de personnes dont 7 sur Saint-Di\u00e9-des-Vosges. <em>\u00ab\u00a0Des garanties nous ont \u00e9t\u00e9 donn\u00e9es oralement sur le maintien des audiences et le bon fonctionnement du greffe pour la mise \u00e0 disposition des jugements\u00a0\u00bb<\/em> a d\u00e9clar\u00e9 \u00e0 ce propos Jean-No\u00ebl Bleirad lors de sa prise de parole. Toujours selon Jean-No\u00ebl Bleirad, <em>\u00ab\u00a0il n&rsquo;y a pour l&rsquo;instant pas mati\u00e8re \u00e0 s&rsquo;affoler quant \u00e0 l&rsquo;avenir du Tribunal des Prud&rsquo;Hommes d\u00e9odatien.\u00a0\u00bb<\/em><\/span><\/span><\/p>\n<p>J.J.<\/p>\n\n","protected":false},"excerpt":{"rendered":"<p>Le Conseil de Prud&rsquo;Hommes de Saint-Di\u00e9-des-Vosges a fait son audience solennelle pour l&rsquo;ann\u00e9e 2020 ce vendredi apr\u00e8s-midi. Une audience annuelle [&hellip;]<\/p>\n","protected":false},"author":46,"featured_media":39044,"comment_status":"open","ping_status":"open","sticky":false,"template":"","format":"standard","meta":{"footnotes":""},"categories":[460,2915],"tags":[7813,7814,7815],"class_list":["post-39043","post","type-post","status-publish","format-standard","has-post-thumbnail","hentry","category-a-la-une","category-saint-die-son-canton","tag-audience-solennelle-de-rentree-du-conseil-de-prudhommes","tag-prudhommes","tag-tribunal-des-prudhommes"],"acf":[],"yoast_head":"<!-- This site is optimized with the Yoast SEO plugin v22.5 - https:\/\/yoast.com\/wordpress\/plugins\/seo\/ -->\n<title>Le Conseil de Prud&#039;Hommes de Saint-Di\u00e9-des-Vosges a fait sa rentr\u00e9e 2020 - Saint Die Info<\/title>\n<meta name=\"robots\" content=\"index, follow, max-snippet:-1, max-image-preview:large, max-video-preview:-1\" \/>\n<link rel=\"canonical\" href=\"https:\/\/vosgesinfo.fr\/saintdieinfo\/2020\/02\/conseil-de-prudhommes-de-saint-die-vosges-a-rentree-2020\/\" \/>\n<meta name=\"twitter:card\" content=\"summary_large_image\" \/>\n<meta name=\"twitter:title\" content=\"Le Conseil de Prud&#039;Hommes de Saint-Di\u00e9-des-Vosges a fait sa rentr\u00e9e 2020 - Saint Die Info\" \/>\n<meta name=\"twitter:description\" content=\"Le Conseil de Prud&rsquo;Hommes de Saint-Di\u00e9-des-Vosges a fait son audience solennelle pour l&rsquo;ann\u00e9e 2020 ce vendredi apr\u00e8s-midi. Une audience annuelle [&hellip;]\" \/>\n<meta name=\"twitter:image\" content=\"https:\/\/vosgesinfo.fr\/app\/uploads\/sites\/4\/2024\/08\/202002rentree-tribunal-prudhommes-5-scaled.jpg\" \/>\n<meta name=\"twitter:creator\" content=\"@VosgesInfo88\" \/>\n<meta name=\"twitter:site\" content=\"@VosgesInfo88\" \/>\n<meta name=\"twitter:label1\" content=\"\u00c9crit par\" \/>\n\t<meta name=\"twitter:data1\" content=\"J.J.\" \/>\n\t<meta name=\"twitter:label2\" content=\"Dur\u00e9e de lecture estim\u00e9e\" \/>\n\t<meta name=\"twitter:data2\" content=\"2 minutes\" \/>\n<script type=\"application\/ld+json\" class=\"yoast-schema-graph\">{\"@context\":\"https:\/\/schema.org\",\"@graph\":[{\"@type\":\"Article\",\"@id\":\"https:\/\/vosgesinfo.fr\/saintdieinfo\/2020\/02\/conseil-de-prudhommes-de-saint-die-vosges-a-rentree-2020\/#article\",\"isPartOf\":{\"@id\":\"https:\/\/vosgesinfo.fr\/saintdieinfo\/2020\/02\/conseil-de-prudhommes-de-saint-die-vosges-a-rentree-2020\/\"},\"author\":{\"name\":\"J.J.\",\"@id\":\"https:\/\/vosgesinfo.fr\/saintdieinfo\/#\/schema\/person\/fa73e9f726d67bb88f46d5b7943cb572\"},\"headline\":\"Le Conseil de Prud&rsquo;Hommes de Saint-Di\u00e9-des-Vosges a fait sa rentr\u00e9e 2020\",\"datePublished\":\"2020-02-01T09:00:04+00:00\",\"dateModified\":\"2020-02-01T09:00:04+00:00\",\"mainEntityOfPage\":{\"@id\":\"https:\/\/vosgesinfo.fr\/saintdieinfo\/2020\/02\/conseil-de-prudhommes-de-saint-die-vosges-a-rentree-2020\/\"},\"wordCount\":438,\"commentCount\":0,\"publisher\":{\"@id\":\"https:\/\/vosgesinfo.fr\/saintdieinfo\/#organization\"},\"image\":{\"@id\":\"https:\/\/vosgesinfo.fr\/saintdieinfo\/2020\/02\/conseil-de-prudhommes-de-saint-die-vosges-a-rentree-2020\/#primaryimage\"},\"thumbnailUrl\":\"https:\/\/vosgesinfo.fr\/app\/uploads\/sites\/4\/2024\/08\/202002rentree-tribunal-prudhommes-5-scaled.jpg\",\"keywords\":[\"Audience solennelle de rentr\u00e9e du Conseil de Prud'Hommes\",\"Prud'Hommes\",\"Tribunal des Prud'Hommes\"],\"articleSection\":[\"A la Une\",\"Saint-Di\u00e9-des-Vosges et son Agglom\u00e9ration\"],\"inLanguage\":\"fr-FR\",\"potentialAction\":[{\"@type\":\"CommentAction\",\"name\":\"Comment\",\"target\":[\"https:\/\/vosgesinfo.fr\/saintdieinfo\/2020\/02\/conseil-de-prudhommes-de-saint-die-vosges-a-rentree-2020\/#respond\"]}]},{\"@type\":\"WebPage\",\"@id\":\"https:\/\/vosgesinfo.fr\/saintdieinfo\/2020\/02\/conseil-de-prudhommes-de-saint-die-vosges-a-rentree-2020\/\",\"url\":\"https:\/\/vosgesinfo.fr\/saintdieinfo\/2020\/02\/conseil-de-prudhommes-de-saint-die-vosges-a-rentree-2020\/\",\"name\":\"Le Conseil de Prud'Hommes de Saint-Di\u00e9-des-Vosges a fait sa rentr\u00e9e 2020 - Saint Die Info\",\"isPartOf\":{\"@id\":\"https:\/\/vosgesinfo.fr\/saintdieinfo\/#website\"},\"primaryImageOfPage\":{\"@id\":\"https:\/\/vosgesinfo.fr\/saintdieinfo\/2020\/02\/conseil-de-prudhommes-de-saint-die-vosges-a-rentree-2020\/#primaryimage\"},\"image\":{\"@id\":\"https:\/\/vosgesinfo.fr\/saintdieinfo\/2020\/02\/conseil-de-prudhommes-de-saint-die-vosges-a-rentree-2020\/#primaryimage\"},\"thumbnailUrl\":\"https:\/\/vosgesinfo.fr\/app\/uploads\/sites\/4\/2024\/08\/202002rentree-tribunal-prudhommes-5-scaled.jpg\",\"datePublished\":\"2020-02-01T09:00:04+00:00\",\"dateModified\":\"2020-02-01T09:00:04+00:00\",\"breadcrumb\":{\"@id\":\"https:\/\/vosgesinfo.fr\/saintdieinfo\/2020\/02\/conseil-de-prudhommes-de-saint-die-vosges-a-rentree-2020\/#breadcrumb\"},\"inLanguage\":\"fr-FR\",\"potentialAction\":[{\"@type\":\"ReadAction\",\"target\":[\"https:\/\/vosgesinfo.fr\/saintdieinfo\/2020\/02\/conseil-de-prudhommes-de-saint-die-vosges-a-rentree-2020\/\"]}]},{\"@type\":\"ImageObject\",\"inLanguage\":\"fr-FR\",\"@id\":\"https:\/\/vosgesinfo.fr\/saintdieinfo\/2020\/02\/conseil-de-prudhommes-de-saint-die-vosges-a-rentree-2020\/#primaryimage\",\"url\":\"https:\/\/vosgesinfo.fr\/app\/uploads\/sites\/4\/2024\/08\/202002rentree-tribunal-prudhommes-5-scaled.jpg\",\"contentUrl\":\"https:\/\/vosgesinfo.fr\/app\/uploads\/sites\/4\/2024\/08\/202002rentree-tribunal-prudhommes-5-scaled.jpg\",\"width\":2560,\"height\":1920},{\"@type\":\"BreadcrumbList\",\"@id\":\"https:\/\/vosgesinfo.fr\/saintdieinfo\/2020\/02\/conseil-de-prudhommes-de-saint-die-vosges-a-rentree-2020\/#breadcrumb\",\"itemListElement\":[{\"@type\":\"ListItem\",\"position\":1,\"name\":\"Home\",\"item\":\"https:\/\/vosgesinfo.fr\/saintdieinfo\/\"},{\"@type\":\"ListItem\",\"position\":2,\"name\":\"Le Conseil de Prud&rsquo;Hommes de Saint-Di\u00e9-des-Vosges a fait sa rentr\u00e9e 2020\"}]},{\"@type\":\"WebSite\",\"@id\":\"https:\/\/vosgesinfo.fr\/saintdieinfo\/#website\",\"url\":\"https:\/\/vosgesinfo.fr\/saintdieinfo\/\",\"name\":\"Saint Die Info\",\"description\":\"Toute l&#039;actualit\u00e9 de Saint-Di\u00e9-Des-Vosges\",\"publisher\":{\"@id\":\"https:\/\/vosgesinfo.fr\/saintdieinfo\/#organization\"},\"alternateName\":\"Toute l'actualit\u00e9 de Saint-Di\u00e9-Des-Vosges\",\"potentialAction\":[{\"@type\":\"SearchAction\",\"target\":{\"@type\":\"EntryPoint\",\"urlTemplate\":\"https:\/\/vosgesinfo.fr\/saintdieinfo\/?s={search_term_string}\"},\"query-input\":\"required name=search_term_string\"}],\"inLanguage\":\"fr-FR\"},{\"@type\":\"Organization\",\"@id\":\"https:\/\/vosgesinfo.fr\/saintdieinfo\/#organization\",\"name\":\"Saint Die Info\",\"url\":\"https:\/\/vosgesinfo.fr\/saintdieinfo\/\",\"logo\":{\"@type\":\"ImageObject\",\"inLanguage\":\"fr-FR\",\"@id\":\"https:\/\/vosgesinfo.fr\/saintdieinfo\/#\/schema\/logo\/image\/\",\"url\":\"https:\/\/vosgesinfo.fr\/app\/uploads\/sites\/4\/2024\/02\/logo-sdi.jpg\",\"contentUrl\":\"https:\/\/vosgesinfo.fr\/app\/uploads\/sites\/4\/2024\/02\/logo-sdi.jpg\",\"width\":600,\"height\":600,\"caption\":\"Saint Die Info\"},\"image\":{\"@id\":\"https:\/\/vosgesinfo.fr\/saintdieinfo\/#\/schema\/logo\/image\/\"},\"sameAs\":[\"https:\/\/www.facebook.com\/Saintdieinfofr\",\"https:\/\/x.com\/VosgesInfo88\",\"https:\/\/www.youtube.com\/@vosgesinfo\"]},{\"@type\":\"Person\",\"@id\":\"https:\/\/vosgesinfo.fr\/saintdieinfo\/#\/schema\/person\/fa73e9f726d67bb88f46d5b7943cb572\",\"name\":\"J.J.\",\"image\":{\"@type\":\"ImageObject\",\"inLanguage\":\"fr-FR\",\"@id\":\"https:\/\/vosgesinfo.fr\/saintdieinfo\/#\/schema\/person\/image\/\",\"url\":\"https:\/\/secure.gravatar.com\/avatar\/219e749e47ffbcca018a360ae4add7d4cdf1cdaaf8bc7676b27efade3fe65615?s=96&d=mm&r=g\",\"contentUrl\":\"https:\/\/secure.gravatar.com\/avatar\/219e749e47ffbcca018a360ae4add7d4cdf1cdaaf8bc7676b27efade3fe65615?s=96&d=mm&r=g\",\"caption\":\"J.J.\"},\"url\":\"https:\/\/vosgesinfo.fr\/saintdieinfo\/author\/j-j\/\"}]}<\/script>\n<!-- \/ Yoast SEO plugin. -->","yoast_head_json":{"title":"Le Conseil de Prud'Hommes de Saint-Di\u00e9-des-Vosges a fait sa rentr\u00e9e 2020 - Saint Die Info","robots":{"index":"index","follow":"follow","max-snippet":"max-snippet:-1","max-image-preview":"max-image-preview:large","max-video-preview":"max-video-preview:-1"},"canonical":"https:\/\/vosgesinfo.fr\/saintdieinfo\/2020\/02\/conseil-de-prudhommes-de-saint-die-vosges-a-rentree-2020\/","twitter_card":"summary_large_image","twitter_title":"Le Conseil de Prud'Hommes de Saint-Di\u00e9-des-Vosges a fait sa rentr\u00e9e 2020 - Saint Die Info","twitter_description":"Le Conseil de Prud&rsquo;Hommes de Saint-Di\u00e9-des-Vosges a fait son audience solennelle pour l&rsquo;ann\u00e9e 2020 ce vendredi apr\u00e8s-midi. Une audience annuelle [&hellip;]","twitter_image":"https:\/\/vosgesinfo.fr\/app\/uploads\/sites\/4\/2024\/08\/202002rentree-tribunal-prudhommes-5-scaled.jpg","twitter_creator":"@VosgesInfo88","twitter_site":"@VosgesInfo88","twitter_misc":{"\u00c9crit par":"J.J.","Dur\u00e9e de lecture estim\u00e9e":"2 minutes"},"schema":{"@context":"https:\/\/schema.org","@graph":[{"@type":"Article","@id":"https:\/\/vosgesinfo.fr\/saintdieinfo\/2020\/02\/conseil-de-prudhommes-de-saint-die-vosges-a-rentree-2020\/#article","isPartOf":{"@id":"https:\/\/vosgesinfo.fr\/saintdieinfo\/2020\/02\/conseil-de-prudhommes-de-saint-die-vosges-a-rentree-2020\/"},"author":{"name":"J.J.","@id":"https:\/\/vosgesinfo.fr\/saintdieinfo\/#\/schema\/person\/fa73e9f726d67bb88f46d5b7943cb572"},"headline":"Le Conseil de Prud&rsquo;Hommes de Saint-Di\u00e9-des-Vosges a fait sa rentr\u00e9e 2020","datePublished":"2020-02-01T09:00:04+00:00","dateModified":"2020-02-01T09:00:04+00:00","mainEntityOfPage":{"@id":"https:\/\/vosgesinfo.fr\/saintdieinfo\/2020\/02\/conseil-de-prudhommes-de-saint-die-vosges-a-rentree-2020\/"},"wordCount":438,"commentCount":0,"publisher":{"@id":"https:\/\/vosgesinfo.fr\/saintdieinfo\/#organization"},"image":{"@id":"https:\/\/vosgesinfo.fr\/saintdieinfo\/2020\/02\/conseil-de-prudhommes-de-saint-die-vosges-a-rentree-2020\/#primaryimage"},"thumbnailUrl":"https:\/\/vosgesinfo.fr\/app\/uploads\/sites\/4\/2024\/08\/202002rentree-tribunal-prudhommes-5-scaled.jpg","keywords":["Audience solennelle de rentr\u00e9e du Conseil de Prud'Hommes","Prud'Hommes","Tribunal des Prud'Hommes"],"articleSection":["A la Une","Saint-Di\u00e9-des-Vosges et son Agglom\u00e9ration"],"inLanguage":"fr-FR","potentialAction":[{"@type":"CommentAction","name":"Comment","target":["https:\/\/vosgesinfo.fr\/saintdieinfo\/2020\/02\/conseil-de-prudhommes-de-saint-die-vosges-a-rentree-2020\/#respond"]}]},{"@type":"WebPage","@id":"https:\/\/vosgesinfo.fr\/saintdieinfo\/2020\/02\/conseil-de-prudhommes-de-saint-die-vosges-a-rentree-2020\/","url":"https:\/\/vosgesinfo.fr\/saintdieinfo\/2020\/02\/conseil-de-prudhommes-de-saint-die-vosges-a-rentree-2020\/","name":"Le Conseil de Prud'Hommes de Saint-Di\u00e9-des-Vosges a fait sa rentr\u00e9e 2020 - Saint Die Info","isPartOf":{"@id":"https:\/\/vosgesinfo.fr\/saintdieinfo\/#website"},"primaryImageOfPage":{"@id":"https:\/\/vosgesinfo.fr\/saintdieinfo\/2020\/02\/conseil-de-prudhommes-de-saint-die-vosges-a-rentree-2020\/#primaryimage"},"image":{"@id":"https:\/\/vosgesinfo.fr\/saintdieinfo\/2020\/02\/conseil-de-prudhommes-de-saint-die-vosges-a-rentree-2020\/#primaryimage"},"thumbnailUrl":"https:\/\/vosgesinfo.fr\/app\/uploads\/sites\/4\/2024\/08\/202002rentree-tribunal-prudhommes-5-scaled.jpg","datePublished":"2020-02-01T09:00:04+00:00","dateModified":"2020-02-01T09:00:04+00:00","breadcrumb":{"@id":"https:\/\/vosgesinfo.fr\/saintdieinfo\/2020\/02\/conseil-de-prudhommes-de-saint-die-vosges-a-rentree-2020\/#breadcrumb"},"inLanguage":"fr-FR","potentialAction":[{"@type":"ReadAction","target":["https:\/\/vosgesinfo.fr\/saintdieinfo\/2020\/02\/conseil-de-prudhommes-de-saint-die-vosges-a-rentree-2020\/"]}]},{"@type":"ImageObject","inLanguage":"fr-FR","@id":"https:\/\/vosgesinfo.fr\/saintdieinfo\/2020\/02\/conseil-de-prudhommes-de-saint-die-vosges-a-rentree-2020\/#primaryimage","url":"https:\/\/vosgesinfo.fr\/app\/uploads\/sites\/4\/2024\/08\/202002rentree-tribunal-prudhommes-5-scaled.jpg","contentUrl":"https:\/\/vosgesinfo.fr\/app\/uploads\/sites\/4\/2024\/08\/202002rentree-tribunal-prudhommes-5-scaled.jpg","width":2560,"height":1920},{"@type":"BreadcrumbList","@id":"https:\/\/vosgesinfo.fr\/saintdieinfo\/2020\/02\/conseil-de-prudhommes-de-saint-die-vosges-a-rentree-2020\/#breadcrumb","itemListElement":[{"@type":"ListItem","position":1,"name":"Home","item":"https:\/\/vosgesinfo.fr\/saintdieinfo\/"},{"@type":"ListItem","position":2,"name":"Le Conseil de Prud&rsquo;Hommes de Saint-Di\u00e9-des-Vosges a fait sa rentr\u00e9e 2020"}]},{"@type":"WebSite","@id":"https:\/\/vosgesinfo.fr\/saintdieinfo\/#website","url":"https:\/\/vosgesinfo.fr\/saintdieinfo\/","name":"Saint Die Info","description":"Toute l&#039;actualit\u00e9 de Saint-Di\u00e9-Des-Vosges","publisher":{"@id":"https:\/\/vosgesinfo.fr\/saintdieinfo\/#organization"},"alternateName":"Toute l'actualit\u00e9 de Saint-Di\u00e9-Des-Vosges","potentialAction":[{"@type":"SearchAction","target":{"@type":"EntryPoint","urlTemplate":"https:\/\/vosgesinfo.fr\/saintdieinfo\/?s={search_term_string}"},"query-input":"required name=search_term_string"}],"inLanguage":"fr-FR"},{"@type":"Organization","@id":"https:\/\/vosgesinfo.fr\/saintdieinfo\/#organization","name":"Saint Die Info","url":"https:\/\/vosgesinfo.fr\/saintdieinfo\/","logo":{"@type":"ImageObject","inLanguage":"fr-FR","@id":"https:\/\/vosgesinfo.fr\/saintdieinfo\/#\/schema\/logo\/image\/","url":"https:\/\/vosgesinfo.fr\/app\/uploads\/sites\/4\/2024\/02\/logo-sdi.jpg","contentUrl":"https:\/\/vosgesinfo.fr\/app\/uploads\/sites\/4\/2024\/02\/logo-sdi.jpg","width":600,"height":600,"caption":"Saint Die Info"},"image":{"@id":"https:\/\/vosgesinfo.fr\/saintdieinfo\/#\/schema\/logo\/image\/"},"sameAs":["https:\/\/www.facebook.com\/Saintdieinfofr","https:\/\/x.com\/VosgesInfo88","https:\/\/www.youtube.com\/@vosgesinfo"]},{"@type":"Person","@id":"https:\/\/vosgesinfo.fr\/saintdieinfo\/#\/schema\/person\/fa73e9f726d67bb88f46d5b7943cb572","name":"J.J.","image":{"@type":"ImageObject","inLanguage":"fr-FR","@id":"https:\/\/vosgesinfo.fr\/saintdieinfo\/#\/schema\/person\/image\/","url":"https:\/\/secure.gravatar.com\/avatar\/219e749e47ffbcca018a360ae4add7d4cdf1cdaaf8bc7676b27efade3fe65615?s=96&d=mm&r=g","contentUrl":"https:\/\/secure.gravatar.com\/avatar\/219e749e47ffbcca018a360ae4add7d4cdf1cdaaf8bc7676b27efade3fe65615?s=96&d=mm&r=g","caption":"J.J."},"url":"https:\/\/vosgesinfo.fr\/saintdieinfo\/author\/j-j\/"}]}},"_links":{"self":[{"href":"https:\/\/vosgesinfo.fr\/saintdieinfo\/wp-json\/wp\/v2\/posts\/39043","targetHints":{"allow":["GET"]}}],"collection":[{"href":"https:\/\/vosgesinfo.fr\/saintdieinfo\/wp-json\/wp\/v2\/posts"}],"about":[{"href":"https:\/\/vosgesinfo.fr\/saintdieinfo\/wp-json\/wp\/v2\/types\/post"}],"author":[{"embeddable":true,"href":"https:\/\/vosgesinfo.fr\/saintdieinfo\/wp-json\/wp\/v2\/users\/46"}],"replies":[{"embeddable":true,"href":"https:\/\/vosgesinfo.fr\/saintdieinfo\/wp-json\/wp\/v2\/comments?post=39043"}],"version-history":[{"count":0,"href":"https:\/\/vosgesinfo.fr\/saintdieinfo\/wp-json\/wp\/v2\/posts\/39043\/revisions"}],"wp:featuredmedia":[{"embeddable":true,"href":"https:\/\/vosgesinfo.fr\/saintdieinfo\/wp-json\/wp\/v2\/media\/39044"}],"wp:attachment":[{"href":"https:\/\/vosgesinfo.fr\/saintdieinfo\/wp-json\/wp\/v2\/media?parent=39043"}],"wp:term":[{"taxonomy":"category","embeddable":true,"href":"https:\/\/vosgesinfo.fr\/saintdieinfo\/wp-json\/wp\/v2\/categories?post=39043"},{"taxonomy":"post_tag","embeddable":true,"href":"https:\/\/vosgesinfo.fr\/saintdieinfo\/wp-json\/wp\/v2\/tags?post=39043"}],"curies":[{"name":"wp","href":"https:\/\/api.w.org\/{rel}","templated":true}]}}