{"id":39059,"date":"2020-02-01T11:00:32","date_gmt":"2020-02-01T10:00:32","guid":{"rendered":"https:\/\/vosgesinfo.fr\/saintdieinfo\/2020\/02\/colroy-grande-geste-genereux-envers-mam-petits-pieds\/"},"modified":"2020-02-01T11:00:32","modified_gmt":"2020-02-01T10:00:32","slug":"colroy-grande-geste-genereux-envers-mam-petits-pieds","status":"publish","type":"post","link":"https:\/\/vosgesinfo.fr\/saintdieinfo\/2020\/02\/colroy-grande-geste-genereux-envers-mam-petits-pieds\/","title":{"rendered":"Colroy-la-Grande \u2013 Un geste g\u00e9n\u00e9reux envers la MAM Les Petits Pieds"},"content":{"rendered":"<p><a href=\"\/2020\/02\/Colroy-la-Grande-MAM_Petits_Pieds_Ludovic_Chopat-1.jpg\" target=\"_blank\" rel=\"noopener\"><img decoding=\"async\" class=\"aligncenter wp-image-155562 size-large\" src=\"\/2020\/02\/Colroy-la-Grande-MAM_Petits_Pieds_Ludovic_Chopat-1-1024x1024.jpg\" alt=\"Colroy-la-Grande-MAM_Petits_Pieds_Ludovic_Chopat (1)\" width=\"960\" height=\"960\" \/><\/a><\/p>\n<h2><strong><span style=\"font-family: Calibri, sans-serif;\"><span style=\"font-size: large;\">Cr\u00e9\u00e9e en juillet 2019, la maison d&rsquo;Assistants Maternels \u2013 MAM \u2013 Les Petits Pieds de Colroy-la-Grande est g\u00e9r\u00e9e par Yasmina Wallet et J\u00e9r\u00f4me Zint.<\/span><\/span><\/strong><\/h2>\n<p><!--more--><\/p>\n<p><span style=\"font-family: Calibri, sans-serif;\"><span style=\"font-size: large;\">Suite \u00e0 une demande de subvention refus\u00e9e par la CAF \u2013 la MAM \u00e9tant situ\u00e9e dans un p\u00e9rim\u00e8tre \u00e9loign\u00e9 \u2013 ces derniers ont lanc\u00e9 un appel aux dons de jouets et modules \u00e9ducatifs. Ludovic Chopat, DJ bien connu en D\u00e9odatie, a souhait\u00e9 aider la MAM en effectuant un don. <em>\u00ab\u00a0Apr\u00e8s avoir financ\u00e9 en partie les besoins de 14 autres associations ces derni\u00e8res ann\u00e9es, cette fois-ci j&rsquo;ai d\u00e9cid\u00e9 de r\u00e9pondre au besoin de la MAM Les Petits Pieds. J&rsquo;ai donc entrepris d&rsquo;acheter des modules \u00e9ducatifs, agr\u00e9es Protection Maternelle et Infantile \u2013 PMI \u2013 que la structure vient de recevoir. C&rsquo;est un bonheur pour moi de voir les jeunes enfants heureux\u00a0\u00bb<\/em> a d\u00e9clar\u00e9 Ludovic Chopat \u00e0 propos de son geste g\u00e9n\u00e9reux.<\/span><\/span><\/p>\n<p>J.J.<\/p>\n","protected":false},"excerpt":{"rendered":"<p>Cr\u00e9\u00e9e en juillet 2019, la maison d&rsquo;Assistants Maternels \u2013 MAM \u2013 Les Petits Pieds de Colroy-la-Grande est g\u00e9r\u00e9e par Yasmina [&hellip;]<\/p>\n","protected":false},"author":46,"featured_media":39060,"comment_status":"open","ping_status":"open","sticky":false,"template":"","format":"standard","meta":{"footnotes":""},"categories":[460,3532,20,2915],"tags":[7818,4038,7819],"class_list":["post-39059","post","type-post","status-publish","format-standard","has-post-thumbnail","hentry","category-a-la-une","category-enfants","category-loisirs","category-saint-die-son-canton","tag-colroy-la-grande","tag-ludovic-chopat","tag-mam-les-petits-pieds"],"acf":[],"yoast_head":"<!-- This site is optimized with the Yoast SEO plugin v22.5 - https:\/\/yoast.com\/wordpress\/plugins\/seo\/ -->\n<title>Colroy-la-Grande \u2013 Un geste g\u00e9n\u00e9reux envers la MAM Les Petits Pieds - Saint Die Info<\/title>\n<meta name=\"robots\" content=\"index, follow, max-snippet:-1, max-image-preview:large, max-video-preview:-1\" \/>\n<link rel=\"canonical\" href=\"https:\/\/vosgesinfo.fr\/saintdieinfo\/2020\/02\/colroy-grande-geste-genereux-envers-mam-petits-pieds\/\" \/>\n<meta name=\"twitter:card\" content=\"summary_large_image\" \/>\n<meta name=\"twitter:title\" content=\"Colroy-la-Grande \u2013 Un geste g\u00e9n\u00e9reux envers la MAM Les Petits Pieds - Saint Die Info\" \/>\n<meta name=\"twitter:description\" content=\"Cr\u00e9\u00e9e en juillet 2019, la maison d&rsquo;Assistants Maternels \u2013 MAM \u2013 Les Petits Pieds de Colroy-la-Grande est g\u00e9r\u00e9e par Yasmina [&hellip;]\" \/>\n<meta name=\"twitter:image\" content=\"https:\/\/vosgesinfo.fr\/app\/uploads\/sites\/4\/2024\/08\/202002colroy-la-grande-mam-petits-pieds-ludovic-chopat-2-1.jpg\" \/>\n<meta name=\"twitter:creator\" content=\"@VosgesInfo88\" \/>\n<meta name=\"twitter:site\" content=\"@VosgesInfo88\" \/>\n<meta name=\"twitter:label1\" content=\"\u00c9crit par\" \/>\n\t<meta name=\"twitter:data1\" content=\"J.J.\" \/>\n\t<meta name=\"twitter:label2\" content=\"Dur\u00e9e de lecture estim\u00e9e\" \/>\n\t<meta name=\"twitter:data2\" content=\"1 minute\" \/>\n<script type=\"application\/ld+json\" class=\"yoast-schema-graph\">{\"@context\":\"https:\/\/schema.org\",\"@graph\":[{\"@type\":\"Article\",\"@id\":\"https:\/\/vosgesinfo.fr\/saintdieinfo\/2020\/02\/colroy-grande-geste-genereux-envers-mam-petits-pieds\/#article\",\"isPartOf\":{\"@id\":\"https:\/\/vosgesinfo.fr\/saintdieinfo\/2020\/02\/colroy-grande-geste-genereux-envers-mam-petits-pieds\/\"},\"author\":{\"name\":\"J.J.\",\"@id\":\"https:\/\/vosgesinfo.fr\/saintdieinfo\/#\/schema\/person\/fa73e9f726d67bb88f46d5b7943cb572\"},\"headline\":\"Colroy-la-Grande \u2013 Un geste g\u00e9n\u00e9reux envers la MAM Les Petits Pieds\",\"datePublished\":\"2020-02-01T10:00:32+00:00\",\"dateModified\":\"2020-02-01T10:00:32+00:00\",\"mainEntityOfPage\":{\"@id\":\"https:\/\/vosgesinfo.fr\/saintdieinfo\/2020\/02\/colroy-grande-geste-genereux-envers-mam-petits-pieds\/\"},\"wordCount\":171,\"commentCount\":0,\"publisher\":{\"@id\":\"https:\/\/vosgesinfo.fr\/saintdieinfo\/#organization\"},\"image\":{\"@id\":\"https:\/\/vosgesinfo.fr\/saintdieinfo\/2020\/02\/colroy-grande-geste-genereux-envers-mam-petits-pieds\/#primaryimage\"},\"thumbnailUrl\":\"https:\/\/vosgesinfo.fr\/app\/uploads\/sites\/4\/2024\/08\/202002colroy-la-grande-mam-petits-pieds-ludovic-chopat-2-1.jpg\",\"keywords\":[\"Colroy-la-Grande\",\"Ludovic Chopat\",\"MAM Les Petits Pieds\"],\"articleSection\":[\"A la Une\",\"Enfants\",\"Loisirs\",\"Saint-Di\u00e9-des-Vosges et son Agglom\u00e9ration\"],\"inLanguage\":\"fr-FR\",\"potentialAction\":[{\"@type\":\"CommentAction\",\"name\":\"Comment\",\"target\":[\"https:\/\/vosgesinfo.fr\/saintdieinfo\/2020\/02\/colroy-grande-geste-genereux-envers-mam-petits-pieds\/#respond\"]}]},{\"@type\":\"WebPage\",\"@id\":\"https:\/\/vosgesinfo.fr\/saintdieinfo\/2020\/02\/colroy-grande-geste-genereux-envers-mam-petits-pieds\/\",\"url\":\"https:\/\/vosgesinfo.fr\/saintdieinfo\/2020\/02\/colroy-grande-geste-genereux-envers-mam-petits-pieds\/\",\"name\":\"Colroy-la-Grande \u2013 Un geste g\u00e9n\u00e9reux envers la MAM Les Petits Pieds - Saint Die Info\",\"isPartOf\":{\"@id\":\"https:\/\/vosgesinfo.fr\/saintdieinfo\/#website\"},\"primaryImageOfPage\":{\"@id\":\"https:\/\/vosgesinfo.fr\/saintdieinfo\/2020\/02\/colroy-grande-geste-genereux-envers-mam-petits-pieds\/#primaryimage\"},\"image\":{\"@id\":\"https:\/\/vosgesinfo.fr\/saintdieinfo\/2020\/02\/colroy-grande-geste-genereux-envers-mam-petits-pieds\/#primaryimage\"},\"thumbnailUrl\":\"https:\/\/vosgesinfo.fr\/app\/uploads\/sites\/4\/2024\/08\/202002colroy-la-grande-mam-petits-pieds-ludovic-chopat-2-1.jpg\",\"datePublished\":\"2020-02-01T10:00:32+00:00\",\"dateModified\":\"2020-02-01T10:00:32+00:00\",\"breadcrumb\":{\"@id\":\"https:\/\/vosgesinfo.fr\/saintdieinfo\/2020\/02\/colroy-grande-geste-genereux-envers-mam-petits-pieds\/#breadcrumb\"},\"inLanguage\":\"fr-FR\",\"potentialAction\":[{\"@type\":\"ReadAction\",\"target\":[\"https:\/\/vosgesinfo.fr\/saintdieinfo\/2020\/02\/colroy-grande-geste-genereux-envers-mam-petits-pieds\/\"]}]},{\"@type\":\"ImageObject\",\"inLanguage\":\"fr-FR\",\"@id\":\"https:\/\/vosgesinfo.fr\/saintdieinfo\/2020\/02\/colroy-grande-geste-genereux-envers-mam-petits-pieds\/#primaryimage\",\"url\":\"https:\/\/vosgesinfo.fr\/app\/uploads\/sites\/4\/2024\/08\/202002colroy-la-grande-mam-petits-pieds-ludovic-chopat-2-1.jpg\",\"contentUrl\":\"https:\/\/vosgesinfo.fr\/app\/uploads\/sites\/4\/2024\/08\/202002colroy-la-grande-mam-petits-pieds-ludovic-chopat-2-1.jpg\",\"width\":1307,\"height\":806},{\"@type\":\"BreadcrumbList\",\"@id\":\"https:\/\/vosgesinfo.fr\/saintdieinfo\/2020\/02\/colroy-grande-geste-genereux-envers-mam-petits-pieds\/#breadcrumb\",\"itemListElement\":[{\"@type\":\"ListItem\",\"position\":1,\"name\":\"Home\",\"item\":\"https:\/\/vosgesinfo.fr\/saintdieinfo\/\"},{\"@type\":\"ListItem\",\"position\":2,\"name\":\"Colroy-la-Grande \u2013 Un geste g\u00e9n\u00e9reux envers la MAM Les Petits Pieds\"}]},{\"@type\":\"WebSite\",\"@id\":\"https:\/\/vosgesinfo.fr\/saintdieinfo\/#website\",\"url\":\"https:\/\/vosgesinfo.fr\/saintdieinfo\/\",\"name\":\"Saint Die Info\",\"description\":\"Toute l&#039;actualit\u00e9 de Saint-Di\u00e9-Des-Vosges\",\"publisher\":{\"@id\":\"https:\/\/vosgesinfo.fr\/saintdieinfo\/#organization\"},\"alternateName\":\"Toute l'actualit\u00e9 de Saint-Di\u00e9-Des-Vosges\",\"potentialAction\":[{\"@type\":\"SearchAction\",\"target\":{\"@type\":\"EntryPoint\",\"urlTemplate\":\"https:\/\/vosgesinfo.fr\/saintdieinfo\/?s={search_term_string}\"},\"query-input\":\"required name=search_term_string\"}],\"inLanguage\":\"fr-FR\"},{\"@type\":\"Organization\",\"@id\":\"https:\/\/vosgesinfo.fr\/saintdieinfo\/#organization\",\"name\":\"Saint Die Info\",\"url\":\"https:\/\/vosgesinfo.fr\/saintdieinfo\/\",\"logo\":{\"@type\":\"ImageObject\",\"inLanguage\":\"fr-FR\",\"@id\":\"https:\/\/vosgesinfo.fr\/saintdieinfo\/#\/schema\/logo\/image\/\",\"url\":\"https:\/\/vosgesinfo.fr\/app\/uploads\/sites\/4\/2024\/02\/logo-sdi.jpg\",\"contentUrl\":\"https:\/\/vosgesinfo.fr\/app\/uploads\/sites\/4\/2024\/02\/logo-sdi.jpg\",\"width\":600,\"height\":600,\"caption\":\"Saint Die Info\"},\"image\":{\"@id\":\"https:\/\/vosgesinfo.fr\/saintdieinfo\/#\/schema\/logo\/image\/\"},\"sameAs\":[\"https:\/\/www.facebook.com\/Saintdieinfofr\",\"https:\/\/x.com\/VosgesInfo88\",\"https:\/\/www.youtube.com\/@vosgesinfo\"]},{\"@type\":\"Person\",\"@id\":\"https:\/\/vosgesinfo.fr\/saintdieinfo\/#\/schema\/person\/fa73e9f726d67bb88f46d5b7943cb572\",\"name\":\"J.J.\",\"image\":{\"@type\":\"ImageObject\",\"inLanguage\":\"fr-FR\",\"@id\":\"https:\/\/vosgesinfo.fr\/saintdieinfo\/#\/schema\/person\/image\/\",\"url\":\"https:\/\/secure.gravatar.com\/avatar\/219e749e47ffbcca018a360ae4add7d4cdf1cdaaf8bc7676b27efade3fe65615?s=96&d=mm&r=g\",\"contentUrl\":\"https:\/\/secure.gravatar.com\/avatar\/219e749e47ffbcca018a360ae4add7d4cdf1cdaaf8bc7676b27efade3fe65615?s=96&d=mm&r=g\",\"caption\":\"J.J.\"},\"url\":\"https:\/\/vosgesinfo.fr\/saintdieinfo\/author\/j-j\/\"}]}<\/script>\n<!-- \/ Yoast SEO plugin. -->","yoast_head_json":{"title":"Colroy-la-Grande \u2013 Un geste g\u00e9n\u00e9reux envers la MAM Les Petits Pieds - Saint Die Info","robots":{"index":"index","follow":"follow","max-snippet":"max-snippet:-1","max-image-preview":"max-image-preview:large","max-video-preview":"max-video-preview:-1"},"canonical":"https:\/\/vosgesinfo.fr\/saintdieinfo\/2020\/02\/colroy-grande-geste-genereux-envers-mam-petits-pieds\/","twitter_card":"summary_large_image","twitter_title":"Colroy-la-Grande \u2013 Un geste g\u00e9n\u00e9reux envers la MAM Les Petits Pieds - Saint Die Info","twitter_description":"Cr\u00e9\u00e9e en juillet 2019, la maison d&rsquo;Assistants Maternels \u2013 MAM \u2013 Les Petits Pieds de Colroy-la-Grande est g\u00e9r\u00e9e par Yasmina [&hellip;]","twitter_image":"https:\/\/vosgesinfo.fr\/app\/uploads\/sites\/4\/2024\/08\/202002colroy-la-grande-mam-petits-pieds-ludovic-chopat-2-1.jpg","twitter_creator":"@VosgesInfo88","twitter_site":"@VosgesInfo88","twitter_misc":{"\u00c9crit par":"J.J.","Dur\u00e9e de lecture estim\u00e9e":"1 minute"},"schema":{"@context":"https:\/\/schema.org","@graph":[{"@type":"Article","@id":"https:\/\/vosgesinfo.fr\/saintdieinfo\/2020\/02\/colroy-grande-geste-genereux-envers-mam-petits-pieds\/#article","isPartOf":{"@id":"https:\/\/vosgesinfo.fr\/saintdieinfo\/2020\/02\/colroy-grande-geste-genereux-envers-mam-petits-pieds\/"},"author":{"name":"J.J.","@id":"https:\/\/vosgesinfo.fr\/saintdieinfo\/#\/schema\/person\/fa73e9f726d67bb88f46d5b7943cb572"},"headline":"Colroy-la-Grande \u2013 Un geste g\u00e9n\u00e9reux envers la MAM Les Petits Pieds","datePublished":"2020-02-01T10:00:32+00:00","dateModified":"2020-02-01T10:00:32+00:00","mainEntityOfPage":{"@id":"https:\/\/vosgesinfo.fr\/saintdieinfo\/2020\/02\/colroy-grande-geste-genereux-envers-mam-petits-pieds\/"},"wordCount":171,"commentCount":0,"publisher":{"@id":"https:\/\/vosgesinfo.fr\/saintdieinfo\/#organization"},"image":{"@id":"https:\/\/vosgesinfo.fr\/saintdieinfo\/2020\/02\/colroy-grande-geste-genereux-envers-mam-petits-pieds\/#primaryimage"},"thumbnailUrl":"https:\/\/vosgesinfo.fr\/app\/uploads\/sites\/4\/2024\/08\/202002colroy-la-grande-mam-petits-pieds-ludovic-chopat-2-1.jpg","keywords":["Colroy-la-Grande","Ludovic Chopat","MAM Les Petits Pieds"],"articleSection":["A la Une","Enfants","Loisirs","Saint-Di\u00e9-des-Vosges et son Agglom\u00e9ration"],"inLanguage":"fr-FR","potentialAction":[{"@type":"CommentAction","name":"Comment","target":["https:\/\/vosgesinfo.fr\/saintdieinfo\/2020\/02\/colroy-grande-geste-genereux-envers-mam-petits-pieds\/#respond"]}]},{"@type":"WebPage","@id":"https:\/\/vosgesinfo.fr\/saintdieinfo\/2020\/02\/colroy-grande-geste-genereux-envers-mam-petits-pieds\/","url":"https:\/\/vosgesinfo.fr\/saintdieinfo\/2020\/02\/colroy-grande-geste-genereux-envers-mam-petits-pieds\/","name":"Colroy-la-Grande \u2013 Un geste g\u00e9n\u00e9reux envers la MAM Les Petits Pieds - Saint Die Info","isPartOf":{"@id":"https:\/\/vosgesinfo.fr\/saintdieinfo\/#website"},"primaryImageOfPage":{"@id":"https:\/\/vosgesinfo.fr\/saintdieinfo\/2020\/02\/colroy-grande-geste-genereux-envers-mam-petits-pieds\/#primaryimage"},"image":{"@id":"https:\/\/vosgesinfo.fr\/saintdieinfo\/2020\/02\/colroy-grande-geste-genereux-envers-mam-petits-pieds\/#primaryimage"},"thumbnailUrl":"https:\/\/vosgesinfo.fr\/app\/uploads\/sites\/4\/2024\/08\/202002colroy-la-grande-mam-petits-pieds-ludovic-chopat-2-1.jpg","datePublished":"2020-02-01T10:00:32+00:00","dateModified":"2020-02-01T10:00:32+00:00","breadcrumb":{"@id":"https:\/\/vosgesinfo.fr\/saintdieinfo\/2020\/02\/colroy-grande-geste-genereux-envers-mam-petits-pieds\/#breadcrumb"},"inLanguage":"fr-FR","potentialAction":[{"@type":"ReadAction","target":["https:\/\/vosgesinfo.fr\/saintdieinfo\/2020\/02\/colroy-grande-geste-genereux-envers-mam-petits-pieds\/"]}]},{"@type":"ImageObject","inLanguage":"fr-FR","@id":"https:\/\/vosgesinfo.fr\/saintdieinfo\/2020\/02\/colroy-grande-geste-genereux-envers-mam-petits-pieds\/#primaryimage","url":"https:\/\/vosgesinfo.fr\/app\/uploads\/sites\/4\/2024\/08\/202002colroy-la-grande-mam-petits-pieds-ludovic-chopat-2-1.jpg","contentUrl":"https:\/\/vosgesinfo.fr\/app\/uploads\/sites\/4\/2024\/08\/202002colroy-la-grande-mam-petits-pieds-ludovic-chopat-2-1.jpg","width":1307,"height":806},{"@type":"BreadcrumbList","@id":"https:\/\/vosgesinfo.fr\/saintdieinfo\/2020\/02\/colroy-grande-geste-genereux-envers-mam-petits-pieds\/#breadcrumb","itemListElement":[{"@type":"ListItem","position":1,"name":"Home","item":"https:\/\/vosgesinfo.fr\/saintdieinfo\/"},{"@type":"ListItem","position":2,"name":"Colroy-la-Grande \u2013 Un geste g\u00e9n\u00e9reux envers la MAM Les Petits Pieds"}]},{"@type":"WebSite","@id":"https:\/\/vosgesinfo.fr\/saintdieinfo\/#website","url":"https:\/\/vosgesinfo.fr\/saintdieinfo\/","name":"Saint Die Info","description":"Toute l&#039;actualit\u00e9 de Saint-Di\u00e9-Des-Vosges","publisher":{"@id":"https:\/\/vosgesinfo.fr\/saintdieinfo\/#organization"},"alternateName":"Toute l'actualit\u00e9 de Saint-Di\u00e9-Des-Vosges","potentialAction":[{"@type":"SearchAction","target":{"@type":"EntryPoint","urlTemplate":"https:\/\/vosgesinfo.fr\/saintdieinfo\/?s={search_term_string}"},"query-input":"required name=search_term_string"}],"inLanguage":"fr-FR"},{"@type":"Organization","@id":"https:\/\/vosgesinfo.fr\/saintdieinfo\/#organization","name":"Saint Die Info","url":"https:\/\/vosgesinfo.fr\/saintdieinfo\/","logo":{"@type":"ImageObject","inLanguage":"fr-FR","@id":"https:\/\/vosgesinfo.fr\/saintdieinfo\/#\/schema\/logo\/image\/","url":"https:\/\/vosgesinfo.fr\/app\/uploads\/sites\/4\/2024\/02\/logo-sdi.jpg","contentUrl":"https:\/\/vosgesinfo.fr\/app\/uploads\/sites\/4\/2024\/02\/logo-sdi.jpg","width":600,"height":600,"caption":"Saint Die Info"},"image":{"@id":"https:\/\/vosgesinfo.fr\/saintdieinfo\/#\/schema\/logo\/image\/"},"sameAs":["https:\/\/www.facebook.com\/Saintdieinfofr","https:\/\/x.com\/VosgesInfo88","https:\/\/www.youtube.com\/@vosgesinfo"]},{"@type":"Person","@id":"https:\/\/vosgesinfo.fr\/saintdieinfo\/#\/schema\/person\/fa73e9f726d67bb88f46d5b7943cb572","name":"J.J.","image":{"@type":"ImageObject","inLanguage":"fr-FR","@id":"https:\/\/vosgesinfo.fr\/saintdieinfo\/#\/schema\/person\/image\/","url":"https:\/\/secure.gravatar.com\/avatar\/219e749e47ffbcca018a360ae4add7d4cdf1cdaaf8bc7676b27efade3fe65615?s=96&d=mm&r=g","contentUrl":"https:\/\/secure.gravatar.com\/avatar\/219e749e47ffbcca018a360ae4add7d4cdf1cdaaf8bc7676b27efade3fe65615?s=96&d=mm&r=g","caption":"J.J."},"url":"https:\/\/vosgesinfo.fr\/saintdieinfo\/author\/j-j\/"}]}},"_links":{"self":[{"href":"https:\/\/vosgesinfo.fr\/saintdieinfo\/wp-json\/wp\/v2\/posts\/39059","targetHints":{"allow":["GET"]}}],"collection":[{"href":"https:\/\/vosgesinfo.fr\/saintdieinfo\/wp-json\/wp\/v2\/posts"}],"about":[{"href":"https:\/\/vosgesinfo.fr\/saintdieinfo\/wp-json\/wp\/v2\/types\/post"}],"author":[{"embeddable":true,"href":"https:\/\/vosgesinfo.fr\/saintdieinfo\/wp-json\/wp\/v2\/users\/46"}],"replies":[{"embeddable":true,"href":"https:\/\/vosgesinfo.fr\/saintdieinfo\/wp-json\/wp\/v2\/comments?post=39059"}],"version-history":[{"count":0,"href":"https:\/\/vosgesinfo.fr\/saintdieinfo\/wp-json\/wp\/v2\/posts\/39059\/revisions"}],"wp:featuredmedia":[{"embeddable":true,"href":"https:\/\/vosgesinfo.fr\/saintdieinfo\/wp-json\/wp\/v2\/media\/39060"}],"wp:attachment":[{"href":"https:\/\/vosgesinfo.fr\/saintdieinfo\/wp-json\/wp\/v2\/media?parent=39059"}],"wp:term":[{"taxonomy":"category","embeddable":true,"href":"https:\/\/vosgesinfo.fr\/saintdieinfo\/wp-json\/wp\/v2\/categories?post=39059"},{"taxonomy":"post_tag","embeddable":true,"href":"https:\/\/vosgesinfo.fr\/saintdieinfo\/wp-json\/wp\/v2\/tags?post=39059"}],"curies":[{"name":"wp","href":"https:\/\/api.w.org\/{rel}","templated":true}]}}