{"id":39061,"date":"2020-02-01T09:30:33","date_gmt":"2020-02-01T08:30:33","guid":{"rendered":"https:\/\/vosgesinfo.fr\/saintdieinfo\/2020\/02\/region-temperatures-digne-dun-mois-de-juin-relevees-nuit-derniere\/"},"modified":"2020-02-01T09:30:33","modified_gmt":"2020-02-01T08:30:33","slug":"region-temperatures-digne-dun-mois-de-juin-relevees-nuit-derniere","status":"publish","type":"post","link":"https:\/\/vosgesinfo.fr\/saintdieinfo\/2020\/02\/region-temperatures-digne-dun-mois-de-juin-relevees-nuit-derniere\/","title":{"rendered":"R\u00e9gion \u2013 Des temp\u00e9ratures digne d&rsquo;un mois de juin relev\u00e9es la nuit derni\u00e8re"},"content":{"rendered":"<h2><strong><span style=\"font-family: Calibri, sans-serif;\"><span style=\"font-size: large;\"><em>\u00ab\u00a0Nous venons de vivre une nuit digne d&rsquo;un mois de juin !\u00a0\u00bb<\/em> Dans sa derni\u00e8re publication en date sur <a href=\"https:\/\/www.facebook.com\/meteodesvallees\/?__tn__=kC-R&amp;eid=ARDTyRI4rESUnr8jbCIgQgXAHvvFrwSTvi2JIjyIYk7hPdYwD8BaNpSPYlMxADrtYNKVpspEx4xVD0F7&amp;hc_ref=ARQPPqwRjg4jJ1vb_8v9jL568cTMEa4Bw6330eG_plf6L0-l3YF88VPtBp7E2WHzCsg&amp;fref=nf&amp;__xts__[0]=68.ARA4UuRluNXyCZcN5HwbBwhS1gi2kG7wWyTk11nxY_JYw9uil2ATw14nurGwLe8MOsPlO24iHuRzTRQREdfWkzHvU47PikeWlEtObNRJOR34RWoZUOFm4cfyk0DYNqXpFkjv78UE-AU-SPHvPrJ9RjEfL1kojE5TuGc3GGQcCa06ZuK9iDp-mJ3sV48rVe0Xhn9lt8SXLdcHVFW1L1nqAPQnI-mLZXrJoc97yrfJBdEoqHpIu3jjjCBeZOoDjV4sSeYxOSN78cuaGN6fkMDR6K7fYhszosp9u29fvh5qKNUmckSccNSiEchxKrQuS8zC193ESZRoKz89tYuASIfeDT-huDiHypkYkq89ASCGg9FWpHUFxIg\" target=\"_blank\" rel=\"noopener\">sa page Facebook<\/a>, l&rsquo;\u00e9quipe de M\u00e9t\u00e9o des Vall\u00e9es s&rsquo;exclame apr\u00e8s avoir constat\u00e9 ce samedi matin des temp\u00e9ratures minimales de +11,1\u00b0C \u00e0 Colmar, de +9,7\u00b0C \u00e0 Strasbourg ou encore +4,4\u00b0C au Grand Ballon. <em>\u00ab\u00a0Ces chiffres correspondent \u00e0 des valeurs que l&rsquo;on rel\u00e8ve normalement d\u00e9but juin ! Et ce n&rsquo;est pas fini&#8230; les deux nuits \u00e0 venir s&rsquo;annoncent encore plus douces.\u00a0\u00bb<\/em><\/span><\/span><\/strong><\/h2>\n<p>J.J.<\/p>\n","protected":false},"excerpt":{"rendered":"<p>\u00ab\u00a0Nous venons de vivre une nuit digne d&rsquo;un mois de juin !\u00a0\u00bb Dans sa derni\u00e8re publication en date sur sa [&hellip;]<\/p>\n","protected":false},"author":46,"featured_media":39062,"comment_status":"open","ping_status":"open","sticky":false,"template":"","format":"standard","meta":{"footnotes":""},"categories":[460,3628,18],"tags":[6532,7820,3136,336],"class_list":["post-39061","post","type-post","status-publish","format-standard","has-post-thumbnail","hentry","category-a-la-une","category-region-grand-est","category-vosges","tag-colmar","tag-grand-ballon","tag-meteo-des-vallees","tag-strasbourg"],"acf":[],"yoast_head":"<!-- This site is optimized with the Yoast SEO plugin v22.5 - https:\/\/yoast.com\/wordpress\/plugins\/seo\/ -->\n<title>R\u00e9gion \u2013 Des temp\u00e9ratures digne d&#039;un mois de juin relev\u00e9es la nuit derni\u00e8re - Saint Die Info<\/title>\n<meta name=\"robots\" content=\"index, follow, max-snippet:-1, max-image-preview:large, max-video-preview:-1\" \/>\n<link rel=\"canonical\" href=\"https:\/\/vosgesinfo.fr\/saintdieinfo\/2020\/02\/region-temperatures-digne-dun-mois-de-juin-relevees-nuit-derniere\/\" \/>\n<meta name=\"twitter:card\" content=\"summary_large_image\" \/>\n<meta name=\"twitter:title\" content=\"R\u00e9gion \u2013 Des temp\u00e9ratures digne d&#039;un mois de juin relev\u00e9es la nuit derni\u00e8re - Saint Die Info\" \/>\n<meta name=\"twitter:description\" content=\"\u00ab\u00a0Nous venons de vivre une nuit digne d&rsquo;un mois de juin !\u00a0\u00bb Dans sa derni\u00e8re publication en date sur sa [&hellip;]\" \/>\n<meta name=\"twitter:image\" content=\"https:\/\/vosgesinfo.fr\/app\/uploads\/sites\/4\/2024\/08\/201911thermometre-redoux.jpg\" \/>\n<meta name=\"twitter:creator\" content=\"@VosgesInfo88\" \/>\n<meta name=\"twitter:site\" content=\"@VosgesInfo88\" \/>\n<meta name=\"twitter:label1\" content=\"\u00c9crit par\" \/>\n\t<meta name=\"twitter:data1\" content=\"J.J.\" \/>\n<script type=\"application\/ld+json\" class=\"yoast-schema-graph\">{\"@context\":\"https:\/\/schema.org\",\"@graph\":[{\"@type\":\"Article\",\"@id\":\"https:\/\/vosgesinfo.fr\/saintdieinfo\/2020\/02\/region-temperatures-digne-dun-mois-de-juin-relevees-nuit-derniere\/#article\",\"isPartOf\":{\"@id\":\"https:\/\/vosgesinfo.fr\/saintdieinfo\/2020\/02\/region-temperatures-digne-dun-mois-de-juin-relevees-nuit-derniere\/\"},\"author\":{\"name\":\"J.J.\",\"@id\":\"https:\/\/vosgesinfo.fr\/saintdieinfo\/#\/schema\/person\/fa73e9f726d67bb88f46d5b7943cb572\"},\"headline\":\"R\u00e9gion \u2013 Des temp\u00e9ratures digne d&rsquo;un mois de juin relev\u00e9es la nuit derni\u00e8re\",\"datePublished\":\"2020-02-01T08:30:33+00:00\",\"dateModified\":\"2020-02-01T08:30:33+00:00\",\"mainEntityOfPage\":{\"@id\":\"https:\/\/vosgesinfo.fr\/saintdieinfo\/2020\/02\/region-temperatures-digne-dun-mois-de-juin-relevees-nuit-derniere\/\"},\"wordCount\":105,\"commentCount\":0,\"publisher\":{\"@id\":\"https:\/\/vosgesinfo.fr\/saintdieinfo\/#organization\"},\"image\":{\"@id\":\"https:\/\/vosgesinfo.fr\/saintdieinfo\/2020\/02\/region-temperatures-digne-dun-mois-de-juin-relevees-nuit-derniere\/#primaryimage\"},\"thumbnailUrl\":\"https:\/\/vosgesinfo.fr\/app\/uploads\/sites\/4\/2024\/08\/201911thermometre-redoux.jpg\",\"keywords\":[\"Colmar\",\"Grand Ballon\",\"M\u00e9t\u00e9o des Vall\u00e9es\",\"strasbourg\"],\"articleSection\":[\"A la Une\",\"R\u00e9gion Grand Est\",\"Vosges\"],\"inLanguage\":\"fr-FR\",\"potentialAction\":[{\"@type\":\"CommentAction\",\"name\":\"Comment\",\"target\":[\"https:\/\/vosgesinfo.fr\/saintdieinfo\/2020\/02\/region-temperatures-digne-dun-mois-de-juin-relevees-nuit-derniere\/#respond\"]}]},{\"@type\":\"WebPage\",\"@id\":\"https:\/\/vosgesinfo.fr\/saintdieinfo\/2020\/02\/region-temperatures-digne-dun-mois-de-juin-relevees-nuit-derniere\/\",\"url\":\"https:\/\/vosgesinfo.fr\/saintdieinfo\/2020\/02\/region-temperatures-digne-dun-mois-de-juin-relevees-nuit-derniere\/\",\"name\":\"R\u00e9gion \u2013 Des temp\u00e9ratures digne d'un mois de juin relev\u00e9es la nuit derni\u00e8re - Saint Die Info\",\"isPartOf\":{\"@id\":\"https:\/\/vosgesinfo.fr\/saintdieinfo\/#website\"},\"primaryImageOfPage\":{\"@id\":\"https:\/\/vosgesinfo.fr\/saintdieinfo\/2020\/02\/region-temperatures-digne-dun-mois-de-juin-relevees-nuit-derniere\/#primaryimage\"},\"image\":{\"@id\":\"https:\/\/vosgesinfo.fr\/saintdieinfo\/2020\/02\/region-temperatures-digne-dun-mois-de-juin-relevees-nuit-derniere\/#primaryimage\"},\"thumbnailUrl\":\"https:\/\/vosgesinfo.fr\/app\/uploads\/sites\/4\/2024\/08\/201911thermometre-redoux.jpg\",\"datePublished\":\"2020-02-01T08:30:33+00:00\",\"dateModified\":\"2020-02-01T08:30:33+00:00\",\"breadcrumb\":{\"@id\":\"https:\/\/vosgesinfo.fr\/saintdieinfo\/2020\/02\/region-temperatures-digne-dun-mois-de-juin-relevees-nuit-derniere\/#breadcrumb\"},\"inLanguage\":\"fr-FR\",\"potentialAction\":[{\"@type\":\"ReadAction\",\"target\":[\"https:\/\/vosgesinfo.fr\/saintdieinfo\/2020\/02\/region-temperatures-digne-dun-mois-de-juin-relevees-nuit-derniere\/\"]}]},{\"@type\":\"ImageObject\",\"inLanguage\":\"fr-FR\",\"@id\":\"https:\/\/vosgesinfo.fr\/saintdieinfo\/2020\/02\/region-temperatures-digne-dun-mois-de-juin-relevees-nuit-derniere\/#primaryimage\",\"url\":\"https:\/\/vosgesinfo.fr\/app\/uploads\/sites\/4\/2024\/08\/201911thermometre-redoux.jpg\",\"contentUrl\":\"https:\/\/vosgesinfo.fr\/app\/uploads\/sites\/4\/2024\/08\/201911thermometre-redoux.jpg\",\"width\":1600,\"height\":1156},{\"@type\":\"BreadcrumbList\",\"@id\":\"https:\/\/vosgesinfo.fr\/saintdieinfo\/2020\/02\/region-temperatures-digne-dun-mois-de-juin-relevees-nuit-derniere\/#breadcrumb\",\"itemListElement\":[{\"@type\":\"ListItem\",\"position\":1,\"name\":\"Home\",\"item\":\"https:\/\/vosgesinfo.fr\/saintdieinfo\/\"},{\"@type\":\"ListItem\",\"position\":2,\"name\":\"R\u00e9gion \u2013 Des temp\u00e9ratures digne d&rsquo;un mois de juin relev\u00e9es la nuit derni\u00e8re\"}]},{\"@type\":\"WebSite\",\"@id\":\"https:\/\/vosgesinfo.fr\/saintdieinfo\/#website\",\"url\":\"https:\/\/vosgesinfo.fr\/saintdieinfo\/\",\"name\":\"Saint Die Info\",\"description\":\"Toute l&#039;actualit\u00e9 de Saint-Di\u00e9-Des-Vosges\",\"publisher\":{\"@id\":\"https:\/\/vosgesinfo.fr\/saintdieinfo\/#organization\"},\"alternateName\":\"Toute l'actualit\u00e9 de Saint-Di\u00e9-Des-Vosges\",\"potentialAction\":[{\"@type\":\"SearchAction\",\"target\":{\"@type\":\"EntryPoint\",\"urlTemplate\":\"https:\/\/vosgesinfo.fr\/saintdieinfo\/?s={search_term_string}\"},\"query-input\":\"required name=search_term_string\"}],\"inLanguage\":\"fr-FR\"},{\"@type\":\"Organization\",\"@id\":\"https:\/\/vosgesinfo.fr\/saintdieinfo\/#organization\",\"name\":\"Saint Die Info\",\"url\":\"https:\/\/vosgesinfo.fr\/saintdieinfo\/\",\"logo\":{\"@type\":\"ImageObject\",\"inLanguage\":\"fr-FR\",\"@id\":\"https:\/\/vosgesinfo.fr\/saintdieinfo\/#\/schema\/logo\/image\/\",\"url\":\"https:\/\/vosgesinfo.fr\/app\/uploads\/sites\/4\/2024\/02\/logo-sdi.jpg\",\"contentUrl\":\"https:\/\/vosgesinfo.fr\/app\/uploads\/sites\/4\/2024\/02\/logo-sdi.jpg\",\"width\":600,\"height\":600,\"caption\":\"Saint Die Info\"},\"image\":{\"@id\":\"https:\/\/vosgesinfo.fr\/saintdieinfo\/#\/schema\/logo\/image\/\"},\"sameAs\":[\"https:\/\/www.facebook.com\/Saintdieinfofr\",\"https:\/\/x.com\/VosgesInfo88\",\"https:\/\/www.youtube.com\/@vosgesinfo\"]},{\"@type\":\"Person\",\"@id\":\"https:\/\/vosgesinfo.fr\/saintdieinfo\/#\/schema\/person\/fa73e9f726d67bb88f46d5b7943cb572\",\"name\":\"J.J.\",\"image\":{\"@type\":\"ImageObject\",\"inLanguage\":\"fr-FR\",\"@id\":\"https:\/\/vosgesinfo.fr\/saintdieinfo\/#\/schema\/person\/image\/\",\"url\":\"https:\/\/secure.gravatar.com\/avatar\/219e749e47ffbcca018a360ae4add7d4cdf1cdaaf8bc7676b27efade3fe65615?s=96&d=mm&r=g\",\"contentUrl\":\"https:\/\/secure.gravatar.com\/avatar\/219e749e47ffbcca018a360ae4add7d4cdf1cdaaf8bc7676b27efade3fe65615?s=96&d=mm&r=g\",\"caption\":\"J.J.\"},\"url\":\"https:\/\/vosgesinfo.fr\/saintdieinfo\/author\/j-j\/\"}]}<\/script>\n<!-- \/ Yoast SEO plugin. -->","yoast_head_json":{"title":"R\u00e9gion \u2013 Des temp\u00e9ratures digne d'un mois de juin relev\u00e9es la nuit derni\u00e8re - Saint Die Info","robots":{"index":"index","follow":"follow","max-snippet":"max-snippet:-1","max-image-preview":"max-image-preview:large","max-video-preview":"max-video-preview:-1"},"canonical":"https:\/\/vosgesinfo.fr\/saintdieinfo\/2020\/02\/region-temperatures-digne-dun-mois-de-juin-relevees-nuit-derniere\/","twitter_card":"summary_large_image","twitter_title":"R\u00e9gion \u2013 Des temp\u00e9ratures digne d'un mois de juin relev\u00e9es la nuit derni\u00e8re - Saint Die Info","twitter_description":"\u00ab\u00a0Nous venons de vivre une nuit digne d&rsquo;un mois de juin !\u00a0\u00bb Dans sa derni\u00e8re publication en date sur sa [&hellip;]","twitter_image":"https:\/\/vosgesinfo.fr\/app\/uploads\/sites\/4\/2024\/08\/201911thermometre-redoux.jpg","twitter_creator":"@VosgesInfo88","twitter_site":"@VosgesInfo88","twitter_misc":{"\u00c9crit par":"J.J."},"schema":{"@context":"https:\/\/schema.org","@graph":[{"@type":"Article","@id":"https:\/\/vosgesinfo.fr\/saintdieinfo\/2020\/02\/region-temperatures-digne-dun-mois-de-juin-relevees-nuit-derniere\/#article","isPartOf":{"@id":"https:\/\/vosgesinfo.fr\/saintdieinfo\/2020\/02\/region-temperatures-digne-dun-mois-de-juin-relevees-nuit-derniere\/"},"author":{"name":"J.J.","@id":"https:\/\/vosgesinfo.fr\/saintdieinfo\/#\/schema\/person\/fa73e9f726d67bb88f46d5b7943cb572"},"headline":"R\u00e9gion \u2013 Des temp\u00e9ratures digne d&rsquo;un mois de juin relev\u00e9es la nuit derni\u00e8re","datePublished":"2020-02-01T08:30:33+00:00","dateModified":"2020-02-01T08:30:33+00:00","mainEntityOfPage":{"@id":"https:\/\/vosgesinfo.fr\/saintdieinfo\/2020\/02\/region-temperatures-digne-dun-mois-de-juin-relevees-nuit-derniere\/"},"wordCount":105,"commentCount":0,"publisher":{"@id":"https:\/\/vosgesinfo.fr\/saintdieinfo\/#organization"},"image":{"@id":"https:\/\/vosgesinfo.fr\/saintdieinfo\/2020\/02\/region-temperatures-digne-dun-mois-de-juin-relevees-nuit-derniere\/#primaryimage"},"thumbnailUrl":"https:\/\/vosgesinfo.fr\/app\/uploads\/sites\/4\/2024\/08\/201911thermometre-redoux.jpg","keywords":["Colmar","Grand Ballon","M\u00e9t\u00e9o des Vall\u00e9es","strasbourg"],"articleSection":["A la Une","R\u00e9gion Grand Est","Vosges"],"inLanguage":"fr-FR","potentialAction":[{"@type":"CommentAction","name":"Comment","target":["https:\/\/vosgesinfo.fr\/saintdieinfo\/2020\/02\/region-temperatures-digne-dun-mois-de-juin-relevees-nuit-derniere\/#respond"]}]},{"@type":"WebPage","@id":"https:\/\/vosgesinfo.fr\/saintdieinfo\/2020\/02\/region-temperatures-digne-dun-mois-de-juin-relevees-nuit-derniere\/","url":"https:\/\/vosgesinfo.fr\/saintdieinfo\/2020\/02\/region-temperatures-digne-dun-mois-de-juin-relevees-nuit-derniere\/","name":"R\u00e9gion \u2013 Des temp\u00e9ratures digne d'un mois de juin relev\u00e9es la nuit derni\u00e8re - Saint Die Info","isPartOf":{"@id":"https:\/\/vosgesinfo.fr\/saintdieinfo\/#website"},"primaryImageOfPage":{"@id":"https:\/\/vosgesinfo.fr\/saintdieinfo\/2020\/02\/region-temperatures-digne-dun-mois-de-juin-relevees-nuit-derniere\/#primaryimage"},"image":{"@id":"https:\/\/vosgesinfo.fr\/saintdieinfo\/2020\/02\/region-temperatures-digne-dun-mois-de-juin-relevees-nuit-derniere\/#primaryimage"},"thumbnailUrl":"https:\/\/vosgesinfo.fr\/app\/uploads\/sites\/4\/2024\/08\/201911thermometre-redoux.jpg","datePublished":"2020-02-01T08:30:33+00:00","dateModified":"2020-02-01T08:30:33+00:00","breadcrumb":{"@id":"https:\/\/vosgesinfo.fr\/saintdieinfo\/2020\/02\/region-temperatures-digne-dun-mois-de-juin-relevees-nuit-derniere\/#breadcrumb"},"inLanguage":"fr-FR","potentialAction":[{"@type":"ReadAction","target":["https:\/\/vosgesinfo.fr\/saintdieinfo\/2020\/02\/region-temperatures-digne-dun-mois-de-juin-relevees-nuit-derniere\/"]}]},{"@type":"ImageObject","inLanguage":"fr-FR","@id":"https:\/\/vosgesinfo.fr\/saintdieinfo\/2020\/02\/region-temperatures-digne-dun-mois-de-juin-relevees-nuit-derniere\/#primaryimage","url":"https:\/\/vosgesinfo.fr\/app\/uploads\/sites\/4\/2024\/08\/201911thermometre-redoux.jpg","contentUrl":"https:\/\/vosgesinfo.fr\/app\/uploads\/sites\/4\/2024\/08\/201911thermometre-redoux.jpg","width":1600,"height":1156},{"@type":"BreadcrumbList","@id":"https:\/\/vosgesinfo.fr\/saintdieinfo\/2020\/02\/region-temperatures-digne-dun-mois-de-juin-relevees-nuit-derniere\/#breadcrumb","itemListElement":[{"@type":"ListItem","position":1,"name":"Home","item":"https:\/\/vosgesinfo.fr\/saintdieinfo\/"},{"@type":"ListItem","position":2,"name":"R\u00e9gion \u2013 Des temp\u00e9ratures digne d&rsquo;un mois de juin relev\u00e9es la nuit derni\u00e8re"}]},{"@type":"WebSite","@id":"https:\/\/vosgesinfo.fr\/saintdieinfo\/#website","url":"https:\/\/vosgesinfo.fr\/saintdieinfo\/","name":"Saint Die Info","description":"Toute l&#039;actualit\u00e9 de Saint-Di\u00e9-Des-Vosges","publisher":{"@id":"https:\/\/vosgesinfo.fr\/saintdieinfo\/#organization"},"alternateName":"Toute l'actualit\u00e9 de Saint-Di\u00e9-Des-Vosges","potentialAction":[{"@type":"SearchAction","target":{"@type":"EntryPoint","urlTemplate":"https:\/\/vosgesinfo.fr\/saintdieinfo\/?s={search_term_string}"},"query-input":"required name=search_term_string"}],"inLanguage":"fr-FR"},{"@type":"Organization","@id":"https:\/\/vosgesinfo.fr\/saintdieinfo\/#organization","name":"Saint Die Info","url":"https:\/\/vosgesinfo.fr\/saintdieinfo\/","logo":{"@type":"ImageObject","inLanguage":"fr-FR","@id":"https:\/\/vosgesinfo.fr\/saintdieinfo\/#\/schema\/logo\/image\/","url":"https:\/\/vosgesinfo.fr\/app\/uploads\/sites\/4\/2024\/02\/logo-sdi.jpg","contentUrl":"https:\/\/vosgesinfo.fr\/app\/uploads\/sites\/4\/2024\/02\/logo-sdi.jpg","width":600,"height":600,"caption":"Saint Die Info"},"image":{"@id":"https:\/\/vosgesinfo.fr\/saintdieinfo\/#\/schema\/logo\/image\/"},"sameAs":["https:\/\/www.facebook.com\/Saintdieinfofr","https:\/\/x.com\/VosgesInfo88","https:\/\/www.youtube.com\/@vosgesinfo"]},{"@type":"Person","@id":"https:\/\/vosgesinfo.fr\/saintdieinfo\/#\/schema\/person\/fa73e9f726d67bb88f46d5b7943cb572","name":"J.J.","image":{"@type":"ImageObject","inLanguage":"fr-FR","@id":"https:\/\/vosgesinfo.fr\/saintdieinfo\/#\/schema\/person\/image\/","url":"https:\/\/secure.gravatar.com\/avatar\/219e749e47ffbcca018a360ae4add7d4cdf1cdaaf8bc7676b27efade3fe65615?s=96&d=mm&r=g","contentUrl":"https:\/\/secure.gravatar.com\/avatar\/219e749e47ffbcca018a360ae4add7d4cdf1cdaaf8bc7676b27efade3fe65615?s=96&d=mm&r=g","caption":"J.J."},"url":"https:\/\/vosgesinfo.fr\/saintdieinfo\/author\/j-j\/"}]}},"_links":{"self":[{"href":"https:\/\/vosgesinfo.fr\/saintdieinfo\/wp-json\/wp\/v2\/posts\/39061","targetHints":{"allow":["GET"]}}],"collection":[{"href":"https:\/\/vosgesinfo.fr\/saintdieinfo\/wp-json\/wp\/v2\/posts"}],"about":[{"href":"https:\/\/vosgesinfo.fr\/saintdieinfo\/wp-json\/wp\/v2\/types\/post"}],"author":[{"embeddable":true,"href":"https:\/\/vosgesinfo.fr\/saintdieinfo\/wp-json\/wp\/v2\/users\/46"}],"replies":[{"embeddable":true,"href":"https:\/\/vosgesinfo.fr\/saintdieinfo\/wp-json\/wp\/v2\/comments?post=39061"}],"version-history":[{"count":0,"href":"https:\/\/vosgesinfo.fr\/saintdieinfo\/wp-json\/wp\/v2\/posts\/39061\/revisions"}],"wp:featuredmedia":[{"embeddable":true,"href":"https:\/\/vosgesinfo.fr\/saintdieinfo\/wp-json\/wp\/v2\/media\/39062"}],"wp:attachment":[{"href":"https:\/\/vosgesinfo.fr\/saintdieinfo\/wp-json\/wp\/v2\/media?parent=39061"}],"wp:term":[{"taxonomy":"category","embeddable":true,"href":"https:\/\/vosgesinfo.fr\/saintdieinfo\/wp-json\/wp\/v2\/categories?post=39061"},{"taxonomy":"post_tag","embeddable":true,"href":"https:\/\/vosgesinfo.fr\/saintdieinfo\/wp-json\/wp\/v2\/tags?post=39061"}],"curies":[{"name":"wp","href":"https:\/\/api.w.org\/{rel}","templated":true}]}}