{"id":39072,"date":"2020-02-02T17:30:13","date_gmt":"2020-02-02T16:30:13","guid":{"rendered":"https:\/\/vosgesinfo.fr\/saintdieinfo\/2020\/02\/vosges-carton-absolu-concert-dedie-a-miyazaki-joe-hisaishi-video\/"},"modified":"2020-02-02T17:30:13","modified_gmt":"2020-02-02T16:30:13","slug":"vosges-carton-absolu-concert-dedie-a-miyazaki-joe-hisaishi-video","status":"publish","type":"post","link":"https:\/\/vosgesinfo.fr\/saintdieinfo\/2020\/02\/vosges-carton-absolu-concert-dedie-a-miyazaki-joe-hisaishi-video\/","title":{"rendered":"Vosges \u2013 Carton absolu pour le concert d\u00e9di\u00e9 \u00e0 Miyazaki et Joe Hisaishi (vid\u00e9o)"},"content":{"rendered":"<p><a href=\"\/2020\/02\/IMG_20200201_204631.jpg\" target=\"_blank\" rel=\"noopener\"><img decoding=\"async\" class=\"aligncenter wp-image-155587 size-full\" src=\"\/2020\/02\/IMG_20200201_204631.jpg\" alt=\"IMG_20200201_204631\" width=\"800\" height=\"600\" \/><\/a><\/p>\n<h2><span style=\"font-size: 14pt;\"><strong>Ludovic B\u00e9rard pouvait avoir le sourire samedi soir : cela faisait longtemps que l\u2019\u00e9glise Saint Barth\u00e9l\u00e9my n\u2019avait accueilli autant de monde pour un concert et le directeur de l\u2019\u00e9cole de musique en \u00e9tait lui-m\u00eame agr\u00e9ablement surpris.<\/strong><\/span><\/h2>\n<p><!--more--><\/p>\n<p>Il faut dire que le programme propos\u00e9 \u00e9tait plus qu\u2019all\u00e9chant, que ce soit pour les m\u00e9lomanes comme pour les fans de cin\u00e9ma. Et si vous \u00eates les deux, autant dire que vous \u00e9tiez servis sur un plateau d\u2019argent avec cette soir\u00e9e d\u00e9di\u00e9e au cin\u00e9aste Hayao Miyazaki et au compositeur Joe Hisaishi. On retrouvait donc des extraits de <strong>Princesse Mononoke, Le voyage de Chihiro, Mon voisin Totoro<\/strong> et <strong>Kiki la petite sorci\u00e8re, que des classiques !..<\/strong>.<\/p>\n<p>Lire la suite de l&rsquo;article : <a href=\"https:\/\/gerardmerinfo.fr\/2020\/02\/carton-absolu-concert-dedie-a-miyazaki-joe-hisaishi-video\/\" target=\"_blank\" rel=\"noopener\">https:\/\/gerardmerinfo.fr\/2020\/02\/carton-absolu-concert-dedie-a-miyazaki-joe-hisaishi-video\/<\/a><\/p>\n","protected":false},"excerpt":{"rendered":"<p>Ludovic B\u00e9rard pouvait avoir le sourire samedi soir : cela faisait longtemps que l\u2019\u00e9glise Saint Barth\u00e9l\u00e9my n\u2019avait accueilli autant de [&hellip;]<\/p>\n","protected":false},"author":44,"featured_media":39073,"comment_status":"open","ping_status":"open","sticky":false,"template":"","format":"standard","meta":{"footnotes":""},"categories":[460,18],"tags":[7824,79,4157,7825],"class_list":["post-39072","post","type-post","status-publish","format-standard","has-post-thumbnail","hentry","category-a-la-une","category-vosges","tag-eglise-saint-barthelemy","tag-gerardmer","tag-hayao-miyazaki","tag-joe-hisaishi"],"acf":[],"yoast_head":"<!-- This site is optimized with the Yoast SEO plugin v22.5 - https:\/\/yoast.com\/wordpress\/plugins\/seo\/ -->\n<title>Vosges \u2013 Carton absolu pour le concert d\u00e9di\u00e9 \u00e0 Miyazaki et Joe Hisaishi (vid\u00e9o) - Saint Die Info<\/title>\n<meta name=\"robots\" content=\"index, follow, max-snippet:-1, max-image-preview:large, max-video-preview:-1\" \/>\n<link rel=\"canonical\" href=\"https:\/\/vosgesinfo.fr\/saintdieinfo\/2020\/02\/vosges-carton-absolu-concert-dedie-a-miyazaki-joe-hisaishi-video\/\" \/>\n<meta name=\"twitter:card\" content=\"summary_large_image\" \/>\n<meta name=\"twitter:title\" content=\"Vosges \u2013 Carton absolu pour le concert d\u00e9di\u00e9 \u00e0 Miyazaki et Joe Hisaishi (vid\u00e9o) - Saint Die Info\" \/>\n<meta name=\"twitter:description\" content=\"Ludovic B\u00e9rard pouvait avoir le sourire samedi soir : cela faisait longtemps que l\u2019\u00e9glise Saint Barth\u00e9l\u00e9my n\u2019avait accueilli autant de [&hellip;]\" \/>\n<meta name=\"twitter:image\" content=\"https:\/\/vosgesinfo.fr\/app\/uploads\/sites\/4\/2024\/08\/202002img-20200201-204631.jpg\" \/>\n<meta name=\"twitter:creator\" content=\"@VosgesInfo88\" \/>\n<meta name=\"twitter:site\" content=\"@VosgesInfo88\" \/>\n<meta name=\"twitter:label1\" content=\"\u00c9crit par\" \/>\n\t<meta name=\"twitter:data1\" content=\"la r\u00e9daction\" \/>\n\t<meta name=\"twitter:label2\" content=\"Dur\u00e9e de lecture estim\u00e9e\" \/>\n\t<meta name=\"twitter:data2\" content=\"1 minute\" \/>\n<script type=\"application\/ld+json\" class=\"yoast-schema-graph\">{\"@context\":\"https:\/\/schema.org\",\"@graph\":[{\"@type\":\"Article\",\"@id\":\"https:\/\/vosgesinfo.fr\/saintdieinfo\/2020\/02\/vosges-carton-absolu-concert-dedie-a-miyazaki-joe-hisaishi-video\/#article\",\"isPartOf\":{\"@id\":\"https:\/\/vosgesinfo.fr\/saintdieinfo\/2020\/02\/vosges-carton-absolu-concert-dedie-a-miyazaki-joe-hisaishi-video\/\"},\"author\":{\"name\":\"la r\u00e9daction\",\"@id\":\"https:\/\/vosgesinfo.fr\/saintdieinfo\/#\/schema\/person\/faee6704a21f3977511db84bd1cd450f\"},\"headline\":\"Vosges \u2013 Carton absolu pour le concert d\u00e9di\u00e9 \u00e0 Miyazaki et Joe Hisaishi (vid\u00e9o)\",\"datePublished\":\"2020-02-02T16:30:13+00:00\",\"dateModified\":\"2020-02-02T16:30:13+00:00\",\"mainEntityOfPage\":{\"@id\":\"https:\/\/vosgesinfo.fr\/saintdieinfo\/2020\/02\/vosges-carton-absolu-concert-dedie-a-miyazaki-joe-hisaishi-video\/\"},\"wordCount\":151,\"commentCount\":0,\"publisher\":{\"@id\":\"https:\/\/vosgesinfo.fr\/saintdieinfo\/#organization\"},\"image\":{\"@id\":\"https:\/\/vosgesinfo.fr\/saintdieinfo\/2020\/02\/vosges-carton-absolu-concert-dedie-a-miyazaki-joe-hisaishi-video\/#primaryimage\"},\"thumbnailUrl\":\"https:\/\/vosgesinfo.fr\/app\/uploads\/sites\/4\/2024\/08\/202002img-20200201-204631.jpg\",\"keywords\":[\"Eglise Saint-Barth\u00e9lemy\",\"G\u00e9rardmer\",\"Hayao Miyazaki\",\"Joe Hisaishi\"],\"articleSection\":[\"A la Une\",\"Vosges\"],\"inLanguage\":\"fr-FR\",\"potentialAction\":[{\"@type\":\"CommentAction\",\"name\":\"Comment\",\"target\":[\"https:\/\/vosgesinfo.fr\/saintdieinfo\/2020\/02\/vosges-carton-absolu-concert-dedie-a-miyazaki-joe-hisaishi-video\/#respond\"]}]},{\"@type\":\"WebPage\",\"@id\":\"https:\/\/vosgesinfo.fr\/saintdieinfo\/2020\/02\/vosges-carton-absolu-concert-dedie-a-miyazaki-joe-hisaishi-video\/\",\"url\":\"https:\/\/vosgesinfo.fr\/saintdieinfo\/2020\/02\/vosges-carton-absolu-concert-dedie-a-miyazaki-joe-hisaishi-video\/\",\"name\":\"Vosges \u2013 Carton absolu pour le concert d\u00e9di\u00e9 \u00e0 Miyazaki et Joe Hisaishi (vid\u00e9o) - Saint Die Info\",\"isPartOf\":{\"@id\":\"https:\/\/vosgesinfo.fr\/saintdieinfo\/#website\"},\"primaryImageOfPage\":{\"@id\":\"https:\/\/vosgesinfo.fr\/saintdieinfo\/2020\/02\/vosges-carton-absolu-concert-dedie-a-miyazaki-joe-hisaishi-video\/#primaryimage\"},\"image\":{\"@id\":\"https:\/\/vosgesinfo.fr\/saintdieinfo\/2020\/02\/vosges-carton-absolu-concert-dedie-a-miyazaki-joe-hisaishi-video\/#primaryimage\"},\"thumbnailUrl\":\"https:\/\/vosgesinfo.fr\/app\/uploads\/sites\/4\/2024\/08\/202002img-20200201-204631.jpg\",\"datePublished\":\"2020-02-02T16:30:13+00:00\",\"dateModified\":\"2020-02-02T16:30:13+00:00\",\"breadcrumb\":{\"@id\":\"https:\/\/vosgesinfo.fr\/saintdieinfo\/2020\/02\/vosges-carton-absolu-concert-dedie-a-miyazaki-joe-hisaishi-video\/#breadcrumb\"},\"inLanguage\":\"fr-FR\",\"potentialAction\":[{\"@type\":\"ReadAction\",\"target\":[\"https:\/\/vosgesinfo.fr\/saintdieinfo\/2020\/02\/vosges-carton-absolu-concert-dedie-a-miyazaki-joe-hisaishi-video\/\"]}]},{\"@type\":\"ImageObject\",\"inLanguage\":\"fr-FR\",\"@id\":\"https:\/\/vosgesinfo.fr\/saintdieinfo\/2020\/02\/vosges-carton-absolu-concert-dedie-a-miyazaki-joe-hisaishi-video\/#primaryimage\",\"url\":\"https:\/\/vosgesinfo.fr\/app\/uploads\/sites\/4\/2024\/08\/202002img-20200201-204631.jpg\",\"contentUrl\":\"https:\/\/vosgesinfo.fr\/app\/uploads\/sites\/4\/2024\/08\/202002img-20200201-204631.jpg\",\"width\":800,\"height\":600},{\"@type\":\"BreadcrumbList\",\"@id\":\"https:\/\/vosgesinfo.fr\/saintdieinfo\/2020\/02\/vosges-carton-absolu-concert-dedie-a-miyazaki-joe-hisaishi-video\/#breadcrumb\",\"itemListElement\":[{\"@type\":\"ListItem\",\"position\":1,\"name\":\"Home\",\"item\":\"https:\/\/vosgesinfo.fr\/saintdieinfo\/\"},{\"@type\":\"ListItem\",\"position\":2,\"name\":\"Vosges \u2013 Carton absolu pour le concert d\u00e9di\u00e9 \u00e0 Miyazaki et Joe Hisaishi (vid\u00e9o)\"}]},{\"@type\":\"WebSite\",\"@id\":\"https:\/\/vosgesinfo.fr\/saintdieinfo\/#website\",\"url\":\"https:\/\/vosgesinfo.fr\/saintdieinfo\/\",\"name\":\"Saint Die Info\",\"description\":\"Toute l&#039;actualit\u00e9 de Saint-Di\u00e9-Des-Vosges\",\"publisher\":{\"@id\":\"https:\/\/vosgesinfo.fr\/saintdieinfo\/#organization\"},\"alternateName\":\"Toute l'actualit\u00e9 de Saint-Di\u00e9-Des-Vosges\",\"potentialAction\":[{\"@type\":\"SearchAction\",\"target\":{\"@type\":\"EntryPoint\",\"urlTemplate\":\"https:\/\/vosgesinfo.fr\/saintdieinfo\/?s={search_term_string}\"},\"query-input\":\"required name=search_term_string\"}],\"inLanguage\":\"fr-FR\"},{\"@type\":\"Organization\",\"@id\":\"https:\/\/vosgesinfo.fr\/saintdieinfo\/#organization\",\"name\":\"Saint Die Info\",\"url\":\"https:\/\/vosgesinfo.fr\/saintdieinfo\/\",\"logo\":{\"@type\":\"ImageObject\",\"inLanguage\":\"fr-FR\",\"@id\":\"https:\/\/vosgesinfo.fr\/saintdieinfo\/#\/schema\/logo\/image\/\",\"url\":\"https:\/\/vosgesinfo.fr\/app\/uploads\/sites\/4\/2024\/02\/logo-sdi.jpg\",\"contentUrl\":\"https:\/\/vosgesinfo.fr\/app\/uploads\/sites\/4\/2024\/02\/logo-sdi.jpg\",\"width\":600,\"height\":600,\"caption\":\"Saint Die Info\"},\"image\":{\"@id\":\"https:\/\/vosgesinfo.fr\/saintdieinfo\/#\/schema\/logo\/image\/\"},\"sameAs\":[\"https:\/\/www.facebook.com\/Saintdieinfofr\",\"https:\/\/x.com\/VosgesInfo88\",\"https:\/\/www.youtube.com\/@vosgesinfo\"]},{\"@type\":\"Person\",\"@id\":\"https:\/\/vosgesinfo.fr\/saintdieinfo\/#\/schema\/person\/faee6704a21f3977511db84bd1cd450f\",\"name\":\"la r\u00e9daction\",\"image\":{\"@type\":\"ImageObject\",\"inLanguage\":\"fr-FR\",\"@id\":\"https:\/\/vosgesinfo.fr\/saintdieinfo\/#\/schema\/person\/image\/\",\"url\":\"https:\/\/secure.gravatar.com\/avatar\/6673d8bc6a9c17fa9a453eaa3448de834fa308c2ec9635b7aa99441a7c8d2cf6?s=96&d=mm&r=g\",\"contentUrl\":\"https:\/\/secure.gravatar.com\/avatar\/6673d8bc6a9c17fa9a453eaa3448de834fa308c2ec9635b7aa99441a7c8d2cf6?s=96&d=mm&r=g\",\"caption\":\"la r\u00e9daction\"},\"url\":\"https:\/\/vosgesinfo.fr\/saintdieinfo\/author\/redac\/\"}]}<\/script>\n<!-- \/ Yoast SEO plugin. -->","yoast_head_json":{"title":"Vosges \u2013 Carton absolu pour le concert d\u00e9di\u00e9 \u00e0 Miyazaki et Joe Hisaishi (vid\u00e9o) - Saint Die Info","robots":{"index":"index","follow":"follow","max-snippet":"max-snippet:-1","max-image-preview":"max-image-preview:large","max-video-preview":"max-video-preview:-1"},"canonical":"https:\/\/vosgesinfo.fr\/saintdieinfo\/2020\/02\/vosges-carton-absolu-concert-dedie-a-miyazaki-joe-hisaishi-video\/","twitter_card":"summary_large_image","twitter_title":"Vosges \u2013 Carton absolu pour le concert d\u00e9di\u00e9 \u00e0 Miyazaki et Joe Hisaishi (vid\u00e9o) - Saint Die Info","twitter_description":"Ludovic B\u00e9rard pouvait avoir le sourire samedi soir : cela faisait longtemps que l\u2019\u00e9glise Saint Barth\u00e9l\u00e9my n\u2019avait accueilli autant de [&hellip;]","twitter_image":"https:\/\/vosgesinfo.fr\/app\/uploads\/sites\/4\/2024\/08\/202002img-20200201-204631.jpg","twitter_creator":"@VosgesInfo88","twitter_site":"@VosgesInfo88","twitter_misc":{"\u00c9crit par":"la r\u00e9daction","Dur\u00e9e de lecture estim\u00e9e":"1 minute"},"schema":{"@context":"https:\/\/schema.org","@graph":[{"@type":"Article","@id":"https:\/\/vosgesinfo.fr\/saintdieinfo\/2020\/02\/vosges-carton-absolu-concert-dedie-a-miyazaki-joe-hisaishi-video\/#article","isPartOf":{"@id":"https:\/\/vosgesinfo.fr\/saintdieinfo\/2020\/02\/vosges-carton-absolu-concert-dedie-a-miyazaki-joe-hisaishi-video\/"},"author":{"name":"la r\u00e9daction","@id":"https:\/\/vosgesinfo.fr\/saintdieinfo\/#\/schema\/person\/faee6704a21f3977511db84bd1cd450f"},"headline":"Vosges \u2013 Carton absolu pour le concert d\u00e9di\u00e9 \u00e0 Miyazaki et Joe Hisaishi (vid\u00e9o)","datePublished":"2020-02-02T16:30:13+00:00","dateModified":"2020-02-02T16:30:13+00:00","mainEntityOfPage":{"@id":"https:\/\/vosgesinfo.fr\/saintdieinfo\/2020\/02\/vosges-carton-absolu-concert-dedie-a-miyazaki-joe-hisaishi-video\/"},"wordCount":151,"commentCount":0,"publisher":{"@id":"https:\/\/vosgesinfo.fr\/saintdieinfo\/#organization"},"image":{"@id":"https:\/\/vosgesinfo.fr\/saintdieinfo\/2020\/02\/vosges-carton-absolu-concert-dedie-a-miyazaki-joe-hisaishi-video\/#primaryimage"},"thumbnailUrl":"https:\/\/vosgesinfo.fr\/app\/uploads\/sites\/4\/2024\/08\/202002img-20200201-204631.jpg","keywords":["Eglise Saint-Barth\u00e9lemy","G\u00e9rardmer","Hayao Miyazaki","Joe Hisaishi"],"articleSection":["A la Une","Vosges"],"inLanguage":"fr-FR","potentialAction":[{"@type":"CommentAction","name":"Comment","target":["https:\/\/vosgesinfo.fr\/saintdieinfo\/2020\/02\/vosges-carton-absolu-concert-dedie-a-miyazaki-joe-hisaishi-video\/#respond"]}]},{"@type":"WebPage","@id":"https:\/\/vosgesinfo.fr\/saintdieinfo\/2020\/02\/vosges-carton-absolu-concert-dedie-a-miyazaki-joe-hisaishi-video\/","url":"https:\/\/vosgesinfo.fr\/saintdieinfo\/2020\/02\/vosges-carton-absolu-concert-dedie-a-miyazaki-joe-hisaishi-video\/","name":"Vosges \u2013 Carton absolu pour le concert d\u00e9di\u00e9 \u00e0 Miyazaki et Joe Hisaishi (vid\u00e9o) - Saint Die Info","isPartOf":{"@id":"https:\/\/vosgesinfo.fr\/saintdieinfo\/#website"},"primaryImageOfPage":{"@id":"https:\/\/vosgesinfo.fr\/saintdieinfo\/2020\/02\/vosges-carton-absolu-concert-dedie-a-miyazaki-joe-hisaishi-video\/#primaryimage"},"image":{"@id":"https:\/\/vosgesinfo.fr\/saintdieinfo\/2020\/02\/vosges-carton-absolu-concert-dedie-a-miyazaki-joe-hisaishi-video\/#primaryimage"},"thumbnailUrl":"https:\/\/vosgesinfo.fr\/app\/uploads\/sites\/4\/2024\/08\/202002img-20200201-204631.jpg","datePublished":"2020-02-02T16:30:13+00:00","dateModified":"2020-02-02T16:30:13+00:00","breadcrumb":{"@id":"https:\/\/vosgesinfo.fr\/saintdieinfo\/2020\/02\/vosges-carton-absolu-concert-dedie-a-miyazaki-joe-hisaishi-video\/#breadcrumb"},"inLanguage":"fr-FR","potentialAction":[{"@type":"ReadAction","target":["https:\/\/vosgesinfo.fr\/saintdieinfo\/2020\/02\/vosges-carton-absolu-concert-dedie-a-miyazaki-joe-hisaishi-video\/"]}]},{"@type":"ImageObject","inLanguage":"fr-FR","@id":"https:\/\/vosgesinfo.fr\/saintdieinfo\/2020\/02\/vosges-carton-absolu-concert-dedie-a-miyazaki-joe-hisaishi-video\/#primaryimage","url":"https:\/\/vosgesinfo.fr\/app\/uploads\/sites\/4\/2024\/08\/202002img-20200201-204631.jpg","contentUrl":"https:\/\/vosgesinfo.fr\/app\/uploads\/sites\/4\/2024\/08\/202002img-20200201-204631.jpg","width":800,"height":600},{"@type":"BreadcrumbList","@id":"https:\/\/vosgesinfo.fr\/saintdieinfo\/2020\/02\/vosges-carton-absolu-concert-dedie-a-miyazaki-joe-hisaishi-video\/#breadcrumb","itemListElement":[{"@type":"ListItem","position":1,"name":"Home","item":"https:\/\/vosgesinfo.fr\/saintdieinfo\/"},{"@type":"ListItem","position":2,"name":"Vosges \u2013 Carton absolu pour le concert d\u00e9di\u00e9 \u00e0 Miyazaki et Joe Hisaishi (vid\u00e9o)"}]},{"@type":"WebSite","@id":"https:\/\/vosgesinfo.fr\/saintdieinfo\/#website","url":"https:\/\/vosgesinfo.fr\/saintdieinfo\/","name":"Saint Die Info","description":"Toute l&#039;actualit\u00e9 de Saint-Di\u00e9-Des-Vosges","publisher":{"@id":"https:\/\/vosgesinfo.fr\/saintdieinfo\/#organization"},"alternateName":"Toute l'actualit\u00e9 de Saint-Di\u00e9-Des-Vosges","potentialAction":[{"@type":"SearchAction","target":{"@type":"EntryPoint","urlTemplate":"https:\/\/vosgesinfo.fr\/saintdieinfo\/?s={search_term_string}"},"query-input":"required name=search_term_string"}],"inLanguage":"fr-FR"},{"@type":"Organization","@id":"https:\/\/vosgesinfo.fr\/saintdieinfo\/#organization","name":"Saint Die Info","url":"https:\/\/vosgesinfo.fr\/saintdieinfo\/","logo":{"@type":"ImageObject","inLanguage":"fr-FR","@id":"https:\/\/vosgesinfo.fr\/saintdieinfo\/#\/schema\/logo\/image\/","url":"https:\/\/vosgesinfo.fr\/app\/uploads\/sites\/4\/2024\/02\/logo-sdi.jpg","contentUrl":"https:\/\/vosgesinfo.fr\/app\/uploads\/sites\/4\/2024\/02\/logo-sdi.jpg","width":600,"height":600,"caption":"Saint Die Info"},"image":{"@id":"https:\/\/vosgesinfo.fr\/saintdieinfo\/#\/schema\/logo\/image\/"},"sameAs":["https:\/\/www.facebook.com\/Saintdieinfofr","https:\/\/x.com\/VosgesInfo88","https:\/\/www.youtube.com\/@vosgesinfo"]},{"@type":"Person","@id":"https:\/\/vosgesinfo.fr\/saintdieinfo\/#\/schema\/person\/faee6704a21f3977511db84bd1cd450f","name":"la r\u00e9daction","image":{"@type":"ImageObject","inLanguage":"fr-FR","@id":"https:\/\/vosgesinfo.fr\/saintdieinfo\/#\/schema\/person\/image\/","url":"https:\/\/secure.gravatar.com\/avatar\/6673d8bc6a9c17fa9a453eaa3448de834fa308c2ec9635b7aa99441a7c8d2cf6?s=96&d=mm&r=g","contentUrl":"https:\/\/secure.gravatar.com\/avatar\/6673d8bc6a9c17fa9a453eaa3448de834fa308c2ec9635b7aa99441a7c8d2cf6?s=96&d=mm&r=g","caption":"la r\u00e9daction"},"url":"https:\/\/vosgesinfo.fr\/saintdieinfo\/author\/redac\/"}]}},"_links":{"self":[{"href":"https:\/\/vosgesinfo.fr\/saintdieinfo\/wp-json\/wp\/v2\/posts\/39072","targetHints":{"allow":["GET"]}}],"collection":[{"href":"https:\/\/vosgesinfo.fr\/saintdieinfo\/wp-json\/wp\/v2\/posts"}],"about":[{"href":"https:\/\/vosgesinfo.fr\/saintdieinfo\/wp-json\/wp\/v2\/types\/post"}],"author":[{"embeddable":true,"href":"https:\/\/vosgesinfo.fr\/saintdieinfo\/wp-json\/wp\/v2\/users\/44"}],"replies":[{"embeddable":true,"href":"https:\/\/vosgesinfo.fr\/saintdieinfo\/wp-json\/wp\/v2\/comments?post=39072"}],"version-history":[{"count":0,"href":"https:\/\/vosgesinfo.fr\/saintdieinfo\/wp-json\/wp\/v2\/posts\/39072\/revisions"}],"wp:featuredmedia":[{"embeddable":true,"href":"https:\/\/vosgesinfo.fr\/saintdieinfo\/wp-json\/wp\/v2\/media\/39073"}],"wp:attachment":[{"href":"https:\/\/vosgesinfo.fr\/saintdieinfo\/wp-json\/wp\/v2\/media?parent=39072"}],"wp:term":[{"taxonomy":"category","embeddable":true,"href":"https:\/\/vosgesinfo.fr\/saintdieinfo\/wp-json\/wp\/v2\/categories?post=39072"},{"taxonomy":"post_tag","embeddable":true,"href":"https:\/\/vosgesinfo.fr\/saintdieinfo\/wp-json\/wp\/v2\/tags?post=39072"}],"curies":[{"name":"wp","href":"https:\/\/api.w.org\/{rel}","templated":true}]}}