{"id":39078,"date":"2020-02-03T11:30:24","date_gmt":"2020-02-03T10:30:24","guid":{"rendered":"https:\/\/vosgesinfo.fr\/saintdieinfo\/2020\/02\/fraispertuis-city-poursuit-ascension\/"},"modified":"2020-02-03T11:30:24","modified_gmt":"2020-02-03T10:30:24","slug":"fraispertuis-city-poursuit-ascension","status":"publish","type":"post","link":"https:\/\/vosgesinfo.fr\/saintdieinfo\/2020\/02\/fraispertuis-city-poursuit-ascension\/","title":{"rendered":"Fraispertuis-City poursuit son ascension"},"content":{"rendered":"<div id=\"attachment_106107\" style=\"width: 970px\" class=\"wp-caption aligncenter\"><a href=\"\/2017\/07\/Inauguration_Golden-Driller_Fraispertuis_04.jpg\" target=\"_blank\" rel=\"noopener\"><img decoding=\"async\" aria-describedby=\"caption-attachment-106107\" class=\"wp-image-106107 size-large\" src=\"\/2017\/07\/Inauguration_Golden-Driller_Fraispertuis_04-1024x683.jpg\" alt=\"Inauguration_Golden-Driller_Fraispertuis_04\" width=\"960\" height=\"640\" \/><\/a><p id=\"caption-attachment-106107\" class=\"wp-caption-text\">(Photographie d&rsquo;archives)<\/p><\/div>\n<h2><strong><span style=\"font-family: Calibri, sans-serif;\"><span style=\"font-size: large;\">Fraispertuis-City peut aborder avec s\u00e9r\u00e9nit\u00e9 sa saison 2020, qui d\u00e9butera le 11 avril prochain avec 3 nouveaut\u00e9s (<a href=\"https:\/\/saintdieinfo.fr\/2019\/12\/fraispertuis-city-presente-3-nouvelles-attractions\/\" target=\"_blank\" rel=\"noopener\">lire notre pr\u00e9c\u00e9dent article<\/a>). Car le parc de loisirs vosgien poursuit son ascension du haut de ses 54 printemps.<\/span><\/span><\/strong><\/h2>\n<p><!--more--><\/p>\n<p><span style=\"font-family: Calibri, sans-serif;\"><span style=\"font-size: large;\">Pour preuve, les 281 000 visiteurs qui s&rsquo;y sont rendus en 2019, contre 276 000 en 2018&#8230; et ce malgr\u00e9 une m\u00e9t\u00e9o difficile en d\u00e9but de saison, une p\u00e9riode de forte chaleur l&rsquo;\u00e9t\u00e9 dernier ainsi que les difficult\u00e9s rencontr\u00e9es par les visiteurs pour acc\u00e9der au site, dues au nombre importants de travaux routiers r\u00e9alis\u00e9s.<\/span><\/span><\/p>\n<p><span style=\"font-family: Calibri, sans-serif;\"><span style=\"font-size: large;\">Mais ce n&rsquo;est pas tout, car outre un nombre de visiteurs toujours croissant, Fraispertuis-City a \u00e9t\u00e9 class\u00e9 5\u00e8me meilleur parc europ\u00e9en accueillant moins d&rsquo;un million de visiteurs par la revue allemande \u00ab\u00a0Kirmes &amp; Park\u00a0\u00bb. Cette m\u00eame revue a \u00e9galement distingu\u00e9 le vertigineux Golden Driller inaugur\u00e9 en 2017, class\u00e9 6\u00e8me meilleure attraction europ\u00e9enne. De plus, TripAdvisor a d\u00e9cern\u00e9 la 8\u00e8me place de son \u00ab\u00a0Traveler&rsquo;s Choice\u00a0\u00bb \u00e0 Fraispertuis-City.<\/span><\/span><\/p>\n<p><span style=\"font-family: Calibri, sans-serif;\"><span style=\"font-size: large;\">L&rsquo;avenir est donc radieux pour le parc de loisirs fond\u00e9 en 1966 par la famille Fleurent, qui encore aujourd&rsquo;hui redouble d&rsquo;imagination pour divertir petits et grands.<\/span><\/span><\/p>\n<p>J.J.<\/p>\n","protected":false},"excerpt":{"rendered":"<p>Fraispertuis-City peut aborder avec s\u00e9r\u00e9nit\u00e9 sa saison 2020, qui d\u00e9butera le 11 avril prochain avec 3 nouveaut\u00e9s (lire notre pr\u00e9c\u00e9dent [&hellip;]<\/p>\n","protected":false},"author":46,"featured_media":39079,"comment_status":"open","ping_status":"open","sticky":false,"template":"","format":"standard","meta":{"footnotes":""},"categories":[460,20,18],"tags":[2289,3487,7826,7827],"class_list":["post-39078","post","type-post","status-publish","format-standard","has-post-thumbnail","hentry","category-a-la-une","category-loisirs","category-vosges","tag-fraispertuis-city","tag-jeanmenil","tag-kirmes-park","tag-tripadvisor"],"acf":[],"yoast_head":"<!-- This site is optimized with the Yoast SEO plugin v22.5 - https:\/\/yoast.com\/wordpress\/plugins\/seo\/ -->\n<title>Fraispertuis-City poursuit son ascension - Saint Die Info<\/title>\n<meta name=\"robots\" content=\"index, follow, max-snippet:-1, max-image-preview:large, max-video-preview:-1\" \/>\n<link rel=\"canonical\" href=\"https:\/\/vosgesinfo.fr\/saintdieinfo\/2020\/02\/fraispertuis-city-poursuit-ascension\/\" \/>\n<meta name=\"twitter:card\" content=\"summary_large_image\" \/>\n<meta name=\"twitter:title\" content=\"Fraispertuis-City poursuit son ascension - Saint Die Info\" \/>\n<meta name=\"twitter:description\" content=\"Fraispertuis-City peut aborder avec s\u00e9r\u00e9nit\u00e9 sa saison 2020, qui d\u00e9butera le 11 avril prochain avec 3 nouveaut\u00e9s (lire notre pr\u00e9c\u00e9dent [&hellip;]\" \/>\n<meta name=\"twitter:image\" content=\"https:\/\/vosgesinfo.fr\/app\/uploads\/sites\/4\/2024\/08\/201707inauguration-golden-driller-fraispertuis-04.jpg\" \/>\n<meta name=\"twitter:creator\" content=\"@VosgesInfo88\" \/>\n<meta name=\"twitter:site\" content=\"@VosgesInfo88\" \/>\n<meta name=\"twitter:label1\" content=\"\u00c9crit par\" \/>\n\t<meta name=\"twitter:data1\" content=\"J.J.\" \/>\n\t<meta name=\"twitter:label2\" content=\"Dur\u00e9e de lecture estim\u00e9e\" \/>\n\t<meta name=\"twitter:data2\" content=\"1 minute\" \/>\n<script type=\"application\/ld+json\" class=\"yoast-schema-graph\">{\"@context\":\"https:\/\/schema.org\",\"@graph\":[{\"@type\":\"Article\",\"@id\":\"https:\/\/vosgesinfo.fr\/saintdieinfo\/2020\/02\/fraispertuis-city-poursuit-ascension\/#article\",\"isPartOf\":{\"@id\":\"https:\/\/vosgesinfo.fr\/saintdieinfo\/2020\/02\/fraispertuis-city-poursuit-ascension\/\"},\"author\":{\"name\":\"J.J.\",\"@id\":\"https:\/\/vosgesinfo.fr\/saintdieinfo\/#\/schema\/person\/fa73e9f726d67bb88f46d5b7943cb572\"},\"headline\":\"Fraispertuis-City poursuit son ascension\",\"datePublished\":\"2020-02-03T10:30:24+00:00\",\"dateModified\":\"2020-02-03T10:30:24+00:00\",\"mainEntityOfPage\":{\"@id\":\"https:\/\/vosgesinfo.fr\/saintdieinfo\/2020\/02\/fraispertuis-city-poursuit-ascension\/\"},\"wordCount\":212,\"commentCount\":0,\"publisher\":{\"@id\":\"https:\/\/vosgesinfo.fr\/saintdieinfo\/#organization\"},\"image\":{\"@id\":\"https:\/\/vosgesinfo.fr\/saintdieinfo\/2020\/02\/fraispertuis-city-poursuit-ascension\/#primaryimage\"},\"thumbnailUrl\":\"https:\/\/vosgesinfo.fr\/app\/uploads\/sites\/4\/2024\/08\/201707inauguration-golden-driller-fraispertuis-04.jpg\",\"keywords\":[\"Fraispertuis-City\",\"Jeanm\u00e9nil\",\"Kirmes &amp; Park\",\"TripAdvisor\"],\"articleSection\":[\"A la Une\",\"Loisirs\",\"Vosges\"],\"inLanguage\":\"fr-FR\",\"potentialAction\":[{\"@type\":\"CommentAction\",\"name\":\"Comment\",\"target\":[\"https:\/\/vosgesinfo.fr\/saintdieinfo\/2020\/02\/fraispertuis-city-poursuit-ascension\/#respond\"]}]},{\"@type\":\"WebPage\",\"@id\":\"https:\/\/vosgesinfo.fr\/saintdieinfo\/2020\/02\/fraispertuis-city-poursuit-ascension\/\",\"url\":\"https:\/\/vosgesinfo.fr\/saintdieinfo\/2020\/02\/fraispertuis-city-poursuit-ascension\/\",\"name\":\"Fraispertuis-City poursuit son ascension - Saint Die Info\",\"isPartOf\":{\"@id\":\"https:\/\/vosgesinfo.fr\/saintdieinfo\/#website\"},\"primaryImageOfPage\":{\"@id\":\"https:\/\/vosgesinfo.fr\/saintdieinfo\/2020\/02\/fraispertuis-city-poursuit-ascension\/#primaryimage\"},\"image\":{\"@id\":\"https:\/\/vosgesinfo.fr\/saintdieinfo\/2020\/02\/fraispertuis-city-poursuit-ascension\/#primaryimage\"},\"thumbnailUrl\":\"https:\/\/vosgesinfo.fr\/app\/uploads\/sites\/4\/2024\/08\/201707inauguration-golden-driller-fraispertuis-04.jpg\",\"datePublished\":\"2020-02-03T10:30:24+00:00\",\"dateModified\":\"2020-02-03T10:30:24+00:00\",\"breadcrumb\":{\"@id\":\"https:\/\/vosgesinfo.fr\/saintdieinfo\/2020\/02\/fraispertuis-city-poursuit-ascension\/#breadcrumb\"},\"inLanguage\":\"fr-FR\",\"potentialAction\":[{\"@type\":\"ReadAction\",\"target\":[\"https:\/\/vosgesinfo.fr\/saintdieinfo\/2020\/02\/fraispertuis-city-poursuit-ascension\/\"]}]},{\"@type\":\"ImageObject\",\"inLanguage\":\"fr-FR\",\"@id\":\"https:\/\/vosgesinfo.fr\/saintdieinfo\/2020\/02\/fraispertuis-city-poursuit-ascension\/#primaryimage\",\"url\":\"https:\/\/vosgesinfo.fr\/app\/uploads\/sites\/4\/2024\/08\/201707inauguration-golden-driller-fraispertuis-04.jpg\",\"contentUrl\":\"https:\/\/vosgesinfo.fr\/app\/uploads\/sites\/4\/2024\/08\/201707inauguration-golden-driller-fraispertuis-04.jpg\",\"width\":1024,\"height\":683,\"caption\":\"(Archive)\"},{\"@type\":\"BreadcrumbList\",\"@id\":\"https:\/\/vosgesinfo.fr\/saintdieinfo\/2020\/02\/fraispertuis-city-poursuit-ascension\/#breadcrumb\",\"itemListElement\":[{\"@type\":\"ListItem\",\"position\":1,\"name\":\"Home\",\"item\":\"https:\/\/vosgesinfo.fr\/saintdieinfo\/\"},{\"@type\":\"ListItem\",\"position\":2,\"name\":\"Fraispertuis-City poursuit son ascension\"}]},{\"@type\":\"WebSite\",\"@id\":\"https:\/\/vosgesinfo.fr\/saintdieinfo\/#website\",\"url\":\"https:\/\/vosgesinfo.fr\/saintdieinfo\/\",\"name\":\"Saint Die Info\",\"description\":\"Toute l&#039;actualit\u00e9 de Saint-Di\u00e9-Des-Vosges\",\"publisher\":{\"@id\":\"https:\/\/vosgesinfo.fr\/saintdieinfo\/#organization\"},\"alternateName\":\"Toute l'actualit\u00e9 de Saint-Di\u00e9-Des-Vosges\",\"potentialAction\":[{\"@type\":\"SearchAction\",\"target\":{\"@type\":\"EntryPoint\",\"urlTemplate\":\"https:\/\/vosgesinfo.fr\/saintdieinfo\/?s={search_term_string}\"},\"query-input\":\"required name=search_term_string\"}],\"inLanguage\":\"fr-FR\"},{\"@type\":\"Organization\",\"@id\":\"https:\/\/vosgesinfo.fr\/saintdieinfo\/#organization\",\"name\":\"Saint Die Info\",\"url\":\"https:\/\/vosgesinfo.fr\/saintdieinfo\/\",\"logo\":{\"@type\":\"ImageObject\",\"inLanguage\":\"fr-FR\",\"@id\":\"https:\/\/vosgesinfo.fr\/saintdieinfo\/#\/schema\/logo\/image\/\",\"url\":\"https:\/\/vosgesinfo.fr\/app\/uploads\/sites\/4\/2024\/02\/logo-sdi.jpg\",\"contentUrl\":\"https:\/\/vosgesinfo.fr\/app\/uploads\/sites\/4\/2024\/02\/logo-sdi.jpg\",\"width\":600,\"height\":600,\"caption\":\"Saint Die Info\"},\"image\":{\"@id\":\"https:\/\/vosgesinfo.fr\/saintdieinfo\/#\/schema\/logo\/image\/\"},\"sameAs\":[\"https:\/\/www.facebook.com\/Saintdieinfofr\",\"https:\/\/x.com\/VosgesInfo88\",\"https:\/\/www.youtube.com\/@vosgesinfo\"]},{\"@type\":\"Person\",\"@id\":\"https:\/\/vosgesinfo.fr\/saintdieinfo\/#\/schema\/person\/fa73e9f726d67bb88f46d5b7943cb572\",\"name\":\"J.J.\",\"image\":{\"@type\":\"ImageObject\",\"inLanguage\":\"fr-FR\",\"@id\":\"https:\/\/vosgesinfo.fr\/saintdieinfo\/#\/schema\/person\/image\/\",\"url\":\"https:\/\/secure.gravatar.com\/avatar\/219e749e47ffbcca018a360ae4add7d4cdf1cdaaf8bc7676b27efade3fe65615?s=96&d=mm&r=g\",\"contentUrl\":\"https:\/\/secure.gravatar.com\/avatar\/219e749e47ffbcca018a360ae4add7d4cdf1cdaaf8bc7676b27efade3fe65615?s=96&d=mm&r=g\",\"caption\":\"J.J.\"},\"url\":\"https:\/\/vosgesinfo.fr\/saintdieinfo\/author\/j-j\/\"}]}<\/script>\n<!-- \/ Yoast SEO plugin. -->","yoast_head_json":{"title":"Fraispertuis-City poursuit son ascension - Saint Die Info","robots":{"index":"index","follow":"follow","max-snippet":"max-snippet:-1","max-image-preview":"max-image-preview:large","max-video-preview":"max-video-preview:-1"},"canonical":"https:\/\/vosgesinfo.fr\/saintdieinfo\/2020\/02\/fraispertuis-city-poursuit-ascension\/","twitter_card":"summary_large_image","twitter_title":"Fraispertuis-City poursuit son ascension - Saint Die Info","twitter_description":"Fraispertuis-City peut aborder avec s\u00e9r\u00e9nit\u00e9 sa saison 2020, qui d\u00e9butera le 11 avril prochain avec 3 nouveaut\u00e9s (lire notre pr\u00e9c\u00e9dent [&hellip;]","twitter_image":"https:\/\/vosgesinfo.fr\/app\/uploads\/sites\/4\/2024\/08\/201707inauguration-golden-driller-fraispertuis-04.jpg","twitter_creator":"@VosgesInfo88","twitter_site":"@VosgesInfo88","twitter_misc":{"\u00c9crit par":"J.J.","Dur\u00e9e de lecture estim\u00e9e":"1 minute"},"schema":{"@context":"https:\/\/schema.org","@graph":[{"@type":"Article","@id":"https:\/\/vosgesinfo.fr\/saintdieinfo\/2020\/02\/fraispertuis-city-poursuit-ascension\/#article","isPartOf":{"@id":"https:\/\/vosgesinfo.fr\/saintdieinfo\/2020\/02\/fraispertuis-city-poursuit-ascension\/"},"author":{"name":"J.J.","@id":"https:\/\/vosgesinfo.fr\/saintdieinfo\/#\/schema\/person\/fa73e9f726d67bb88f46d5b7943cb572"},"headline":"Fraispertuis-City poursuit son ascension","datePublished":"2020-02-03T10:30:24+00:00","dateModified":"2020-02-03T10:30:24+00:00","mainEntityOfPage":{"@id":"https:\/\/vosgesinfo.fr\/saintdieinfo\/2020\/02\/fraispertuis-city-poursuit-ascension\/"},"wordCount":212,"commentCount":0,"publisher":{"@id":"https:\/\/vosgesinfo.fr\/saintdieinfo\/#organization"},"image":{"@id":"https:\/\/vosgesinfo.fr\/saintdieinfo\/2020\/02\/fraispertuis-city-poursuit-ascension\/#primaryimage"},"thumbnailUrl":"https:\/\/vosgesinfo.fr\/app\/uploads\/sites\/4\/2024\/08\/201707inauguration-golden-driller-fraispertuis-04.jpg","keywords":["Fraispertuis-City","Jeanm\u00e9nil","Kirmes &amp; Park","TripAdvisor"],"articleSection":["A la Une","Loisirs","Vosges"],"inLanguage":"fr-FR","potentialAction":[{"@type":"CommentAction","name":"Comment","target":["https:\/\/vosgesinfo.fr\/saintdieinfo\/2020\/02\/fraispertuis-city-poursuit-ascension\/#respond"]}]},{"@type":"WebPage","@id":"https:\/\/vosgesinfo.fr\/saintdieinfo\/2020\/02\/fraispertuis-city-poursuit-ascension\/","url":"https:\/\/vosgesinfo.fr\/saintdieinfo\/2020\/02\/fraispertuis-city-poursuit-ascension\/","name":"Fraispertuis-City poursuit son ascension - Saint Die Info","isPartOf":{"@id":"https:\/\/vosgesinfo.fr\/saintdieinfo\/#website"},"primaryImageOfPage":{"@id":"https:\/\/vosgesinfo.fr\/saintdieinfo\/2020\/02\/fraispertuis-city-poursuit-ascension\/#primaryimage"},"image":{"@id":"https:\/\/vosgesinfo.fr\/saintdieinfo\/2020\/02\/fraispertuis-city-poursuit-ascension\/#primaryimage"},"thumbnailUrl":"https:\/\/vosgesinfo.fr\/app\/uploads\/sites\/4\/2024\/08\/201707inauguration-golden-driller-fraispertuis-04.jpg","datePublished":"2020-02-03T10:30:24+00:00","dateModified":"2020-02-03T10:30:24+00:00","breadcrumb":{"@id":"https:\/\/vosgesinfo.fr\/saintdieinfo\/2020\/02\/fraispertuis-city-poursuit-ascension\/#breadcrumb"},"inLanguage":"fr-FR","potentialAction":[{"@type":"ReadAction","target":["https:\/\/vosgesinfo.fr\/saintdieinfo\/2020\/02\/fraispertuis-city-poursuit-ascension\/"]}]},{"@type":"ImageObject","inLanguage":"fr-FR","@id":"https:\/\/vosgesinfo.fr\/saintdieinfo\/2020\/02\/fraispertuis-city-poursuit-ascension\/#primaryimage","url":"https:\/\/vosgesinfo.fr\/app\/uploads\/sites\/4\/2024\/08\/201707inauguration-golden-driller-fraispertuis-04.jpg","contentUrl":"https:\/\/vosgesinfo.fr\/app\/uploads\/sites\/4\/2024\/08\/201707inauguration-golden-driller-fraispertuis-04.jpg","width":1024,"height":683,"caption":"(Archive)"},{"@type":"BreadcrumbList","@id":"https:\/\/vosgesinfo.fr\/saintdieinfo\/2020\/02\/fraispertuis-city-poursuit-ascension\/#breadcrumb","itemListElement":[{"@type":"ListItem","position":1,"name":"Home","item":"https:\/\/vosgesinfo.fr\/saintdieinfo\/"},{"@type":"ListItem","position":2,"name":"Fraispertuis-City poursuit son ascension"}]},{"@type":"WebSite","@id":"https:\/\/vosgesinfo.fr\/saintdieinfo\/#website","url":"https:\/\/vosgesinfo.fr\/saintdieinfo\/","name":"Saint Die Info","description":"Toute l&#039;actualit\u00e9 de Saint-Di\u00e9-Des-Vosges","publisher":{"@id":"https:\/\/vosgesinfo.fr\/saintdieinfo\/#organization"},"alternateName":"Toute l'actualit\u00e9 de Saint-Di\u00e9-Des-Vosges","potentialAction":[{"@type":"SearchAction","target":{"@type":"EntryPoint","urlTemplate":"https:\/\/vosgesinfo.fr\/saintdieinfo\/?s={search_term_string}"},"query-input":"required name=search_term_string"}],"inLanguage":"fr-FR"},{"@type":"Organization","@id":"https:\/\/vosgesinfo.fr\/saintdieinfo\/#organization","name":"Saint Die Info","url":"https:\/\/vosgesinfo.fr\/saintdieinfo\/","logo":{"@type":"ImageObject","inLanguage":"fr-FR","@id":"https:\/\/vosgesinfo.fr\/saintdieinfo\/#\/schema\/logo\/image\/","url":"https:\/\/vosgesinfo.fr\/app\/uploads\/sites\/4\/2024\/02\/logo-sdi.jpg","contentUrl":"https:\/\/vosgesinfo.fr\/app\/uploads\/sites\/4\/2024\/02\/logo-sdi.jpg","width":600,"height":600,"caption":"Saint Die Info"},"image":{"@id":"https:\/\/vosgesinfo.fr\/saintdieinfo\/#\/schema\/logo\/image\/"},"sameAs":["https:\/\/www.facebook.com\/Saintdieinfofr","https:\/\/x.com\/VosgesInfo88","https:\/\/www.youtube.com\/@vosgesinfo"]},{"@type":"Person","@id":"https:\/\/vosgesinfo.fr\/saintdieinfo\/#\/schema\/person\/fa73e9f726d67bb88f46d5b7943cb572","name":"J.J.","image":{"@type":"ImageObject","inLanguage":"fr-FR","@id":"https:\/\/vosgesinfo.fr\/saintdieinfo\/#\/schema\/person\/image\/","url":"https:\/\/secure.gravatar.com\/avatar\/219e749e47ffbcca018a360ae4add7d4cdf1cdaaf8bc7676b27efade3fe65615?s=96&d=mm&r=g","contentUrl":"https:\/\/secure.gravatar.com\/avatar\/219e749e47ffbcca018a360ae4add7d4cdf1cdaaf8bc7676b27efade3fe65615?s=96&d=mm&r=g","caption":"J.J."},"url":"https:\/\/vosgesinfo.fr\/saintdieinfo\/author\/j-j\/"}]}},"_links":{"self":[{"href":"https:\/\/vosgesinfo.fr\/saintdieinfo\/wp-json\/wp\/v2\/posts\/39078","targetHints":{"allow":["GET"]}}],"collection":[{"href":"https:\/\/vosgesinfo.fr\/saintdieinfo\/wp-json\/wp\/v2\/posts"}],"about":[{"href":"https:\/\/vosgesinfo.fr\/saintdieinfo\/wp-json\/wp\/v2\/types\/post"}],"author":[{"embeddable":true,"href":"https:\/\/vosgesinfo.fr\/saintdieinfo\/wp-json\/wp\/v2\/users\/46"}],"replies":[{"embeddable":true,"href":"https:\/\/vosgesinfo.fr\/saintdieinfo\/wp-json\/wp\/v2\/comments?post=39078"}],"version-history":[{"count":0,"href":"https:\/\/vosgesinfo.fr\/saintdieinfo\/wp-json\/wp\/v2\/posts\/39078\/revisions"}],"wp:featuredmedia":[{"embeddable":true,"href":"https:\/\/vosgesinfo.fr\/saintdieinfo\/wp-json\/wp\/v2\/media\/39079"}],"wp:attachment":[{"href":"https:\/\/vosgesinfo.fr\/saintdieinfo\/wp-json\/wp\/v2\/media?parent=39078"}],"wp:term":[{"taxonomy":"category","embeddable":true,"href":"https:\/\/vosgesinfo.fr\/saintdieinfo\/wp-json\/wp\/v2\/categories?post=39078"},{"taxonomy":"post_tag","embeddable":true,"href":"https:\/\/vosgesinfo.fr\/saintdieinfo\/wp-json\/wp\/v2\/tags?post=39078"}],"curies":[{"name":"wp","href":"https:\/\/api.w.org\/{rel}","templated":true}]}}