{"id":39158,"date":"2021-01-06T10:02:46","date_gmt":"2021-01-06T09:02:46","guid":{"rendered":"https:\/\/vosgesinfo.fr\/saintdieinfo\/2021\/01\/caf-vosges-900-masques-transparents-mis-a-disposition-creches-maisons-dassistantes-maternelles-departement\/"},"modified":"2021-01-06T10:02:46","modified_gmt":"2021-01-06T09:02:46","slug":"caf-vosges-900-masques-transparents-mis-a-disposition-creches-maisons-dassistantes-maternelles-departement","status":"publish","type":"post","link":"https:\/\/vosgesinfo.fr\/saintdieinfo\/2021\/01\/caf-vosges-900-masques-transparents-mis-a-disposition-creches-maisons-dassistantes-maternelles-departement\/","title":{"rendered":"CAF des Vosges \u2013 900 masques transparents mis \u00e0 disposition des cr\u00e8ches et maisons d\u2019assistantes maternelles du d\u00e9partement."},"content":{"rendered":"<p>A l\u2019invitation d\u2019Olivier V\u00e9ran, Ministre de la Sant\u00e9 et des Solidarit\u00e9s, et d\u2019Adrien Taquet, Secr\u00e9taire d\u2019Etat \u00e0 l\u2019enfance et aux familles, le conseil d\u2019administration de la Caisse nationale des Allocations familiales (Cnaf) a vot\u00e9 le 17 novembre dernier le financement de 500 000 masques transparents pour l\u2019ensemble des personnels des cr\u00e8ches et des Maisons d\u2019Assistantes Maternelles (Mam) au contact des enfants du territoire national.<\/p>\n<p>Le conseil d\u2019administration de la Cnaf a d\u00e9cid\u00e9 de financer ces masques transparents, afin de faciliter le bien-\u00eatre et le d\u00e9veloppement des tout-petits qui pourront ainsi lire les expressions des visages qui les entourent. Par cette d\u00e9cision, les Caf contribuent \u00e0 l\u2019\u00e9quilibre des jeunes enfants, \u00e0 la qualit\u00e9 des apprentissages dispens\u00e9s par les professionnels tout en apportant \u00e9galement une aide aux gestionnaires dans cette p\u00e9riode difficile.<\/p>\n<p><strong>Les \u00e9quipes sont pr\u00eates \u00e0 accueillir les enfants en 2021 avec le sourire\u00a0!<\/strong><\/p>\n","protected":false},"excerpt":{"rendered":"<p>A l\u2019invitation d\u2019Olivier V\u00e9ran, Ministre de la Sant\u00e9 et des Solidarit\u00e9s, et d\u2019Adrien Taquet, Secr\u00e9taire d\u2019Etat \u00e0 l\u2019enfance et aux [&hellip;]<\/p>\n","protected":false},"author":44,"featured_media":39159,"comment_status":"open","ping_status":"open","sticky":false,"template":"","format":"standard","meta":{"footnotes":""},"categories":[460,4152,13,18],"tags":[7850],"class_list":["post-39158","post","type-post","status-publish","format-standard","has-post-thumbnail","hentry","category-a-la-une","category-sante","category-societe","category-vosges","tag-caf-des-vosges"],"acf":[],"yoast_head":"<!-- This site is optimized with the Yoast SEO plugin v22.5 - https:\/\/yoast.com\/wordpress\/plugins\/seo\/ -->\n<title>CAF des Vosges \u2013 900 masques transparents mis \u00e0 disposition des cr\u00e8ches et maisons d\u2019assistantes maternelles du d\u00e9partement. - Saint Die Info<\/title>\n<meta name=\"robots\" content=\"index, follow, max-snippet:-1, max-image-preview:large, max-video-preview:-1\" \/>\n<link rel=\"canonical\" href=\"https:\/\/vosgesinfo.fr\/saintdieinfo\/2021\/01\/caf-vosges-900-masques-transparents-mis-a-disposition-creches-maisons-dassistantes-maternelles-departement\/\" \/>\n<meta name=\"twitter:card\" content=\"summary_large_image\" \/>\n<meta name=\"twitter:title\" content=\"CAF des Vosges \u2013 900 masques transparents mis \u00e0 disposition des cr\u00e8ches et maisons d\u2019assistantes maternelles du d\u00e9partement. - Saint Die Info\" \/>\n<meta name=\"twitter:description\" content=\"A l\u2019invitation d\u2019Olivier V\u00e9ran, Ministre de la Sant\u00e9 et des Solidarit\u00e9s, et d\u2019Adrien Taquet, Secr\u00e9taire d\u2019Etat \u00e0 l\u2019enfance et aux [&hellip;]\" \/>\n<meta name=\"twitter:image\" content=\"https:\/\/vosgesinfo.fr\/app\/uploads\/sites\/4\/2024\/08\/202101creche-pouxeux.jpg\" \/>\n<meta name=\"twitter:creator\" content=\"@VosgesInfo88\" \/>\n<meta name=\"twitter:site\" content=\"@VosgesInfo88\" \/>\n<meta name=\"twitter:label1\" content=\"\u00c9crit par\" \/>\n\t<meta name=\"twitter:data1\" content=\"la r\u00e9daction\" \/>\n\t<meta name=\"twitter:label2\" content=\"Dur\u00e9e de lecture estim\u00e9e\" \/>\n\t<meta name=\"twitter:data2\" content=\"1 minute\" \/>\n<script type=\"application\/ld+json\" class=\"yoast-schema-graph\">{\"@context\":\"https:\/\/schema.org\",\"@graph\":[{\"@type\":\"Article\",\"@id\":\"https:\/\/vosgesinfo.fr\/saintdieinfo\/2021\/01\/caf-vosges-900-masques-transparents-mis-a-disposition-creches-maisons-dassistantes-maternelles-departement\/#article\",\"isPartOf\":{\"@id\":\"https:\/\/vosgesinfo.fr\/saintdieinfo\/2021\/01\/caf-vosges-900-masques-transparents-mis-a-disposition-creches-maisons-dassistantes-maternelles-departement\/\"},\"author\":{\"name\":\"la r\u00e9daction\",\"@id\":\"https:\/\/vosgesinfo.fr\/saintdieinfo\/#\/schema\/person\/faee6704a21f3977511db84bd1cd450f\"},\"headline\":\"CAF des Vosges \u2013 900 masques transparents mis \u00e0 disposition des cr\u00e8ches et maisons d\u2019assistantes maternelles du d\u00e9partement.\",\"datePublished\":\"2021-01-06T09:02:46+00:00\",\"dateModified\":\"2021-01-06T09:02:46+00:00\",\"mainEntityOfPage\":{\"@id\":\"https:\/\/vosgesinfo.fr\/saintdieinfo\/2021\/01\/caf-vosges-900-masques-transparents-mis-a-disposition-creches-maisons-dassistantes-maternelles-departement\/\"},\"wordCount\":174,\"commentCount\":0,\"publisher\":{\"@id\":\"https:\/\/vosgesinfo.fr\/saintdieinfo\/#organization\"},\"image\":{\"@id\":\"https:\/\/vosgesinfo.fr\/saintdieinfo\/2021\/01\/caf-vosges-900-masques-transparents-mis-a-disposition-creches-maisons-dassistantes-maternelles-departement\/#primaryimage\"},\"thumbnailUrl\":\"https:\/\/vosgesinfo.fr\/app\/uploads\/sites\/4\/2024\/08\/202101creche-pouxeux.jpg\",\"keywords\":[\"CAF des Vosges\"],\"articleSection\":[\"A la Une\",\"Sant\u00e9\",\"Soci\u00e9t\u00e9\",\"Vosges\"],\"inLanguage\":\"fr-FR\",\"potentialAction\":[{\"@type\":\"CommentAction\",\"name\":\"Comment\",\"target\":[\"https:\/\/vosgesinfo.fr\/saintdieinfo\/2021\/01\/caf-vosges-900-masques-transparents-mis-a-disposition-creches-maisons-dassistantes-maternelles-departement\/#respond\"]}]},{\"@type\":\"WebPage\",\"@id\":\"https:\/\/vosgesinfo.fr\/saintdieinfo\/2021\/01\/caf-vosges-900-masques-transparents-mis-a-disposition-creches-maisons-dassistantes-maternelles-departement\/\",\"url\":\"https:\/\/vosgesinfo.fr\/saintdieinfo\/2021\/01\/caf-vosges-900-masques-transparents-mis-a-disposition-creches-maisons-dassistantes-maternelles-departement\/\",\"name\":\"CAF des Vosges \u2013 900 masques transparents mis \u00e0 disposition des cr\u00e8ches et maisons d\u2019assistantes maternelles du d\u00e9partement. - Saint Die Info\",\"isPartOf\":{\"@id\":\"https:\/\/vosgesinfo.fr\/saintdieinfo\/#website\"},\"primaryImageOfPage\":{\"@id\":\"https:\/\/vosgesinfo.fr\/saintdieinfo\/2021\/01\/caf-vosges-900-masques-transparents-mis-a-disposition-creches-maisons-dassistantes-maternelles-departement\/#primaryimage\"},\"image\":{\"@id\":\"https:\/\/vosgesinfo.fr\/saintdieinfo\/2021\/01\/caf-vosges-900-masques-transparents-mis-a-disposition-creches-maisons-dassistantes-maternelles-departement\/#primaryimage\"},\"thumbnailUrl\":\"https:\/\/vosgesinfo.fr\/app\/uploads\/sites\/4\/2024\/08\/202101creche-pouxeux.jpg\",\"datePublished\":\"2021-01-06T09:02:46+00:00\",\"dateModified\":\"2021-01-06T09:02:46+00:00\",\"breadcrumb\":{\"@id\":\"https:\/\/vosgesinfo.fr\/saintdieinfo\/2021\/01\/caf-vosges-900-masques-transparents-mis-a-disposition-creches-maisons-dassistantes-maternelles-departement\/#breadcrumb\"},\"inLanguage\":\"fr-FR\",\"potentialAction\":[{\"@type\":\"ReadAction\",\"target\":[\"https:\/\/vosgesinfo.fr\/saintdieinfo\/2021\/01\/caf-vosges-900-masques-transparents-mis-a-disposition-creches-maisons-dassistantes-maternelles-departement\/\"]}]},{\"@type\":\"ImageObject\",\"inLanguage\":\"fr-FR\",\"@id\":\"https:\/\/vosgesinfo.fr\/saintdieinfo\/2021\/01\/caf-vosges-900-masques-transparents-mis-a-disposition-creches-maisons-dassistantes-maternelles-departement\/#primaryimage\",\"url\":\"https:\/\/vosgesinfo.fr\/app\/uploads\/sites\/4\/2024\/08\/202101creche-pouxeux.jpg\",\"contentUrl\":\"https:\/\/vosgesinfo.fr\/app\/uploads\/sites\/4\/2024\/08\/202101creche-pouxeux.jpg\",\"width\":450,\"height\":800},{\"@type\":\"BreadcrumbList\",\"@id\":\"https:\/\/vosgesinfo.fr\/saintdieinfo\/2021\/01\/caf-vosges-900-masques-transparents-mis-a-disposition-creches-maisons-dassistantes-maternelles-departement\/#breadcrumb\",\"itemListElement\":[{\"@type\":\"ListItem\",\"position\":1,\"name\":\"Home\",\"item\":\"https:\/\/vosgesinfo.fr\/saintdieinfo\/\"},{\"@type\":\"ListItem\",\"position\":2,\"name\":\"CAF des Vosges \u2013 900 masques transparents mis \u00e0 disposition des cr\u00e8ches et maisons d\u2019assistantes maternelles du d\u00e9partement.\"}]},{\"@type\":\"WebSite\",\"@id\":\"https:\/\/vosgesinfo.fr\/saintdieinfo\/#website\",\"url\":\"https:\/\/vosgesinfo.fr\/saintdieinfo\/\",\"name\":\"Saint Die Info\",\"description\":\"Toute l&#039;actualit\u00e9 de Saint-Di\u00e9-Des-Vosges\",\"publisher\":{\"@id\":\"https:\/\/vosgesinfo.fr\/saintdieinfo\/#organization\"},\"alternateName\":\"Toute l'actualit\u00e9 de Saint-Di\u00e9-Des-Vosges\",\"potentialAction\":[{\"@type\":\"SearchAction\",\"target\":{\"@type\":\"EntryPoint\",\"urlTemplate\":\"https:\/\/vosgesinfo.fr\/saintdieinfo\/?s={search_term_string}\"},\"query-input\":\"required name=search_term_string\"}],\"inLanguage\":\"fr-FR\"},{\"@type\":\"Organization\",\"@id\":\"https:\/\/vosgesinfo.fr\/saintdieinfo\/#organization\",\"name\":\"Saint Die Info\",\"url\":\"https:\/\/vosgesinfo.fr\/saintdieinfo\/\",\"logo\":{\"@type\":\"ImageObject\",\"inLanguage\":\"fr-FR\",\"@id\":\"https:\/\/vosgesinfo.fr\/saintdieinfo\/#\/schema\/logo\/image\/\",\"url\":\"https:\/\/vosgesinfo.fr\/app\/uploads\/sites\/4\/2024\/02\/logo-sdi.jpg\",\"contentUrl\":\"https:\/\/vosgesinfo.fr\/app\/uploads\/sites\/4\/2024\/02\/logo-sdi.jpg\",\"width\":600,\"height\":600,\"caption\":\"Saint Die Info\"},\"image\":{\"@id\":\"https:\/\/vosgesinfo.fr\/saintdieinfo\/#\/schema\/logo\/image\/\"},\"sameAs\":[\"https:\/\/www.facebook.com\/Saintdieinfofr\",\"https:\/\/x.com\/VosgesInfo88\",\"https:\/\/www.youtube.com\/@vosgesinfo\"]},{\"@type\":\"Person\",\"@id\":\"https:\/\/vosgesinfo.fr\/saintdieinfo\/#\/schema\/person\/faee6704a21f3977511db84bd1cd450f\",\"name\":\"la r\u00e9daction\",\"image\":{\"@type\":\"ImageObject\",\"inLanguage\":\"fr-FR\",\"@id\":\"https:\/\/vosgesinfo.fr\/saintdieinfo\/#\/schema\/person\/image\/\",\"url\":\"https:\/\/secure.gravatar.com\/avatar\/6673d8bc6a9c17fa9a453eaa3448de834fa308c2ec9635b7aa99441a7c8d2cf6?s=96&d=mm&r=g\",\"contentUrl\":\"https:\/\/secure.gravatar.com\/avatar\/6673d8bc6a9c17fa9a453eaa3448de834fa308c2ec9635b7aa99441a7c8d2cf6?s=96&d=mm&r=g\",\"caption\":\"la r\u00e9daction\"},\"url\":\"https:\/\/vosgesinfo.fr\/saintdieinfo\/author\/redac\/\"}]}<\/script>\n<!-- \/ Yoast SEO plugin. -->","yoast_head_json":{"title":"CAF des Vosges \u2013 900 masques transparents mis \u00e0 disposition des cr\u00e8ches et maisons d\u2019assistantes maternelles du d\u00e9partement. - Saint Die Info","robots":{"index":"index","follow":"follow","max-snippet":"max-snippet:-1","max-image-preview":"max-image-preview:large","max-video-preview":"max-video-preview:-1"},"canonical":"https:\/\/vosgesinfo.fr\/saintdieinfo\/2021\/01\/caf-vosges-900-masques-transparents-mis-a-disposition-creches-maisons-dassistantes-maternelles-departement\/","twitter_card":"summary_large_image","twitter_title":"CAF des Vosges \u2013 900 masques transparents mis \u00e0 disposition des cr\u00e8ches et maisons d\u2019assistantes maternelles du d\u00e9partement. - Saint Die Info","twitter_description":"A l\u2019invitation d\u2019Olivier V\u00e9ran, Ministre de la Sant\u00e9 et des Solidarit\u00e9s, et d\u2019Adrien Taquet, Secr\u00e9taire d\u2019Etat \u00e0 l\u2019enfance et aux [&hellip;]","twitter_image":"https:\/\/vosgesinfo.fr\/app\/uploads\/sites\/4\/2024\/08\/202101creche-pouxeux.jpg","twitter_creator":"@VosgesInfo88","twitter_site":"@VosgesInfo88","twitter_misc":{"\u00c9crit par":"la r\u00e9daction","Dur\u00e9e de lecture estim\u00e9e":"1 minute"},"schema":{"@context":"https:\/\/schema.org","@graph":[{"@type":"Article","@id":"https:\/\/vosgesinfo.fr\/saintdieinfo\/2021\/01\/caf-vosges-900-masques-transparents-mis-a-disposition-creches-maisons-dassistantes-maternelles-departement\/#article","isPartOf":{"@id":"https:\/\/vosgesinfo.fr\/saintdieinfo\/2021\/01\/caf-vosges-900-masques-transparents-mis-a-disposition-creches-maisons-dassistantes-maternelles-departement\/"},"author":{"name":"la r\u00e9daction","@id":"https:\/\/vosgesinfo.fr\/saintdieinfo\/#\/schema\/person\/faee6704a21f3977511db84bd1cd450f"},"headline":"CAF des Vosges \u2013 900 masques transparents mis \u00e0 disposition des cr\u00e8ches et maisons d\u2019assistantes maternelles du d\u00e9partement.","datePublished":"2021-01-06T09:02:46+00:00","dateModified":"2021-01-06T09:02:46+00:00","mainEntityOfPage":{"@id":"https:\/\/vosgesinfo.fr\/saintdieinfo\/2021\/01\/caf-vosges-900-masques-transparents-mis-a-disposition-creches-maisons-dassistantes-maternelles-departement\/"},"wordCount":174,"commentCount":0,"publisher":{"@id":"https:\/\/vosgesinfo.fr\/saintdieinfo\/#organization"},"image":{"@id":"https:\/\/vosgesinfo.fr\/saintdieinfo\/2021\/01\/caf-vosges-900-masques-transparents-mis-a-disposition-creches-maisons-dassistantes-maternelles-departement\/#primaryimage"},"thumbnailUrl":"https:\/\/vosgesinfo.fr\/app\/uploads\/sites\/4\/2024\/08\/202101creche-pouxeux.jpg","keywords":["CAF des Vosges"],"articleSection":["A la Une","Sant\u00e9","Soci\u00e9t\u00e9","Vosges"],"inLanguage":"fr-FR","potentialAction":[{"@type":"CommentAction","name":"Comment","target":["https:\/\/vosgesinfo.fr\/saintdieinfo\/2021\/01\/caf-vosges-900-masques-transparents-mis-a-disposition-creches-maisons-dassistantes-maternelles-departement\/#respond"]}]},{"@type":"WebPage","@id":"https:\/\/vosgesinfo.fr\/saintdieinfo\/2021\/01\/caf-vosges-900-masques-transparents-mis-a-disposition-creches-maisons-dassistantes-maternelles-departement\/","url":"https:\/\/vosgesinfo.fr\/saintdieinfo\/2021\/01\/caf-vosges-900-masques-transparents-mis-a-disposition-creches-maisons-dassistantes-maternelles-departement\/","name":"CAF des Vosges \u2013 900 masques transparents mis \u00e0 disposition des cr\u00e8ches et maisons d\u2019assistantes maternelles du d\u00e9partement. - Saint Die Info","isPartOf":{"@id":"https:\/\/vosgesinfo.fr\/saintdieinfo\/#website"},"primaryImageOfPage":{"@id":"https:\/\/vosgesinfo.fr\/saintdieinfo\/2021\/01\/caf-vosges-900-masques-transparents-mis-a-disposition-creches-maisons-dassistantes-maternelles-departement\/#primaryimage"},"image":{"@id":"https:\/\/vosgesinfo.fr\/saintdieinfo\/2021\/01\/caf-vosges-900-masques-transparents-mis-a-disposition-creches-maisons-dassistantes-maternelles-departement\/#primaryimage"},"thumbnailUrl":"https:\/\/vosgesinfo.fr\/app\/uploads\/sites\/4\/2024\/08\/202101creche-pouxeux.jpg","datePublished":"2021-01-06T09:02:46+00:00","dateModified":"2021-01-06T09:02:46+00:00","breadcrumb":{"@id":"https:\/\/vosgesinfo.fr\/saintdieinfo\/2021\/01\/caf-vosges-900-masques-transparents-mis-a-disposition-creches-maisons-dassistantes-maternelles-departement\/#breadcrumb"},"inLanguage":"fr-FR","potentialAction":[{"@type":"ReadAction","target":["https:\/\/vosgesinfo.fr\/saintdieinfo\/2021\/01\/caf-vosges-900-masques-transparents-mis-a-disposition-creches-maisons-dassistantes-maternelles-departement\/"]}]},{"@type":"ImageObject","inLanguage":"fr-FR","@id":"https:\/\/vosgesinfo.fr\/saintdieinfo\/2021\/01\/caf-vosges-900-masques-transparents-mis-a-disposition-creches-maisons-dassistantes-maternelles-departement\/#primaryimage","url":"https:\/\/vosgesinfo.fr\/app\/uploads\/sites\/4\/2024\/08\/202101creche-pouxeux.jpg","contentUrl":"https:\/\/vosgesinfo.fr\/app\/uploads\/sites\/4\/2024\/08\/202101creche-pouxeux.jpg","width":450,"height":800},{"@type":"BreadcrumbList","@id":"https:\/\/vosgesinfo.fr\/saintdieinfo\/2021\/01\/caf-vosges-900-masques-transparents-mis-a-disposition-creches-maisons-dassistantes-maternelles-departement\/#breadcrumb","itemListElement":[{"@type":"ListItem","position":1,"name":"Home","item":"https:\/\/vosgesinfo.fr\/saintdieinfo\/"},{"@type":"ListItem","position":2,"name":"CAF des Vosges \u2013 900 masques transparents mis \u00e0 disposition des cr\u00e8ches et maisons d\u2019assistantes maternelles du d\u00e9partement."}]},{"@type":"WebSite","@id":"https:\/\/vosgesinfo.fr\/saintdieinfo\/#website","url":"https:\/\/vosgesinfo.fr\/saintdieinfo\/","name":"Saint Die Info","description":"Toute l&#039;actualit\u00e9 de Saint-Di\u00e9-Des-Vosges","publisher":{"@id":"https:\/\/vosgesinfo.fr\/saintdieinfo\/#organization"},"alternateName":"Toute l'actualit\u00e9 de Saint-Di\u00e9-Des-Vosges","potentialAction":[{"@type":"SearchAction","target":{"@type":"EntryPoint","urlTemplate":"https:\/\/vosgesinfo.fr\/saintdieinfo\/?s={search_term_string}"},"query-input":"required name=search_term_string"}],"inLanguage":"fr-FR"},{"@type":"Organization","@id":"https:\/\/vosgesinfo.fr\/saintdieinfo\/#organization","name":"Saint Die Info","url":"https:\/\/vosgesinfo.fr\/saintdieinfo\/","logo":{"@type":"ImageObject","inLanguage":"fr-FR","@id":"https:\/\/vosgesinfo.fr\/saintdieinfo\/#\/schema\/logo\/image\/","url":"https:\/\/vosgesinfo.fr\/app\/uploads\/sites\/4\/2024\/02\/logo-sdi.jpg","contentUrl":"https:\/\/vosgesinfo.fr\/app\/uploads\/sites\/4\/2024\/02\/logo-sdi.jpg","width":600,"height":600,"caption":"Saint Die Info"},"image":{"@id":"https:\/\/vosgesinfo.fr\/saintdieinfo\/#\/schema\/logo\/image\/"},"sameAs":["https:\/\/www.facebook.com\/Saintdieinfofr","https:\/\/x.com\/VosgesInfo88","https:\/\/www.youtube.com\/@vosgesinfo"]},{"@type":"Person","@id":"https:\/\/vosgesinfo.fr\/saintdieinfo\/#\/schema\/person\/faee6704a21f3977511db84bd1cd450f","name":"la r\u00e9daction","image":{"@type":"ImageObject","inLanguage":"fr-FR","@id":"https:\/\/vosgesinfo.fr\/saintdieinfo\/#\/schema\/person\/image\/","url":"https:\/\/secure.gravatar.com\/avatar\/6673d8bc6a9c17fa9a453eaa3448de834fa308c2ec9635b7aa99441a7c8d2cf6?s=96&d=mm&r=g","contentUrl":"https:\/\/secure.gravatar.com\/avatar\/6673d8bc6a9c17fa9a453eaa3448de834fa308c2ec9635b7aa99441a7c8d2cf6?s=96&d=mm&r=g","caption":"la r\u00e9daction"},"url":"https:\/\/vosgesinfo.fr\/saintdieinfo\/author\/redac\/"}]}},"_links":{"self":[{"href":"https:\/\/vosgesinfo.fr\/saintdieinfo\/wp-json\/wp\/v2\/posts\/39158","targetHints":{"allow":["GET"]}}],"collection":[{"href":"https:\/\/vosgesinfo.fr\/saintdieinfo\/wp-json\/wp\/v2\/posts"}],"about":[{"href":"https:\/\/vosgesinfo.fr\/saintdieinfo\/wp-json\/wp\/v2\/types\/post"}],"author":[{"embeddable":true,"href":"https:\/\/vosgesinfo.fr\/saintdieinfo\/wp-json\/wp\/v2\/users\/44"}],"replies":[{"embeddable":true,"href":"https:\/\/vosgesinfo.fr\/saintdieinfo\/wp-json\/wp\/v2\/comments?post=39158"}],"version-history":[{"count":0,"href":"https:\/\/vosgesinfo.fr\/saintdieinfo\/wp-json\/wp\/v2\/posts\/39158\/revisions"}],"wp:featuredmedia":[{"embeddable":true,"href":"https:\/\/vosgesinfo.fr\/saintdieinfo\/wp-json\/wp\/v2\/media\/39159"}],"wp:attachment":[{"href":"https:\/\/vosgesinfo.fr\/saintdieinfo\/wp-json\/wp\/v2\/media?parent=39158"}],"wp:term":[{"taxonomy":"category","embeddable":true,"href":"https:\/\/vosgesinfo.fr\/saintdieinfo\/wp-json\/wp\/v2\/categories?post=39158"},{"taxonomy":"post_tag","embeddable":true,"href":"https:\/\/vosgesinfo.fr\/saintdieinfo\/wp-json\/wp\/v2\/tags?post=39158"}],"curies":[{"name":"wp","href":"https:\/\/api.w.org\/{rel}","templated":true}]}}