{"id":39204,"date":"2021-01-11T20:17:10","date_gmt":"2021-01-11T19:17:10","guid":{"rendered":"https:\/\/vosgesinfo.fr\/saintdieinfo\/2021\/01\/maxence-piquet-oeuvre-malheureusement-dactualite-intitulee-lhomme-pleure\/"},"modified":"2021-01-11T20:17:10","modified_gmt":"2021-01-11T19:17:10","slug":"maxence-piquet-oeuvre-malheureusement-dactualite-intitulee-lhomme-pleure","status":"publish","type":"post","link":"https:\/\/vosgesinfo.fr\/saintdieinfo\/2021\/01\/maxence-piquet-oeuvre-malheureusement-dactualite-intitulee-lhomme-pleure\/","title":{"rendered":"Maxence Piquet : une \u0153uvre malheureusement d&rsquo;actualit\u00e9 intitul\u00e9e \u00ab\u00a0L&rsquo;homme qui pleure\u00a0\u00bb"},"content":{"rendered":"<h3><a href=\"\/2021\/01\/M.-Piquet-lhomme-qui-pleure.jpg\"><img decoding=\"async\" class=\"aligncenter size-full wp-image-165968\" src=\"\/2021\/01\/M.-Piquet-lhomme-qui-pleure.jpg\" alt=\"M. Piquet l'homme qui pleure\" width=\"605\" height=\"800\" \/><\/a><\/h3>\n<h3>Bas\u00e9 \u00e0 Corcieux, l&rsquo;artiste-peintre Maxence Piquet pr\u00e9sente sa derni\u00e8re \u0153uvre intitul\u00e9e \u00ab\u00a0L&rsquo;HOMME QUI PLEURE\u00a0\u00bb en r\u00e9f\u00e9rence \u00e0 \u00ab\u00a0La femme qui pleure\u00a0\u00bb de Picasso. Un th\u00e8me qui fait malheureusement \u00e9cho \u00e0 l&rsquo;actualit\u00e9 du moment avec une crise sanitaire de plus en plus difficile \u00e0 vivre&#8230;<\/h3>\n<p>Pourtant, ce n&rsquo;est pas la la crise sanitaire et ses restrictions que l&rsquo;artiste pensait lorsqu&rsquo;il a donn\u00e9 les premiers coups de pinceaux : \u00ab\u00a0<em>C&rsquo;est une \u0153uvre que j&rsquo;avais commenc\u00e9 il y a quelques ann\u00e9es, 4 ou 5 ans&#8230; Je l&rsquo;avais r\u00e9alis\u00e9 suite a une grosse facture de gaz que j&rsquo;avais re\u00e7u et dont je ne comprenais pas le montant \u00e9lev\u00e9<\/em>.\u00a0\u00bb explique-t-il, lui qui a voulu r\u00e9aliser une \u0153uvre un peu ironique. et de poursuivre : \u00ab\u00a0<em>Au d\u00e9part, je ne l&rsquo;aimais pas tellement et je voulais la jeter, finalement je l&rsquo;ai stock\u00e9e et je l&rsquo;ai retrouv\u00e9e il y a peu de temps. J&rsquo;ai d\u00e9cid\u00e9 de la retravailler pour obtenir cette cr\u00e9ation.<\/em>\u00a0\u00bb<\/p>\n<div dir=\"auto\">Une sorte de nouvelle vie, de mue pour ce tableau qui, du point de vue de son cr\u00e9ateur, \u00e9voque donc la situation actuelle et qui dure avec ce virus : \u00ab\u00a0<em>La souffrance de beaucoup de gens dans une situation qui p\u00e8se, qui n&rsquo;est pas tellement ma\u00eetris\u00e9e, incoh\u00e9rente et incompr\u00e9hensible. Les pleurent des gens qui ne peuvent plus travailler, de ceux qui s&rsquo;endettent pour vivre \u00e0 minima, de ce qui travaillent dans des conditions in\u00e9dites et \u00e0 flux tendu, des demandeurs d&#8217;emplois, des \u00e9tudiants, des enfants et des femmes battues, des oubli\u00e9(e)s en g\u00e9n\u00e9ral&#8230; d&rsquo;une forme de privation de notre petite libert\u00e9 et d&rsquo;un syst\u00e8me qui s&rsquo;endette pour laisser un avenir qui ne s&rsquo;annonce pas tr\u00e8s glorieux<\/em>.\u00a0\u00bb<\/div>\n<div dir=\"auto\"><\/div>\n<div dir=\"auto\">Pour conclure sur une note positive, Maxence Piquet souhaite de tout c\u0153ur que l&rsquo;image que repr\u00e9sente cette \u0153uvre sera d\u00e9sormais de courte dur\u00e9e, la plus courte qui soit, et laissera de nouveau place \u00e0 des conditions de vie dite \u00ab\u00a0normales\u00a0\u00bb avec \u00e0 nouveau des rassemblements conviviaux et culturels.<\/div>\n<div dir=\"auto\"><\/div>\n","protected":false},"excerpt":{"rendered":"<p>Bas\u00e9 \u00e0 Corcieux, l&rsquo;artiste-peintre Maxence Piquet pr\u00e9sente sa derni\u00e8re \u0153uvre intitul\u00e9e \u00ab\u00a0L&rsquo;HOMME QUI PLEURE\u00a0\u00bb en r\u00e9f\u00e9rence \u00e0 \u00ab\u00a0La femme qui [&hellip;]<\/p>\n","protected":false},"author":44,"featured_media":39205,"comment_status":"open","ping_status":"open","sticky":false,"template":"","format":"standard","meta":{"footnotes":""},"categories":[460,7847,18],"tags":[7860],"class_list":["post-39204","post","type-post","status-publish","format-standard","has-post-thumbnail","hentry","category-a-la-une","category-art-culture","category-vosges","tag-maxence-piquet"],"acf":[],"yoast_head":"<!-- This site is optimized with the Yoast SEO plugin v22.5 - https:\/\/yoast.com\/wordpress\/plugins\/seo\/ -->\n<title>Maxence Piquet : une \u0153uvre malheureusement d&#039;actualit\u00e9 intitul\u00e9e &quot;L&#039;homme qui pleure&quot; - Saint Die Info<\/title>\n<meta name=\"robots\" content=\"index, follow, max-snippet:-1, max-image-preview:large, max-video-preview:-1\" \/>\n<link rel=\"canonical\" href=\"https:\/\/vosgesinfo.fr\/saintdieinfo\/2021\/01\/maxence-piquet-oeuvre-malheureusement-dactualite-intitulee-lhomme-pleure\/\" \/>\n<meta name=\"twitter:card\" content=\"summary_large_image\" \/>\n<meta name=\"twitter:title\" content=\"Maxence Piquet : une \u0153uvre malheureusement d&#039;actualit\u00e9 intitul\u00e9e &quot;L&#039;homme qui pleure&quot; - Saint Die Info\" \/>\n<meta name=\"twitter:description\" content=\"Bas\u00e9 \u00e0 Corcieux, l&rsquo;artiste-peintre Maxence Piquet pr\u00e9sente sa derni\u00e8re \u0153uvre intitul\u00e9e \u00ab\u00a0L&rsquo;HOMME QUI PLEURE\u00a0\u00bb en r\u00e9f\u00e9rence \u00e0 \u00ab\u00a0La femme qui [&hellip;]\" \/>\n<meta name=\"twitter:image\" content=\"https:\/\/vosgesinfo.fr\/app\/uploads\/sites\/4\/2024\/08\/202101m.-piquet-lhomme-qui-pleure.jpg\" \/>\n<meta name=\"twitter:creator\" content=\"@VosgesInfo88\" \/>\n<meta name=\"twitter:site\" content=\"@VosgesInfo88\" \/>\n<meta name=\"twitter:label1\" content=\"\u00c9crit par\" \/>\n\t<meta name=\"twitter:data1\" content=\"la r\u00e9daction\" \/>\n\t<meta name=\"twitter:label2\" content=\"Dur\u00e9e de lecture estim\u00e9e\" \/>\n\t<meta name=\"twitter:data2\" content=\"2 minutes\" \/>\n<script type=\"application\/ld+json\" class=\"yoast-schema-graph\">{\"@context\":\"https:\/\/schema.org\",\"@graph\":[{\"@type\":\"Article\",\"@id\":\"https:\/\/vosgesinfo.fr\/saintdieinfo\/2021\/01\/maxence-piquet-oeuvre-malheureusement-dactualite-intitulee-lhomme-pleure\/#article\",\"isPartOf\":{\"@id\":\"https:\/\/vosgesinfo.fr\/saintdieinfo\/2021\/01\/maxence-piquet-oeuvre-malheureusement-dactualite-intitulee-lhomme-pleure\/\"},\"author\":{\"name\":\"la r\u00e9daction\",\"@id\":\"https:\/\/vosgesinfo.fr\/saintdieinfo\/#\/schema\/person\/faee6704a21f3977511db84bd1cd450f\"},\"headline\":\"Maxence Piquet : une \u0153uvre malheureusement d&rsquo;actualit\u00e9 intitul\u00e9e \u00ab\u00a0L&rsquo;homme qui pleure\u00a0\u00bb\",\"datePublished\":\"2021-01-11T19:17:10+00:00\",\"dateModified\":\"2021-01-11T19:17:10+00:00\",\"mainEntityOfPage\":{\"@id\":\"https:\/\/vosgesinfo.fr\/saintdieinfo\/2021\/01\/maxence-piquet-oeuvre-malheureusement-dactualite-intitulee-lhomme-pleure\/\"},\"wordCount\":372,\"commentCount\":0,\"publisher\":{\"@id\":\"https:\/\/vosgesinfo.fr\/saintdieinfo\/#organization\"},\"image\":{\"@id\":\"https:\/\/vosgesinfo.fr\/saintdieinfo\/2021\/01\/maxence-piquet-oeuvre-malheureusement-dactualite-intitulee-lhomme-pleure\/#primaryimage\"},\"thumbnailUrl\":\"https:\/\/vosgesinfo.fr\/app\/uploads\/sites\/4\/2024\/08\/202101m.-piquet-lhomme-qui-pleure.jpg\",\"keywords\":[\"Maxence Piquet\"],\"articleSection\":[\"A la Une\",\"Culture\",\"Vosges\"],\"inLanguage\":\"fr-FR\",\"potentialAction\":[{\"@type\":\"CommentAction\",\"name\":\"Comment\",\"target\":[\"https:\/\/vosgesinfo.fr\/saintdieinfo\/2021\/01\/maxence-piquet-oeuvre-malheureusement-dactualite-intitulee-lhomme-pleure\/#respond\"]}]},{\"@type\":\"WebPage\",\"@id\":\"https:\/\/vosgesinfo.fr\/saintdieinfo\/2021\/01\/maxence-piquet-oeuvre-malheureusement-dactualite-intitulee-lhomme-pleure\/\",\"url\":\"https:\/\/vosgesinfo.fr\/saintdieinfo\/2021\/01\/maxence-piquet-oeuvre-malheureusement-dactualite-intitulee-lhomme-pleure\/\",\"name\":\"Maxence Piquet : une \u0153uvre malheureusement d'actualit\u00e9 intitul\u00e9e \\\"L'homme qui pleure\\\" - Saint Die Info\",\"isPartOf\":{\"@id\":\"https:\/\/vosgesinfo.fr\/saintdieinfo\/#website\"},\"primaryImageOfPage\":{\"@id\":\"https:\/\/vosgesinfo.fr\/saintdieinfo\/2021\/01\/maxence-piquet-oeuvre-malheureusement-dactualite-intitulee-lhomme-pleure\/#primaryimage\"},\"image\":{\"@id\":\"https:\/\/vosgesinfo.fr\/saintdieinfo\/2021\/01\/maxence-piquet-oeuvre-malheureusement-dactualite-intitulee-lhomme-pleure\/#primaryimage\"},\"thumbnailUrl\":\"https:\/\/vosgesinfo.fr\/app\/uploads\/sites\/4\/2024\/08\/202101m.-piquet-lhomme-qui-pleure.jpg\",\"datePublished\":\"2021-01-11T19:17:10+00:00\",\"dateModified\":\"2021-01-11T19:17:10+00:00\",\"breadcrumb\":{\"@id\":\"https:\/\/vosgesinfo.fr\/saintdieinfo\/2021\/01\/maxence-piquet-oeuvre-malheureusement-dactualite-intitulee-lhomme-pleure\/#breadcrumb\"},\"inLanguage\":\"fr-FR\",\"potentialAction\":[{\"@type\":\"ReadAction\",\"target\":[\"https:\/\/vosgesinfo.fr\/saintdieinfo\/2021\/01\/maxence-piquet-oeuvre-malheureusement-dactualite-intitulee-lhomme-pleure\/\"]}]},{\"@type\":\"ImageObject\",\"inLanguage\":\"fr-FR\",\"@id\":\"https:\/\/vosgesinfo.fr\/saintdieinfo\/2021\/01\/maxence-piquet-oeuvre-malheureusement-dactualite-intitulee-lhomme-pleure\/#primaryimage\",\"url\":\"https:\/\/vosgesinfo.fr\/app\/uploads\/sites\/4\/2024\/08\/202101m.-piquet-lhomme-qui-pleure.jpg\",\"contentUrl\":\"https:\/\/vosgesinfo.fr\/app\/uploads\/sites\/4\/2024\/08\/202101m.-piquet-lhomme-qui-pleure.jpg\",\"width\":605,\"height\":800},{\"@type\":\"BreadcrumbList\",\"@id\":\"https:\/\/vosgesinfo.fr\/saintdieinfo\/2021\/01\/maxence-piquet-oeuvre-malheureusement-dactualite-intitulee-lhomme-pleure\/#breadcrumb\",\"itemListElement\":[{\"@type\":\"ListItem\",\"position\":1,\"name\":\"Home\",\"item\":\"https:\/\/vosgesinfo.fr\/saintdieinfo\/\"},{\"@type\":\"ListItem\",\"position\":2,\"name\":\"Maxence Piquet : une \u0153uvre malheureusement d&rsquo;actualit\u00e9 intitul\u00e9e \u00ab\u00a0L&rsquo;homme qui pleure\u00a0\u00bb\"}]},{\"@type\":\"WebSite\",\"@id\":\"https:\/\/vosgesinfo.fr\/saintdieinfo\/#website\",\"url\":\"https:\/\/vosgesinfo.fr\/saintdieinfo\/\",\"name\":\"Saint Die Info\",\"description\":\"Toute l&#039;actualit\u00e9 de Saint-Di\u00e9-Des-Vosges\",\"publisher\":{\"@id\":\"https:\/\/vosgesinfo.fr\/saintdieinfo\/#organization\"},\"alternateName\":\"Toute l'actualit\u00e9 de Saint-Di\u00e9-Des-Vosges\",\"potentialAction\":[{\"@type\":\"SearchAction\",\"target\":{\"@type\":\"EntryPoint\",\"urlTemplate\":\"https:\/\/vosgesinfo.fr\/saintdieinfo\/?s={search_term_string}\"},\"query-input\":\"required name=search_term_string\"}],\"inLanguage\":\"fr-FR\"},{\"@type\":\"Organization\",\"@id\":\"https:\/\/vosgesinfo.fr\/saintdieinfo\/#organization\",\"name\":\"Saint Die Info\",\"url\":\"https:\/\/vosgesinfo.fr\/saintdieinfo\/\",\"logo\":{\"@type\":\"ImageObject\",\"inLanguage\":\"fr-FR\",\"@id\":\"https:\/\/vosgesinfo.fr\/saintdieinfo\/#\/schema\/logo\/image\/\",\"url\":\"https:\/\/vosgesinfo.fr\/app\/uploads\/sites\/4\/2024\/02\/logo-sdi.jpg\",\"contentUrl\":\"https:\/\/vosgesinfo.fr\/app\/uploads\/sites\/4\/2024\/02\/logo-sdi.jpg\",\"width\":600,\"height\":600,\"caption\":\"Saint Die Info\"},\"image\":{\"@id\":\"https:\/\/vosgesinfo.fr\/saintdieinfo\/#\/schema\/logo\/image\/\"},\"sameAs\":[\"https:\/\/www.facebook.com\/Saintdieinfofr\",\"https:\/\/x.com\/VosgesInfo88\",\"https:\/\/www.youtube.com\/@vosgesinfo\"]},{\"@type\":\"Person\",\"@id\":\"https:\/\/vosgesinfo.fr\/saintdieinfo\/#\/schema\/person\/faee6704a21f3977511db84bd1cd450f\",\"name\":\"la r\u00e9daction\",\"image\":{\"@type\":\"ImageObject\",\"inLanguage\":\"fr-FR\",\"@id\":\"https:\/\/vosgesinfo.fr\/saintdieinfo\/#\/schema\/person\/image\/\",\"url\":\"https:\/\/secure.gravatar.com\/avatar\/6673d8bc6a9c17fa9a453eaa3448de834fa308c2ec9635b7aa99441a7c8d2cf6?s=96&d=mm&r=g\",\"contentUrl\":\"https:\/\/secure.gravatar.com\/avatar\/6673d8bc6a9c17fa9a453eaa3448de834fa308c2ec9635b7aa99441a7c8d2cf6?s=96&d=mm&r=g\",\"caption\":\"la r\u00e9daction\"},\"url\":\"https:\/\/vosgesinfo.fr\/saintdieinfo\/author\/redac\/\"}]}<\/script>\n<!-- \/ Yoast SEO plugin. -->","yoast_head_json":{"title":"Maxence Piquet : une \u0153uvre malheureusement d'actualit\u00e9 intitul\u00e9e \"L'homme qui pleure\" - Saint Die Info","robots":{"index":"index","follow":"follow","max-snippet":"max-snippet:-1","max-image-preview":"max-image-preview:large","max-video-preview":"max-video-preview:-1"},"canonical":"https:\/\/vosgesinfo.fr\/saintdieinfo\/2021\/01\/maxence-piquet-oeuvre-malheureusement-dactualite-intitulee-lhomme-pleure\/","twitter_card":"summary_large_image","twitter_title":"Maxence Piquet : une \u0153uvre malheureusement d'actualit\u00e9 intitul\u00e9e \"L'homme qui pleure\" - Saint Die Info","twitter_description":"Bas\u00e9 \u00e0 Corcieux, l&rsquo;artiste-peintre Maxence Piquet pr\u00e9sente sa derni\u00e8re \u0153uvre intitul\u00e9e \u00ab\u00a0L&rsquo;HOMME QUI PLEURE\u00a0\u00bb en r\u00e9f\u00e9rence \u00e0 \u00ab\u00a0La femme qui [&hellip;]","twitter_image":"https:\/\/vosgesinfo.fr\/app\/uploads\/sites\/4\/2024\/08\/202101m.-piquet-lhomme-qui-pleure.jpg","twitter_creator":"@VosgesInfo88","twitter_site":"@VosgesInfo88","twitter_misc":{"\u00c9crit par":"la r\u00e9daction","Dur\u00e9e de lecture estim\u00e9e":"2 minutes"},"schema":{"@context":"https:\/\/schema.org","@graph":[{"@type":"Article","@id":"https:\/\/vosgesinfo.fr\/saintdieinfo\/2021\/01\/maxence-piquet-oeuvre-malheureusement-dactualite-intitulee-lhomme-pleure\/#article","isPartOf":{"@id":"https:\/\/vosgesinfo.fr\/saintdieinfo\/2021\/01\/maxence-piquet-oeuvre-malheureusement-dactualite-intitulee-lhomme-pleure\/"},"author":{"name":"la r\u00e9daction","@id":"https:\/\/vosgesinfo.fr\/saintdieinfo\/#\/schema\/person\/faee6704a21f3977511db84bd1cd450f"},"headline":"Maxence Piquet : une \u0153uvre malheureusement d&rsquo;actualit\u00e9 intitul\u00e9e \u00ab\u00a0L&rsquo;homme qui pleure\u00a0\u00bb","datePublished":"2021-01-11T19:17:10+00:00","dateModified":"2021-01-11T19:17:10+00:00","mainEntityOfPage":{"@id":"https:\/\/vosgesinfo.fr\/saintdieinfo\/2021\/01\/maxence-piquet-oeuvre-malheureusement-dactualite-intitulee-lhomme-pleure\/"},"wordCount":372,"commentCount":0,"publisher":{"@id":"https:\/\/vosgesinfo.fr\/saintdieinfo\/#organization"},"image":{"@id":"https:\/\/vosgesinfo.fr\/saintdieinfo\/2021\/01\/maxence-piquet-oeuvre-malheureusement-dactualite-intitulee-lhomme-pleure\/#primaryimage"},"thumbnailUrl":"https:\/\/vosgesinfo.fr\/app\/uploads\/sites\/4\/2024\/08\/202101m.-piquet-lhomme-qui-pleure.jpg","keywords":["Maxence Piquet"],"articleSection":["A la Une","Culture","Vosges"],"inLanguage":"fr-FR","potentialAction":[{"@type":"CommentAction","name":"Comment","target":["https:\/\/vosgesinfo.fr\/saintdieinfo\/2021\/01\/maxence-piquet-oeuvre-malheureusement-dactualite-intitulee-lhomme-pleure\/#respond"]}]},{"@type":"WebPage","@id":"https:\/\/vosgesinfo.fr\/saintdieinfo\/2021\/01\/maxence-piquet-oeuvre-malheureusement-dactualite-intitulee-lhomme-pleure\/","url":"https:\/\/vosgesinfo.fr\/saintdieinfo\/2021\/01\/maxence-piquet-oeuvre-malheureusement-dactualite-intitulee-lhomme-pleure\/","name":"Maxence Piquet : une \u0153uvre malheureusement d'actualit\u00e9 intitul\u00e9e \"L'homme qui pleure\" - Saint Die Info","isPartOf":{"@id":"https:\/\/vosgesinfo.fr\/saintdieinfo\/#website"},"primaryImageOfPage":{"@id":"https:\/\/vosgesinfo.fr\/saintdieinfo\/2021\/01\/maxence-piquet-oeuvre-malheureusement-dactualite-intitulee-lhomme-pleure\/#primaryimage"},"image":{"@id":"https:\/\/vosgesinfo.fr\/saintdieinfo\/2021\/01\/maxence-piquet-oeuvre-malheureusement-dactualite-intitulee-lhomme-pleure\/#primaryimage"},"thumbnailUrl":"https:\/\/vosgesinfo.fr\/app\/uploads\/sites\/4\/2024\/08\/202101m.-piquet-lhomme-qui-pleure.jpg","datePublished":"2021-01-11T19:17:10+00:00","dateModified":"2021-01-11T19:17:10+00:00","breadcrumb":{"@id":"https:\/\/vosgesinfo.fr\/saintdieinfo\/2021\/01\/maxence-piquet-oeuvre-malheureusement-dactualite-intitulee-lhomme-pleure\/#breadcrumb"},"inLanguage":"fr-FR","potentialAction":[{"@type":"ReadAction","target":["https:\/\/vosgesinfo.fr\/saintdieinfo\/2021\/01\/maxence-piquet-oeuvre-malheureusement-dactualite-intitulee-lhomme-pleure\/"]}]},{"@type":"ImageObject","inLanguage":"fr-FR","@id":"https:\/\/vosgesinfo.fr\/saintdieinfo\/2021\/01\/maxence-piquet-oeuvre-malheureusement-dactualite-intitulee-lhomme-pleure\/#primaryimage","url":"https:\/\/vosgesinfo.fr\/app\/uploads\/sites\/4\/2024\/08\/202101m.-piquet-lhomme-qui-pleure.jpg","contentUrl":"https:\/\/vosgesinfo.fr\/app\/uploads\/sites\/4\/2024\/08\/202101m.-piquet-lhomme-qui-pleure.jpg","width":605,"height":800},{"@type":"BreadcrumbList","@id":"https:\/\/vosgesinfo.fr\/saintdieinfo\/2021\/01\/maxence-piquet-oeuvre-malheureusement-dactualite-intitulee-lhomme-pleure\/#breadcrumb","itemListElement":[{"@type":"ListItem","position":1,"name":"Home","item":"https:\/\/vosgesinfo.fr\/saintdieinfo\/"},{"@type":"ListItem","position":2,"name":"Maxence Piquet : une \u0153uvre malheureusement d&rsquo;actualit\u00e9 intitul\u00e9e \u00ab\u00a0L&rsquo;homme qui pleure\u00a0\u00bb"}]},{"@type":"WebSite","@id":"https:\/\/vosgesinfo.fr\/saintdieinfo\/#website","url":"https:\/\/vosgesinfo.fr\/saintdieinfo\/","name":"Saint Die Info","description":"Toute l&#039;actualit\u00e9 de Saint-Di\u00e9-Des-Vosges","publisher":{"@id":"https:\/\/vosgesinfo.fr\/saintdieinfo\/#organization"},"alternateName":"Toute l'actualit\u00e9 de Saint-Di\u00e9-Des-Vosges","potentialAction":[{"@type":"SearchAction","target":{"@type":"EntryPoint","urlTemplate":"https:\/\/vosgesinfo.fr\/saintdieinfo\/?s={search_term_string}"},"query-input":"required name=search_term_string"}],"inLanguage":"fr-FR"},{"@type":"Organization","@id":"https:\/\/vosgesinfo.fr\/saintdieinfo\/#organization","name":"Saint Die Info","url":"https:\/\/vosgesinfo.fr\/saintdieinfo\/","logo":{"@type":"ImageObject","inLanguage":"fr-FR","@id":"https:\/\/vosgesinfo.fr\/saintdieinfo\/#\/schema\/logo\/image\/","url":"https:\/\/vosgesinfo.fr\/app\/uploads\/sites\/4\/2024\/02\/logo-sdi.jpg","contentUrl":"https:\/\/vosgesinfo.fr\/app\/uploads\/sites\/4\/2024\/02\/logo-sdi.jpg","width":600,"height":600,"caption":"Saint Die Info"},"image":{"@id":"https:\/\/vosgesinfo.fr\/saintdieinfo\/#\/schema\/logo\/image\/"},"sameAs":["https:\/\/www.facebook.com\/Saintdieinfofr","https:\/\/x.com\/VosgesInfo88","https:\/\/www.youtube.com\/@vosgesinfo"]},{"@type":"Person","@id":"https:\/\/vosgesinfo.fr\/saintdieinfo\/#\/schema\/person\/faee6704a21f3977511db84bd1cd450f","name":"la r\u00e9daction","image":{"@type":"ImageObject","inLanguage":"fr-FR","@id":"https:\/\/vosgesinfo.fr\/saintdieinfo\/#\/schema\/person\/image\/","url":"https:\/\/secure.gravatar.com\/avatar\/6673d8bc6a9c17fa9a453eaa3448de834fa308c2ec9635b7aa99441a7c8d2cf6?s=96&d=mm&r=g","contentUrl":"https:\/\/secure.gravatar.com\/avatar\/6673d8bc6a9c17fa9a453eaa3448de834fa308c2ec9635b7aa99441a7c8d2cf6?s=96&d=mm&r=g","caption":"la r\u00e9daction"},"url":"https:\/\/vosgesinfo.fr\/saintdieinfo\/author\/redac\/"}]}},"_links":{"self":[{"href":"https:\/\/vosgesinfo.fr\/saintdieinfo\/wp-json\/wp\/v2\/posts\/39204","targetHints":{"allow":["GET"]}}],"collection":[{"href":"https:\/\/vosgesinfo.fr\/saintdieinfo\/wp-json\/wp\/v2\/posts"}],"about":[{"href":"https:\/\/vosgesinfo.fr\/saintdieinfo\/wp-json\/wp\/v2\/types\/post"}],"author":[{"embeddable":true,"href":"https:\/\/vosgesinfo.fr\/saintdieinfo\/wp-json\/wp\/v2\/users\/44"}],"replies":[{"embeddable":true,"href":"https:\/\/vosgesinfo.fr\/saintdieinfo\/wp-json\/wp\/v2\/comments?post=39204"}],"version-history":[{"count":0,"href":"https:\/\/vosgesinfo.fr\/saintdieinfo\/wp-json\/wp\/v2\/posts\/39204\/revisions"}],"wp:featuredmedia":[{"embeddable":true,"href":"https:\/\/vosgesinfo.fr\/saintdieinfo\/wp-json\/wp\/v2\/media\/39205"}],"wp:attachment":[{"href":"https:\/\/vosgesinfo.fr\/saintdieinfo\/wp-json\/wp\/v2\/media?parent=39204"}],"wp:term":[{"taxonomy":"category","embeddable":true,"href":"https:\/\/vosgesinfo.fr\/saintdieinfo\/wp-json\/wp\/v2\/categories?post=39204"},{"taxonomy":"post_tag","embeddable":true,"href":"https:\/\/vosgesinfo.fr\/saintdieinfo\/wp-json\/wp\/v2\/tags?post=39204"}],"curies":[{"name":"wp","href":"https:\/\/api.w.org\/{rel}","templated":true}]}}