{"id":39212,"date":"2021-01-12T14:30:29","date_gmt":"2021-01-12T13:30:29","guid":{"rendered":"https:\/\/vosgesinfo.fr\/saintdieinfo\/2021\/01\/deodasup-visio-lavenir-cest-serieux\/"},"modified":"2021-01-12T14:30:29","modified_gmt":"2021-01-12T13:30:29","slug":"deodasup-visio-lavenir-cest-serieux","status":"publish","type":"post","link":"https:\/\/vosgesinfo.fr\/saintdieinfo\/2021\/01\/deodasup-visio-lavenir-cest-serieux\/","title":{"rendered":"Un D\u00e9odasup en visio, parce que l&rsquo;avenir, c&rsquo;est du s\u00e9rieux"},"content":{"rendered":"<h3><\/h3>\n\n<h3><span class=\"x_gmail-tojvnm2t x_gmail-a6sixzi8 x_gmail-abs2jz4q x_gmail-a8s20v7p x_gmail-t1p8iaqh x_gmail-k5wvi7nf x_gmail-q3lfd5jv x_gmail-pk4s997a x_gmail-bipmatt0 x_gmail-cebpdrjk x_gmail-qowsmv63 x_gmail-owwhemhu x_gmail-dp1hu0rb x_gmail-dhp61c6y x_gmail-iyyx5f41\">Le forum<\/span><span class=\"x_gmail-tojvnm2t x_gmail-a6sixzi8 x_gmail-abs2jz4q x_gmail-a8s20v7p x_gmail-t1p8iaqh x_gmail-k5wvi7nf x_gmail-q3lfd5jv x_gmail-pk4s997a x_gmail-bipmatt0 x_gmail-cebpdrjk x_gmail-qowsmv63 x_gmail-owwhemhu x_gmail-dp1hu0rb x_gmail-dhp61c6y x_gmail-iyyx5f41\"> annuel<\/span><span class=\"x_gmail-tojvnm2t x_gmail-a6sixzi8 x_gmail-abs2jz4q x_gmail-a8s20v7p x_gmail-t1p8iaqh x_gmail-k5wvi7nf x_gmail-q3lfd5jv x_gmail-pk4s997a x_gmail-bipmatt0 x_gmail-cebpdrjk x_gmail-qowsmv63 x_gmail-owwhemhu x_gmail-dp1hu0rb x_gmail-dhp61c6y x_gmail-iyyx5f41\"> pour l&rsquo;orientation D\u00e9odasup aura bien lieu cette ann\u00e9e le 28 janvier prochain. Ce rendez-vous \u00e0 destination des lyc\u00e9ens \u00e9tait traditionnellement programm\u00e9 \u00e0 l&rsquo;Espace Fran\u00e7ois-Mitterrand de Saint-Di\u00e9-des-Vosges, mais consid\u00e9rant la situation actuelle li\u00e9e \u00e0 la crise sanitaire, il est exceptionnellement organis\u00e9 en distanciel cette ann\u00e9e.<br \/>\n<\/span><\/h3>\n<div><span class=\"x_gmail-tojvnm2t x_gmail-a6sixzi8 x_gmail-abs2jz4q x_gmail-a8s20v7p x_gmail-t1p8iaqh x_gmail-k5wvi7nf x_gmail-q3lfd5jv x_gmail-pk4s997a x_gmail-bipmatt0 x_gmail-cebpdrjk x_gmail-qowsmv63 x_gmail-owwhemhu x_gmail-dp1hu0rb x_gmail-dhp61c6y x_gmail-iyyx5f41\">\u00a0<\/span><\/div>\n<div><span class=\"x_gmail-tojvnm2t x_gmail-a6sixzi8 x_gmail-abs2jz4q x_gmail-a8s20v7p x_gmail-t1p8iaqh x_gmail-k5wvi7nf x_gmail-q3lfd5jv x_gmail-pk4s997a x_gmail-bipmatt0 x_gmail-cebpdrjk x_gmail-qowsmv63 x_gmail-owwhemhu x_gmail-dp1hu0rb x_gmail-dhp61c6y x_gmail-iyyx5f41\">Le salon D\u00e9odasup organis\u00e9 par le lyc\u00e9e Jules-Ferry en partenariat avec le lyc\u00e9e Georges-Baumont et le CIO ne pourra se tenir en pr\u00e9sentiel comme habituellement en raison des contraintes sanitaires. Afin de p\u00e9renniser cette rencontre destin\u00e9e \u00e0 l\u2019orientation des lyc\u00e9ens du bassin d\u2019\u00e9ducation d\u00e9odatien, l&rsquo;\u00e9v\u00e9nement, dont c\u2019est la 17\u00e9me \u00e9dition cette ann\u00e9e, se tiendra en distanciel. La date du 28 janvier 2021 est maintenue.<\/span><\/div>\n<div><span class=\"x_gmail-tojvnm2t x_gmail-a6sixzi8 x_gmail-abs2jz4q x_gmail-a8s20v7p x_gmail-t1p8iaqh x_gmail-k5wvi7nf x_gmail-q3lfd5jv x_gmail-pk4s997a x_gmail-bipmatt0 x_gmail-cebpdrjk x_gmail-qowsmv63 x_gmail-owwhemhu x_gmail-dp1hu0rb x_gmail-dhp61c6y x_gmail-iyyx5f41\">\u00a0<\/span><\/div>\n<div><span class=\"x_gmail-tojvnm2t x_gmail-a6sixzi8 x_gmail-abs2jz4q x_gmail-a8s20v7p x_gmail-t1p8iaqh x_gmail-k5wvi7nf x_gmail-q3lfd5jv x_gmail-pk4s997a x_gmail-bipmatt0 x_gmail-cebpdrjk x_gmail-qowsmv63 x_gmail-owwhemhu x_gmail-dp1hu0rb x_gmail-dhp61c6y x_gmail-iyyx5f41\">Le salon sera ouvert aux \u00e9l\u00e8ves de 9h00 \u00e012h00 et de 13h00 \u00e0 16h30. Concr\u00e8tement, les \u00e9coles cr\u00e9ent leur lien Zoom ou Teams et seront connect\u00e9es sur l\u2019ensemble de la journ\u00e9e. Les \u00e9l\u00e8ves quant \u00e0 eux, disposent de 4 cr\u00e9neaux de 15 minutes pour visiter les \u00e9coles qu\u2019ils auront s\u00e9lectionn\u00e9s au pr\u00e9alable.<br \/>\n<\/span><\/div>\n<div><span class=\"x_gmail-tojvnm2t x_gmail-a6sixzi8 x_gmail-abs2jz4q x_gmail-a8s20v7p x_gmail-t1p8iaqh x_gmail-k5wvi7nf x_gmail-q3lfd5jv x_gmail-pk4s997a x_gmail-bipmatt0 x_gmail-cebpdrjk x_gmail-qowsmv63 x_gmail-owwhemhu x_gmail-dp1hu0rb x_gmail-dhp61c6y x_gmail-iyyx5f41\">\u00a0<\/span><\/div>\n<div><span class=\"x_gmail-tojvnm2t x_gmail-a6sixzi8 x_gmail-abs2jz4q x_gmail-a8s20v7p x_gmail-t1p8iaqh x_gmail-k5wvi7nf x_gmail-q3lfd5jv x_gmail-pk4s997a x_gmail-bipmatt0 x_gmail-cebpdrjk x_gmail-qowsmv63 x_gmail-owwhemhu x_gmail-dp1hu0rb x_gmail-dhp61c6y x_gmail-iyyx5f41\">Afin de les aider dans ce choix, un travail de pr\u00e9paration sera effectu\u00e9 en amont par les professeurs principaux. Ils pourront pour se faire s\u2019appuyer sur le document de synth\u00e8se con\u00e7u par le CIO. Un r\u00e9pertoire num\u00e9rique sera mis \u00e0 disposition des \u00e9l\u00e8ves, leur permettant d\u2019acc\u00e9der \u00e0 la documentation des \u00e9coles.<\/span><\/div>\n<div><span class=\"x_gmail-tojvnm2t x_gmail-a6sixzi8 x_gmail-abs2jz4q x_gmail-a8s20v7p x_gmail-t1p8iaqh x_gmail-k5wvi7nf x_gmail-q3lfd5jv x_gmail-pk4s997a x_gmail-bipmatt0 x_gmail-cebpdrjk x_gmail-qowsmv63 x_gmail-owwhemhu x_gmail-dp1hu0rb x_gmail-dhp61c6y x_gmail-iyyx5f41\">\u00a0<\/span><\/div>\n<div><span class=\"x_gmail-tojvnm2t x_gmail-a6sixzi8 x_gmail-abs2jz4q x_gmail-a8s20v7p x_gmail-t1p8iaqh x_gmail-k5wvi7nf x_gmail-q3lfd5jv x_gmail-pk4s997a x_gmail-bipmatt0 x_gmail-cebpdrjk x_gmail-qowsmv63 x_gmail-owwhemhu x_gmail-dp1hu0rb x_gmail-dhp61c6y x_gmail-iyyx5f41\">A ce jour 64 \u00e9tablissements ont confirm\u00e9 leur participation, et 80 au total sont attendus : BTS, IUT, universit\u00e9s, grandes \u00e9coles, pr\u00e9pa, CFA, CCl, m\u00e9tiers du BTP ou de l\u2019horticulture, Arm\u00e9e de Terre et de l\u2019Air, Marine et Gendarmerie, service relations internationales de l\u2019universit\u00e9 de Lorraine \u2026 seront pr\u00e9sents pour donner aux \u00e9l\u00e8ves les cl\u00e9s de leur orientation future.<\/span><\/div>\n<div><span class=\"x_gmail-tojvnm2t x_gmail-a6sixzi8 x_gmail-abs2jz4q x_gmail-a8s20v7p x_gmail-t1p8iaqh x_gmail-k5wvi7nf x_gmail-q3lfd5jv x_gmail-pk4s997a x_gmail-bipmatt0 x_gmail-cebpdrjk x_gmail-qowsmv63 x_gmail-owwhemhu x_gmail-dp1hu0rb x_gmail-dhp61c6y x_gmail-iyyx5f41\">\u00a0<\/span><\/div>\n<div><span class=\"x_gmail-tojvnm2t x_gmail-a6sixzi8 x_gmail-abs2jz4q x_gmail-a8s20v7p x_gmail-t1p8iaqh x_gmail-k5wvi7nf x_gmail-q3lfd5jv x_gmail-pk4s997a x_gmail-bipmatt0 x_gmail-cebpdrjk x_gmail-qowsmv63 x_gmail-owwhemhu x_gmail-dp1hu0rb x_gmail-dhp61c6y x_gmail-iyyx5f41\">2 PSY-EN (Psychologue de l&rsquo;Education Nationale) du CIO de Saint-Di\u00e9-des-Vosges seront quant \u00e0 eux pr\u00e9sents physiquement ce jour-l\u00e0 dans chaque \u00e9tablissement afin de guider les lyc\u00e9ens dans Parcoursup.<\/span><\/div>\n","protected":false},"excerpt":{"rendered":"<p>Le forum annuel pour l&rsquo;orientation D\u00e9odasup aura bien lieu cette ann\u00e9e le 28 janvier prochain. Ce rendez-vous \u00e0 destination des [&hellip;]<\/p>\n","protected":false},"author":44,"featured_media":39213,"comment_status":"open","ping_status":"open","sticky":false,"template":"","format":"standard","meta":{"footnotes":""},"categories":[460,5,6,2915,18],"tags":[3817,7793],"class_list":["post-39212","post","type-post","status-publish","format-standard","has-post-thumbnail","hentry","category-a-la-une","category-economie","category-education","category-saint-die-son-canton","category-vosges","tag-cio-de-saint-die-des-vosges","tag-forum-deodasup"],"acf":[],"yoast_head":"<!-- This site is optimized with the Yoast SEO plugin v22.5 - https:\/\/yoast.com\/wordpress\/plugins\/seo\/ -->\n<title>Un D\u00e9odasup en visio, parce que l&#039;avenir, c&#039;est du s\u00e9rieux - Saint Die Info<\/title>\n<meta name=\"robots\" content=\"index, follow, max-snippet:-1, max-image-preview:large, max-video-preview:-1\" \/>\n<link rel=\"canonical\" href=\"https:\/\/vosgesinfo.fr\/saintdieinfo\/2021\/01\/deodasup-visio-lavenir-cest-serieux\/\" \/>\n<meta name=\"twitter:card\" content=\"summary_large_image\" \/>\n<meta name=\"twitter:title\" content=\"Un D\u00e9odasup en visio, parce que l&#039;avenir, c&#039;est du s\u00e9rieux - Saint Die Info\" \/>\n<meta name=\"twitter:description\" content=\"Le forum annuel pour l&rsquo;orientation D\u00e9odasup aura bien lieu cette ann\u00e9e le 28 janvier prochain. Ce rendez-vous \u00e0 destination des [&hellip;]\" \/>\n<meta name=\"twitter:image\" content=\"https:\/\/vosgesinfo.fr\/app\/uploads\/sites\/4\/2024\/08\/202101conference-de-presse-de-presentation-du-17e-salon-deodasup-1.jpg\" \/>\n<meta name=\"twitter:creator\" content=\"@VosgesInfo88\" \/>\n<meta name=\"twitter:site\" content=\"@VosgesInfo88\" \/>\n<meta name=\"twitter:label1\" content=\"\u00c9crit par\" \/>\n\t<meta name=\"twitter:data1\" content=\"la r\u00e9daction\" \/>\n\t<meta name=\"twitter:label2\" content=\"Dur\u00e9e de lecture estim\u00e9e\" \/>\n\t<meta name=\"twitter:data2\" content=\"2 minutes\" \/>\n<script type=\"application\/ld+json\" class=\"yoast-schema-graph\">{\"@context\":\"https:\/\/schema.org\",\"@graph\":[{\"@type\":\"Article\",\"@id\":\"https:\/\/vosgesinfo.fr\/saintdieinfo\/2021\/01\/deodasup-visio-lavenir-cest-serieux\/#article\",\"isPartOf\":{\"@id\":\"https:\/\/vosgesinfo.fr\/saintdieinfo\/2021\/01\/deodasup-visio-lavenir-cest-serieux\/\"},\"author\":{\"name\":\"la r\u00e9daction\",\"@id\":\"https:\/\/vosgesinfo.fr\/saintdieinfo\/#\/schema\/person\/faee6704a21f3977511db84bd1cd450f\"},\"headline\":\"Un D\u00e9odasup en visio, parce que l&rsquo;avenir, c&rsquo;est du s\u00e9rieux\",\"datePublished\":\"2021-01-12T13:30:29+00:00\",\"dateModified\":\"2021-01-12T13:30:29+00:00\",\"mainEntityOfPage\":{\"@id\":\"https:\/\/vosgesinfo.fr\/saintdieinfo\/2021\/01\/deodasup-visio-lavenir-cest-serieux\/\"},\"wordCount\":366,\"commentCount\":0,\"publisher\":{\"@id\":\"https:\/\/vosgesinfo.fr\/saintdieinfo\/#organization\"},\"image\":{\"@id\":\"https:\/\/vosgesinfo.fr\/saintdieinfo\/2021\/01\/deodasup-visio-lavenir-cest-serieux\/#primaryimage\"},\"thumbnailUrl\":\"https:\/\/vosgesinfo.fr\/app\/uploads\/sites\/4\/2024\/08\/202101conference-de-presse-de-presentation-du-17e-salon-deodasup-1.jpg\",\"keywords\":[\"CIO de Saint-Di\u00e9-des-Vosges\",\"Forum D\u00e9odasup\"],\"articleSection\":[\"A la Une\",\"\u00c9conomie\",\"\u00c9ducation\",\"Saint-Di\u00e9-des-Vosges et son Agglom\u00e9ration\",\"Vosges\"],\"inLanguage\":\"fr-FR\",\"potentialAction\":[{\"@type\":\"CommentAction\",\"name\":\"Comment\",\"target\":[\"https:\/\/vosgesinfo.fr\/saintdieinfo\/2021\/01\/deodasup-visio-lavenir-cest-serieux\/#respond\"]}]},{\"@type\":\"WebPage\",\"@id\":\"https:\/\/vosgesinfo.fr\/saintdieinfo\/2021\/01\/deodasup-visio-lavenir-cest-serieux\/\",\"url\":\"https:\/\/vosgesinfo.fr\/saintdieinfo\/2021\/01\/deodasup-visio-lavenir-cest-serieux\/\",\"name\":\"Un D\u00e9odasup en visio, parce que l'avenir, c'est du s\u00e9rieux - Saint Die Info\",\"isPartOf\":{\"@id\":\"https:\/\/vosgesinfo.fr\/saintdieinfo\/#website\"},\"primaryImageOfPage\":{\"@id\":\"https:\/\/vosgesinfo.fr\/saintdieinfo\/2021\/01\/deodasup-visio-lavenir-cest-serieux\/#primaryimage\"},\"image\":{\"@id\":\"https:\/\/vosgesinfo.fr\/saintdieinfo\/2021\/01\/deodasup-visio-lavenir-cest-serieux\/#primaryimage\"},\"thumbnailUrl\":\"https:\/\/vosgesinfo.fr\/app\/uploads\/sites\/4\/2024\/08\/202101conference-de-presse-de-presentation-du-17e-salon-deodasup-1.jpg\",\"datePublished\":\"2021-01-12T13:30:29+00:00\",\"dateModified\":\"2021-01-12T13:30:29+00:00\",\"breadcrumb\":{\"@id\":\"https:\/\/vosgesinfo.fr\/saintdieinfo\/2021\/01\/deodasup-visio-lavenir-cest-serieux\/#breadcrumb\"},\"inLanguage\":\"fr-FR\",\"potentialAction\":[{\"@type\":\"ReadAction\",\"target\":[\"https:\/\/vosgesinfo.fr\/saintdieinfo\/2021\/01\/deodasup-visio-lavenir-cest-serieux\/\"]}]},{\"@type\":\"ImageObject\",\"inLanguage\":\"fr-FR\",\"@id\":\"https:\/\/vosgesinfo.fr\/saintdieinfo\/2021\/01\/deodasup-visio-lavenir-cest-serieux\/#primaryimage\",\"url\":\"https:\/\/vosgesinfo.fr\/app\/uploads\/sites\/4\/2024\/08\/202101conference-de-presse-de-presentation-du-17e-salon-deodasup-1.jpg\",\"contentUrl\":\"https:\/\/vosgesinfo.fr\/app\/uploads\/sites\/4\/2024\/08\/202101conference-de-presse-de-presentation-du-17e-salon-deodasup-1.jpg\",\"width\":800,\"height\":533},{\"@type\":\"BreadcrumbList\",\"@id\":\"https:\/\/vosgesinfo.fr\/saintdieinfo\/2021\/01\/deodasup-visio-lavenir-cest-serieux\/#breadcrumb\",\"itemListElement\":[{\"@type\":\"ListItem\",\"position\":1,\"name\":\"Home\",\"item\":\"https:\/\/vosgesinfo.fr\/saintdieinfo\/\"},{\"@type\":\"ListItem\",\"position\":2,\"name\":\"Un D\u00e9odasup en visio, parce que l&rsquo;avenir, c&rsquo;est du s\u00e9rieux\"}]},{\"@type\":\"WebSite\",\"@id\":\"https:\/\/vosgesinfo.fr\/saintdieinfo\/#website\",\"url\":\"https:\/\/vosgesinfo.fr\/saintdieinfo\/\",\"name\":\"Saint Die Info\",\"description\":\"Toute l&#039;actualit\u00e9 de Saint-Di\u00e9-Des-Vosges\",\"publisher\":{\"@id\":\"https:\/\/vosgesinfo.fr\/saintdieinfo\/#organization\"},\"alternateName\":\"Toute l'actualit\u00e9 de Saint-Di\u00e9-Des-Vosges\",\"potentialAction\":[{\"@type\":\"SearchAction\",\"target\":{\"@type\":\"EntryPoint\",\"urlTemplate\":\"https:\/\/vosgesinfo.fr\/saintdieinfo\/?s={search_term_string}\"},\"query-input\":\"required name=search_term_string\"}],\"inLanguage\":\"fr-FR\"},{\"@type\":\"Organization\",\"@id\":\"https:\/\/vosgesinfo.fr\/saintdieinfo\/#organization\",\"name\":\"Saint Die Info\",\"url\":\"https:\/\/vosgesinfo.fr\/saintdieinfo\/\",\"logo\":{\"@type\":\"ImageObject\",\"inLanguage\":\"fr-FR\",\"@id\":\"https:\/\/vosgesinfo.fr\/saintdieinfo\/#\/schema\/logo\/image\/\",\"url\":\"https:\/\/vosgesinfo.fr\/app\/uploads\/sites\/4\/2024\/02\/logo-sdi.jpg\",\"contentUrl\":\"https:\/\/vosgesinfo.fr\/app\/uploads\/sites\/4\/2024\/02\/logo-sdi.jpg\",\"width\":600,\"height\":600,\"caption\":\"Saint Die Info\"},\"image\":{\"@id\":\"https:\/\/vosgesinfo.fr\/saintdieinfo\/#\/schema\/logo\/image\/\"},\"sameAs\":[\"https:\/\/www.facebook.com\/Saintdieinfofr\",\"https:\/\/x.com\/VosgesInfo88\",\"https:\/\/www.youtube.com\/@vosgesinfo\"]},{\"@type\":\"Person\",\"@id\":\"https:\/\/vosgesinfo.fr\/saintdieinfo\/#\/schema\/person\/faee6704a21f3977511db84bd1cd450f\",\"name\":\"la r\u00e9daction\",\"image\":{\"@type\":\"ImageObject\",\"inLanguage\":\"fr-FR\",\"@id\":\"https:\/\/vosgesinfo.fr\/saintdieinfo\/#\/schema\/person\/image\/\",\"url\":\"https:\/\/secure.gravatar.com\/avatar\/6673d8bc6a9c17fa9a453eaa3448de834fa308c2ec9635b7aa99441a7c8d2cf6?s=96&d=mm&r=g\",\"contentUrl\":\"https:\/\/secure.gravatar.com\/avatar\/6673d8bc6a9c17fa9a453eaa3448de834fa308c2ec9635b7aa99441a7c8d2cf6?s=96&d=mm&r=g\",\"caption\":\"la r\u00e9daction\"},\"url\":\"https:\/\/vosgesinfo.fr\/saintdieinfo\/author\/redac\/\"}]}<\/script>\n<!-- \/ Yoast SEO plugin. -->","yoast_head_json":{"title":"Un D\u00e9odasup en visio, parce que l'avenir, c'est du s\u00e9rieux - Saint Die Info","robots":{"index":"index","follow":"follow","max-snippet":"max-snippet:-1","max-image-preview":"max-image-preview:large","max-video-preview":"max-video-preview:-1"},"canonical":"https:\/\/vosgesinfo.fr\/saintdieinfo\/2021\/01\/deodasup-visio-lavenir-cest-serieux\/","twitter_card":"summary_large_image","twitter_title":"Un D\u00e9odasup en visio, parce que l'avenir, c'est du s\u00e9rieux - Saint Die Info","twitter_description":"Le forum annuel pour l&rsquo;orientation D\u00e9odasup aura bien lieu cette ann\u00e9e le 28 janvier prochain. Ce rendez-vous \u00e0 destination des [&hellip;]","twitter_image":"https:\/\/vosgesinfo.fr\/app\/uploads\/sites\/4\/2024\/08\/202101conference-de-presse-de-presentation-du-17e-salon-deodasup-1.jpg","twitter_creator":"@VosgesInfo88","twitter_site":"@VosgesInfo88","twitter_misc":{"\u00c9crit par":"la r\u00e9daction","Dur\u00e9e de lecture estim\u00e9e":"2 minutes"},"schema":{"@context":"https:\/\/schema.org","@graph":[{"@type":"Article","@id":"https:\/\/vosgesinfo.fr\/saintdieinfo\/2021\/01\/deodasup-visio-lavenir-cest-serieux\/#article","isPartOf":{"@id":"https:\/\/vosgesinfo.fr\/saintdieinfo\/2021\/01\/deodasup-visio-lavenir-cest-serieux\/"},"author":{"name":"la r\u00e9daction","@id":"https:\/\/vosgesinfo.fr\/saintdieinfo\/#\/schema\/person\/faee6704a21f3977511db84bd1cd450f"},"headline":"Un D\u00e9odasup en visio, parce que l&rsquo;avenir, c&rsquo;est du s\u00e9rieux","datePublished":"2021-01-12T13:30:29+00:00","dateModified":"2021-01-12T13:30:29+00:00","mainEntityOfPage":{"@id":"https:\/\/vosgesinfo.fr\/saintdieinfo\/2021\/01\/deodasup-visio-lavenir-cest-serieux\/"},"wordCount":366,"commentCount":0,"publisher":{"@id":"https:\/\/vosgesinfo.fr\/saintdieinfo\/#organization"},"image":{"@id":"https:\/\/vosgesinfo.fr\/saintdieinfo\/2021\/01\/deodasup-visio-lavenir-cest-serieux\/#primaryimage"},"thumbnailUrl":"https:\/\/vosgesinfo.fr\/app\/uploads\/sites\/4\/2024\/08\/202101conference-de-presse-de-presentation-du-17e-salon-deodasup-1.jpg","keywords":["CIO de Saint-Di\u00e9-des-Vosges","Forum D\u00e9odasup"],"articleSection":["A la Une","\u00c9conomie","\u00c9ducation","Saint-Di\u00e9-des-Vosges et son Agglom\u00e9ration","Vosges"],"inLanguage":"fr-FR","potentialAction":[{"@type":"CommentAction","name":"Comment","target":["https:\/\/vosgesinfo.fr\/saintdieinfo\/2021\/01\/deodasup-visio-lavenir-cest-serieux\/#respond"]}]},{"@type":"WebPage","@id":"https:\/\/vosgesinfo.fr\/saintdieinfo\/2021\/01\/deodasup-visio-lavenir-cest-serieux\/","url":"https:\/\/vosgesinfo.fr\/saintdieinfo\/2021\/01\/deodasup-visio-lavenir-cest-serieux\/","name":"Un D\u00e9odasup en visio, parce que l'avenir, c'est du s\u00e9rieux - Saint Die Info","isPartOf":{"@id":"https:\/\/vosgesinfo.fr\/saintdieinfo\/#website"},"primaryImageOfPage":{"@id":"https:\/\/vosgesinfo.fr\/saintdieinfo\/2021\/01\/deodasup-visio-lavenir-cest-serieux\/#primaryimage"},"image":{"@id":"https:\/\/vosgesinfo.fr\/saintdieinfo\/2021\/01\/deodasup-visio-lavenir-cest-serieux\/#primaryimage"},"thumbnailUrl":"https:\/\/vosgesinfo.fr\/app\/uploads\/sites\/4\/2024\/08\/202101conference-de-presse-de-presentation-du-17e-salon-deodasup-1.jpg","datePublished":"2021-01-12T13:30:29+00:00","dateModified":"2021-01-12T13:30:29+00:00","breadcrumb":{"@id":"https:\/\/vosgesinfo.fr\/saintdieinfo\/2021\/01\/deodasup-visio-lavenir-cest-serieux\/#breadcrumb"},"inLanguage":"fr-FR","potentialAction":[{"@type":"ReadAction","target":["https:\/\/vosgesinfo.fr\/saintdieinfo\/2021\/01\/deodasup-visio-lavenir-cest-serieux\/"]}]},{"@type":"ImageObject","inLanguage":"fr-FR","@id":"https:\/\/vosgesinfo.fr\/saintdieinfo\/2021\/01\/deodasup-visio-lavenir-cest-serieux\/#primaryimage","url":"https:\/\/vosgesinfo.fr\/app\/uploads\/sites\/4\/2024\/08\/202101conference-de-presse-de-presentation-du-17e-salon-deodasup-1.jpg","contentUrl":"https:\/\/vosgesinfo.fr\/app\/uploads\/sites\/4\/2024\/08\/202101conference-de-presse-de-presentation-du-17e-salon-deodasup-1.jpg","width":800,"height":533},{"@type":"BreadcrumbList","@id":"https:\/\/vosgesinfo.fr\/saintdieinfo\/2021\/01\/deodasup-visio-lavenir-cest-serieux\/#breadcrumb","itemListElement":[{"@type":"ListItem","position":1,"name":"Home","item":"https:\/\/vosgesinfo.fr\/saintdieinfo\/"},{"@type":"ListItem","position":2,"name":"Un D\u00e9odasup en visio, parce que l&rsquo;avenir, c&rsquo;est du s\u00e9rieux"}]},{"@type":"WebSite","@id":"https:\/\/vosgesinfo.fr\/saintdieinfo\/#website","url":"https:\/\/vosgesinfo.fr\/saintdieinfo\/","name":"Saint Die Info","description":"Toute l&#039;actualit\u00e9 de Saint-Di\u00e9-Des-Vosges","publisher":{"@id":"https:\/\/vosgesinfo.fr\/saintdieinfo\/#organization"},"alternateName":"Toute l'actualit\u00e9 de Saint-Di\u00e9-Des-Vosges","potentialAction":[{"@type":"SearchAction","target":{"@type":"EntryPoint","urlTemplate":"https:\/\/vosgesinfo.fr\/saintdieinfo\/?s={search_term_string}"},"query-input":"required name=search_term_string"}],"inLanguage":"fr-FR"},{"@type":"Organization","@id":"https:\/\/vosgesinfo.fr\/saintdieinfo\/#organization","name":"Saint Die Info","url":"https:\/\/vosgesinfo.fr\/saintdieinfo\/","logo":{"@type":"ImageObject","inLanguage":"fr-FR","@id":"https:\/\/vosgesinfo.fr\/saintdieinfo\/#\/schema\/logo\/image\/","url":"https:\/\/vosgesinfo.fr\/app\/uploads\/sites\/4\/2024\/02\/logo-sdi.jpg","contentUrl":"https:\/\/vosgesinfo.fr\/app\/uploads\/sites\/4\/2024\/02\/logo-sdi.jpg","width":600,"height":600,"caption":"Saint Die Info"},"image":{"@id":"https:\/\/vosgesinfo.fr\/saintdieinfo\/#\/schema\/logo\/image\/"},"sameAs":["https:\/\/www.facebook.com\/Saintdieinfofr","https:\/\/x.com\/VosgesInfo88","https:\/\/www.youtube.com\/@vosgesinfo"]},{"@type":"Person","@id":"https:\/\/vosgesinfo.fr\/saintdieinfo\/#\/schema\/person\/faee6704a21f3977511db84bd1cd450f","name":"la r\u00e9daction","image":{"@type":"ImageObject","inLanguage":"fr-FR","@id":"https:\/\/vosgesinfo.fr\/saintdieinfo\/#\/schema\/person\/image\/","url":"https:\/\/secure.gravatar.com\/avatar\/6673d8bc6a9c17fa9a453eaa3448de834fa308c2ec9635b7aa99441a7c8d2cf6?s=96&d=mm&r=g","contentUrl":"https:\/\/secure.gravatar.com\/avatar\/6673d8bc6a9c17fa9a453eaa3448de834fa308c2ec9635b7aa99441a7c8d2cf6?s=96&d=mm&r=g","caption":"la r\u00e9daction"},"url":"https:\/\/vosgesinfo.fr\/saintdieinfo\/author\/redac\/"}]}},"_links":{"self":[{"href":"https:\/\/vosgesinfo.fr\/saintdieinfo\/wp-json\/wp\/v2\/posts\/39212","targetHints":{"allow":["GET"]}}],"collection":[{"href":"https:\/\/vosgesinfo.fr\/saintdieinfo\/wp-json\/wp\/v2\/posts"}],"about":[{"href":"https:\/\/vosgesinfo.fr\/saintdieinfo\/wp-json\/wp\/v2\/types\/post"}],"author":[{"embeddable":true,"href":"https:\/\/vosgesinfo.fr\/saintdieinfo\/wp-json\/wp\/v2\/users\/44"}],"replies":[{"embeddable":true,"href":"https:\/\/vosgesinfo.fr\/saintdieinfo\/wp-json\/wp\/v2\/comments?post=39212"}],"version-history":[{"count":0,"href":"https:\/\/vosgesinfo.fr\/saintdieinfo\/wp-json\/wp\/v2\/posts\/39212\/revisions"}],"wp:featuredmedia":[{"embeddable":true,"href":"https:\/\/vosgesinfo.fr\/saintdieinfo\/wp-json\/wp\/v2\/media\/39213"}],"wp:attachment":[{"href":"https:\/\/vosgesinfo.fr\/saintdieinfo\/wp-json\/wp\/v2\/media?parent=39212"}],"wp:term":[{"taxonomy":"category","embeddable":true,"href":"https:\/\/vosgesinfo.fr\/saintdieinfo\/wp-json\/wp\/v2\/categories?post=39212"},{"taxonomy":"post_tag","embeddable":true,"href":"https:\/\/vosgesinfo.fr\/saintdieinfo\/wp-json\/wp\/v2\/tags?post=39212"}],"curies":[{"name":"wp","href":"https:\/\/api.w.org\/{rel}","templated":true}]}}