{"id":39254,"date":"2021-01-15T08:42:27","date_gmt":"2021-01-15T07:42:27","guid":{"rendered":"https:\/\/vosgesinfo.fr\/saintdieinfo\/2021\/01\/vosges-sapeur-pompier-gravement-blesse-sorti-coma\/"},"modified":"2021-01-15T08:42:27","modified_gmt":"2021-01-15T07:42:27","slug":"vosges-sapeur-pompier-gravement-blesse-sorti-coma","status":"publish","type":"post","link":"https:\/\/vosgesinfo.fr\/saintdieinfo\/2021\/01\/vosges-sapeur-pompier-gravement-blesse-sorti-coma\/","title":{"rendered":"Vosges : le sapeur-pompier gravement bless\u00e9 est sorti du coma"},"content":{"rendered":"<div id=\"attachment_166047\" style=\"width: 391px\" class=\"wp-caption aligncenter\"><a href=\"\/2021\/01\/sapeurs-pompiers-centre-mirecourt.jpg\"><img decoding=\"async\" aria-describedby=\"caption-attachment-166047\" class=\"size-medium wp-image-166047\" src=\"\/2021\/01\/sapeurs-pompiers-centre-mirecourt-381x255.jpg\" alt=\"Photo @sdis88\" width=\"381\" height=\"255\" \/><\/a><p id=\"caption-attachment-166047\" class=\"wp-caption-text\">Photo @sdis88<\/p><\/div>\n<h3><strong>Ce mercredi, alors qu\u2019ils se rendaient sur une intervention pour un feu de chemin\u00e9e avec une \u00e9chelle a\u00e9rienne, deux sapeurs-pompiers volontaires du centre d\u2019incendie et de secours de Mirecourt, tous deux \u00e2g\u00e9s de 49 ans, ont \u00e9t\u00e9 victimes d\u2019un accident de la circulation sur la commune de Vroville. <\/strong><\/h3>\n<p><em>\u00ab\u00a0Pour une raison ind\u00e9termin\u00e9e, un choc frontal entre le v\u00e9hicule des sapeurs-pompiers et un poids-lourd s\u2019est produit sur une route d\u00e9partementale\u00a0\u00bb<\/em>, expliquent la Pr\u00e9fecture et le SDIS88. <em>\u00ab\u00a0Le chef d\u2019agr\u00e8s n\u2019a pas surv\u00e9cu au choc, le conducteur a quant \u00e0 lui \u00e9t\u00e9 pris en charge gri\u00e8vement bless\u00e9 et transport\u00e9 vers le Centre hospitalier de Nancy\u00a0\u00bb<\/em>. Son pronostic vital \u00e9tait alors engag\u00e9. L\u2019\u00e9quipe des sapeurs-pompiers des Vosges vient de donner des nouvelles relativement rassurantes le concernant. <em>\u00ab\u00a0Notre camarade Fr\u00e9d\u00e9ric Matieu<\/em><em>, gravement bless\u00e9 suite au terrible accident d\u2019hier, est sorti du coma. Son pronostic vital n\u2019est plus engag\u00e9. Nous restons prudents sur son \u00e9tat de sant\u00e9\u00a0\u00bb<\/em>. Le directeur d\u00e9partemental, Colonel Sacha Demierre, le Pr\u00e9sident de l\u2019Union D\u00e9partemental, Capitaine David Bonnard, et son chef de centre, Lieutenant Lakdar Belazreuk, sont \u00e0 son chevet.<\/p>\n","protected":false},"excerpt":{"rendered":"<p>Ce mercredi, alors qu\u2019ils se rendaient sur une intervention pour un feu de chemin\u00e9e avec une \u00e9chelle a\u00e9rienne, deux sapeurs-pompiers [&hellip;]<\/p>\n","protected":false},"author":44,"featured_media":39255,"comment_status":"open","ping_status":"open","sticky":false,"template":"","format":"standard","meta":{"footnotes":""},"categories":[460,2924,18],"tags":[1233],"class_list":["post-39254","post","type-post","status-publish","format-standard","has-post-thumbnail","hentry","category-a-la-une","category-fait-divers","category-vosges","tag-sapeurs-pompiers"],"acf":[],"yoast_head":"<!-- This site is optimized with the Yoast SEO plugin v22.5 - https:\/\/yoast.com\/wordpress\/plugins\/seo\/ -->\n<title>Vosges : le sapeur-pompier gravement bless\u00e9 est sorti du coma - Saint Die Info<\/title>\n<meta name=\"robots\" content=\"index, follow, max-snippet:-1, max-image-preview:large, max-video-preview:-1\" \/>\n<link rel=\"canonical\" href=\"https:\/\/vosgesinfo.fr\/saintdieinfo\/2021\/01\/vosges-sapeur-pompier-gravement-blesse-sorti-coma\/\" \/>\n<meta name=\"twitter:card\" content=\"summary_large_image\" \/>\n<meta name=\"twitter:title\" content=\"Vosges : le sapeur-pompier gravement bless\u00e9 est sorti du coma - Saint Die Info\" \/>\n<meta name=\"twitter:description\" content=\"Ce mercredi, alors qu\u2019ils se rendaient sur une intervention pour un feu de chemin\u00e9e avec une \u00e9chelle a\u00e9rienne, deux sapeurs-pompiers [&hellip;]\" \/>\n<meta name=\"twitter:image\" content=\"https:\/\/vosgesinfo.fr\/app\/uploads\/sites\/4\/2024\/08\/202101sapeurs-pompiers-centre-mirecourt.jpg\" \/>\n<meta name=\"twitter:creator\" content=\"@VosgesInfo88\" \/>\n<meta name=\"twitter:site\" content=\"@VosgesInfo88\" \/>\n<meta name=\"twitter:label1\" content=\"\u00c9crit par\" \/>\n\t<meta name=\"twitter:data1\" content=\"la r\u00e9daction\" \/>\n\t<meta name=\"twitter:label2\" content=\"Dur\u00e9e de lecture estim\u00e9e\" \/>\n\t<meta name=\"twitter:data2\" content=\"1 minute\" \/>\n<script type=\"application\/ld+json\" class=\"yoast-schema-graph\">{\"@context\":\"https:\/\/schema.org\",\"@graph\":[{\"@type\":\"Article\",\"@id\":\"https:\/\/vosgesinfo.fr\/saintdieinfo\/2021\/01\/vosges-sapeur-pompier-gravement-blesse-sorti-coma\/#article\",\"isPartOf\":{\"@id\":\"https:\/\/vosgesinfo.fr\/saintdieinfo\/2021\/01\/vosges-sapeur-pompier-gravement-blesse-sorti-coma\/\"},\"author\":{\"name\":\"la r\u00e9daction\",\"@id\":\"https:\/\/vosgesinfo.fr\/saintdieinfo\/#\/schema\/person\/faee6704a21f3977511db84bd1cd450f\"},\"headline\":\"Vosges : le sapeur-pompier gravement bless\u00e9 est sorti du coma\",\"datePublished\":\"2021-01-15T07:42:27+00:00\",\"dateModified\":\"2021-01-15T07:42:27+00:00\",\"mainEntityOfPage\":{\"@id\":\"https:\/\/vosgesinfo.fr\/saintdieinfo\/2021\/01\/vosges-sapeur-pompier-gravement-blesse-sorti-coma\/\"},\"wordCount\":219,\"commentCount\":0,\"publisher\":{\"@id\":\"https:\/\/vosgesinfo.fr\/saintdieinfo\/#organization\"},\"image\":{\"@id\":\"https:\/\/vosgesinfo.fr\/saintdieinfo\/2021\/01\/vosges-sapeur-pompier-gravement-blesse-sorti-coma\/#primaryimage\"},\"thumbnailUrl\":\"https:\/\/vosgesinfo.fr\/app\/uploads\/sites\/4\/2024\/08\/202101sapeurs-pompiers-centre-mirecourt.jpg\",\"keywords\":[\"sapeurs pompiers\"],\"articleSection\":[\"A la Une\",\"Fait Divers\",\"Vosges\"],\"inLanguage\":\"fr-FR\",\"potentialAction\":[{\"@type\":\"CommentAction\",\"name\":\"Comment\",\"target\":[\"https:\/\/vosgesinfo.fr\/saintdieinfo\/2021\/01\/vosges-sapeur-pompier-gravement-blesse-sorti-coma\/#respond\"]}]},{\"@type\":\"WebPage\",\"@id\":\"https:\/\/vosgesinfo.fr\/saintdieinfo\/2021\/01\/vosges-sapeur-pompier-gravement-blesse-sorti-coma\/\",\"url\":\"https:\/\/vosgesinfo.fr\/saintdieinfo\/2021\/01\/vosges-sapeur-pompier-gravement-blesse-sorti-coma\/\",\"name\":\"Vosges : le sapeur-pompier gravement bless\u00e9 est sorti du coma - Saint Die Info\",\"isPartOf\":{\"@id\":\"https:\/\/vosgesinfo.fr\/saintdieinfo\/#website\"},\"primaryImageOfPage\":{\"@id\":\"https:\/\/vosgesinfo.fr\/saintdieinfo\/2021\/01\/vosges-sapeur-pompier-gravement-blesse-sorti-coma\/#primaryimage\"},\"image\":{\"@id\":\"https:\/\/vosgesinfo.fr\/saintdieinfo\/2021\/01\/vosges-sapeur-pompier-gravement-blesse-sorti-coma\/#primaryimage\"},\"thumbnailUrl\":\"https:\/\/vosgesinfo.fr\/app\/uploads\/sites\/4\/2024\/08\/202101sapeurs-pompiers-centre-mirecourt.jpg\",\"datePublished\":\"2021-01-15T07:42:27+00:00\",\"dateModified\":\"2021-01-15T07:42:27+00:00\",\"breadcrumb\":{\"@id\":\"https:\/\/vosgesinfo.fr\/saintdieinfo\/2021\/01\/vosges-sapeur-pompier-gravement-blesse-sorti-coma\/#breadcrumb\"},\"inLanguage\":\"fr-FR\",\"potentialAction\":[{\"@type\":\"ReadAction\",\"target\":[\"https:\/\/vosgesinfo.fr\/saintdieinfo\/2021\/01\/vosges-sapeur-pompier-gravement-blesse-sorti-coma\/\"]}]},{\"@type\":\"ImageObject\",\"inLanguage\":\"fr-FR\",\"@id\":\"https:\/\/vosgesinfo.fr\/saintdieinfo\/2021\/01\/vosges-sapeur-pompier-gravement-blesse-sorti-coma\/#primaryimage\",\"url\":\"https:\/\/vosgesinfo.fr\/app\/uploads\/sites\/4\/2024\/08\/202101sapeurs-pompiers-centre-mirecourt.jpg\",\"contentUrl\":\"https:\/\/vosgesinfo.fr\/app\/uploads\/sites\/4\/2024\/08\/202101sapeurs-pompiers-centre-mirecourt.jpg\",\"width\":800,\"height\":535},{\"@type\":\"BreadcrumbList\",\"@id\":\"https:\/\/vosgesinfo.fr\/saintdieinfo\/2021\/01\/vosges-sapeur-pompier-gravement-blesse-sorti-coma\/#breadcrumb\",\"itemListElement\":[{\"@type\":\"ListItem\",\"position\":1,\"name\":\"Home\",\"item\":\"https:\/\/vosgesinfo.fr\/saintdieinfo\/\"},{\"@type\":\"ListItem\",\"position\":2,\"name\":\"Vosges : le sapeur-pompier gravement bless\u00e9 est sorti du coma\"}]},{\"@type\":\"WebSite\",\"@id\":\"https:\/\/vosgesinfo.fr\/saintdieinfo\/#website\",\"url\":\"https:\/\/vosgesinfo.fr\/saintdieinfo\/\",\"name\":\"Saint Die Info\",\"description\":\"Toute l&#039;actualit\u00e9 de Saint-Di\u00e9-Des-Vosges\",\"publisher\":{\"@id\":\"https:\/\/vosgesinfo.fr\/saintdieinfo\/#organization\"},\"alternateName\":\"Toute l'actualit\u00e9 de Saint-Di\u00e9-Des-Vosges\",\"potentialAction\":[{\"@type\":\"SearchAction\",\"target\":{\"@type\":\"EntryPoint\",\"urlTemplate\":\"https:\/\/vosgesinfo.fr\/saintdieinfo\/?s={search_term_string}\"},\"query-input\":\"required name=search_term_string\"}],\"inLanguage\":\"fr-FR\"},{\"@type\":\"Organization\",\"@id\":\"https:\/\/vosgesinfo.fr\/saintdieinfo\/#organization\",\"name\":\"Saint Die Info\",\"url\":\"https:\/\/vosgesinfo.fr\/saintdieinfo\/\",\"logo\":{\"@type\":\"ImageObject\",\"inLanguage\":\"fr-FR\",\"@id\":\"https:\/\/vosgesinfo.fr\/saintdieinfo\/#\/schema\/logo\/image\/\",\"url\":\"https:\/\/vosgesinfo.fr\/app\/uploads\/sites\/4\/2024\/02\/logo-sdi.jpg\",\"contentUrl\":\"https:\/\/vosgesinfo.fr\/app\/uploads\/sites\/4\/2024\/02\/logo-sdi.jpg\",\"width\":600,\"height\":600,\"caption\":\"Saint Die Info\"},\"image\":{\"@id\":\"https:\/\/vosgesinfo.fr\/saintdieinfo\/#\/schema\/logo\/image\/\"},\"sameAs\":[\"https:\/\/www.facebook.com\/Saintdieinfofr\",\"https:\/\/x.com\/VosgesInfo88\",\"https:\/\/www.youtube.com\/@vosgesinfo\"]},{\"@type\":\"Person\",\"@id\":\"https:\/\/vosgesinfo.fr\/saintdieinfo\/#\/schema\/person\/faee6704a21f3977511db84bd1cd450f\",\"name\":\"la r\u00e9daction\",\"image\":{\"@type\":\"ImageObject\",\"inLanguage\":\"fr-FR\",\"@id\":\"https:\/\/vosgesinfo.fr\/saintdieinfo\/#\/schema\/person\/image\/\",\"url\":\"https:\/\/secure.gravatar.com\/avatar\/6673d8bc6a9c17fa9a453eaa3448de834fa308c2ec9635b7aa99441a7c8d2cf6?s=96&d=mm&r=g\",\"contentUrl\":\"https:\/\/secure.gravatar.com\/avatar\/6673d8bc6a9c17fa9a453eaa3448de834fa308c2ec9635b7aa99441a7c8d2cf6?s=96&d=mm&r=g\",\"caption\":\"la r\u00e9daction\"},\"url\":\"https:\/\/vosgesinfo.fr\/saintdieinfo\/author\/redac\/\"}]}<\/script>\n<!-- \/ Yoast SEO plugin. -->","yoast_head_json":{"title":"Vosges : le sapeur-pompier gravement bless\u00e9 est sorti du coma - Saint Die Info","robots":{"index":"index","follow":"follow","max-snippet":"max-snippet:-1","max-image-preview":"max-image-preview:large","max-video-preview":"max-video-preview:-1"},"canonical":"https:\/\/vosgesinfo.fr\/saintdieinfo\/2021\/01\/vosges-sapeur-pompier-gravement-blesse-sorti-coma\/","twitter_card":"summary_large_image","twitter_title":"Vosges : le sapeur-pompier gravement bless\u00e9 est sorti du coma - Saint Die Info","twitter_description":"Ce mercredi, alors qu\u2019ils se rendaient sur une intervention pour un feu de chemin\u00e9e avec une \u00e9chelle a\u00e9rienne, deux sapeurs-pompiers [&hellip;]","twitter_image":"https:\/\/vosgesinfo.fr\/app\/uploads\/sites\/4\/2024\/08\/202101sapeurs-pompiers-centre-mirecourt.jpg","twitter_creator":"@VosgesInfo88","twitter_site":"@VosgesInfo88","twitter_misc":{"\u00c9crit par":"la r\u00e9daction","Dur\u00e9e de lecture estim\u00e9e":"1 minute"},"schema":{"@context":"https:\/\/schema.org","@graph":[{"@type":"Article","@id":"https:\/\/vosgesinfo.fr\/saintdieinfo\/2021\/01\/vosges-sapeur-pompier-gravement-blesse-sorti-coma\/#article","isPartOf":{"@id":"https:\/\/vosgesinfo.fr\/saintdieinfo\/2021\/01\/vosges-sapeur-pompier-gravement-blesse-sorti-coma\/"},"author":{"name":"la r\u00e9daction","@id":"https:\/\/vosgesinfo.fr\/saintdieinfo\/#\/schema\/person\/faee6704a21f3977511db84bd1cd450f"},"headline":"Vosges : le sapeur-pompier gravement bless\u00e9 est sorti du coma","datePublished":"2021-01-15T07:42:27+00:00","dateModified":"2021-01-15T07:42:27+00:00","mainEntityOfPage":{"@id":"https:\/\/vosgesinfo.fr\/saintdieinfo\/2021\/01\/vosges-sapeur-pompier-gravement-blesse-sorti-coma\/"},"wordCount":219,"commentCount":0,"publisher":{"@id":"https:\/\/vosgesinfo.fr\/saintdieinfo\/#organization"},"image":{"@id":"https:\/\/vosgesinfo.fr\/saintdieinfo\/2021\/01\/vosges-sapeur-pompier-gravement-blesse-sorti-coma\/#primaryimage"},"thumbnailUrl":"https:\/\/vosgesinfo.fr\/app\/uploads\/sites\/4\/2024\/08\/202101sapeurs-pompiers-centre-mirecourt.jpg","keywords":["sapeurs pompiers"],"articleSection":["A la Une","Fait Divers","Vosges"],"inLanguage":"fr-FR","potentialAction":[{"@type":"CommentAction","name":"Comment","target":["https:\/\/vosgesinfo.fr\/saintdieinfo\/2021\/01\/vosges-sapeur-pompier-gravement-blesse-sorti-coma\/#respond"]}]},{"@type":"WebPage","@id":"https:\/\/vosgesinfo.fr\/saintdieinfo\/2021\/01\/vosges-sapeur-pompier-gravement-blesse-sorti-coma\/","url":"https:\/\/vosgesinfo.fr\/saintdieinfo\/2021\/01\/vosges-sapeur-pompier-gravement-blesse-sorti-coma\/","name":"Vosges : le sapeur-pompier gravement bless\u00e9 est sorti du coma - Saint Die Info","isPartOf":{"@id":"https:\/\/vosgesinfo.fr\/saintdieinfo\/#website"},"primaryImageOfPage":{"@id":"https:\/\/vosgesinfo.fr\/saintdieinfo\/2021\/01\/vosges-sapeur-pompier-gravement-blesse-sorti-coma\/#primaryimage"},"image":{"@id":"https:\/\/vosgesinfo.fr\/saintdieinfo\/2021\/01\/vosges-sapeur-pompier-gravement-blesse-sorti-coma\/#primaryimage"},"thumbnailUrl":"https:\/\/vosgesinfo.fr\/app\/uploads\/sites\/4\/2024\/08\/202101sapeurs-pompiers-centre-mirecourt.jpg","datePublished":"2021-01-15T07:42:27+00:00","dateModified":"2021-01-15T07:42:27+00:00","breadcrumb":{"@id":"https:\/\/vosgesinfo.fr\/saintdieinfo\/2021\/01\/vosges-sapeur-pompier-gravement-blesse-sorti-coma\/#breadcrumb"},"inLanguage":"fr-FR","potentialAction":[{"@type":"ReadAction","target":["https:\/\/vosgesinfo.fr\/saintdieinfo\/2021\/01\/vosges-sapeur-pompier-gravement-blesse-sorti-coma\/"]}]},{"@type":"ImageObject","inLanguage":"fr-FR","@id":"https:\/\/vosgesinfo.fr\/saintdieinfo\/2021\/01\/vosges-sapeur-pompier-gravement-blesse-sorti-coma\/#primaryimage","url":"https:\/\/vosgesinfo.fr\/app\/uploads\/sites\/4\/2024\/08\/202101sapeurs-pompiers-centre-mirecourt.jpg","contentUrl":"https:\/\/vosgesinfo.fr\/app\/uploads\/sites\/4\/2024\/08\/202101sapeurs-pompiers-centre-mirecourt.jpg","width":800,"height":535},{"@type":"BreadcrumbList","@id":"https:\/\/vosgesinfo.fr\/saintdieinfo\/2021\/01\/vosges-sapeur-pompier-gravement-blesse-sorti-coma\/#breadcrumb","itemListElement":[{"@type":"ListItem","position":1,"name":"Home","item":"https:\/\/vosgesinfo.fr\/saintdieinfo\/"},{"@type":"ListItem","position":2,"name":"Vosges : le sapeur-pompier gravement bless\u00e9 est sorti du coma"}]},{"@type":"WebSite","@id":"https:\/\/vosgesinfo.fr\/saintdieinfo\/#website","url":"https:\/\/vosgesinfo.fr\/saintdieinfo\/","name":"Saint Die Info","description":"Toute l&#039;actualit\u00e9 de Saint-Di\u00e9-Des-Vosges","publisher":{"@id":"https:\/\/vosgesinfo.fr\/saintdieinfo\/#organization"},"alternateName":"Toute l'actualit\u00e9 de Saint-Di\u00e9-Des-Vosges","potentialAction":[{"@type":"SearchAction","target":{"@type":"EntryPoint","urlTemplate":"https:\/\/vosgesinfo.fr\/saintdieinfo\/?s={search_term_string}"},"query-input":"required name=search_term_string"}],"inLanguage":"fr-FR"},{"@type":"Organization","@id":"https:\/\/vosgesinfo.fr\/saintdieinfo\/#organization","name":"Saint Die Info","url":"https:\/\/vosgesinfo.fr\/saintdieinfo\/","logo":{"@type":"ImageObject","inLanguage":"fr-FR","@id":"https:\/\/vosgesinfo.fr\/saintdieinfo\/#\/schema\/logo\/image\/","url":"https:\/\/vosgesinfo.fr\/app\/uploads\/sites\/4\/2024\/02\/logo-sdi.jpg","contentUrl":"https:\/\/vosgesinfo.fr\/app\/uploads\/sites\/4\/2024\/02\/logo-sdi.jpg","width":600,"height":600,"caption":"Saint Die Info"},"image":{"@id":"https:\/\/vosgesinfo.fr\/saintdieinfo\/#\/schema\/logo\/image\/"},"sameAs":["https:\/\/www.facebook.com\/Saintdieinfofr","https:\/\/x.com\/VosgesInfo88","https:\/\/www.youtube.com\/@vosgesinfo"]},{"@type":"Person","@id":"https:\/\/vosgesinfo.fr\/saintdieinfo\/#\/schema\/person\/faee6704a21f3977511db84bd1cd450f","name":"la r\u00e9daction","image":{"@type":"ImageObject","inLanguage":"fr-FR","@id":"https:\/\/vosgesinfo.fr\/saintdieinfo\/#\/schema\/person\/image\/","url":"https:\/\/secure.gravatar.com\/avatar\/6673d8bc6a9c17fa9a453eaa3448de834fa308c2ec9635b7aa99441a7c8d2cf6?s=96&d=mm&r=g","contentUrl":"https:\/\/secure.gravatar.com\/avatar\/6673d8bc6a9c17fa9a453eaa3448de834fa308c2ec9635b7aa99441a7c8d2cf6?s=96&d=mm&r=g","caption":"la r\u00e9daction"},"url":"https:\/\/vosgesinfo.fr\/saintdieinfo\/author\/redac\/"}]}},"_links":{"self":[{"href":"https:\/\/vosgesinfo.fr\/saintdieinfo\/wp-json\/wp\/v2\/posts\/39254","targetHints":{"allow":["GET"]}}],"collection":[{"href":"https:\/\/vosgesinfo.fr\/saintdieinfo\/wp-json\/wp\/v2\/posts"}],"about":[{"href":"https:\/\/vosgesinfo.fr\/saintdieinfo\/wp-json\/wp\/v2\/types\/post"}],"author":[{"embeddable":true,"href":"https:\/\/vosgesinfo.fr\/saintdieinfo\/wp-json\/wp\/v2\/users\/44"}],"replies":[{"embeddable":true,"href":"https:\/\/vosgesinfo.fr\/saintdieinfo\/wp-json\/wp\/v2\/comments?post=39254"}],"version-history":[{"count":0,"href":"https:\/\/vosgesinfo.fr\/saintdieinfo\/wp-json\/wp\/v2\/posts\/39254\/revisions"}],"wp:featuredmedia":[{"embeddable":true,"href":"https:\/\/vosgesinfo.fr\/saintdieinfo\/wp-json\/wp\/v2\/media\/39255"}],"wp:attachment":[{"href":"https:\/\/vosgesinfo.fr\/saintdieinfo\/wp-json\/wp\/v2\/media?parent=39254"}],"wp:term":[{"taxonomy":"category","embeddable":true,"href":"https:\/\/vosgesinfo.fr\/saintdieinfo\/wp-json\/wp\/v2\/categories?post=39254"},{"taxonomy":"post_tag","embeddable":true,"href":"https:\/\/vosgesinfo.fr\/saintdieinfo\/wp-json\/wp\/v2\/tags?post=39254"}],"curies":[{"name":"wp","href":"https:\/\/api.w.org\/{rel}","templated":true}]}}