{"id":39275,"date":"2021-01-18T17:34:06","date_gmt":"2021-01-18T16:34:06","guid":{"rendered":"https:\/\/vosgesinfo.fr\/saintdieinfo\/2021\/01\/avalanche-corps-skieur-de-26-ans-originaire-de-ventron-retrouve-vie\/"},"modified":"2021-01-18T17:34:06","modified_gmt":"2021-01-18T16:34:06","slug":"avalanche-corps-skieur-de-26-ans-originaire-de-ventron-retrouve-vie","status":"publish","type":"post","link":"https:\/\/vosgesinfo.fr\/saintdieinfo\/2021\/01\/avalanche-corps-skieur-de-26-ans-originaire-de-ventron-retrouve-vie\/","title":{"rendered":"Avalanche \u2013 Le corps du skieur de 26 ans originaire de Ventron retrouv\u00e9 sans vie"},"content":{"rendered":"<div id=\"attachment_166078\" style=\"width: 401px\" class=\"wp-caption aligncenter\"><a href=\"\/2021\/01\/pgm-archives.jpg\"><img decoding=\"async\" aria-describedby=\"caption-attachment-166078\" class=\"size-medium wp-image-166078\" src=\"\/2021\/01\/pgm-archives-391x255.jpg\" alt=\"Archive\" width=\"391\" height=\"255\" \/><\/a><p id=\"caption-attachment-166078\" class=\"wp-caption-text\">Archive<\/p><\/div>\n<h2><strong>Le corps du jeune skieur de 26 ans originaire de Ventron disparu en montagne a \u00e9t\u00e9 retrouv\u00e9 sans vie, ce lundi apr\u00e8s-midi,\u00a0<a href=\"https:\/\/www.francebleu.fr\/infos\/faits-divers-justice\/vosges-le-skieur-porte-disparu-retrouve-mort-1610980276?xtmc=Vosges%20:%20le%20skieur%20port%C3%A9%20disparu%20apr%C3%A8s%20une%20avalanche%20a%20%C3%A9t%C3%A9%20retrouv%C3%A9%20mort&amp;xtnp=1&amp;xtcr=1\">selon francebleu.fr.<\/a> Dans la journ\u00e9e de dimanche, il avait \u00e9t\u00e9 emport\u00e9 par une avalanche sur 300 m\u00e8tres.<\/strong><\/h2>\n<p>Le drame s\u2019est produit sur un versant alsacien du massif, \u00e0 proximit\u00e9 du Hohneck. Le jeune skieur de 26 ans, originaire de Ventron, effectuait une sortie en ski de randonn\u00e9e avec un ami. Ce dernier a \u00e9t\u00e9 retrouv\u00e9 dimanche, en milieu d\u2019apr\u00e8s-midi. Il \u00e9tait bless\u00e9, sans que sa vie soit en danger. Interrompues par la nuit, les recherches ont repris ce lundi matin. Les secours ont retrouv\u00e9 cet apr\u00e8s-midi le corps sans vie du deuxi\u00e8me skieur.<\/p>\n<p>L\u2019\u00e9quipe de l\u2019US Ventron exprime sa tristesse face \u00e0 ce drame\u00a0: <em>\u00ab\u00a0C\u2018est avec une immense tristesse que nous venons d\u2019apprendre le d\u00e9c\u00e8s d\u2019Antoine Parmentier, ancien membre de notre club. A ses proches et en particulier \u00e0 son papa Guy Parmentier, qui fut pendant de nombreuses ann\u00e9es licenci\u00e9 et membre de notre comit\u00e9, nous adressons nos sinc\u00e8res condol\u00e9ances\u00a0\u00bb.<\/em><\/p>\n","protected":false},"excerpt":{"rendered":"<p>Le corps du jeune skieur de 26 ans originaire de Ventron disparu en montagne a \u00e9t\u00e9 retrouv\u00e9 sans vie, ce [&hellip;]<\/p>\n","protected":false},"author":44,"featured_media":39276,"comment_status":"open","ping_status":"open","sticky":false,"template":"","format":"standard","meta":{"footnotes":""},"categories":[460,2924,18],"tags":[7120,7798],"class_list":["post-39275","post","type-post","status-publish","format-standard","has-post-thumbnail","hentry","category-a-la-une","category-fait-divers","category-vosges","tag-hohneck","tag-ventron"],"acf":[],"yoast_head":"<!-- This site is optimized with the Yoast SEO plugin v22.5 - https:\/\/yoast.com\/wordpress\/plugins\/seo\/ -->\n<title>Avalanche \u2013 Le corps du skieur de 26 ans originaire de Ventron retrouv\u00e9 sans vie - Saint Die Info<\/title>\n<meta name=\"robots\" content=\"index, follow, max-snippet:-1, max-image-preview:large, max-video-preview:-1\" \/>\n<link rel=\"canonical\" href=\"https:\/\/vosgesinfo.fr\/saintdieinfo\/2021\/01\/avalanche-corps-skieur-de-26-ans-originaire-de-ventron-retrouve-vie\/\" \/>\n<meta name=\"twitter:card\" content=\"summary_large_image\" \/>\n<meta name=\"twitter:title\" content=\"Avalanche \u2013 Le corps du skieur de 26 ans originaire de Ventron retrouv\u00e9 sans vie - Saint Die Info\" \/>\n<meta name=\"twitter:description\" content=\"Le corps du jeune skieur de 26 ans originaire de Ventron disparu en montagne a \u00e9t\u00e9 retrouv\u00e9 sans vie, ce [&hellip;]\" \/>\n<meta name=\"twitter:image\" content=\"https:\/\/vosgesinfo.fr\/app\/uploads\/sites\/4\/2024\/08\/202101pgm-archives.jpg\" \/>\n<meta name=\"twitter:creator\" content=\"@VosgesInfo88\" \/>\n<meta name=\"twitter:site\" content=\"@VosgesInfo88\" \/>\n<meta name=\"twitter:label1\" content=\"\u00c9crit par\" \/>\n\t<meta name=\"twitter:data1\" content=\"la r\u00e9daction\" \/>\n\t<meta name=\"twitter:label2\" content=\"Dur\u00e9e de lecture estim\u00e9e\" \/>\n\t<meta name=\"twitter:data2\" content=\"1 minute\" \/>\n<script type=\"application\/ld+json\" class=\"yoast-schema-graph\">{\"@context\":\"https:\/\/schema.org\",\"@graph\":[{\"@type\":\"Article\",\"@id\":\"https:\/\/vosgesinfo.fr\/saintdieinfo\/2021\/01\/avalanche-corps-skieur-de-26-ans-originaire-de-ventron-retrouve-vie\/#article\",\"isPartOf\":{\"@id\":\"https:\/\/vosgesinfo.fr\/saintdieinfo\/2021\/01\/avalanche-corps-skieur-de-26-ans-originaire-de-ventron-retrouve-vie\/\"},\"author\":{\"name\":\"la r\u00e9daction\",\"@id\":\"https:\/\/vosgesinfo.fr\/saintdieinfo\/#\/schema\/person\/faee6704a21f3977511db84bd1cd450f\"},\"headline\":\"Avalanche \u2013 Le corps du skieur de 26 ans originaire de Ventron retrouv\u00e9 sans vie\",\"datePublished\":\"2021-01-18T16:34:06+00:00\",\"dateModified\":\"2021-01-18T16:34:06+00:00\",\"mainEntityOfPage\":{\"@id\":\"https:\/\/vosgesinfo.fr\/saintdieinfo\/2021\/01\/avalanche-corps-skieur-de-26-ans-originaire-de-ventron-retrouve-vie\/\"},\"wordCount\":207,\"commentCount\":0,\"publisher\":{\"@id\":\"https:\/\/vosgesinfo.fr\/saintdieinfo\/#organization\"},\"image\":{\"@id\":\"https:\/\/vosgesinfo.fr\/saintdieinfo\/2021\/01\/avalanche-corps-skieur-de-26-ans-originaire-de-ventron-retrouve-vie\/#primaryimage\"},\"thumbnailUrl\":\"https:\/\/vosgesinfo.fr\/app\/uploads\/sites\/4\/2024\/08\/202101pgm-archives.jpg\",\"keywords\":[\"Hohneck\",\"Ventron\"],\"articleSection\":[\"A la Une\",\"Fait Divers\",\"Vosges\"],\"inLanguage\":\"fr-FR\",\"potentialAction\":[{\"@type\":\"CommentAction\",\"name\":\"Comment\",\"target\":[\"https:\/\/vosgesinfo.fr\/saintdieinfo\/2021\/01\/avalanche-corps-skieur-de-26-ans-originaire-de-ventron-retrouve-vie\/#respond\"]}]},{\"@type\":\"WebPage\",\"@id\":\"https:\/\/vosgesinfo.fr\/saintdieinfo\/2021\/01\/avalanche-corps-skieur-de-26-ans-originaire-de-ventron-retrouve-vie\/\",\"url\":\"https:\/\/vosgesinfo.fr\/saintdieinfo\/2021\/01\/avalanche-corps-skieur-de-26-ans-originaire-de-ventron-retrouve-vie\/\",\"name\":\"Avalanche \u2013 Le corps du skieur de 26 ans originaire de Ventron retrouv\u00e9 sans vie - Saint Die Info\",\"isPartOf\":{\"@id\":\"https:\/\/vosgesinfo.fr\/saintdieinfo\/#website\"},\"primaryImageOfPage\":{\"@id\":\"https:\/\/vosgesinfo.fr\/saintdieinfo\/2021\/01\/avalanche-corps-skieur-de-26-ans-originaire-de-ventron-retrouve-vie\/#primaryimage\"},\"image\":{\"@id\":\"https:\/\/vosgesinfo.fr\/saintdieinfo\/2021\/01\/avalanche-corps-skieur-de-26-ans-originaire-de-ventron-retrouve-vie\/#primaryimage\"},\"thumbnailUrl\":\"https:\/\/vosgesinfo.fr\/app\/uploads\/sites\/4\/2024\/08\/202101pgm-archives.jpg\",\"datePublished\":\"2021-01-18T16:34:06+00:00\",\"dateModified\":\"2021-01-18T16:34:06+00:00\",\"breadcrumb\":{\"@id\":\"https:\/\/vosgesinfo.fr\/saintdieinfo\/2021\/01\/avalanche-corps-skieur-de-26-ans-originaire-de-ventron-retrouve-vie\/#breadcrumb\"},\"inLanguage\":\"fr-FR\",\"potentialAction\":[{\"@type\":\"ReadAction\",\"target\":[\"https:\/\/vosgesinfo.fr\/saintdieinfo\/2021\/01\/avalanche-corps-skieur-de-26-ans-originaire-de-ventron-retrouve-vie\/\"]}]},{\"@type\":\"ImageObject\",\"inLanguage\":\"fr-FR\",\"@id\":\"https:\/\/vosgesinfo.fr\/saintdieinfo\/2021\/01\/avalanche-corps-skieur-de-26-ans-originaire-de-ventron-retrouve-vie\/#primaryimage\",\"url\":\"https:\/\/vosgesinfo.fr\/app\/uploads\/sites\/4\/2024\/08\/202101pgm-archives.jpg\",\"contentUrl\":\"https:\/\/vosgesinfo.fr\/app\/uploads\/sites\/4\/2024\/08\/202101pgm-archives.jpg\",\"width\":690,\"height\":450},{\"@type\":\"BreadcrumbList\",\"@id\":\"https:\/\/vosgesinfo.fr\/saintdieinfo\/2021\/01\/avalanche-corps-skieur-de-26-ans-originaire-de-ventron-retrouve-vie\/#breadcrumb\",\"itemListElement\":[{\"@type\":\"ListItem\",\"position\":1,\"name\":\"Home\",\"item\":\"https:\/\/vosgesinfo.fr\/saintdieinfo\/\"},{\"@type\":\"ListItem\",\"position\":2,\"name\":\"Avalanche \u2013 Le corps du skieur de 26 ans originaire de Ventron retrouv\u00e9 sans vie\"}]},{\"@type\":\"WebSite\",\"@id\":\"https:\/\/vosgesinfo.fr\/saintdieinfo\/#website\",\"url\":\"https:\/\/vosgesinfo.fr\/saintdieinfo\/\",\"name\":\"Saint Die Info\",\"description\":\"Toute l&#039;actualit\u00e9 de Saint-Di\u00e9-Des-Vosges\",\"publisher\":{\"@id\":\"https:\/\/vosgesinfo.fr\/saintdieinfo\/#organization\"},\"alternateName\":\"Toute l'actualit\u00e9 de Saint-Di\u00e9-Des-Vosges\",\"potentialAction\":[{\"@type\":\"SearchAction\",\"target\":{\"@type\":\"EntryPoint\",\"urlTemplate\":\"https:\/\/vosgesinfo.fr\/saintdieinfo\/?s={search_term_string}\"},\"query-input\":\"required name=search_term_string\"}],\"inLanguage\":\"fr-FR\"},{\"@type\":\"Organization\",\"@id\":\"https:\/\/vosgesinfo.fr\/saintdieinfo\/#organization\",\"name\":\"Saint Die Info\",\"url\":\"https:\/\/vosgesinfo.fr\/saintdieinfo\/\",\"logo\":{\"@type\":\"ImageObject\",\"inLanguage\":\"fr-FR\",\"@id\":\"https:\/\/vosgesinfo.fr\/saintdieinfo\/#\/schema\/logo\/image\/\",\"url\":\"https:\/\/vosgesinfo.fr\/app\/uploads\/sites\/4\/2024\/02\/logo-sdi.jpg\",\"contentUrl\":\"https:\/\/vosgesinfo.fr\/app\/uploads\/sites\/4\/2024\/02\/logo-sdi.jpg\",\"width\":600,\"height\":600,\"caption\":\"Saint Die Info\"},\"image\":{\"@id\":\"https:\/\/vosgesinfo.fr\/saintdieinfo\/#\/schema\/logo\/image\/\"},\"sameAs\":[\"https:\/\/www.facebook.com\/Saintdieinfofr\",\"https:\/\/x.com\/VosgesInfo88\",\"https:\/\/www.youtube.com\/@vosgesinfo\"]},{\"@type\":\"Person\",\"@id\":\"https:\/\/vosgesinfo.fr\/saintdieinfo\/#\/schema\/person\/faee6704a21f3977511db84bd1cd450f\",\"name\":\"la r\u00e9daction\",\"image\":{\"@type\":\"ImageObject\",\"inLanguage\":\"fr-FR\",\"@id\":\"https:\/\/vosgesinfo.fr\/saintdieinfo\/#\/schema\/person\/image\/\",\"url\":\"https:\/\/secure.gravatar.com\/avatar\/6673d8bc6a9c17fa9a453eaa3448de834fa308c2ec9635b7aa99441a7c8d2cf6?s=96&d=mm&r=g\",\"contentUrl\":\"https:\/\/secure.gravatar.com\/avatar\/6673d8bc6a9c17fa9a453eaa3448de834fa308c2ec9635b7aa99441a7c8d2cf6?s=96&d=mm&r=g\",\"caption\":\"la r\u00e9daction\"},\"url\":\"https:\/\/vosgesinfo.fr\/saintdieinfo\/author\/redac\/\"}]}<\/script>\n<!-- \/ Yoast SEO plugin. -->","yoast_head_json":{"title":"Avalanche \u2013 Le corps du skieur de 26 ans originaire de Ventron retrouv\u00e9 sans vie - Saint Die Info","robots":{"index":"index","follow":"follow","max-snippet":"max-snippet:-1","max-image-preview":"max-image-preview:large","max-video-preview":"max-video-preview:-1"},"canonical":"https:\/\/vosgesinfo.fr\/saintdieinfo\/2021\/01\/avalanche-corps-skieur-de-26-ans-originaire-de-ventron-retrouve-vie\/","twitter_card":"summary_large_image","twitter_title":"Avalanche \u2013 Le corps du skieur de 26 ans originaire de Ventron retrouv\u00e9 sans vie - Saint Die Info","twitter_description":"Le corps du jeune skieur de 26 ans originaire de Ventron disparu en montagne a \u00e9t\u00e9 retrouv\u00e9 sans vie, ce [&hellip;]","twitter_image":"https:\/\/vosgesinfo.fr\/app\/uploads\/sites\/4\/2024\/08\/202101pgm-archives.jpg","twitter_creator":"@VosgesInfo88","twitter_site":"@VosgesInfo88","twitter_misc":{"\u00c9crit par":"la r\u00e9daction","Dur\u00e9e de lecture estim\u00e9e":"1 minute"},"schema":{"@context":"https:\/\/schema.org","@graph":[{"@type":"Article","@id":"https:\/\/vosgesinfo.fr\/saintdieinfo\/2021\/01\/avalanche-corps-skieur-de-26-ans-originaire-de-ventron-retrouve-vie\/#article","isPartOf":{"@id":"https:\/\/vosgesinfo.fr\/saintdieinfo\/2021\/01\/avalanche-corps-skieur-de-26-ans-originaire-de-ventron-retrouve-vie\/"},"author":{"name":"la r\u00e9daction","@id":"https:\/\/vosgesinfo.fr\/saintdieinfo\/#\/schema\/person\/faee6704a21f3977511db84bd1cd450f"},"headline":"Avalanche \u2013 Le corps du skieur de 26 ans originaire de Ventron retrouv\u00e9 sans vie","datePublished":"2021-01-18T16:34:06+00:00","dateModified":"2021-01-18T16:34:06+00:00","mainEntityOfPage":{"@id":"https:\/\/vosgesinfo.fr\/saintdieinfo\/2021\/01\/avalanche-corps-skieur-de-26-ans-originaire-de-ventron-retrouve-vie\/"},"wordCount":207,"commentCount":0,"publisher":{"@id":"https:\/\/vosgesinfo.fr\/saintdieinfo\/#organization"},"image":{"@id":"https:\/\/vosgesinfo.fr\/saintdieinfo\/2021\/01\/avalanche-corps-skieur-de-26-ans-originaire-de-ventron-retrouve-vie\/#primaryimage"},"thumbnailUrl":"https:\/\/vosgesinfo.fr\/app\/uploads\/sites\/4\/2024\/08\/202101pgm-archives.jpg","keywords":["Hohneck","Ventron"],"articleSection":["A la Une","Fait Divers","Vosges"],"inLanguage":"fr-FR","potentialAction":[{"@type":"CommentAction","name":"Comment","target":["https:\/\/vosgesinfo.fr\/saintdieinfo\/2021\/01\/avalanche-corps-skieur-de-26-ans-originaire-de-ventron-retrouve-vie\/#respond"]}]},{"@type":"WebPage","@id":"https:\/\/vosgesinfo.fr\/saintdieinfo\/2021\/01\/avalanche-corps-skieur-de-26-ans-originaire-de-ventron-retrouve-vie\/","url":"https:\/\/vosgesinfo.fr\/saintdieinfo\/2021\/01\/avalanche-corps-skieur-de-26-ans-originaire-de-ventron-retrouve-vie\/","name":"Avalanche \u2013 Le corps du skieur de 26 ans originaire de Ventron retrouv\u00e9 sans vie - Saint Die Info","isPartOf":{"@id":"https:\/\/vosgesinfo.fr\/saintdieinfo\/#website"},"primaryImageOfPage":{"@id":"https:\/\/vosgesinfo.fr\/saintdieinfo\/2021\/01\/avalanche-corps-skieur-de-26-ans-originaire-de-ventron-retrouve-vie\/#primaryimage"},"image":{"@id":"https:\/\/vosgesinfo.fr\/saintdieinfo\/2021\/01\/avalanche-corps-skieur-de-26-ans-originaire-de-ventron-retrouve-vie\/#primaryimage"},"thumbnailUrl":"https:\/\/vosgesinfo.fr\/app\/uploads\/sites\/4\/2024\/08\/202101pgm-archives.jpg","datePublished":"2021-01-18T16:34:06+00:00","dateModified":"2021-01-18T16:34:06+00:00","breadcrumb":{"@id":"https:\/\/vosgesinfo.fr\/saintdieinfo\/2021\/01\/avalanche-corps-skieur-de-26-ans-originaire-de-ventron-retrouve-vie\/#breadcrumb"},"inLanguage":"fr-FR","potentialAction":[{"@type":"ReadAction","target":["https:\/\/vosgesinfo.fr\/saintdieinfo\/2021\/01\/avalanche-corps-skieur-de-26-ans-originaire-de-ventron-retrouve-vie\/"]}]},{"@type":"ImageObject","inLanguage":"fr-FR","@id":"https:\/\/vosgesinfo.fr\/saintdieinfo\/2021\/01\/avalanche-corps-skieur-de-26-ans-originaire-de-ventron-retrouve-vie\/#primaryimage","url":"https:\/\/vosgesinfo.fr\/app\/uploads\/sites\/4\/2024\/08\/202101pgm-archives.jpg","contentUrl":"https:\/\/vosgesinfo.fr\/app\/uploads\/sites\/4\/2024\/08\/202101pgm-archives.jpg","width":690,"height":450},{"@type":"BreadcrumbList","@id":"https:\/\/vosgesinfo.fr\/saintdieinfo\/2021\/01\/avalanche-corps-skieur-de-26-ans-originaire-de-ventron-retrouve-vie\/#breadcrumb","itemListElement":[{"@type":"ListItem","position":1,"name":"Home","item":"https:\/\/vosgesinfo.fr\/saintdieinfo\/"},{"@type":"ListItem","position":2,"name":"Avalanche \u2013 Le corps du skieur de 26 ans originaire de Ventron retrouv\u00e9 sans vie"}]},{"@type":"WebSite","@id":"https:\/\/vosgesinfo.fr\/saintdieinfo\/#website","url":"https:\/\/vosgesinfo.fr\/saintdieinfo\/","name":"Saint Die Info","description":"Toute l&#039;actualit\u00e9 de Saint-Di\u00e9-Des-Vosges","publisher":{"@id":"https:\/\/vosgesinfo.fr\/saintdieinfo\/#organization"},"alternateName":"Toute l'actualit\u00e9 de Saint-Di\u00e9-Des-Vosges","potentialAction":[{"@type":"SearchAction","target":{"@type":"EntryPoint","urlTemplate":"https:\/\/vosgesinfo.fr\/saintdieinfo\/?s={search_term_string}"},"query-input":"required name=search_term_string"}],"inLanguage":"fr-FR"},{"@type":"Organization","@id":"https:\/\/vosgesinfo.fr\/saintdieinfo\/#organization","name":"Saint Die Info","url":"https:\/\/vosgesinfo.fr\/saintdieinfo\/","logo":{"@type":"ImageObject","inLanguage":"fr-FR","@id":"https:\/\/vosgesinfo.fr\/saintdieinfo\/#\/schema\/logo\/image\/","url":"https:\/\/vosgesinfo.fr\/app\/uploads\/sites\/4\/2024\/02\/logo-sdi.jpg","contentUrl":"https:\/\/vosgesinfo.fr\/app\/uploads\/sites\/4\/2024\/02\/logo-sdi.jpg","width":600,"height":600,"caption":"Saint Die Info"},"image":{"@id":"https:\/\/vosgesinfo.fr\/saintdieinfo\/#\/schema\/logo\/image\/"},"sameAs":["https:\/\/www.facebook.com\/Saintdieinfofr","https:\/\/x.com\/VosgesInfo88","https:\/\/www.youtube.com\/@vosgesinfo"]},{"@type":"Person","@id":"https:\/\/vosgesinfo.fr\/saintdieinfo\/#\/schema\/person\/faee6704a21f3977511db84bd1cd450f","name":"la r\u00e9daction","image":{"@type":"ImageObject","inLanguage":"fr-FR","@id":"https:\/\/vosgesinfo.fr\/saintdieinfo\/#\/schema\/person\/image\/","url":"https:\/\/secure.gravatar.com\/avatar\/6673d8bc6a9c17fa9a453eaa3448de834fa308c2ec9635b7aa99441a7c8d2cf6?s=96&d=mm&r=g","contentUrl":"https:\/\/secure.gravatar.com\/avatar\/6673d8bc6a9c17fa9a453eaa3448de834fa308c2ec9635b7aa99441a7c8d2cf6?s=96&d=mm&r=g","caption":"la r\u00e9daction"},"url":"https:\/\/vosgesinfo.fr\/saintdieinfo\/author\/redac\/"}]}},"_links":{"self":[{"href":"https:\/\/vosgesinfo.fr\/saintdieinfo\/wp-json\/wp\/v2\/posts\/39275","targetHints":{"allow":["GET"]}}],"collection":[{"href":"https:\/\/vosgesinfo.fr\/saintdieinfo\/wp-json\/wp\/v2\/posts"}],"about":[{"href":"https:\/\/vosgesinfo.fr\/saintdieinfo\/wp-json\/wp\/v2\/types\/post"}],"author":[{"embeddable":true,"href":"https:\/\/vosgesinfo.fr\/saintdieinfo\/wp-json\/wp\/v2\/users\/44"}],"replies":[{"embeddable":true,"href":"https:\/\/vosgesinfo.fr\/saintdieinfo\/wp-json\/wp\/v2\/comments?post=39275"}],"version-history":[{"count":0,"href":"https:\/\/vosgesinfo.fr\/saintdieinfo\/wp-json\/wp\/v2\/posts\/39275\/revisions"}],"wp:featuredmedia":[{"embeddable":true,"href":"https:\/\/vosgesinfo.fr\/saintdieinfo\/wp-json\/wp\/v2\/media\/39276"}],"wp:attachment":[{"href":"https:\/\/vosgesinfo.fr\/saintdieinfo\/wp-json\/wp\/v2\/media?parent=39275"}],"wp:term":[{"taxonomy":"category","embeddable":true,"href":"https:\/\/vosgesinfo.fr\/saintdieinfo\/wp-json\/wp\/v2\/categories?post=39275"},{"taxonomy":"post_tag","embeddable":true,"href":"https:\/\/vosgesinfo.fr\/saintdieinfo\/wp-json\/wp\/v2\/tags?post=39275"}],"curies":[{"name":"wp","href":"https:\/\/api.w.org\/{rel}","templated":true}]}}