{"id":39283,"date":"2021-01-20T08:34:02","date_gmt":"2021-01-20T07:34:02","guid":{"rendered":"https:\/\/vosgesinfo.fr\/saintdieinfo\/2021\/01\/passez-bafa-francas-vosges\/"},"modified":"2021-01-20T08:34:02","modified_gmt":"2021-01-20T07:34:02","slug":"passez-bafa-francas-vosges","status":"publish","type":"post","link":"https:\/\/vosgesinfo.fr\/saintdieinfo\/2021\/01\/passez-bafa-francas-vosges\/","title":{"rendered":"Passez votre BAFA avec les Francas des Vosges"},"content":{"rendered":"<h3><a href=\"\/2021\/01\/BAFA-animation-colo-centre-a\u00e9r\u00e9.png\"><img decoding=\"async\" class=\"aligncenter size-full wp-image-166091\" src=\"\/2021\/01\/BAFA-animation-colo-centre-a\u00e9r\u00e9.png\" alt=\"BAFA animation colo centre a\u00e9r\u00e9\" width=\"800\" height=\"269\" \/><\/a><\/h3>\n<h3>Les Francas des Vosges organisent prochainement ( f\u00e9vrier mars 2021) sur le territoire des Hautes-Vosges, \u00e0 la MFR de Saulxures sur Moselotte, des sessions BAFA et BAFD.<\/h3>\n<p><a href=\"\/2021\/01\/Affiche-BAFA-appro-MFR-saulxures-2021_pages-to-jpg-0001.jpg\"><img decoding=\"async\" class=\"alignright size-medium wp-image-166089\" src=\"\/2021\/01\/Affiche-BAFA-appro-MFR-saulxures-2021_pages-to-jpg-0001-180x255.jpg\" alt=\"Affiche BAFA appro MFR saulxures 2021_pages-to-jpg-0001\" width=\"180\" height=\"255\" \/><\/a><strong>Les diff\u00e9rents stages :<\/strong><\/p>\n<p><span style=\"color: #111111;\"><span style=\"font-family: Times New Roman, serif;\"><span style=\"font-size: medium;\">Stage BAFD base\u00a0: du 27 f\u00e9vrier au 7 mars 2021 \u00e0 la MFR de Saulxure. Internat. <\/span><\/span><\/span><\/p>\n<p><span style=\"color: #111111;\"><span style=\"font-family: Times New Roman, serif;\"><span style=\"font-size: medium;\">Stage BAFA base\u00a0: du 27 f\u00e9vrier au 6 mars 2021 \u00e0 la MFR de Saulxure. 1\/2 pension et internat.<\/span><\/span><\/span><\/p>\n<p><span style=\"color: #111111;\"><span style=\"font-family: Times New Roman, serif;\"><span style=\"font-size: medium;\">Stage BAFA appro environnement urbain\u00a0: du 01 au 06 mars 2021 \u00e0 la MFR de Saulxure sur Moselotte.1\/2 pension et internat.<\/span><\/span><\/span><\/p>\n<p><span style=\"color: #111111;\"><span style=\"font-family: Times New Roman, serif;\"><span style=\"font-size: medium;\">Stage BAFD perfectionnement:du 01 au 06 mars 2021 \u00e0 la MFR de Saulxure. Internat. <\/span><\/span><\/span><\/p>\n<p><span style=\"color: #111111;\"><span style=\"font-family: Times New Roman, serif;\"><span style=\"font-size: medium;\"><b>Le Brevet d\u2019aptitude aux fonctions d\u2019animateur (le Bafa) <\/b><\/span><\/span><\/span><span style=\"color: #111111;\"><span style=\"font-family: Times New Roman, serif;\"><span style=\"font-size: medium;\">permet \u00e0 toute personne \u00e2g\u00e9e d\u2019au moins 17 ans, motiv\u00e9e par l\u2019animation, d\u2019encadrer \u00e0 titre non professionnel des enfants et des adolescents accueillis dans un\u00a0<\/span><\/span><\/span><em><span style=\"color: #111111;\"><span style=\"font-family: Times New Roman, serif;\"><span style=\"font-size: medium;\">Accueil collectif de mineurs\u00a0<\/span><\/span><\/span><\/em><span style=\"color: #111111;\"><span style=\"font-family: Times New Roman, serif;\"><span style=\"font-size: medium;\">(un centre de loisirs ou une colonie de vacances par exemple).<\/span><\/span><\/span><\/p>\n<p><span style=\"color: #111111;\"><span style=\"font-family: Times New Roman, serif;\"><span style=\"font-size: medium;\">\u00catre titulaire du Bafa, c\u2019est se voir reconnaitre des comp\u00e9tences pour :<\/span><\/span><\/span><\/p>\n<ul>\n<li><span style=\"color: #111111;\"><span style=\"font-family: Times New Roman, serif;\"><span style=\"font-size: medium;\">concevoir et organiser des activit\u00e9s et des projets d\u2019animations de qualit\u00e9 qui r\u00e9pondent aux besoins et aux possibilit\u00e9s des enfants et des adolescents ainsi qu\u2019\u00e0 leurs aspirations,<\/span><\/span><\/span><\/li>\n<li><span style=\"color: #111111;\"><span style=\"font-family: Times New Roman, serif;\"><span style=\"font-size: medium;\">veiller au bien-\u00eatre, \u00e0 l\u2019\u00e9panouissement et \u00e0 la s\u00e9curit\u00e9 des enfants et des adolescents accueillis,<\/span><\/span><\/span><\/li>\n<li><span style=\"color: #111111;\"><span style=\"font-family: Times New Roman, serif;\"><span style=\"font-size: medium;\">\u00e9laborer et mener un projet au sein d\u2019une \u00e9quipe et s\u2019engager dans une aventure collective enrichissante socialement utile.<\/span><\/span><\/span><\/li>\n<\/ul>\n<p>&nbsp;<\/p>\n<p><span style=\"color: #111111;\"><span style=\"font-family: Times New Roman, serif;\"><span style=\"font-size: medium;\"><a href=\"\/2021\/01\/BAFA-animation-colo-centre-a\u00e9r\u00e9.jpg\"><img decoding=\"async\" class=\"alignright size-medium wp-image-166090\" src=\"\/2021\/01\/BAFA-animation-colo-centre-a\u00e9r\u00e9-340x255.jpg\" alt=\"BAFA animation colo centre a\u00e9r\u00e9\" width=\"340\" height=\"255\" \/><\/a>\u00catre titulaire du Bafa c\u2019est aussi un atout pour \u00eatre recrut\u00e9-e pour accompagner une classe de d\u00e9couverte, animer des actions de rue, accompagner un s\u00e9jour linguistique\u2026<\/span><\/span><\/span><\/p>\n<p><span style=\"color: #111111;\"><span style=\"font-family: Times New Roman, serif;\"><span style=\"font-size: medium;\">Le Bafa se d\u00e9roule en 3 \u00e9tapes qui sont \u00e0 effectuer dans un d\u00e9lai de 30 mois maximum : un stage de formation th\u00e9orique, un stage pratique et un stage d\u2019approfondissement<\/span><\/span><\/span><\/p>\n<p>&nbsp;<\/p>\n<p><span style=\"color: #111111;\"><span style=\"font-family: Times New Roman, serif;\"><span style=\"font-size: medium;\">=&gt;<\/span><\/span><\/span><span style=\"color: #111111;\"><span style=\"font-family: Times New Roman, serif;\"><span style=\"font-size: medium;\"><b>Le Brevet d\u2019aptitude aux fonctions de directeur (le Bafd)<\/b><\/span><\/span><\/span><span style=\"color: #111111;\"><span style=\"font-family: Times New Roman, serif;\"><span style=\"font-size: medium;\"> permet \u00e0 toute personne \u00e2g\u00e9e d\u2019au moins 21 ans, motiv\u00e9e par l\u2019animation et l\u2019action \u00e9ducative, de diriger \u00e0 titre non professionnel un Accueil collectif de mineurs<\/span><\/span><\/span><em><span style=\"color: #111111;\"><span style=\"font-family: Times New Roman, serif;\"><span style=\"font-size: medium;\">\u00a0<\/span><\/span><\/span><\/em><span style=\"color: #111111;\"><span style=\"font-family: Times New Roman, serif;\"><span style=\"font-size: medium;\">(un centre de loisirs ou une \u00ab\u00a0colonie de vacances\u00a0\u00bb par exemple).<\/span><\/span><\/span><\/p>\n<p><span style=\"color: #111111;\"><span style=\"font-family: Times New Roman, serif;\"><span style=\"font-size: medium;\">\u00catre titulaire du Bafd, c\u2019est se voir reconna\u00eetre des comp\u00e9tences pour :<\/span><\/span><\/span><\/p>\n<ul>\n<li><span style=\"color: #111111;\"><span style=\"font-family: Times New Roman, serif;\"><span style=\"font-size: medium;\">concevoir et mettre en \u0153uvre un projet p\u00e9dagogique qui prend en compte les besoins \u00e9ducatifs des enfants dans leurs temps de loisirs,<\/span><\/span><\/span><\/li>\n<li><span style=\"color: #111111;\"><span style=\"font-family: Times New Roman, serif;\"><span style=\"font-size: medium;\">tisser les relations avec les diff\u00e9rents \u00e9ducateurs des enfants (notamment les parents) et avec l\u2019environnement du l\u2019accueil collectif de mineurs,<\/span><\/span><\/span><\/li>\n<li><span style=\"color: #111111;\"><span style=\"font-family: Times New Roman, serif;\"><span style=\"font-size: medium;\">cr\u00e9er les conditions d\u2019un accueil qui garantit le bien-\u00eatre, l\u2019\u00e9panouissement et la s\u00e9curit\u00e9 des enfants et des adolescents,<\/span><\/span><\/span><\/li>\n<li><span style=\"color: #111111;\"><span style=\"font-family: Times New Roman, serif;\"><span style=\"font-size: medium;\">conduire et accompagner une \u00e9quipe autour d\u2019un projet collectif et socialement utile.<\/span><\/span><\/span><\/li>\n<\/ul>\n<p><span style=\"color: #111111;\"><span style=\"font-family: Times New Roman, serif;\"><span style=\"font-size: medium;\">\u00catre titulaire du Bafd c\u2019est un atout pour \u00eatre recrut\u00e9-e pour accompagner une classe de d\u00e9couverte, coordonner des actions de rue, encadrer un s\u00e9jour linguistique\u2026<\/span><\/span><\/span><\/p>\n<p><span style=\"color: #111111;\"><span style=\"font-family: Times New Roman, serif;\"><span style=\"font-size: medium;\">Le Bafd se d\u00e9roule en 4 \u00e9tapes (2 stages th\u00e9oriques et 2 stages pratiques) qui sont \u00e0 effectuer dans un d\u00e9lai de 30 mois maximum.<\/span><\/span><\/span><\/p>\n<p>&nbsp;<\/p>\n<p><span style=\"color: #111111;\"><span style=\"font-family: Times New Roman, serif;\"><span style=\"font-size: medium;\">Plusieurs aides \u00e0 la formation BAFA ou BAFD existent (pas exhaustif):<\/span><\/span><\/span><\/p>\n<p><span style=\"color: #111111;\"><span style=\"font-family: Times New Roman, serif;\"><span style=\"font-size: medium;\">-la communaut\u00e9 de communes des Hautes Vosges alloue une aide de 100 euros\u00a0 \u00e0 ses r\u00e9sidents sur le stage de formation g\u00e9n\u00e9rale BAFA et\/ou BAFD<\/span><\/span><\/span><\/p>\n<p><span style=\"color: #111111;\"><span style=\"font-family: Times New Roman, serif;\"><span style=\"font-size: medium;\">-la CAF des Vosges, selon conditions de ressources, alloue une aide de 300 euros\u00a0 sur le stage de formation g\u00e9n\u00e9rale BAFA et\/ou BAFD<\/span><\/span><\/span><\/p>\n<p><span style=\"color: #111111;\"><span style=\"font-family: Times New Roman, serif;\"><span style=\"font-size: medium;\">-le conseil d\u00e9partemental, via le dispositif Carte Zap, donne droit \u00e0 une aide sur le stage d&rsquo;approfondissement<\/span><\/span><\/span><\/p>\n<p><span style=\"color: #111111;\"><span style=\"font-family: Times New Roman, serif;\"><span style=\"font-size: medium;\">-p\u00f4le emploi peut aussi \u00eatre un soutien au cas par cas<\/span><\/span><\/span><\/p>\n","protected":false},"excerpt":{"rendered":"<p>Les Francas des Vosges organisent prochainement ( f\u00e9vrier mars 2021) sur le territoire des Hautes-Vosges, \u00e0 la MFR de Saulxures [&hellip;]<\/p>\n","protected":false},"author":39,"featured_media":39284,"comment_status":"open","ping_status":"open","sticky":false,"template":"","format":"standard","meta":{"footnotes":""},"categories":[460,7847,6,17],"tags":[7875,7876],"class_list":["post-39283","post","type-post","status-publish","format-standard","has-post-thumbnail","hentry","category-a-la-une","category-art-culture","category-education","category-vie-associative","tag-bafa","tag-francas-des-vosges"],"acf":[],"yoast_head":"<!-- This site is optimized with the Yoast SEO plugin v22.5 - https:\/\/yoast.com\/wordpress\/plugins\/seo\/ -->\n<title>Passez votre BAFA avec les Francas des Vosges - Saint Die Info<\/title>\n<meta name=\"robots\" content=\"index, follow, max-snippet:-1, max-image-preview:large, max-video-preview:-1\" \/>\n<link rel=\"canonical\" href=\"https:\/\/vosgesinfo.fr\/saintdieinfo\/2021\/01\/passez-bafa-francas-vosges\/\" \/>\n<meta name=\"twitter:card\" content=\"summary_large_image\" \/>\n<meta name=\"twitter:title\" content=\"Passez votre BAFA avec les Francas des Vosges - Saint Die Info\" \/>\n<meta name=\"twitter:description\" content=\"Les Francas des Vosges organisent prochainement ( f\u00e9vrier mars 2021) sur le territoire des Hautes-Vosges, \u00e0 la MFR de Saulxures [&hellip;]\" \/>\n<meta name=\"twitter:image\" content=\"https:\/\/vosgesinfo.fr\/app\/uploads\/sites\/4\/2024\/08\/202101affiche-bafa-appro-mfr-saulxures-2021-pages-to-jpg-0001.jpg\" \/>\n<meta name=\"twitter:creator\" content=\"@VosgesInfo88\" \/>\n<meta name=\"twitter:site\" content=\"@VosgesInfo88\" \/>\n<meta name=\"twitter:label1\" content=\"\u00c9crit par\" \/>\n\t<meta name=\"twitter:data1\" content=\"Phj\" \/>\n\t<meta name=\"twitter:label2\" content=\"Dur\u00e9e de lecture estim\u00e9e\" \/>\n\t<meta name=\"twitter:data2\" content=\"3 minutes\" \/>\n<script type=\"application\/ld+json\" class=\"yoast-schema-graph\">{\"@context\":\"https:\/\/schema.org\",\"@graph\":[{\"@type\":\"Article\",\"@id\":\"https:\/\/vosgesinfo.fr\/saintdieinfo\/2021\/01\/passez-bafa-francas-vosges\/#article\",\"isPartOf\":{\"@id\":\"https:\/\/vosgesinfo.fr\/saintdieinfo\/2021\/01\/passez-bafa-francas-vosges\/\"},\"author\":{\"name\":\"Phj\",\"@id\":\"https:\/\/vosgesinfo.fr\/saintdieinfo\/#\/schema\/person\/4f57dc393faf2ac8b9f1cab30ad79250\"},\"headline\":\"Passez votre BAFA avec les Francas des Vosges\",\"datePublished\":\"2021-01-20T07:34:02+00:00\",\"dateModified\":\"2021-01-20T07:34:02+00:00\",\"mainEntityOfPage\":{\"@id\":\"https:\/\/vosgesinfo.fr\/saintdieinfo\/2021\/01\/passez-bafa-francas-vosges\/\"},\"wordCount\":579,\"commentCount\":0,\"publisher\":{\"@id\":\"https:\/\/vosgesinfo.fr\/saintdieinfo\/#organization\"},\"image\":{\"@id\":\"https:\/\/vosgesinfo.fr\/saintdieinfo\/2021\/01\/passez-bafa-francas-vosges\/#primaryimage\"},\"thumbnailUrl\":\"https:\/\/vosgesinfo.fr\/app\/uploads\/sites\/4\/2024\/08\/202101affiche-bafa-appro-mfr-saulxures-2021-pages-to-jpg-0001.jpg\",\"keywords\":[\"BAFA\",\"Francas des Vosges\"],\"articleSection\":[\"A la Une\",\"Culture\",\"\u00c9ducation\",\"Vie Associative\"],\"inLanguage\":\"fr-FR\",\"potentialAction\":[{\"@type\":\"CommentAction\",\"name\":\"Comment\",\"target\":[\"https:\/\/vosgesinfo.fr\/saintdieinfo\/2021\/01\/passez-bafa-francas-vosges\/#respond\"]}]},{\"@type\":\"WebPage\",\"@id\":\"https:\/\/vosgesinfo.fr\/saintdieinfo\/2021\/01\/passez-bafa-francas-vosges\/\",\"url\":\"https:\/\/vosgesinfo.fr\/saintdieinfo\/2021\/01\/passez-bafa-francas-vosges\/\",\"name\":\"Passez votre BAFA avec les Francas des Vosges - Saint Die Info\",\"isPartOf\":{\"@id\":\"https:\/\/vosgesinfo.fr\/saintdieinfo\/#website\"},\"primaryImageOfPage\":{\"@id\":\"https:\/\/vosgesinfo.fr\/saintdieinfo\/2021\/01\/passez-bafa-francas-vosges\/#primaryimage\"},\"image\":{\"@id\":\"https:\/\/vosgesinfo.fr\/saintdieinfo\/2021\/01\/passez-bafa-francas-vosges\/#primaryimage\"},\"thumbnailUrl\":\"https:\/\/vosgesinfo.fr\/app\/uploads\/sites\/4\/2024\/08\/202101affiche-bafa-appro-mfr-saulxures-2021-pages-to-jpg-0001.jpg\",\"datePublished\":\"2021-01-20T07:34:02+00:00\",\"dateModified\":\"2021-01-20T07:34:02+00:00\",\"breadcrumb\":{\"@id\":\"https:\/\/vosgesinfo.fr\/saintdieinfo\/2021\/01\/passez-bafa-francas-vosges\/#breadcrumb\"},\"inLanguage\":\"fr-FR\",\"potentialAction\":[{\"@type\":\"ReadAction\",\"target\":[\"https:\/\/vosgesinfo.fr\/saintdieinfo\/2021\/01\/passez-bafa-francas-vosges\/\"]}]},{\"@type\":\"ImageObject\",\"inLanguage\":\"fr-FR\",\"@id\":\"https:\/\/vosgesinfo.fr\/saintdieinfo\/2021\/01\/passez-bafa-francas-vosges\/#primaryimage\",\"url\":\"https:\/\/vosgesinfo.fr\/app\/uploads\/sites\/4\/2024\/08\/202101affiche-bafa-appro-mfr-saulxures-2021-pages-to-jpg-0001.jpg\",\"contentUrl\":\"https:\/\/vosgesinfo.fr\/app\/uploads\/sites\/4\/2024\/08\/202101affiche-bafa-appro-mfr-saulxures-2021-pages-to-jpg-0001.jpg\",\"width\":566,\"height\":800},{\"@type\":\"BreadcrumbList\",\"@id\":\"https:\/\/vosgesinfo.fr\/saintdieinfo\/2021\/01\/passez-bafa-francas-vosges\/#breadcrumb\",\"itemListElement\":[{\"@type\":\"ListItem\",\"position\":1,\"name\":\"Home\",\"item\":\"https:\/\/vosgesinfo.fr\/saintdieinfo\/\"},{\"@type\":\"ListItem\",\"position\":2,\"name\":\"Passez votre BAFA avec les Francas des Vosges\"}]},{\"@type\":\"WebSite\",\"@id\":\"https:\/\/vosgesinfo.fr\/saintdieinfo\/#website\",\"url\":\"https:\/\/vosgesinfo.fr\/saintdieinfo\/\",\"name\":\"Saint Die Info\",\"description\":\"Toute l&#039;actualit\u00e9 de Saint-Di\u00e9-Des-Vosges\",\"publisher\":{\"@id\":\"https:\/\/vosgesinfo.fr\/saintdieinfo\/#organization\"},\"alternateName\":\"Toute l'actualit\u00e9 de Saint-Di\u00e9-Des-Vosges\",\"potentialAction\":[{\"@type\":\"SearchAction\",\"target\":{\"@type\":\"EntryPoint\",\"urlTemplate\":\"https:\/\/vosgesinfo.fr\/saintdieinfo\/?s={search_term_string}\"},\"query-input\":\"required name=search_term_string\"}],\"inLanguage\":\"fr-FR\"},{\"@type\":\"Organization\",\"@id\":\"https:\/\/vosgesinfo.fr\/saintdieinfo\/#organization\",\"name\":\"Saint Die Info\",\"url\":\"https:\/\/vosgesinfo.fr\/saintdieinfo\/\",\"logo\":{\"@type\":\"ImageObject\",\"inLanguage\":\"fr-FR\",\"@id\":\"https:\/\/vosgesinfo.fr\/saintdieinfo\/#\/schema\/logo\/image\/\",\"url\":\"https:\/\/vosgesinfo.fr\/app\/uploads\/sites\/4\/2024\/02\/logo-sdi.jpg\",\"contentUrl\":\"https:\/\/vosgesinfo.fr\/app\/uploads\/sites\/4\/2024\/02\/logo-sdi.jpg\",\"width\":600,\"height\":600,\"caption\":\"Saint Die Info\"},\"image\":{\"@id\":\"https:\/\/vosgesinfo.fr\/saintdieinfo\/#\/schema\/logo\/image\/\"},\"sameAs\":[\"https:\/\/www.facebook.com\/Saintdieinfofr\",\"https:\/\/x.com\/VosgesInfo88\",\"https:\/\/www.youtube.com\/@vosgesinfo\"]},{\"@type\":\"Person\",\"@id\":\"https:\/\/vosgesinfo.fr\/saintdieinfo\/#\/schema\/person\/4f57dc393faf2ac8b9f1cab30ad79250\",\"name\":\"Phj\",\"image\":{\"@type\":\"ImageObject\",\"inLanguage\":\"fr-FR\",\"@id\":\"https:\/\/vosgesinfo.fr\/saintdieinfo\/#\/schema\/person\/image\/\",\"url\":\"https:\/\/secure.gravatar.com\/avatar\/ada60265080fb9a89c9809bf0abb1f448a128cb85db1c08905baa5038fbe3cfe?s=96&d=mm&r=g\",\"contentUrl\":\"https:\/\/secure.gravatar.com\/avatar\/ada60265080fb9a89c9809bf0abb1f448a128cb85db1c08905baa5038fbe3cfe?s=96&d=mm&r=g\",\"caption\":\"Phj\"},\"url\":\"https:\/\/vosgesinfo.fr\/saintdieinfo\/author\/phj\/\"}]}<\/script>\n<!-- \/ Yoast SEO plugin. -->","yoast_head_json":{"title":"Passez votre BAFA avec les Francas des Vosges - Saint Die Info","robots":{"index":"index","follow":"follow","max-snippet":"max-snippet:-1","max-image-preview":"max-image-preview:large","max-video-preview":"max-video-preview:-1"},"canonical":"https:\/\/vosgesinfo.fr\/saintdieinfo\/2021\/01\/passez-bafa-francas-vosges\/","twitter_card":"summary_large_image","twitter_title":"Passez votre BAFA avec les Francas des Vosges - Saint Die Info","twitter_description":"Les Francas des Vosges organisent prochainement ( f\u00e9vrier mars 2021) sur le territoire des Hautes-Vosges, \u00e0 la MFR de Saulxures [&hellip;]","twitter_image":"https:\/\/vosgesinfo.fr\/app\/uploads\/sites\/4\/2024\/08\/202101affiche-bafa-appro-mfr-saulxures-2021-pages-to-jpg-0001.jpg","twitter_creator":"@VosgesInfo88","twitter_site":"@VosgesInfo88","twitter_misc":{"\u00c9crit par":"Phj","Dur\u00e9e de lecture estim\u00e9e":"3 minutes"},"schema":{"@context":"https:\/\/schema.org","@graph":[{"@type":"Article","@id":"https:\/\/vosgesinfo.fr\/saintdieinfo\/2021\/01\/passez-bafa-francas-vosges\/#article","isPartOf":{"@id":"https:\/\/vosgesinfo.fr\/saintdieinfo\/2021\/01\/passez-bafa-francas-vosges\/"},"author":{"name":"Phj","@id":"https:\/\/vosgesinfo.fr\/saintdieinfo\/#\/schema\/person\/4f57dc393faf2ac8b9f1cab30ad79250"},"headline":"Passez votre BAFA avec les Francas des Vosges","datePublished":"2021-01-20T07:34:02+00:00","dateModified":"2021-01-20T07:34:02+00:00","mainEntityOfPage":{"@id":"https:\/\/vosgesinfo.fr\/saintdieinfo\/2021\/01\/passez-bafa-francas-vosges\/"},"wordCount":579,"commentCount":0,"publisher":{"@id":"https:\/\/vosgesinfo.fr\/saintdieinfo\/#organization"},"image":{"@id":"https:\/\/vosgesinfo.fr\/saintdieinfo\/2021\/01\/passez-bafa-francas-vosges\/#primaryimage"},"thumbnailUrl":"https:\/\/vosgesinfo.fr\/app\/uploads\/sites\/4\/2024\/08\/202101affiche-bafa-appro-mfr-saulxures-2021-pages-to-jpg-0001.jpg","keywords":["BAFA","Francas des Vosges"],"articleSection":["A la Une","Culture","\u00c9ducation","Vie Associative"],"inLanguage":"fr-FR","potentialAction":[{"@type":"CommentAction","name":"Comment","target":["https:\/\/vosgesinfo.fr\/saintdieinfo\/2021\/01\/passez-bafa-francas-vosges\/#respond"]}]},{"@type":"WebPage","@id":"https:\/\/vosgesinfo.fr\/saintdieinfo\/2021\/01\/passez-bafa-francas-vosges\/","url":"https:\/\/vosgesinfo.fr\/saintdieinfo\/2021\/01\/passez-bafa-francas-vosges\/","name":"Passez votre BAFA avec les Francas des Vosges - Saint Die Info","isPartOf":{"@id":"https:\/\/vosgesinfo.fr\/saintdieinfo\/#website"},"primaryImageOfPage":{"@id":"https:\/\/vosgesinfo.fr\/saintdieinfo\/2021\/01\/passez-bafa-francas-vosges\/#primaryimage"},"image":{"@id":"https:\/\/vosgesinfo.fr\/saintdieinfo\/2021\/01\/passez-bafa-francas-vosges\/#primaryimage"},"thumbnailUrl":"https:\/\/vosgesinfo.fr\/app\/uploads\/sites\/4\/2024\/08\/202101affiche-bafa-appro-mfr-saulxures-2021-pages-to-jpg-0001.jpg","datePublished":"2021-01-20T07:34:02+00:00","dateModified":"2021-01-20T07:34:02+00:00","breadcrumb":{"@id":"https:\/\/vosgesinfo.fr\/saintdieinfo\/2021\/01\/passez-bafa-francas-vosges\/#breadcrumb"},"inLanguage":"fr-FR","potentialAction":[{"@type":"ReadAction","target":["https:\/\/vosgesinfo.fr\/saintdieinfo\/2021\/01\/passez-bafa-francas-vosges\/"]}]},{"@type":"ImageObject","inLanguage":"fr-FR","@id":"https:\/\/vosgesinfo.fr\/saintdieinfo\/2021\/01\/passez-bafa-francas-vosges\/#primaryimage","url":"https:\/\/vosgesinfo.fr\/app\/uploads\/sites\/4\/2024\/08\/202101affiche-bafa-appro-mfr-saulxures-2021-pages-to-jpg-0001.jpg","contentUrl":"https:\/\/vosgesinfo.fr\/app\/uploads\/sites\/4\/2024\/08\/202101affiche-bafa-appro-mfr-saulxures-2021-pages-to-jpg-0001.jpg","width":566,"height":800},{"@type":"BreadcrumbList","@id":"https:\/\/vosgesinfo.fr\/saintdieinfo\/2021\/01\/passez-bafa-francas-vosges\/#breadcrumb","itemListElement":[{"@type":"ListItem","position":1,"name":"Home","item":"https:\/\/vosgesinfo.fr\/saintdieinfo\/"},{"@type":"ListItem","position":2,"name":"Passez votre BAFA avec les Francas des Vosges"}]},{"@type":"WebSite","@id":"https:\/\/vosgesinfo.fr\/saintdieinfo\/#website","url":"https:\/\/vosgesinfo.fr\/saintdieinfo\/","name":"Saint Die Info","description":"Toute l&#039;actualit\u00e9 de Saint-Di\u00e9-Des-Vosges","publisher":{"@id":"https:\/\/vosgesinfo.fr\/saintdieinfo\/#organization"},"alternateName":"Toute l'actualit\u00e9 de Saint-Di\u00e9-Des-Vosges","potentialAction":[{"@type":"SearchAction","target":{"@type":"EntryPoint","urlTemplate":"https:\/\/vosgesinfo.fr\/saintdieinfo\/?s={search_term_string}"},"query-input":"required name=search_term_string"}],"inLanguage":"fr-FR"},{"@type":"Organization","@id":"https:\/\/vosgesinfo.fr\/saintdieinfo\/#organization","name":"Saint Die Info","url":"https:\/\/vosgesinfo.fr\/saintdieinfo\/","logo":{"@type":"ImageObject","inLanguage":"fr-FR","@id":"https:\/\/vosgesinfo.fr\/saintdieinfo\/#\/schema\/logo\/image\/","url":"https:\/\/vosgesinfo.fr\/app\/uploads\/sites\/4\/2024\/02\/logo-sdi.jpg","contentUrl":"https:\/\/vosgesinfo.fr\/app\/uploads\/sites\/4\/2024\/02\/logo-sdi.jpg","width":600,"height":600,"caption":"Saint Die Info"},"image":{"@id":"https:\/\/vosgesinfo.fr\/saintdieinfo\/#\/schema\/logo\/image\/"},"sameAs":["https:\/\/www.facebook.com\/Saintdieinfofr","https:\/\/x.com\/VosgesInfo88","https:\/\/www.youtube.com\/@vosgesinfo"]},{"@type":"Person","@id":"https:\/\/vosgesinfo.fr\/saintdieinfo\/#\/schema\/person\/4f57dc393faf2ac8b9f1cab30ad79250","name":"Phj","image":{"@type":"ImageObject","inLanguage":"fr-FR","@id":"https:\/\/vosgesinfo.fr\/saintdieinfo\/#\/schema\/person\/image\/","url":"https:\/\/secure.gravatar.com\/avatar\/ada60265080fb9a89c9809bf0abb1f448a128cb85db1c08905baa5038fbe3cfe?s=96&d=mm&r=g","contentUrl":"https:\/\/secure.gravatar.com\/avatar\/ada60265080fb9a89c9809bf0abb1f448a128cb85db1c08905baa5038fbe3cfe?s=96&d=mm&r=g","caption":"Phj"},"url":"https:\/\/vosgesinfo.fr\/saintdieinfo\/author\/phj\/"}]}},"_links":{"self":[{"href":"https:\/\/vosgesinfo.fr\/saintdieinfo\/wp-json\/wp\/v2\/posts\/39283","targetHints":{"allow":["GET"]}}],"collection":[{"href":"https:\/\/vosgesinfo.fr\/saintdieinfo\/wp-json\/wp\/v2\/posts"}],"about":[{"href":"https:\/\/vosgesinfo.fr\/saintdieinfo\/wp-json\/wp\/v2\/types\/post"}],"author":[{"embeddable":true,"href":"https:\/\/vosgesinfo.fr\/saintdieinfo\/wp-json\/wp\/v2\/users\/39"}],"replies":[{"embeddable":true,"href":"https:\/\/vosgesinfo.fr\/saintdieinfo\/wp-json\/wp\/v2\/comments?post=39283"}],"version-history":[{"count":0,"href":"https:\/\/vosgesinfo.fr\/saintdieinfo\/wp-json\/wp\/v2\/posts\/39283\/revisions"}],"wp:featuredmedia":[{"embeddable":true,"href":"https:\/\/vosgesinfo.fr\/saintdieinfo\/wp-json\/wp\/v2\/media\/39284"}],"wp:attachment":[{"href":"https:\/\/vosgesinfo.fr\/saintdieinfo\/wp-json\/wp\/v2\/media?parent=39283"}],"wp:term":[{"taxonomy":"category","embeddable":true,"href":"https:\/\/vosgesinfo.fr\/saintdieinfo\/wp-json\/wp\/v2\/categories?post=39283"},{"taxonomy":"post_tag","embeddable":true,"href":"https:\/\/vosgesinfo.fr\/saintdieinfo\/wp-json\/wp\/v2\/tags?post=39283"}],"curies":[{"name":"wp","href":"https:\/\/api.w.org\/{rel}","templated":true}]}}