{"id":39306,"date":"2021-01-20T23:20:33","date_gmt":"2021-01-20T22:20:33","guid":{"rendered":"https:\/\/vosgesinfo.fr\/saintdieinfo\/2021\/01\/prochaine-collecte-de-sang-deodatienne-vendredi-22-janvier\/"},"modified":"2021-01-20T23:20:33","modified_gmt":"2021-01-20T22:20:33","slug":"prochaine-collecte-de-sang-deodatienne-vendredi-22-janvier","status":"publish","type":"post","link":"https:\/\/vosgesinfo.fr\/saintdieinfo\/2021\/01\/prochaine-collecte-de-sang-deodatienne-vendredi-22-janvier\/","title":{"rendered":"Prochaine collecte de sang d\u00e9odatienne ce vendredi 22 janvier"},"content":{"rendered":"\n<h2 align=\"LEFT\"><strong><span style=\"font-family: Calibri, sans-serif;\"><span style=\"font-size: large;\">La prochaine collecte de sang mobile d\u00e9odatienne aura lieu ce vendredi 22 janvier, de 15h30 \u00e0 19h30 \u00e0 l&rsquo;Espace Fran\u00e7ois-Mitterrand.<\/span><\/span><\/strong><\/h2>\n<p align=\"LEFT\"><!--more--><\/p>\n<p align=\"LEFT\"><span style=\"font-family: Calibri, sans-serif;\"><span style=\"font-size: large;\">Cette collecte exceptionnelle sera pour les donneurs l&rsquo;occasion de go\u00fbter, lors de la collation d&rsquo;apr\u00e8s-don, une part de galette des rois de la P\u00e2tisserie Laurent de Saint-Di\u00e9-des-Vosges. Les f\u00e8ves sont des oiseaux en p\u00e2te de verre color\u00e9e. <\/span><\/span><span style=\"font-family: Calibri, sans-serif;\"><span style=\"font-size: large;\">Evidemment, les habituelles collations sont aussi propos\u00e9es : sandwich, fruits, jus de fruit, etc.<\/span><\/span><\/p>\n<p align=\"LEFT\"><span style=\"font-family: Calibri, sans-serif;\"><span style=\"font-size: large;\">A noter que malgr\u00e9 le couvre-feu \u00e0 18 h, il est possible de donner son sang jusqu&rsquo;\u00e0 19h30 en remplissant l&rsquo;attestation idoine (voir mod\u00e8le ci-dessous).<\/span><\/span><\/p>\n<p align=\"LEFT\"><a href=\"\/2021\/01\/Don-de-sang-affiche-SDDV-22jan2021-OK_.jpg\" target=\"_blank\" rel=\"noopener\"><img decoding=\"async\" class=\"aligncenter wp-image-166122 size-full\" src=\"\/2021\/01\/Don-de-sang-affiche-SDDV-22jan2021-OK_.jpg\" alt=\"Don de sang - affiche SDDV 22jan2021 OK_\" width=\"564\" height=\"800\" \/><\/a><\/p>\n<p align=\"LEFT\"><a href=\"\/2021\/01\/Attestation-d\u00e9rogatoire-don-du-sang-22jan2021.jpg\" target=\"_blank\" rel=\"noopener\"><img decoding=\"async\" class=\"aligncenter wp-image-166121 size-full\" src=\"\/2021\/01\/Attestation-d\u00e9rogatoire-don-du-sang-22jan2021.jpg\" alt=\"Attestation d\u00e9rogatoire don du sang 22jan2021\" width=\"565\" height=\"800\" \/><\/a><\/p>\n","protected":false},"excerpt":{"rendered":"<p>La prochaine collecte de sang mobile d\u00e9odatienne aura lieu ce vendredi 22 janvier, de 15h30 \u00e0 19h30 \u00e0 l&rsquo;Espace Fran\u00e7ois-Mitterrand.<\/p>\n","protected":false},"author":44,"featured_media":39307,"comment_status":"open","ping_status":"open","sticky":false,"template":"","format":"standard","meta":{"footnotes":""},"categories":[460,2915,29,17],"tags":[3195,1243,3089],"class_list":["post-39306","post","type-post","status-publish","format-standard","has-post-thumbnail","hentry","category-a-la-une","category-saint-die-son-canton","category-solidarite","category-vie-associative","tag-amicale-des-donneurs-de-sang-benevoles-de-saint-die-des-vosges","tag-don-de-sang","tag-espace-francois-mitterrand"],"acf":[],"yoast_head":"<!-- This site is optimized with the Yoast SEO plugin v22.5 - https:\/\/yoast.com\/wordpress\/plugins\/seo\/ -->\n<title>Prochaine collecte de sang d\u00e9odatienne ce vendredi 22 janvier - Saint Die Info<\/title>\n<meta name=\"robots\" content=\"index, follow, max-snippet:-1, max-image-preview:large, max-video-preview:-1\" \/>\n<link rel=\"canonical\" href=\"https:\/\/vosgesinfo.fr\/saintdieinfo\/2021\/01\/prochaine-collecte-de-sang-deodatienne-vendredi-22-janvier\/\" \/>\n<meta name=\"twitter:card\" content=\"summary_large_image\" \/>\n<meta name=\"twitter:title\" content=\"Prochaine collecte de sang d\u00e9odatienne ce vendredi 22 janvier - Saint Die Info\" \/>\n<meta name=\"twitter:description\" content=\"La prochaine collecte de sang mobile d\u00e9odatienne aura lieu ce vendredi 22 janvier, de 15h30 \u00e0 19h30 \u00e0 l&rsquo;Espace Fran\u00e7ois-Mitterrand.\" \/>\n<meta name=\"twitter:image\" content=\"https:\/\/vosgesinfo.fr\/app\/uploads\/sites\/4\/2024\/08\/202101don-du-sang-22jan2021-e-franchois--c-schmoderer.jpg\" \/>\n<meta name=\"twitter:creator\" content=\"@VosgesInfo88\" \/>\n<meta name=\"twitter:site\" content=\"@VosgesInfo88\" \/>\n<meta name=\"twitter:label1\" content=\"\u00c9crit par\" \/>\n\t<meta name=\"twitter:data1\" content=\"la r\u00e9daction\" \/>\n\t<meta name=\"twitter:label2\" content=\"Dur\u00e9e de lecture estim\u00e9e\" \/>\n\t<meta name=\"twitter:data2\" content=\"1 minute\" \/>\n<script type=\"application\/ld+json\" class=\"yoast-schema-graph\">{\"@context\":\"https:\/\/schema.org\",\"@graph\":[{\"@type\":\"Article\",\"@id\":\"https:\/\/vosgesinfo.fr\/saintdieinfo\/2021\/01\/prochaine-collecte-de-sang-deodatienne-vendredi-22-janvier\/#article\",\"isPartOf\":{\"@id\":\"https:\/\/vosgesinfo.fr\/saintdieinfo\/2021\/01\/prochaine-collecte-de-sang-deodatienne-vendredi-22-janvier\/\"},\"author\":{\"name\":\"la r\u00e9daction\",\"@id\":\"https:\/\/vosgesinfo.fr\/saintdieinfo\/#\/schema\/person\/faee6704a21f3977511db84bd1cd450f\"},\"headline\":\"Prochaine collecte de sang d\u00e9odatienne ce vendredi 22 janvier\",\"datePublished\":\"2021-01-20T22:20:33+00:00\",\"dateModified\":\"2021-01-20T22:20:33+00:00\",\"mainEntityOfPage\":{\"@id\":\"https:\/\/vosgesinfo.fr\/saintdieinfo\/2021\/01\/prochaine-collecte-de-sang-deodatienne-vendredi-22-janvier\/\"},\"wordCount\":120,\"commentCount\":0,\"publisher\":{\"@id\":\"https:\/\/vosgesinfo.fr\/saintdieinfo\/#organization\"},\"image\":{\"@id\":\"https:\/\/vosgesinfo.fr\/saintdieinfo\/2021\/01\/prochaine-collecte-de-sang-deodatienne-vendredi-22-janvier\/#primaryimage\"},\"thumbnailUrl\":\"https:\/\/vosgesinfo.fr\/app\/uploads\/sites\/4\/2024\/08\/202101don-du-sang-22jan2021-e-franchois--c-schmoderer.jpg\",\"keywords\":[\"Amicale des Donneurs de Sang b\u00e9n\u00e9voles de Saint-Di\u00e9-des-Vosges\",\"don de sang\",\"Espace Fran\u00e7ois-Mitterrand\"],\"articleSection\":[\"A la Une\",\"Saint-Di\u00e9-des-Vosges et son Agglom\u00e9ration\",\"Solidarit\u00e9\",\"Vie Associative\"],\"inLanguage\":\"fr-FR\",\"potentialAction\":[{\"@type\":\"CommentAction\",\"name\":\"Comment\",\"target\":[\"https:\/\/vosgesinfo.fr\/saintdieinfo\/2021\/01\/prochaine-collecte-de-sang-deodatienne-vendredi-22-janvier\/#respond\"]}]},{\"@type\":\"WebPage\",\"@id\":\"https:\/\/vosgesinfo.fr\/saintdieinfo\/2021\/01\/prochaine-collecte-de-sang-deodatienne-vendredi-22-janvier\/\",\"url\":\"https:\/\/vosgesinfo.fr\/saintdieinfo\/2021\/01\/prochaine-collecte-de-sang-deodatienne-vendredi-22-janvier\/\",\"name\":\"Prochaine collecte de sang d\u00e9odatienne ce vendredi 22 janvier - Saint Die Info\",\"isPartOf\":{\"@id\":\"https:\/\/vosgesinfo.fr\/saintdieinfo\/#website\"},\"primaryImageOfPage\":{\"@id\":\"https:\/\/vosgesinfo.fr\/saintdieinfo\/2021\/01\/prochaine-collecte-de-sang-deodatienne-vendredi-22-janvier\/#primaryimage\"},\"image\":{\"@id\":\"https:\/\/vosgesinfo.fr\/saintdieinfo\/2021\/01\/prochaine-collecte-de-sang-deodatienne-vendredi-22-janvier\/#primaryimage\"},\"thumbnailUrl\":\"https:\/\/vosgesinfo.fr\/app\/uploads\/sites\/4\/2024\/08\/202101don-du-sang-22jan2021-e-franchois--c-schmoderer.jpg\",\"datePublished\":\"2021-01-20T22:20:33+00:00\",\"dateModified\":\"2021-01-20T22:20:33+00:00\",\"breadcrumb\":{\"@id\":\"https:\/\/vosgesinfo.fr\/saintdieinfo\/2021\/01\/prochaine-collecte-de-sang-deodatienne-vendredi-22-janvier\/#breadcrumb\"},\"inLanguage\":\"fr-FR\",\"potentialAction\":[{\"@type\":\"ReadAction\",\"target\":[\"https:\/\/vosgesinfo.fr\/saintdieinfo\/2021\/01\/prochaine-collecte-de-sang-deodatienne-vendredi-22-janvier\/\"]}]},{\"@type\":\"ImageObject\",\"inLanguage\":\"fr-FR\",\"@id\":\"https:\/\/vosgesinfo.fr\/saintdieinfo\/2021\/01\/prochaine-collecte-de-sang-deodatienne-vendredi-22-janvier\/#primaryimage\",\"url\":\"https:\/\/vosgesinfo.fr\/app\/uploads\/sites\/4\/2024\/08\/202101don-du-sang-22jan2021-e-franchois--c-schmoderer.jpg\",\"contentUrl\":\"https:\/\/vosgesinfo.fr\/app\/uploads\/sites\/4\/2024\/08\/202101don-du-sang-22jan2021-e-franchois--c-schmoderer.jpg\",\"width\":800,\"height\":533},{\"@type\":\"BreadcrumbList\",\"@id\":\"https:\/\/vosgesinfo.fr\/saintdieinfo\/2021\/01\/prochaine-collecte-de-sang-deodatienne-vendredi-22-janvier\/#breadcrumb\",\"itemListElement\":[{\"@type\":\"ListItem\",\"position\":1,\"name\":\"Home\",\"item\":\"https:\/\/vosgesinfo.fr\/saintdieinfo\/\"},{\"@type\":\"ListItem\",\"position\":2,\"name\":\"Prochaine collecte de sang d\u00e9odatienne ce vendredi 22 janvier\"}]},{\"@type\":\"WebSite\",\"@id\":\"https:\/\/vosgesinfo.fr\/saintdieinfo\/#website\",\"url\":\"https:\/\/vosgesinfo.fr\/saintdieinfo\/\",\"name\":\"Saint Die Info\",\"description\":\"Toute l&#039;actualit\u00e9 de Saint-Di\u00e9-Des-Vosges\",\"publisher\":{\"@id\":\"https:\/\/vosgesinfo.fr\/saintdieinfo\/#organization\"},\"alternateName\":\"Toute l'actualit\u00e9 de Saint-Di\u00e9-Des-Vosges\",\"potentialAction\":[{\"@type\":\"SearchAction\",\"target\":{\"@type\":\"EntryPoint\",\"urlTemplate\":\"https:\/\/vosgesinfo.fr\/saintdieinfo\/?s={search_term_string}\"},\"query-input\":\"required name=search_term_string\"}],\"inLanguage\":\"fr-FR\"},{\"@type\":\"Organization\",\"@id\":\"https:\/\/vosgesinfo.fr\/saintdieinfo\/#organization\",\"name\":\"Saint Die Info\",\"url\":\"https:\/\/vosgesinfo.fr\/saintdieinfo\/\",\"logo\":{\"@type\":\"ImageObject\",\"inLanguage\":\"fr-FR\",\"@id\":\"https:\/\/vosgesinfo.fr\/saintdieinfo\/#\/schema\/logo\/image\/\",\"url\":\"https:\/\/vosgesinfo.fr\/app\/uploads\/sites\/4\/2024\/02\/logo-sdi.jpg\",\"contentUrl\":\"https:\/\/vosgesinfo.fr\/app\/uploads\/sites\/4\/2024\/02\/logo-sdi.jpg\",\"width\":600,\"height\":600,\"caption\":\"Saint Die Info\"},\"image\":{\"@id\":\"https:\/\/vosgesinfo.fr\/saintdieinfo\/#\/schema\/logo\/image\/\"},\"sameAs\":[\"https:\/\/www.facebook.com\/Saintdieinfofr\",\"https:\/\/x.com\/VosgesInfo88\",\"https:\/\/www.youtube.com\/@vosgesinfo\"]},{\"@type\":\"Person\",\"@id\":\"https:\/\/vosgesinfo.fr\/saintdieinfo\/#\/schema\/person\/faee6704a21f3977511db84bd1cd450f\",\"name\":\"la r\u00e9daction\",\"image\":{\"@type\":\"ImageObject\",\"inLanguage\":\"fr-FR\",\"@id\":\"https:\/\/vosgesinfo.fr\/saintdieinfo\/#\/schema\/person\/image\/\",\"url\":\"https:\/\/secure.gravatar.com\/avatar\/6673d8bc6a9c17fa9a453eaa3448de834fa308c2ec9635b7aa99441a7c8d2cf6?s=96&d=mm&r=g\",\"contentUrl\":\"https:\/\/secure.gravatar.com\/avatar\/6673d8bc6a9c17fa9a453eaa3448de834fa308c2ec9635b7aa99441a7c8d2cf6?s=96&d=mm&r=g\",\"caption\":\"la r\u00e9daction\"},\"url\":\"https:\/\/vosgesinfo.fr\/saintdieinfo\/author\/redac\/\"}]}<\/script>\n<!-- \/ Yoast SEO plugin. -->","yoast_head_json":{"title":"Prochaine collecte de sang d\u00e9odatienne ce vendredi 22 janvier - Saint Die Info","robots":{"index":"index","follow":"follow","max-snippet":"max-snippet:-1","max-image-preview":"max-image-preview:large","max-video-preview":"max-video-preview:-1"},"canonical":"https:\/\/vosgesinfo.fr\/saintdieinfo\/2021\/01\/prochaine-collecte-de-sang-deodatienne-vendredi-22-janvier\/","twitter_card":"summary_large_image","twitter_title":"Prochaine collecte de sang d\u00e9odatienne ce vendredi 22 janvier - Saint Die Info","twitter_description":"La prochaine collecte de sang mobile d\u00e9odatienne aura lieu ce vendredi 22 janvier, de 15h30 \u00e0 19h30 \u00e0 l&rsquo;Espace Fran\u00e7ois-Mitterrand.","twitter_image":"https:\/\/vosgesinfo.fr\/app\/uploads\/sites\/4\/2024\/08\/202101don-du-sang-22jan2021-e-franchois--c-schmoderer.jpg","twitter_creator":"@VosgesInfo88","twitter_site":"@VosgesInfo88","twitter_misc":{"\u00c9crit par":"la r\u00e9daction","Dur\u00e9e de lecture estim\u00e9e":"1 minute"},"schema":{"@context":"https:\/\/schema.org","@graph":[{"@type":"Article","@id":"https:\/\/vosgesinfo.fr\/saintdieinfo\/2021\/01\/prochaine-collecte-de-sang-deodatienne-vendredi-22-janvier\/#article","isPartOf":{"@id":"https:\/\/vosgesinfo.fr\/saintdieinfo\/2021\/01\/prochaine-collecte-de-sang-deodatienne-vendredi-22-janvier\/"},"author":{"name":"la r\u00e9daction","@id":"https:\/\/vosgesinfo.fr\/saintdieinfo\/#\/schema\/person\/faee6704a21f3977511db84bd1cd450f"},"headline":"Prochaine collecte de sang d\u00e9odatienne ce vendredi 22 janvier","datePublished":"2021-01-20T22:20:33+00:00","dateModified":"2021-01-20T22:20:33+00:00","mainEntityOfPage":{"@id":"https:\/\/vosgesinfo.fr\/saintdieinfo\/2021\/01\/prochaine-collecte-de-sang-deodatienne-vendredi-22-janvier\/"},"wordCount":120,"commentCount":0,"publisher":{"@id":"https:\/\/vosgesinfo.fr\/saintdieinfo\/#organization"},"image":{"@id":"https:\/\/vosgesinfo.fr\/saintdieinfo\/2021\/01\/prochaine-collecte-de-sang-deodatienne-vendredi-22-janvier\/#primaryimage"},"thumbnailUrl":"https:\/\/vosgesinfo.fr\/app\/uploads\/sites\/4\/2024\/08\/202101don-du-sang-22jan2021-e-franchois--c-schmoderer.jpg","keywords":["Amicale des Donneurs de Sang b\u00e9n\u00e9voles de Saint-Di\u00e9-des-Vosges","don de sang","Espace Fran\u00e7ois-Mitterrand"],"articleSection":["A la Une","Saint-Di\u00e9-des-Vosges et son Agglom\u00e9ration","Solidarit\u00e9","Vie Associative"],"inLanguage":"fr-FR","potentialAction":[{"@type":"CommentAction","name":"Comment","target":["https:\/\/vosgesinfo.fr\/saintdieinfo\/2021\/01\/prochaine-collecte-de-sang-deodatienne-vendredi-22-janvier\/#respond"]}]},{"@type":"WebPage","@id":"https:\/\/vosgesinfo.fr\/saintdieinfo\/2021\/01\/prochaine-collecte-de-sang-deodatienne-vendredi-22-janvier\/","url":"https:\/\/vosgesinfo.fr\/saintdieinfo\/2021\/01\/prochaine-collecte-de-sang-deodatienne-vendredi-22-janvier\/","name":"Prochaine collecte de sang d\u00e9odatienne ce vendredi 22 janvier - Saint Die Info","isPartOf":{"@id":"https:\/\/vosgesinfo.fr\/saintdieinfo\/#website"},"primaryImageOfPage":{"@id":"https:\/\/vosgesinfo.fr\/saintdieinfo\/2021\/01\/prochaine-collecte-de-sang-deodatienne-vendredi-22-janvier\/#primaryimage"},"image":{"@id":"https:\/\/vosgesinfo.fr\/saintdieinfo\/2021\/01\/prochaine-collecte-de-sang-deodatienne-vendredi-22-janvier\/#primaryimage"},"thumbnailUrl":"https:\/\/vosgesinfo.fr\/app\/uploads\/sites\/4\/2024\/08\/202101don-du-sang-22jan2021-e-franchois--c-schmoderer.jpg","datePublished":"2021-01-20T22:20:33+00:00","dateModified":"2021-01-20T22:20:33+00:00","breadcrumb":{"@id":"https:\/\/vosgesinfo.fr\/saintdieinfo\/2021\/01\/prochaine-collecte-de-sang-deodatienne-vendredi-22-janvier\/#breadcrumb"},"inLanguage":"fr-FR","potentialAction":[{"@type":"ReadAction","target":["https:\/\/vosgesinfo.fr\/saintdieinfo\/2021\/01\/prochaine-collecte-de-sang-deodatienne-vendredi-22-janvier\/"]}]},{"@type":"ImageObject","inLanguage":"fr-FR","@id":"https:\/\/vosgesinfo.fr\/saintdieinfo\/2021\/01\/prochaine-collecte-de-sang-deodatienne-vendredi-22-janvier\/#primaryimage","url":"https:\/\/vosgesinfo.fr\/app\/uploads\/sites\/4\/2024\/08\/202101don-du-sang-22jan2021-e-franchois--c-schmoderer.jpg","contentUrl":"https:\/\/vosgesinfo.fr\/app\/uploads\/sites\/4\/2024\/08\/202101don-du-sang-22jan2021-e-franchois--c-schmoderer.jpg","width":800,"height":533},{"@type":"BreadcrumbList","@id":"https:\/\/vosgesinfo.fr\/saintdieinfo\/2021\/01\/prochaine-collecte-de-sang-deodatienne-vendredi-22-janvier\/#breadcrumb","itemListElement":[{"@type":"ListItem","position":1,"name":"Home","item":"https:\/\/vosgesinfo.fr\/saintdieinfo\/"},{"@type":"ListItem","position":2,"name":"Prochaine collecte de sang d\u00e9odatienne ce vendredi 22 janvier"}]},{"@type":"WebSite","@id":"https:\/\/vosgesinfo.fr\/saintdieinfo\/#website","url":"https:\/\/vosgesinfo.fr\/saintdieinfo\/","name":"Saint Die Info","description":"Toute l&#039;actualit\u00e9 de Saint-Di\u00e9-Des-Vosges","publisher":{"@id":"https:\/\/vosgesinfo.fr\/saintdieinfo\/#organization"},"alternateName":"Toute l'actualit\u00e9 de Saint-Di\u00e9-Des-Vosges","potentialAction":[{"@type":"SearchAction","target":{"@type":"EntryPoint","urlTemplate":"https:\/\/vosgesinfo.fr\/saintdieinfo\/?s={search_term_string}"},"query-input":"required name=search_term_string"}],"inLanguage":"fr-FR"},{"@type":"Organization","@id":"https:\/\/vosgesinfo.fr\/saintdieinfo\/#organization","name":"Saint Die Info","url":"https:\/\/vosgesinfo.fr\/saintdieinfo\/","logo":{"@type":"ImageObject","inLanguage":"fr-FR","@id":"https:\/\/vosgesinfo.fr\/saintdieinfo\/#\/schema\/logo\/image\/","url":"https:\/\/vosgesinfo.fr\/app\/uploads\/sites\/4\/2024\/02\/logo-sdi.jpg","contentUrl":"https:\/\/vosgesinfo.fr\/app\/uploads\/sites\/4\/2024\/02\/logo-sdi.jpg","width":600,"height":600,"caption":"Saint Die Info"},"image":{"@id":"https:\/\/vosgesinfo.fr\/saintdieinfo\/#\/schema\/logo\/image\/"},"sameAs":["https:\/\/www.facebook.com\/Saintdieinfofr","https:\/\/x.com\/VosgesInfo88","https:\/\/www.youtube.com\/@vosgesinfo"]},{"@type":"Person","@id":"https:\/\/vosgesinfo.fr\/saintdieinfo\/#\/schema\/person\/faee6704a21f3977511db84bd1cd450f","name":"la r\u00e9daction","image":{"@type":"ImageObject","inLanguage":"fr-FR","@id":"https:\/\/vosgesinfo.fr\/saintdieinfo\/#\/schema\/person\/image\/","url":"https:\/\/secure.gravatar.com\/avatar\/6673d8bc6a9c17fa9a453eaa3448de834fa308c2ec9635b7aa99441a7c8d2cf6?s=96&d=mm&r=g","contentUrl":"https:\/\/secure.gravatar.com\/avatar\/6673d8bc6a9c17fa9a453eaa3448de834fa308c2ec9635b7aa99441a7c8d2cf6?s=96&d=mm&r=g","caption":"la r\u00e9daction"},"url":"https:\/\/vosgesinfo.fr\/saintdieinfo\/author\/redac\/"}]}},"_links":{"self":[{"href":"https:\/\/vosgesinfo.fr\/saintdieinfo\/wp-json\/wp\/v2\/posts\/39306","targetHints":{"allow":["GET"]}}],"collection":[{"href":"https:\/\/vosgesinfo.fr\/saintdieinfo\/wp-json\/wp\/v2\/posts"}],"about":[{"href":"https:\/\/vosgesinfo.fr\/saintdieinfo\/wp-json\/wp\/v2\/types\/post"}],"author":[{"embeddable":true,"href":"https:\/\/vosgesinfo.fr\/saintdieinfo\/wp-json\/wp\/v2\/users\/44"}],"replies":[{"embeddable":true,"href":"https:\/\/vosgesinfo.fr\/saintdieinfo\/wp-json\/wp\/v2\/comments?post=39306"}],"version-history":[{"count":0,"href":"https:\/\/vosgesinfo.fr\/saintdieinfo\/wp-json\/wp\/v2\/posts\/39306\/revisions"}],"wp:featuredmedia":[{"embeddable":true,"href":"https:\/\/vosgesinfo.fr\/saintdieinfo\/wp-json\/wp\/v2\/media\/39307"}],"wp:attachment":[{"href":"https:\/\/vosgesinfo.fr\/saintdieinfo\/wp-json\/wp\/v2\/media?parent=39306"}],"wp:term":[{"taxonomy":"category","embeddable":true,"href":"https:\/\/vosgesinfo.fr\/saintdieinfo\/wp-json\/wp\/v2\/categories?post=39306"},{"taxonomy":"post_tag","embeddable":true,"href":"https:\/\/vosgesinfo.fr\/saintdieinfo\/wp-json\/wp\/v2\/tags?post=39306"}],"curies":[{"name":"wp","href":"https:\/\/api.w.org\/{rel}","templated":true}]}}