{"id":39347,"date":"2021-01-24T10:25:43","date_gmt":"2021-01-24T09:25:43","guid":{"rendered":"https:\/\/vosgesinfo.fr\/saintdieinfo\/2021\/01\/vosges-jeunes-inscrits-a-preparation-militaire-marine-recoivent-leurs-coiffes-fanion\/"},"modified":"2021-01-24T10:25:43","modified_gmt":"2021-01-24T09:25:43","slug":"vosges-jeunes-inscrits-a-preparation-militaire-marine-recoivent-leurs-coiffes-fanion","status":"publish","type":"post","link":"https:\/\/vosgesinfo.fr\/saintdieinfo\/2021\/01\/vosges-jeunes-inscrits-a-preparation-militaire-marine-recoivent-leurs-coiffes-fanion\/","title":{"rendered":"Vosges : des jeunes inscrits \u00e0 la Pr\u00e9paration Militaire Marine re\u00e7oivent leurs coiffes et leur fanion"},"content":{"rendered":"<h2 align=\"left\"><strong>Ce samedi matin, au Lyc\u00e9e Pierre Mend\u00e8s-France, une vingtaine de jeunes vosgiens inscrits au centre de Pr\u00e9paration Militaire Marine pour la sessions 2020\/2021 se sont vus remettre leurs coiffes et pr\u00e9senter leur fanion. La c\u00e9r\u00e9monie \u00e9tait initialement pr\u00e9vue en novembre mais avait \u00e9t\u00e9 report\u00e9e.<\/strong><\/h2>\n<p align=\"left\">Il s\u2019agit de lyc\u00e9ens inscrits \u00e0 Mend\u00e8s France dans leur majorit\u00e9, mais pas uniquement. Des membres de leurs familles, et des v\u00e9t\u00e9rans de la marine \u00e9taient pr\u00e9sents pour ce moment solennel, ainsi que Patrick Nardin, maire d\u2018\u00c9pinal, \u00a0Patrick Valentin, proviseur de l\u2019\u00e9tablissement, ou encore Emmanuel Bourel, directeur acad\u00e9mique des services de l\u2019\u00c9ducation Nationale. Les jeunes participants \u00e0 la \u00ab\u00a0PMM\u00a0\u00bb se sont vus remettre leurs coiffes et pr\u00e9senter leur fanion, et rappeler la devise de la Marine \u00ab Honneur, Patrie, Valeur, Discipline\u00a0\u00bb.<\/p>\n","protected":false},"excerpt":{"rendered":"<p>Ce samedi matin, au Lyc\u00e9e Pierre Mend\u00e8s-France, une vingtaine de jeunes vosgiens inscrits au centre de Pr\u00e9paration Militaire Marine pour [&hellip;]<\/p>\n","protected":false},"author":44,"featured_media":39348,"comment_status":"open","ping_status":"open","sticky":false,"template":"","format":"standard","meta":{"footnotes":""},"categories":[460,18],"tags":[7888],"class_list":["post-39347","post","type-post","status-publish","format-standard","has-post-thumbnail","hentry","category-a-la-une","category-vosges","tag-marine-nationale"],"acf":[],"yoast_head":"<!-- This site is optimized with the Yoast SEO plugin v22.5 - https:\/\/yoast.com\/wordpress\/plugins\/seo\/ -->\n<title>Vosges : des jeunes inscrits \u00e0 la Pr\u00e9paration Militaire Marine re\u00e7oivent leurs coiffes et leur fanion - Saint Die Info<\/title>\n<meta name=\"robots\" content=\"index, follow, max-snippet:-1, max-image-preview:large, max-video-preview:-1\" \/>\n<link rel=\"canonical\" href=\"https:\/\/vosgesinfo.fr\/saintdieinfo\/2021\/01\/vosges-jeunes-inscrits-a-preparation-militaire-marine-recoivent-leurs-coiffes-fanion\/\" \/>\n<meta name=\"twitter:card\" content=\"summary_large_image\" \/>\n<meta name=\"twitter:title\" content=\"Vosges : des jeunes inscrits \u00e0 la Pr\u00e9paration Militaire Marine re\u00e7oivent leurs coiffes et leur fanion - Saint Die Info\" \/>\n<meta name=\"twitter:description\" content=\"Ce samedi matin, au Lyc\u00e9e Pierre Mend\u00e8s-France, une vingtaine de jeunes vosgiens inscrits au centre de Pr\u00e9paration Militaire Marine pour [&hellip;]\" \/>\n<meta name=\"twitter:image\" content=\"https:\/\/vosgesinfo.fr\/app\/uploads\/sites\/4\/2024\/08\/202101fanion-marine-nationale-jeunes.jpg\" \/>\n<meta name=\"twitter:creator\" content=\"@VosgesInfo88\" \/>\n<meta name=\"twitter:site\" content=\"@VosgesInfo88\" \/>\n<meta name=\"twitter:label1\" content=\"\u00c9crit par\" \/>\n\t<meta name=\"twitter:data1\" content=\"la r\u00e9daction\" \/>\n\t<meta name=\"twitter:label2\" content=\"Dur\u00e9e de lecture estim\u00e9e\" \/>\n\t<meta name=\"twitter:data2\" content=\"1 minute\" \/>\n<script type=\"application\/ld+json\" class=\"yoast-schema-graph\">{\"@context\":\"https:\/\/schema.org\",\"@graph\":[{\"@type\":\"Article\",\"@id\":\"https:\/\/vosgesinfo.fr\/saintdieinfo\/2021\/01\/vosges-jeunes-inscrits-a-preparation-militaire-marine-recoivent-leurs-coiffes-fanion\/#article\",\"isPartOf\":{\"@id\":\"https:\/\/vosgesinfo.fr\/saintdieinfo\/2021\/01\/vosges-jeunes-inscrits-a-preparation-militaire-marine-recoivent-leurs-coiffes-fanion\/\"},\"author\":{\"name\":\"la r\u00e9daction\",\"@id\":\"https:\/\/vosgesinfo.fr\/saintdieinfo\/#\/schema\/person\/faee6704a21f3977511db84bd1cd450f\"},\"headline\":\"Vosges : des jeunes inscrits \u00e0 la Pr\u00e9paration Militaire Marine re\u00e7oivent leurs coiffes et leur fanion\",\"datePublished\":\"2021-01-24T09:25:43+00:00\",\"dateModified\":\"2021-01-24T09:25:43+00:00\",\"mainEntityOfPage\":{\"@id\":\"https:\/\/vosgesinfo.fr\/saintdieinfo\/2021\/01\/vosges-jeunes-inscrits-a-preparation-militaire-marine-recoivent-leurs-coiffes-fanion\/\"},\"wordCount\":156,\"commentCount\":0,\"publisher\":{\"@id\":\"https:\/\/vosgesinfo.fr\/saintdieinfo\/#organization\"},\"image\":{\"@id\":\"https:\/\/vosgesinfo.fr\/saintdieinfo\/2021\/01\/vosges-jeunes-inscrits-a-preparation-militaire-marine-recoivent-leurs-coiffes-fanion\/#primaryimage\"},\"thumbnailUrl\":\"https:\/\/vosgesinfo.fr\/app\/uploads\/sites\/4\/2024\/08\/202101fanion-marine-nationale-jeunes.jpg\",\"keywords\":[\"Marine Nationale\"],\"articleSection\":[\"A la Une\",\"Vosges\"],\"inLanguage\":\"fr-FR\",\"potentialAction\":[{\"@type\":\"CommentAction\",\"name\":\"Comment\",\"target\":[\"https:\/\/vosgesinfo.fr\/saintdieinfo\/2021\/01\/vosges-jeunes-inscrits-a-preparation-militaire-marine-recoivent-leurs-coiffes-fanion\/#respond\"]}]},{\"@type\":\"WebPage\",\"@id\":\"https:\/\/vosgesinfo.fr\/saintdieinfo\/2021\/01\/vosges-jeunes-inscrits-a-preparation-militaire-marine-recoivent-leurs-coiffes-fanion\/\",\"url\":\"https:\/\/vosgesinfo.fr\/saintdieinfo\/2021\/01\/vosges-jeunes-inscrits-a-preparation-militaire-marine-recoivent-leurs-coiffes-fanion\/\",\"name\":\"Vosges : des jeunes inscrits \u00e0 la Pr\u00e9paration Militaire Marine re\u00e7oivent leurs coiffes et leur fanion - Saint Die Info\",\"isPartOf\":{\"@id\":\"https:\/\/vosgesinfo.fr\/saintdieinfo\/#website\"},\"primaryImageOfPage\":{\"@id\":\"https:\/\/vosgesinfo.fr\/saintdieinfo\/2021\/01\/vosges-jeunes-inscrits-a-preparation-militaire-marine-recoivent-leurs-coiffes-fanion\/#primaryimage\"},\"image\":{\"@id\":\"https:\/\/vosgesinfo.fr\/saintdieinfo\/2021\/01\/vosges-jeunes-inscrits-a-preparation-militaire-marine-recoivent-leurs-coiffes-fanion\/#primaryimage\"},\"thumbnailUrl\":\"https:\/\/vosgesinfo.fr\/app\/uploads\/sites\/4\/2024\/08\/202101fanion-marine-nationale-jeunes.jpg\",\"datePublished\":\"2021-01-24T09:25:43+00:00\",\"dateModified\":\"2021-01-24T09:25:43+00:00\",\"breadcrumb\":{\"@id\":\"https:\/\/vosgesinfo.fr\/saintdieinfo\/2021\/01\/vosges-jeunes-inscrits-a-preparation-militaire-marine-recoivent-leurs-coiffes-fanion\/#breadcrumb\"},\"inLanguage\":\"fr-FR\",\"potentialAction\":[{\"@type\":\"ReadAction\",\"target\":[\"https:\/\/vosgesinfo.fr\/saintdieinfo\/2021\/01\/vosges-jeunes-inscrits-a-preparation-militaire-marine-recoivent-leurs-coiffes-fanion\/\"]}]},{\"@type\":\"ImageObject\",\"inLanguage\":\"fr-FR\",\"@id\":\"https:\/\/vosgesinfo.fr\/saintdieinfo\/2021\/01\/vosges-jeunes-inscrits-a-preparation-militaire-marine-recoivent-leurs-coiffes-fanion\/#primaryimage\",\"url\":\"https:\/\/vosgesinfo.fr\/app\/uploads\/sites\/4\/2024\/08\/202101fanion-marine-nationale-jeunes.jpg\",\"contentUrl\":\"https:\/\/vosgesinfo.fr\/app\/uploads\/sites\/4\/2024\/08\/202101fanion-marine-nationale-jeunes.jpg\",\"width\":800,\"height\":547},{\"@type\":\"BreadcrumbList\",\"@id\":\"https:\/\/vosgesinfo.fr\/saintdieinfo\/2021\/01\/vosges-jeunes-inscrits-a-preparation-militaire-marine-recoivent-leurs-coiffes-fanion\/#breadcrumb\",\"itemListElement\":[{\"@type\":\"ListItem\",\"position\":1,\"name\":\"Home\",\"item\":\"https:\/\/vosgesinfo.fr\/saintdieinfo\/\"},{\"@type\":\"ListItem\",\"position\":2,\"name\":\"Vosges : des jeunes inscrits \u00e0 la Pr\u00e9paration Militaire Marine re\u00e7oivent leurs coiffes et leur fanion\"}]},{\"@type\":\"WebSite\",\"@id\":\"https:\/\/vosgesinfo.fr\/saintdieinfo\/#website\",\"url\":\"https:\/\/vosgesinfo.fr\/saintdieinfo\/\",\"name\":\"Saint Die Info\",\"description\":\"Toute l&#039;actualit\u00e9 de Saint-Di\u00e9-Des-Vosges\",\"publisher\":{\"@id\":\"https:\/\/vosgesinfo.fr\/saintdieinfo\/#organization\"},\"alternateName\":\"Toute l'actualit\u00e9 de Saint-Di\u00e9-Des-Vosges\",\"potentialAction\":[{\"@type\":\"SearchAction\",\"target\":{\"@type\":\"EntryPoint\",\"urlTemplate\":\"https:\/\/vosgesinfo.fr\/saintdieinfo\/?s={search_term_string}\"},\"query-input\":\"required name=search_term_string\"}],\"inLanguage\":\"fr-FR\"},{\"@type\":\"Organization\",\"@id\":\"https:\/\/vosgesinfo.fr\/saintdieinfo\/#organization\",\"name\":\"Saint Die Info\",\"url\":\"https:\/\/vosgesinfo.fr\/saintdieinfo\/\",\"logo\":{\"@type\":\"ImageObject\",\"inLanguage\":\"fr-FR\",\"@id\":\"https:\/\/vosgesinfo.fr\/saintdieinfo\/#\/schema\/logo\/image\/\",\"url\":\"https:\/\/vosgesinfo.fr\/app\/uploads\/sites\/4\/2024\/02\/logo-sdi.jpg\",\"contentUrl\":\"https:\/\/vosgesinfo.fr\/app\/uploads\/sites\/4\/2024\/02\/logo-sdi.jpg\",\"width\":600,\"height\":600,\"caption\":\"Saint Die Info\"},\"image\":{\"@id\":\"https:\/\/vosgesinfo.fr\/saintdieinfo\/#\/schema\/logo\/image\/\"},\"sameAs\":[\"https:\/\/www.facebook.com\/Saintdieinfofr\",\"https:\/\/x.com\/VosgesInfo88\",\"https:\/\/www.youtube.com\/@vosgesinfo\"]},{\"@type\":\"Person\",\"@id\":\"https:\/\/vosgesinfo.fr\/saintdieinfo\/#\/schema\/person\/faee6704a21f3977511db84bd1cd450f\",\"name\":\"la r\u00e9daction\",\"image\":{\"@type\":\"ImageObject\",\"inLanguage\":\"fr-FR\",\"@id\":\"https:\/\/vosgesinfo.fr\/saintdieinfo\/#\/schema\/person\/image\/\",\"url\":\"https:\/\/secure.gravatar.com\/avatar\/6673d8bc6a9c17fa9a453eaa3448de834fa308c2ec9635b7aa99441a7c8d2cf6?s=96&d=mm&r=g\",\"contentUrl\":\"https:\/\/secure.gravatar.com\/avatar\/6673d8bc6a9c17fa9a453eaa3448de834fa308c2ec9635b7aa99441a7c8d2cf6?s=96&d=mm&r=g\",\"caption\":\"la r\u00e9daction\"},\"url\":\"https:\/\/vosgesinfo.fr\/saintdieinfo\/author\/redac\/\"}]}<\/script>\n<!-- \/ Yoast SEO plugin. -->","yoast_head_json":{"title":"Vosges : des jeunes inscrits \u00e0 la Pr\u00e9paration Militaire Marine re\u00e7oivent leurs coiffes et leur fanion - Saint Die Info","robots":{"index":"index","follow":"follow","max-snippet":"max-snippet:-1","max-image-preview":"max-image-preview:large","max-video-preview":"max-video-preview:-1"},"canonical":"https:\/\/vosgesinfo.fr\/saintdieinfo\/2021\/01\/vosges-jeunes-inscrits-a-preparation-militaire-marine-recoivent-leurs-coiffes-fanion\/","twitter_card":"summary_large_image","twitter_title":"Vosges : des jeunes inscrits \u00e0 la Pr\u00e9paration Militaire Marine re\u00e7oivent leurs coiffes et leur fanion - Saint Die Info","twitter_description":"Ce samedi matin, au Lyc\u00e9e Pierre Mend\u00e8s-France, une vingtaine de jeunes vosgiens inscrits au centre de Pr\u00e9paration Militaire Marine pour [&hellip;]","twitter_image":"https:\/\/vosgesinfo.fr\/app\/uploads\/sites\/4\/2024\/08\/202101fanion-marine-nationale-jeunes.jpg","twitter_creator":"@VosgesInfo88","twitter_site":"@VosgesInfo88","twitter_misc":{"\u00c9crit par":"la r\u00e9daction","Dur\u00e9e de lecture estim\u00e9e":"1 minute"},"schema":{"@context":"https:\/\/schema.org","@graph":[{"@type":"Article","@id":"https:\/\/vosgesinfo.fr\/saintdieinfo\/2021\/01\/vosges-jeunes-inscrits-a-preparation-militaire-marine-recoivent-leurs-coiffes-fanion\/#article","isPartOf":{"@id":"https:\/\/vosgesinfo.fr\/saintdieinfo\/2021\/01\/vosges-jeunes-inscrits-a-preparation-militaire-marine-recoivent-leurs-coiffes-fanion\/"},"author":{"name":"la r\u00e9daction","@id":"https:\/\/vosgesinfo.fr\/saintdieinfo\/#\/schema\/person\/faee6704a21f3977511db84bd1cd450f"},"headline":"Vosges : des jeunes inscrits \u00e0 la Pr\u00e9paration Militaire Marine re\u00e7oivent leurs coiffes et leur fanion","datePublished":"2021-01-24T09:25:43+00:00","dateModified":"2021-01-24T09:25:43+00:00","mainEntityOfPage":{"@id":"https:\/\/vosgesinfo.fr\/saintdieinfo\/2021\/01\/vosges-jeunes-inscrits-a-preparation-militaire-marine-recoivent-leurs-coiffes-fanion\/"},"wordCount":156,"commentCount":0,"publisher":{"@id":"https:\/\/vosgesinfo.fr\/saintdieinfo\/#organization"},"image":{"@id":"https:\/\/vosgesinfo.fr\/saintdieinfo\/2021\/01\/vosges-jeunes-inscrits-a-preparation-militaire-marine-recoivent-leurs-coiffes-fanion\/#primaryimage"},"thumbnailUrl":"https:\/\/vosgesinfo.fr\/app\/uploads\/sites\/4\/2024\/08\/202101fanion-marine-nationale-jeunes.jpg","keywords":["Marine Nationale"],"articleSection":["A la Une","Vosges"],"inLanguage":"fr-FR","potentialAction":[{"@type":"CommentAction","name":"Comment","target":["https:\/\/vosgesinfo.fr\/saintdieinfo\/2021\/01\/vosges-jeunes-inscrits-a-preparation-militaire-marine-recoivent-leurs-coiffes-fanion\/#respond"]}]},{"@type":"WebPage","@id":"https:\/\/vosgesinfo.fr\/saintdieinfo\/2021\/01\/vosges-jeunes-inscrits-a-preparation-militaire-marine-recoivent-leurs-coiffes-fanion\/","url":"https:\/\/vosgesinfo.fr\/saintdieinfo\/2021\/01\/vosges-jeunes-inscrits-a-preparation-militaire-marine-recoivent-leurs-coiffes-fanion\/","name":"Vosges : des jeunes inscrits \u00e0 la Pr\u00e9paration Militaire Marine re\u00e7oivent leurs coiffes et leur fanion - Saint Die Info","isPartOf":{"@id":"https:\/\/vosgesinfo.fr\/saintdieinfo\/#website"},"primaryImageOfPage":{"@id":"https:\/\/vosgesinfo.fr\/saintdieinfo\/2021\/01\/vosges-jeunes-inscrits-a-preparation-militaire-marine-recoivent-leurs-coiffes-fanion\/#primaryimage"},"image":{"@id":"https:\/\/vosgesinfo.fr\/saintdieinfo\/2021\/01\/vosges-jeunes-inscrits-a-preparation-militaire-marine-recoivent-leurs-coiffes-fanion\/#primaryimage"},"thumbnailUrl":"https:\/\/vosgesinfo.fr\/app\/uploads\/sites\/4\/2024\/08\/202101fanion-marine-nationale-jeunes.jpg","datePublished":"2021-01-24T09:25:43+00:00","dateModified":"2021-01-24T09:25:43+00:00","breadcrumb":{"@id":"https:\/\/vosgesinfo.fr\/saintdieinfo\/2021\/01\/vosges-jeunes-inscrits-a-preparation-militaire-marine-recoivent-leurs-coiffes-fanion\/#breadcrumb"},"inLanguage":"fr-FR","potentialAction":[{"@type":"ReadAction","target":["https:\/\/vosgesinfo.fr\/saintdieinfo\/2021\/01\/vosges-jeunes-inscrits-a-preparation-militaire-marine-recoivent-leurs-coiffes-fanion\/"]}]},{"@type":"ImageObject","inLanguage":"fr-FR","@id":"https:\/\/vosgesinfo.fr\/saintdieinfo\/2021\/01\/vosges-jeunes-inscrits-a-preparation-militaire-marine-recoivent-leurs-coiffes-fanion\/#primaryimage","url":"https:\/\/vosgesinfo.fr\/app\/uploads\/sites\/4\/2024\/08\/202101fanion-marine-nationale-jeunes.jpg","contentUrl":"https:\/\/vosgesinfo.fr\/app\/uploads\/sites\/4\/2024\/08\/202101fanion-marine-nationale-jeunes.jpg","width":800,"height":547},{"@type":"BreadcrumbList","@id":"https:\/\/vosgesinfo.fr\/saintdieinfo\/2021\/01\/vosges-jeunes-inscrits-a-preparation-militaire-marine-recoivent-leurs-coiffes-fanion\/#breadcrumb","itemListElement":[{"@type":"ListItem","position":1,"name":"Home","item":"https:\/\/vosgesinfo.fr\/saintdieinfo\/"},{"@type":"ListItem","position":2,"name":"Vosges : des jeunes inscrits \u00e0 la Pr\u00e9paration Militaire Marine re\u00e7oivent leurs coiffes et leur fanion"}]},{"@type":"WebSite","@id":"https:\/\/vosgesinfo.fr\/saintdieinfo\/#website","url":"https:\/\/vosgesinfo.fr\/saintdieinfo\/","name":"Saint Die Info","description":"Toute l&#039;actualit\u00e9 de Saint-Di\u00e9-Des-Vosges","publisher":{"@id":"https:\/\/vosgesinfo.fr\/saintdieinfo\/#organization"},"alternateName":"Toute l'actualit\u00e9 de Saint-Di\u00e9-Des-Vosges","potentialAction":[{"@type":"SearchAction","target":{"@type":"EntryPoint","urlTemplate":"https:\/\/vosgesinfo.fr\/saintdieinfo\/?s={search_term_string}"},"query-input":"required name=search_term_string"}],"inLanguage":"fr-FR"},{"@type":"Organization","@id":"https:\/\/vosgesinfo.fr\/saintdieinfo\/#organization","name":"Saint Die Info","url":"https:\/\/vosgesinfo.fr\/saintdieinfo\/","logo":{"@type":"ImageObject","inLanguage":"fr-FR","@id":"https:\/\/vosgesinfo.fr\/saintdieinfo\/#\/schema\/logo\/image\/","url":"https:\/\/vosgesinfo.fr\/app\/uploads\/sites\/4\/2024\/02\/logo-sdi.jpg","contentUrl":"https:\/\/vosgesinfo.fr\/app\/uploads\/sites\/4\/2024\/02\/logo-sdi.jpg","width":600,"height":600,"caption":"Saint Die Info"},"image":{"@id":"https:\/\/vosgesinfo.fr\/saintdieinfo\/#\/schema\/logo\/image\/"},"sameAs":["https:\/\/www.facebook.com\/Saintdieinfofr","https:\/\/x.com\/VosgesInfo88","https:\/\/www.youtube.com\/@vosgesinfo"]},{"@type":"Person","@id":"https:\/\/vosgesinfo.fr\/saintdieinfo\/#\/schema\/person\/faee6704a21f3977511db84bd1cd450f","name":"la r\u00e9daction","image":{"@type":"ImageObject","inLanguage":"fr-FR","@id":"https:\/\/vosgesinfo.fr\/saintdieinfo\/#\/schema\/person\/image\/","url":"https:\/\/secure.gravatar.com\/avatar\/6673d8bc6a9c17fa9a453eaa3448de834fa308c2ec9635b7aa99441a7c8d2cf6?s=96&d=mm&r=g","contentUrl":"https:\/\/secure.gravatar.com\/avatar\/6673d8bc6a9c17fa9a453eaa3448de834fa308c2ec9635b7aa99441a7c8d2cf6?s=96&d=mm&r=g","caption":"la r\u00e9daction"},"url":"https:\/\/vosgesinfo.fr\/saintdieinfo\/author\/redac\/"}]}},"_links":{"self":[{"href":"https:\/\/vosgesinfo.fr\/saintdieinfo\/wp-json\/wp\/v2\/posts\/39347","targetHints":{"allow":["GET"]}}],"collection":[{"href":"https:\/\/vosgesinfo.fr\/saintdieinfo\/wp-json\/wp\/v2\/posts"}],"about":[{"href":"https:\/\/vosgesinfo.fr\/saintdieinfo\/wp-json\/wp\/v2\/types\/post"}],"author":[{"embeddable":true,"href":"https:\/\/vosgesinfo.fr\/saintdieinfo\/wp-json\/wp\/v2\/users\/44"}],"replies":[{"embeddable":true,"href":"https:\/\/vosgesinfo.fr\/saintdieinfo\/wp-json\/wp\/v2\/comments?post=39347"}],"version-history":[{"count":0,"href":"https:\/\/vosgesinfo.fr\/saintdieinfo\/wp-json\/wp\/v2\/posts\/39347\/revisions"}],"wp:featuredmedia":[{"embeddable":true,"href":"https:\/\/vosgesinfo.fr\/saintdieinfo\/wp-json\/wp\/v2\/media\/39348"}],"wp:attachment":[{"href":"https:\/\/vosgesinfo.fr\/saintdieinfo\/wp-json\/wp\/v2\/media?parent=39347"}],"wp:term":[{"taxonomy":"category","embeddable":true,"href":"https:\/\/vosgesinfo.fr\/saintdieinfo\/wp-json\/wp\/v2\/categories?post=39347"},{"taxonomy":"post_tag","embeddable":true,"href":"https:\/\/vosgesinfo.fr\/saintdieinfo\/wp-json\/wp\/v2\/tags?post=39347"}],"curies":[{"name":"wp","href":"https:\/\/api.w.org\/{rel}","templated":true}]}}