{"id":39426,"date":"2021-02-02T17:01:48","date_gmt":"2021-02-02T16:01:48","guid":{"rendered":"https:\/\/vosgesinfo.fr\/saintdieinfo\/2021\/02\/bapteme-de-place-de-leurope-valery-giscard-destaing\/"},"modified":"2021-02-02T17:01:48","modified_gmt":"2021-02-02T16:01:48","slug":"bapteme-de-place-de-leurope-valery-giscard-destaing","status":"publish","type":"post","link":"https:\/\/vosgesinfo.fr\/saintdieinfo\/2021\/02\/bapteme-de-place-de-leurope-valery-giscard-destaing\/","title":{"rendered":"Bapt\u00eame de la place de l&rsquo;Europe-Val\u00e9ry Giscard-d&rsquo;Estaing"},"content":{"rendered":"<div class=\"gmail_default\">\n<div id=\"attachment_166317\" style=\"width: 810px\" class=\"wp-caption aligncenter\"><a href=\"\/2021\/02\/Bapt\u00eame_Place_Europe_Valery_Giscard_dEstaing-2.jpg\" target=\"_blank\" rel=\"noopener\"><img decoding=\"async\" aria-describedby=\"caption-attachment-166317\" class=\"wp-image-166317 size-full\" src=\"\/2021\/02\/Bapt\u00eame_Place_Europe_Valery_Giscard_dEstaing-2.jpg\" alt=\"Bapt\u00eame_Place_Europe_Valery_Giscard_d'Estaing (2)\" width=\"800\" height=\"534\" \/><\/a><p id=\"caption-attachment-166317\" class=\"wp-caption-text\">(Photographies Marc Fourniquet)<\/p><\/div>\n<\/div>\n<h2 class=\"gmail_default\"><span style=\"font-size: 14pt;\"><strong>Conform\u00e9ment \u00e0 la d\u00e9lib\u00e9ration du conseil municipal du 18 d\u00e9cembre 2020, la place de l&rsquo;Europe situ\u00e9e derri\u00e8re la Mairie a \u00e9t\u00e9 rebaptis\u00e9e \u00ab\u00a0place de l&rsquo;Europe &#8211; Val\u00e9ry GISCARD-D&rsquo;ESTAING\u00a0\u00bb ce mardi 2 f\u00e9vrier, jour anniversaire de l&rsquo;ancien pr\u00e9sident de la R\u00e9publique.<\/strong><\/span><\/h2>\n<p><!--more--><\/p>\n<p class=\"gmail_default\"><span style=\"font-size: 14pt;\">Avant de d\u00e9voiler la nouvelle plaque, le maire David Valence a rappel\u00e9 3 points essentiels du mandat de l&rsquo;ancien pr\u00e9sident :<\/span><\/p>\n<div class=\"gmail_default\">\n<ul>\n<li><span style=\"font-size: 14pt;\">Avec le chancelier f\u00e9d\u00e9ral allemand Helmut Schmidt, il est \u00e0 l&rsquo;origine de la cr\u00e9ation du Conseil europ\u00e9en en d\u00e9cembre 1974;<\/span><\/li>\n<li><span style=\"font-size: 14pt;\">La cr\u00e9ation du syst\u00e8me mon\u00e9taire Europ\u00e9en;<\/span><\/li>\n<li><span style=\"font-size: 14pt;\">L&rsquo;\u00e9lection du Parlement europ\u00e9en au suffrage universel direct.<\/span><\/li>\n<\/ul>\n<\/div>\n<div class=\"gmail_default\"><span style=\"font-size: 14pt;\">Etaient pr\u00e9sents aux c\u00f4t\u00e9s du premier magistrat Carole Dabrigeon, sous-pr\u00e9f\u00e8te de l&rsquo;arrondissement de Saint-Di\u00e9-Des-Vosges, ainsi que l&rsquo;adjointe Colette Dauphin.<\/span><\/div>\n<div class=\"gmail_default\">\n\n<\/div>\n<div class=\"gmail_default\"><\/div>\n","protected":false},"excerpt":{"rendered":"<p>Conform\u00e9ment \u00e0 la d\u00e9lib\u00e9ration du conseil municipal du 18 d\u00e9cembre 2020, la place de l&rsquo;Europe situ\u00e9e derri\u00e8re la Mairie a [&hellip;]<\/p>\n","protected":false},"author":44,"featured_media":39427,"comment_status":"open","ping_status":"open","sticky":false,"template":"","format":"standard","meta":{"footnotes":""},"categories":[460,2915],"tags":[7897],"class_list":["post-39426","post","type-post","status-publish","format-standard","has-post-thumbnail","hentry","category-a-la-une","category-saint-die-son-canton","tag-valery-giscard-destaing"],"acf":[],"yoast_head":"<!-- This site is optimized with the Yoast SEO plugin v22.5 - https:\/\/yoast.com\/wordpress\/plugins\/seo\/ -->\n<title>Bapt\u00eame de la place de l&#039;Europe-Val\u00e9ry Giscard-d&#039;Estaing - Saint Die Info<\/title>\n<meta name=\"robots\" content=\"index, follow, max-snippet:-1, max-image-preview:large, max-video-preview:-1\" \/>\n<link rel=\"canonical\" href=\"https:\/\/vosgesinfo.fr\/saintdieinfo\/2021\/02\/bapteme-de-place-de-leurope-valery-giscard-destaing\/\" \/>\n<meta name=\"twitter:card\" content=\"summary_large_image\" \/>\n<meta name=\"twitter:title\" content=\"Bapt\u00eame de la place de l&#039;Europe-Val\u00e9ry Giscard-d&#039;Estaing - Saint Die Info\" \/>\n<meta name=\"twitter:description\" content=\"Conform\u00e9ment \u00e0 la d\u00e9lib\u00e9ration du conseil municipal du 18 d\u00e9cembre 2020, la place de l&rsquo;Europe situ\u00e9e derri\u00e8re la Mairie a [&hellip;]\" \/>\n<meta name=\"twitter:image\" content=\"https:\/\/vosgesinfo.fr\/app\/uploads\/sites\/4\/2024\/08\/202102bapteme-place-europe-valery-giscard-destaing-2.jpg\" \/>\n<meta name=\"twitter:creator\" content=\"@VosgesInfo88\" \/>\n<meta name=\"twitter:site\" content=\"@VosgesInfo88\" \/>\n<meta name=\"twitter:label1\" content=\"\u00c9crit par\" \/>\n\t<meta name=\"twitter:data1\" content=\"la r\u00e9daction\" \/>\n\t<meta name=\"twitter:label2\" content=\"Dur\u00e9e de lecture estim\u00e9e\" \/>\n\t<meta name=\"twitter:data2\" content=\"1 minute\" \/>\n<script type=\"application\/ld+json\" class=\"yoast-schema-graph\">{\"@context\":\"https:\/\/schema.org\",\"@graph\":[{\"@type\":\"Article\",\"@id\":\"https:\/\/vosgesinfo.fr\/saintdieinfo\/2021\/02\/bapteme-de-place-de-leurope-valery-giscard-destaing\/#article\",\"isPartOf\":{\"@id\":\"https:\/\/vosgesinfo.fr\/saintdieinfo\/2021\/02\/bapteme-de-place-de-leurope-valery-giscard-destaing\/\"},\"author\":{\"name\":\"la r\u00e9daction\",\"@id\":\"https:\/\/vosgesinfo.fr\/saintdieinfo\/#\/schema\/person\/faee6704a21f3977511db84bd1cd450f\"},\"headline\":\"Bapt\u00eame de la place de l&rsquo;Europe-Val\u00e9ry Giscard-d&rsquo;Estaing\",\"datePublished\":\"2021-02-02T16:01:48+00:00\",\"dateModified\":\"2021-02-02T16:01:48+00:00\",\"mainEntityOfPage\":{\"@id\":\"https:\/\/vosgesinfo.fr\/saintdieinfo\/2021\/02\/bapteme-de-place-de-leurope-valery-giscard-destaing\/\"},\"wordCount\":171,\"commentCount\":0,\"publisher\":{\"@id\":\"https:\/\/vosgesinfo.fr\/saintdieinfo\/#organization\"},\"image\":{\"@id\":\"https:\/\/vosgesinfo.fr\/saintdieinfo\/2021\/02\/bapteme-de-place-de-leurope-valery-giscard-destaing\/#primaryimage\"},\"thumbnailUrl\":\"https:\/\/vosgesinfo.fr\/app\/uploads\/sites\/4\/2024\/08\/202102bapteme-place-europe-valery-giscard-destaing-2.jpg\",\"keywords\":[\"Val\u00e9ry Giscard d'Estaing\"],\"articleSection\":[\"A la Une\",\"Saint-Di\u00e9-des-Vosges et son Agglom\u00e9ration\"],\"inLanguage\":\"fr-FR\",\"potentialAction\":[{\"@type\":\"CommentAction\",\"name\":\"Comment\",\"target\":[\"https:\/\/vosgesinfo.fr\/saintdieinfo\/2021\/02\/bapteme-de-place-de-leurope-valery-giscard-destaing\/#respond\"]}]},{\"@type\":\"WebPage\",\"@id\":\"https:\/\/vosgesinfo.fr\/saintdieinfo\/2021\/02\/bapteme-de-place-de-leurope-valery-giscard-destaing\/\",\"url\":\"https:\/\/vosgesinfo.fr\/saintdieinfo\/2021\/02\/bapteme-de-place-de-leurope-valery-giscard-destaing\/\",\"name\":\"Bapt\u00eame de la place de l'Europe-Val\u00e9ry Giscard-d'Estaing - Saint Die Info\",\"isPartOf\":{\"@id\":\"https:\/\/vosgesinfo.fr\/saintdieinfo\/#website\"},\"primaryImageOfPage\":{\"@id\":\"https:\/\/vosgesinfo.fr\/saintdieinfo\/2021\/02\/bapteme-de-place-de-leurope-valery-giscard-destaing\/#primaryimage\"},\"image\":{\"@id\":\"https:\/\/vosgesinfo.fr\/saintdieinfo\/2021\/02\/bapteme-de-place-de-leurope-valery-giscard-destaing\/#primaryimage\"},\"thumbnailUrl\":\"https:\/\/vosgesinfo.fr\/app\/uploads\/sites\/4\/2024\/08\/202102bapteme-place-europe-valery-giscard-destaing-2.jpg\",\"datePublished\":\"2021-02-02T16:01:48+00:00\",\"dateModified\":\"2021-02-02T16:01:48+00:00\",\"breadcrumb\":{\"@id\":\"https:\/\/vosgesinfo.fr\/saintdieinfo\/2021\/02\/bapteme-de-place-de-leurope-valery-giscard-destaing\/#breadcrumb\"},\"inLanguage\":\"fr-FR\",\"potentialAction\":[{\"@type\":\"ReadAction\",\"target\":[\"https:\/\/vosgesinfo.fr\/saintdieinfo\/2021\/02\/bapteme-de-place-de-leurope-valery-giscard-destaing\/\"]}]},{\"@type\":\"ImageObject\",\"inLanguage\":\"fr-FR\",\"@id\":\"https:\/\/vosgesinfo.fr\/saintdieinfo\/2021\/02\/bapteme-de-place-de-leurope-valery-giscard-destaing\/#primaryimage\",\"url\":\"https:\/\/vosgesinfo.fr\/app\/uploads\/sites\/4\/2024\/08\/202102bapteme-place-europe-valery-giscard-destaing-2.jpg\",\"contentUrl\":\"https:\/\/vosgesinfo.fr\/app\/uploads\/sites\/4\/2024\/08\/202102bapteme-place-europe-valery-giscard-destaing-2.jpg\",\"width\":800,\"height\":534},{\"@type\":\"BreadcrumbList\",\"@id\":\"https:\/\/vosgesinfo.fr\/saintdieinfo\/2021\/02\/bapteme-de-place-de-leurope-valery-giscard-destaing\/#breadcrumb\",\"itemListElement\":[{\"@type\":\"ListItem\",\"position\":1,\"name\":\"Home\",\"item\":\"https:\/\/vosgesinfo.fr\/saintdieinfo\/\"},{\"@type\":\"ListItem\",\"position\":2,\"name\":\"Bapt\u00eame de la place de l&rsquo;Europe-Val\u00e9ry Giscard-d&rsquo;Estaing\"}]},{\"@type\":\"WebSite\",\"@id\":\"https:\/\/vosgesinfo.fr\/saintdieinfo\/#website\",\"url\":\"https:\/\/vosgesinfo.fr\/saintdieinfo\/\",\"name\":\"Saint Die Info\",\"description\":\"Toute l&#039;actualit\u00e9 de Saint-Di\u00e9-Des-Vosges\",\"publisher\":{\"@id\":\"https:\/\/vosgesinfo.fr\/saintdieinfo\/#organization\"},\"alternateName\":\"Toute l'actualit\u00e9 de Saint-Di\u00e9-Des-Vosges\",\"potentialAction\":[{\"@type\":\"SearchAction\",\"target\":{\"@type\":\"EntryPoint\",\"urlTemplate\":\"https:\/\/vosgesinfo.fr\/saintdieinfo\/?s={search_term_string}\"},\"query-input\":\"required name=search_term_string\"}],\"inLanguage\":\"fr-FR\"},{\"@type\":\"Organization\",\"@id\":\"https:\/\/vosgesinfo.fr\/saintdieinfo\/#organization\",\"name\":\"Saint Die Info\",\"url\":\"https:\/\/vosgesinfo.fr\/saintdieinfo\/\",\"logo\":{\"@type\":\"ImageObject\",\"inLanguage\":\"fr-FR\",\"@id\":\"https:\/\/vosgesinfo.fr\/saintdieinfo\/#\/schema\/logo\/image\/\",\"url\":\"https:\/\/vosgesinfo.fr\/app\/uploads\/sites\/4\/2024\/02\/logo-sdi.jpg\",\"contentUrl\":\"https:\/\/vosgesinfo.fr\/app\/uploads\/sites\/4\/2024\/02\/logo-sdi.jpg\",\"width\":600,\"height\":600,\"caption\":\"Saint Die Info\"},\"image\":{\"@id\":\"https:\/\/vosgesinfo.fr\/saintdieinfo\/#\/schema\/logo\/image\/\"},\"sameAs\":[\"https:\/\/www.facebook.com\/Saintdieinfofr\",\"https:\/\/x.com\/VosgesInfo88\",\"https:\/\/www.youtube.com\/@vosgesinfo\"]},{\"@type\":\"Person\",\"@id\":\"https:\/\/vosgesinfo.fr\/saintdieinfo\/#\/schema\/person\/faee6704a21f3977511db84bd1cd450f\",\"name\":\"la r\u00e9daction\",\"image\":{\"@type\":\"ImageObject\",\"inLanguage\":\"fr-FR\",\"@id\":\"https:\/\/vosgesinfo.fr\/saintdieinfo\/#\/schema\/person\/image\/\",\"url\":\"https:\/\/secure.gravatar.com\/avatar\/6673d8bc6a9c17fa9a453eaa3448de834fa308c2ec9635b7aa99441a7c8d2cf6?s=96&d=mm&r=g\",\"contentUrl\":\"https:\/\/secure.gravatar.com\/avatar\/6673d8bc6a9c17fa9a453eaa3448de834fa308c2ec9635b7aa99441a7c8d2cf6?s=96&d=mm&r=g\",\"caption\":\"la r\u00e9daction\"},\"url\":\"https:\/\/vosgesinfo.fr\/saintdieinfo\/author\/redac\/\"}]}<\/script>\n<!-- \/ Yoast SEO plugin. -->","yoast_head_json":{"title":"Bapt\u00eame de la place de l'Europe-Val\u00e9ry Giscard-d'Estaing - Saint Die Info","robots":{"index":"index","follow":"follow","max-snippet":"max-snippet:-1","max-image-preview":"max-image-preview:large","max-video-preview":"max-video-preview:-1"},"canonical":"https:\/\/vosgesinfo.fr\/saintdieinfo\/2021\/02\/bapteme-de-place-de-leurope-valery-giscard-destaing\/","twitter_card":"summary_large_image","twitter_title":"Bapt\u00eame de la place de l'Europe-Val\u00e9ry Giscard-d'Estaing - Saint Die Info","twitter_description":"Conform\u00e9ment \u00e0 la d\u00e9lib\u00e9ration du conseil municipal du 18 d\u00e9cembre 2020, la place de l&rsquo;Europe situ\u00e9e derri\u00e8re la Mairie a [&hellip;]","twitter_image":"https:\/\/vosgesinfo.fr\/app\/uploads\/sites\/4\/2024\/08\/202102bapteme-place-europe-valery-giscard-destaing-2.jpg","twitter_creator":"@VosgesInfo88","twitter_site":"@VosgesInfo88","twitter_misc":{"\u00c9crit par":"la r\u00e9daction","Dur\u00e9e de lecture estim\u00e9e":"1 minute"},"schema":{"@context":"https:\/\/schema.org","@graph":[{"@type":"Article","@id":"https:\/\/vosgesinfo.fr\/saintdieinfo\/2021\/02\/bapteme-de-place-de-leurope-valery-giscard-destaing\/#article","isPartOf":{"@id":"https:\/\/vosgesinfo.fr\/saintdieinfo\/2021\/02\/bapteme-de-place-de-leurope-valery-giscard-destaing\/"},"author":{"name":"la r\u00e9daction","@id":"https:\/\/vosgesinfo.fr\/saintdieinfo\/#\/schema\/person\/faee6704a21f3977511db84bd1cd450f"},"headline":"Bapt\u00eame de la place de l&rsquo;Europe-Val\u00e9ry Giscard-d&rsquo;Estaing","datePublished":"2021-02-02T16:01:48+00:00","dateModified":"2021-02-02T16:01:48+00:00","mainEntityOfPage":{"@id":"https:\/\/vosgesinfo.fr\/saintdieinfo\/2021\/02\/bapteme-de-place-de-leurope-valery-giscard-destaing\/"},"wordCount":171,"commentCount":0,"publisher":{"@id":"https:\/\/vosgesinfo.fr\/saintdieinfo\/#organization"},"image":{"@id":"https:\/\/vosgesinfo.fr\/saintdieinfo\/2021\/02\/bapteme-de-place-de-leurope-valery-giscard-destaing\/#primaryimage"},"thumbnailUrl":"https:\/\/vosgesinfo.fr\/app\/uploads\/sites\/4\/2024\/08\/202102bapteme-place-europe-valery-giscard-destaing-2.jpg","keywords":["Val\u00e9ry Giscard d'Estaing"],"articleSection":["A la Une","Saint-Di\u00e9-des-Vosges et son Agglom\u00e9ration"],"inLanguage":"fr-FR","potentialAction":[{"@type":"CommentAction","name":"Comment","target":["https:\/\/vosgesinfo.fr\/saintdieinfo\/2021\/02\/bapteme-de-place-de-leurope-valery-giscard-destaing\/#respond"]}]},{"@type":"WebPage","@id":"https:\/\/vosgesinfo.fr\/saintdieinfo\/2021\/02\/bapteme-de-place-de-leurope-valery-giscard-destaing\/","url":"https:\/\/vosgesinfo.fr\/saintdieinfo\/2021\/02\/bapteme-de-place-de-leurope-valery-giscard-destaing\/","name":"Bapt\u00eame de la place de l'Europe-Val\u00e9ry Giscard-d'Estaing - Saint Die Info","isPartOf":{"@id":"https:\/\/vosgesinfo.fr\/saintdieinfo\/#website"},"primaryImageOfPage":{"@id":"https:\/\/vosgesinfo.fr\/saintdieinfo\/2021\/02\/bapteme-de-place-de-leurope-valery-giscard-destaing\/#primaryimage"},"image":{"@id":"https:\/\/vosgesinfo.fr\/saintdieinfo\/2021\/02\/bapteme-de-place-de-leurope-valery-giscard-destaing\/#primaryimage"},"thumbnailUrl":"https:\/\/vosgesinfo.fr\/app\/uploads\/sites\/4\/2024\/08\/202102bapteme-place-europe-valery-giscard-destaing-2.jpg","datePublished":"2021-02-02T16:01:48+00:00","dateModified":"2021-02-02T16:01:48+00:00","breadcrumb":{"@id":"https:\/\/vosgesinfo.fr\/saintdieinfo\/2021\/02\/bapteme-de-place-de-leurope-valery-giscard-destaing\/#breadcrumb"},"inLanguage":"fr-FR","potentialAction":[{"@type":"ReadAction","target":["https:\/\/vosgesinfo.fr\/saintdieinfo\/2021\/02\/bapteme-de-place-de-leurope-valery-giscard-destaing\/"]}]},{"@type":"ImageObject","inLanguage":"fr-FR","@id":"https:\/\/vosgesinfo.fr\/saintdieinfo\/2021\/02\/bapteme-de-place-de-leurope-valery-giscard-destaing\/#primaryimage","url":"https:\/\/vosgesinfo.fr\/app\/uploads\/sites\/4\/2024\/08\/202102bapteme-place-europe-valery-giscard-destaing-2.jpg","contentUrl":"https:\/\/vosgesinfo.fr\/app\/uploads\/sites\/4\/2024\/08\/202102bapteme-place-europe-valery-giscard-destaing-2.jpg","width":800,"height":534},{"@type":"BreadcrumbList","@id":"https:\/\/vosgesinfo.fr\/saintdieinfo\/2021\/02\/bapteme-de-place-de-leurope-valery-giscard-destaing\/#breadcrumb","itemListElement":[{"@type":"ListItem","position":1,"name":"Home","item":"https:\/\/vosgesinfo.fr\/saintdieinfo\/"},{"@type":"ListItem","position":2,"name":"Bapt\u00eame de la place de l&rsquo;Europe-Val\u00e9ry Giscard-d&rsquo;Estaing"}]},{"@type":"WebSite","@id":"https:\/\/vosgesinfo.fr\/saintdieinfo\/#website","url":"https:\/\/vosgesinfo.fr\/saintdieinfo\/","name":"Saint Die Info","description":"Toute l&#039;actualit\u00e9 de Saint-Di\u00e9-Des-Vosges","publisher":{"@id":"https:\/\/vosgesinfo.fr\/saintdieinfo\/#organization"},"alternateName":"Toute l'actualit\u00e9 de Saint-Di\u00e9-Des-Vosges","potentialAction":[{"@type":"SearchAction","target":{"@type":"EntryPoint","urlTemplate":"https:\/\/vosgesinfo.fr\/saintdieinfo\/?s={search_term_string}"},"query-input":"required name=search_term_string"}],"inLanguage":"fr-FR"},{"@type":"Organization","@id":"https:\/\/vosgesinfo.fr\/saintdieinfo\/#organization","name":"Saint Die Info","url":"https:\/\/vosgesinfo.fr\/saintdieinfo\/","logo":{"@type":"ImageObject","inLanguage":"fr-FR","@id":"https:\/\/vosgesinfo.fr\/saintdieinfo\/#\/schema\/logo\/image\/","url":"https:\/\/vosgesinfo.fr\/app\/uploads\/sites\/4\/2024\/02\/logo-sdi.jpg","contentUrl":"https:\/\/vosgesinfo.fr\/app\/uploads\/sites\/4\/2024\/02\/logo-sdi.jpg","width":600,"height":600,"caption":"Saint Die Info"},"image":{"@id":"https:\/\/vosgesinfo.fr\/saintdieinfo\/#\/schema\/logo\/image\/"},"sameAs":["https:\/\/www.facebook.com\/Saintdieinfofr","https:\/\/x.com\/VosgesInfo88","https:\/\/www.youtube.com\/@vosgesinfo"]},{"@type":"Person","@id":"https:\/\/vosgesinfo.fr\/saintdieinfo\/#\/schema\/person\/faee6704a21f3977511db84bd1cd450f","name":"la r\u00e9daction","image":{"@type":"ImageObject","inLanguage":"fr-FR","@id":"https:\/\/vosgesinfo.fr\/saintdieinfo\/#\/schema\/person\/image\/","url":"https:\/\/secure.gravatar.com\/avatar\/6673d8bc6a9c17fa9a453eaa3448de834fa308c2ec9635b7aa99441a7c8d2cf6?s=96&d=mm&r=g","contentUrl":"https:\/\/secure.gravatar.com\/avatar\/6673d8bc6a9c17fa9a453eaa3448de834fa308c2ec9635b7aa99441a7c8d2cf6?s=96&d=mm&r=g","caption":"la r\u00e9daction"},"url":"https:\/\/vosgesinfo.fr\/saintdieinfo\/author\/redac\/"}]}},"_links":{"self":[{"href":"https:\/\/vosgesinfo.fr\/saintdieinfo\/wp-json\/wp\/v2\/posts\/39426","targetHints":{"allow":["GET"]}}],"collection":[{"href":"https:\/\/vosgesinfo.fr\/saintdieinfo\/wp-json\/wp\/v2\/posts"}],"about":[{"href":"https:\/\/vosgesinfo.fr\/saintdieinfo\/wp-json\/wp\/v2\/types\/post"}],"author":[{"embeddable":true,"href":"https:\/\/vosgesinfo.fr\/saintdieinfo\/wp-json\/wp\/v2\/users\/44"}],"replies":[{"embeddable":true,"href":"https:\/\/vosgesinfo.fr\/saintdieinfo\/wp-json\/wp\/v2\/comments?post=39426"}],"version-history":[{"count":0,"href":"https:\/\/vosgesinfo.fr\/saintdieinfo\/wp-json\/wp\/v2\/posts\/39426\/revisions"}],"wp:featuredmedia":[{"embeddable":true,"href":"https:\/\/vosgesinfo.fr\/saintdieinfo\/wp-json\/wp\/v2\/media\/39427"}],"wp:attachment":[{"href":"https:\/\/vosgesinfo.fr\/saintdieinfo\/wp-json\/wp\/v2\/media?parent=39426"}],"wp:term":[{"taxonomy":"category","embeddable":true,"href":"https:\/\/vosgesinfo.fr\/saintdieinfo\/wp-json\/wp\/v2\/categories?post=39426"},{"taxonomy":"post_tag","embeddable":true,"href":"https:\/\/vosgesinfo.fr\/saintdieinfo\/wp-json\/wp\/v2\/tags?post=39426"}],"curies":[{"name":"wp","href":"https:\/\/api.w.org\/{rel}","templated":true}]}}