{"id":39431,"date":"2021-02-03T09:46:41","date_gmt":"2021-02-03T08:46:41","guid":{"rendered":"https:\/\/vosgesinfo.fr\/saintdieinfo\/2021\/02\/vent-crues-inondations-vosges-vigilance-jaune-mercredi\/"},"modified":"2021-02-03T09:46:41","modified_gmt":"2021-02-03T08:46:41","slug":"vent-crues-inondations-vosges-vigilance-jaune-mercredi","status":"publish","type":"post","link":"https:\/\/vosgesinfo.fr\/saintdieinfo\/2021\/02\/vent-crues-inondations-vosges-vigilance-jaune-mercredi\/","title":{"rendered":"Vent, crues et inondations : les Vosges en vigilance jaune ce mercredi"},"content":{"rendered":"<h2><strong><a href=\"https:\/\/vigilance.meteofrance.fr\/fr\/vosges\">M\u00e9t\u00e9o France<\/a> a plac\u00e9 le d\u00e9partement des Vosges en vigilance jaune pour plusieurs risques\u00a0: le vent, les crues, les pluies et inondations. Cette alerte est valable jusqu\u2019\u00e0 demain jeudi \u00e0 6 heures.<\/strong><\/h2>\n<p><em>\u00a0Inlassablement les jours se suivent et se ressemblent\u00a0\u00bb<\/em>, affirme <a href=\"https:\/\/www.facebook.com\/meteodesvallees\">M\u00e9t\u00e9o des Vall\u00e9es<\/a>. Ce mercredi, <em>\u00ab\u00a0des pluies abondantes toucheront la r\u00e9gion, si bien qu\u2019entre 6 et 12 heures, ce sont 25 \u00e0 40 mm d\u2019eau qui sont attendus montagne, 10 \u00e0 15 mm en plaine. Il faudra attendre le milieu d\u2019apr\u00e8s-midi pour que les pluies se calment et prennent un caract\u00e8re d\u2019averses.\u00a0Niveau temp\u00e9ratures, il fera toujours aussi doux et m\u00eame davantage qu\u2019aujourd\u2019hui alors que le vent sensible poursuivra son travail de fonte du manteau neigeux en montagne\u00a0\u00bb<\/em>. Il faudra attendre attendre jeudi pour une accalmie <em>\u00ab\u00a0avec un ciel qui restera cependant d\u00e9sesp\u00e9r\u00e9ment gris. Les pr\u00e9cipitations se r\u00e9sumeront \u00e0 quelques averses. On ne parlera plus de vent tandis qu\u2019il fera temporairement un peu plus frais\u00a0\u00bb.<\/em><\/p>\n<div class=\"tiled-gallery type-rectangular\" data-original-width=\"960\" data-carousel-extra=\"null\">\n<div class=\"gallery-row\" data-original-width=\"960\" data-original-height=\"586\">\n<div class=\"gallery-group images-1\" data-original-width=\"643\" data-original-height=\"586\">\n<div class=\"tiled-gallery-item tiled-gallery-item-large\"><a href=\"https:\/\/remiremontinfo.fr\/wp-content\/uploads\/2021\/02\/Capture-d\u2019\u00e9cran-2021-02-03-081832.png\" data-featherlight=\"image\"> <img decoding=\"async\" title=\"Capture d\u2019\u00e9cran 2021-02-03 081832\" src=\"https:\/\/i1.wp.com\/remiremontinfo.fr\/wp-content\/uploads\/2021\/02\/Capture-d\u2019\u00e9cran-2021-02-03-081832.png?resize=639%2C582&amp;ssl=1\" alt=\"Capture d\u2019\u00e9cran 2021-02-03 081832\" data-attachment-id=\"308469\" data-orig-file=\"https:\/\/remiremontinfo.fr\/wp-content\/uploads\/2021\/02\/Capture-d\u2019\u00e9cran-2021-02-03-081832.png\" data-orig-size=\"765,697\" data-comments-opened=\"1\" data-image-meta=\"{&quot;aperture&quot;:&quot;0&quot;,&quot;credit&quot;:&quot;&quot;,&quot;camera&quot;:&quot;&quot;,&quot;caption&quot;:&quot;&quot;,&quot;created_timestamp&quot;:&quot;0&quot;,&quot;copyright&quot;:&quot;&quot;,&quot;focal_length&quot;:&quot;0&quot;,&quot;iso&quot;:&quot;0&quot;,&quot;shutter_speed&quot;:&quot;0&quot;,&quot;title&quot;:&quot;&quot;,&quot;orientation&quot;:&quot;0&quot;}\" data-image-title=\"Capture d\u2019\u00e9cran 2021-02-03 081832\" data-image-description=\"\" data-medium-file=\"https:\/\/remiremontinfo.fr\/wp-content\/uploads\/2021\/02\/Capture-d\u2019\u00e9cran-2021-02-03-081832-280x255.png\" data-large-file=\"https:\/\/remiremontinfo.fr\/wp-content\/uploads\/2021\/02\/Capture-d\u2019\u00e9cran-2021-02-03-081832.png\" data-original-width=\"639\" data-original-height=\"582\" data-recalc-dims=\"1\" \/> <\/a><\/div>\n<\/div>\n<div class=\"gallery-group images-2\" data-original-width=\"317\" data-original-height=\"586\">\n<div class=\"tiled-gallery-item tiled-gallery-item-large\"><a href=\"https:\/\/remiremontinfo.fr\/wp-content\/uploads\/2021\/02\/Capture-d\u2019\u00e9cran-2021-02-03-082959.png\" data-featherlight=\"image\"> <img decoding=\"async\" title=\"Capture d\u2019\u00e9cran 2021-02-03 082959\" src=\"https:\/\/i1.wp.com\/remiremontinfo.fr\/wp-content\/uploads\/2021\/02\/Capture-d\u2019\u00e9cran-2021-02-03-082959.png?resize=313%2C291&amp;ssl=1\" alt=\"Capture d\u2019\u00e9cran 2021-02-03 082959\" data-attachment-id=\"308470\" data-orig-file=\"https:\/\/remiremontinfo.fr\/wp-content\/uploads\/2021\/02\/Capture-d\u2019\u00e9cran-2021-02-03-082959.png\" data-orig-size=\"776,722\" data-comments-opened=\"1\" data-image-meta=\"{&quot;aperture&quot;:&quot;0&quot;,&quot;credit&quot;:&quot;&quot;,&quot;camera&quot;:&quot;&quot;,&quot;caption&quot;:&quot;&quot;,&quot;created_timestamp&quot;:&quot;0&quot;,&quot;copyright&quot;:&quot;&quot;,&quot;focal_length&quot;:&quot;0&quot;,&quot;iso&quot;:&quot;0&quot;,&quot;shutter_speed&quot;:&quot;0&quot;,&quot;title&quot;:&quot;&quot;,&quot;orientation&quot;:&quot;0&quot;}\" data-image-title=\"Capture d\u2019\u00e9cran 2021-02-03 082959\" data-image-description=\"\" data-medium-file=\"https:\/\/remiremontinfo.fr\/wp-content\/uploads\/2021\/02\/Capture-d\u2019\u00e9cran-2021-02-03-082959-274x255.png\" data-large-file=\"https:\/\/remiremontinfo.fr\/wp-content\/uploads\/2021\/02\/Capture-d\u2019\u00e9cran-2021-02-03-082959.png\" data-original-width=\"313\" data-original-height=\"291\" data-recalc-dims=\"1\" \/> <\/a><\/div>\n<div class=\"tiled-gallery-item tiled-gallery-item-large\"><a href=\"https:\/\/remiremontinfo.fr\/wp-content\/uploads\/2021\/02\/Capture-d\u2019\u00e9cran-2021-02-03-083013.png\" data-featherlight=\"image\"> <img decoding=\"async\" title=\"Capture d\u2019\u00e9cran 2021-02-03 083013\" src=\"https:\/\/i1.wp.com\/remiremontinfo.fr\/wp-content\/uploads\/2021\/02\/Capture-d\u2019\u00e9cran-2021-02-03-083013.png?resize=313%2C287&amp;ssl=1\" alt=\"Capture d\u2019\u00e9cran 2021-02-03 083013\" data-attachment-id=\"308471\" data-orig-file=\"https:\/\/remiremontinfo.fr\/wp-content\/uploads\/2021\/02\/Capture-d\u2019\u00e9cran-2021-02-03-083013.png\" data-orig-size=\"763,701\" data-comments-opened=\"1\" data-image-meta=\"{&quot;aperture&quot;:&quot;0&quot;,&quot;credit&quot;:&quot;&quot;,&quot;camera&quot;:&quot;&quot;,&quot;caption&quot;:&quot;&quot;,&quot;created_timestamp&quot;:&quot;0&quot;,&quot;copyright&quot;:&quot;&quot;,&quot;focal_length&quot;:&quot;0&quot;,&quot;iso&quot;:&quot;0&quot;,&quot;shutter_speed&quot;:&quot;0&quot;,&quot;title&quot;:&quot;&quot;,&quot;orientation&quot;:&quot;0&quot;}\" data-image-title=\"Capture d\u2019\u00e9cran 2021-02-03 083013\" data-image-description=\"\" data-medium-file=\"https:\/\/remiremontinfo.fr\/wp-content\/uploads\/2021\/02\/Capture-d\u2019\u00e9cran-2021-02-03-083013-278x255.png\" data-large-file=\"https:\/\/remiremontinfo.fr\/wp-content\/uploads\/2021\/02\/Capture-d\u2019\u00e9cran-2021-02-03-083013.png\" data-original-width=\"313\" data-original-height=\"287\" data-recalc-dims=\"1\" \/> <\/a><\/div>\n<\/div>\n<\/div>\n<\/div>\n<p><em>Captures d\u2019\u00e9cran M\u00e9t\u00e9o France<\/em><\/p>\n","protected":false},"excerpt":{"rendered":"<p>M\u00e9t\u00e9o France a plac\u00e9 le d\u00e9partement des Vosges en vigilance jaune pour plusieurs risques\u00a0: le vent, les crues, les pluies [&hellip;]<\/p>\n","protected":false},"author":44,"featured_media":23292,"comment_status":"open","ping_status":"open","sticky":false,"template":"","format":"standard","meta":{"footnotes":""},"categories":[460,2924,18],"tags":[553],"class_list":["post-39431","post","type-post","status-publish","format-standard","has-post-thumbnail","hentry","category-a-la-une","category-fait-divers","category-vosges","tag-vigilance-jaune"],"acf":[],"yoast_head":"<!-- This site is optimized with the Yoast SEO plugin v22.5 - https:\/\/yoast.com\/wordpress\/plugins\/seo\/ -->\n<title>Vent, crues et inondations : les Vosges en vigilance jaune ce mercredi - Saint Die Info<\/title>\n<meta name=\"robots\" content=\"index, follow, max-snippet:-1, max-image-preview:large, max-video-preview:-1\" \/>\n<link rel=\"canonical\" href=\"https:\/\/vosgesinfo.fr\/saintdieinfo\/2021\/02\/vent-crues-inondations-vosges-vigilance-jaune-mercredi\/\" \/>\n<meta name=\"twitter:card\" content=\"summary_large_image\" \/>\n<meta name=\"twitter:title\" content=\"Vent, crues et inondations : les Vosges en vigilance jaune ce mercredi - Saint Die Info\" \/>\n<meta name=\"twitter:description\" content=\"M\u00e9t\u00e9o France a plac\u00e9 le d\u00e9partement des Vosges en vigilance jaune pour plusieurs risques\u00a0: le vent, les crues, les pluies [&hellip;]\" \/>\n<meta name=\"twitter:image\" content=\"https:\/\/vosgesinfo.fr\/app\/uploads\/sites\/4\/2020\/10\/vent-illustration.jpg\" \/>\n<meta name=\"twitter:creator\" content=\"@VosgesInfo88\" \/>\n<meta name=\"twitter:site\" content=\"@VosgesInfo88\" \/>\n<meta name=\"twitter:label1\" content=\"\u00c9crit par\" \/>\n\t<meta name=\"twitter:data1\" content=\"la r\u00e9daction\" \/>\n\t<meta name=\"twitter:label2\" content=\"Dur\u00e9e de lecture estim\u00e9e\" \/>\n\t<meta name=\"twitter:data2\" content=\"1 minute\" \/>\n<script type=\"application\/ld+json\" class=\"yoast-schema-graph\">{\"@context\":\"https:\/\/schema.org\",\"@graph\":[{\"@type\":\"Article\",\"@id\":\"https:\/\/vosgesinfo.fr\/saintdieinfo\/2021\/02\/vent-crues-inondations-vosges-vigilance-jaune-mercredi\/#article\",\"isPartOf\":{\"@id\":\"https:\/\/vosgesinfo.fr\/saintdieinfo\/2021\/02\/vent-crues-inondations-vosges-vigilance-jaune-mercredi\/\"},\"author\":{\"name\":\"la r\u00e9daction\",\"@id\":\"https:\/\/vosgesinfo.fr\/saintdieinfo\/#\/schema\/person\/faee6704a21f3977511db84bd1cd450f\"},\"headline\":\"Vent, crues et inondations : les Vosges en vigilance jaune ce mercredi\",\"datePublished\":\"2021-02-03T08:46:41+00:00\",\"dateModified\":\"2021-02-03T08:46:41+00:00\",\"mainEntityOfPage\":{\"@id\":\"https:\/\/vosgesinfo.fr\/saintdieinfo\/2021\/02\/vent-crues-inondations-vosges-vigilance-jaune-mercredi\/\"},\"wordCount\":186,\"commentCount\":0,\"publisher\":{\"@id\":\"https:\/\/vosgesinfo.fr\/saintdieinfo\/#organization\"},\"image\":{\"@id\":\"https:\/\/vosgesinfo.fr\/saintdieinfo\/2021\/02\/vent-crues-inondations-vosges-vigilance-jaune-mercredi\/#primaryimage\"},\"thumbnailUrl\":\"https:\/\/vosgesinfo.fr\/app\/uploads\/sites\/4\/2020\/10\/vent-illustration.jpg\",\"keywords\":[\"vigilance jaune\"],\"articleSection\":[\"A la Une\",\"Fait Divers\",\"Vosges\"],\"inLanguage\":\"fr-FR\",\"potentialAction\":[{\"@type\":\"CommentAction\",\"name\":\"Comment\",\"target\":[\"https:\/\/vosgesinfo.fr\/saintdieinfo\/2021\/02\/vent-crues-inondations-vosges-vigilance-jaune-mercredi\/#respond\"]}]},{\"@type\":\"WebPage\",\"@id\":\"https:\/\/vosgesinfo.fr\/saintdieinfo\/2021\/02\/vent-crues-inondations-vosges-vigilance-jaune-mercredi\/\",\"url\":\"https:\/\/vosgesinfo.fr\/saintdieinfo\/2021\/02\/vent-crues-inondations-vosges-vigilance-jaune-mercredi\/\",\"name\":\"Vent, crues et inondations : les Vosges en vigilance jaune ce mercredi - Saint Die Info\",\"isPartOf\":{\"@id\":\"https:\/\/vosgesinfo.fr\/saintdieinfo\/#website\"},\"primaryImageOfPage\":{\"@id\":\"https:\/\/vosgesinfo.fr\/saintdieinfo\/2021\/02\/vent-crues-inondations-vosges-vigilance-jaune-mercredi\/#primaryimage\"},\"image\":{\"@id\":\"https:\/\/vosgesinfo.fr\/saintdieinfo\/2021\/02\/vent-crues-inondations-vosges-vigilance-jaune-mercredi\/#primaryimage\"},\"thumbnailUrl\":\"https:\/\/vosgesinfo.fr\/app\/uploads\/sites\/4\/2020\/10\/vent-illustration.jpg\",\"datePublished\":\"2021-02-03T08:46:41+00:00\",\"dateModified\":\"2021-02-03T08:46:41+00:00\",\"breadcrumb\":{\"@id\":\"https:\/\/vosgesinfo.fr\/saintdieinfo\/2021\/02\/vent-crues-inondations-vosges-vigilance-jaune-mercredi\/#breadcrumb\"},\"inLanguage\":\"fr-FR\",\"potentialAction\":[{\"@type\":\"ReadAction\",\"target\":[\"https:\/\/vosgesinfo.fr\/saintdieinfo\/2021\/02\/vent-crues-inondations-vosges-vigilance-jaune-mercredi\/\"]}]},{\"@type\":\"ImageObject\",\"inLanguage\":\"fr-FR\",\"@id\":\"https:\/\/vosgesinfo.fr\/saintdieinfo\/2021\/02\/vent-crues-inondations-vosges-vigilance-jaune-mercredi\/#primaryimage\",\"url\":\"https:\/\/vosgesinfo.fr\/app\/uploads\/sites\/4\/2020\/10\/vent-illustration.jpg\",\"contentUrl\":\"https:\/\/vosgesinfo.fr\/app\/uploads\/sites\/4\/2020\/10\/vent-illustration.jpg\",\"width\":718,\"height\":449},{\"@type\":\"BreadcrumbList\",\"@id\":\"https:\/\/vosgesinfo.fr\/saintdieinfo\/2021\/02\/vent-crues-inondations-vosges-vigilance-jaune-mercredi\/#breadcrumb\",\"itemListElement\":[{\"@type\":\"ListItem\",\"position\":1,\"name\":\"Home\",\"item\":\"https:\/\/vosgesinfo.fr\/saintdieinfo\/\"},{\"@type\":\"ListItem\",\"position\":2,\"name\":\"Vent, crues et inondations : les Vosges en vigilance jaune ce mercredi\"}]},{\"@type\":\"WebSite\",\"@id\":\"https:\/\/vosgesinfo.fr\/saintdieinfo\/#website\",\"url\":\"https:\/\/vosgesinfo.fr\/saintdieinfo\/\",\"name\":\"Saint Die Info\",\"description\":\"Toute l&#039;actualit\u00e9 de Saint-Di\u00e9-Des-Vosges\",\"publisher\":{\"@id\":\"https:\/\/vosgesinfo.fr\/saintdieinfo\/#organization\"},\"alternateName\":\"Toute l'actualit\u00e9 de Saint-Di\u00e9-Des-Vosges\",\"potentialAction\":[{\"@type\":\"SearchAction\",\"target\":{\"@type\":\"EntryPoint\",\"urlTemplate\":\"https:\/\/vosgesinfo.fr\/saintdieinfo\/?s={search_term_string}\"},\"query-input\":\"required name=search_term_string\"}],\"inLanguage\":\"fr-FR\"},{\"@type\":\"Organization\",\"@id\":\"https:\/\/vosgesinfo.fr\/saintdieinfo\/#organization\",\"name\":\"Saint Die Info\",\"url\":\"https:\/\/vosgesinfo.fr\/saintdieinfo\/\",\"logo\":{\"@type\":\"ImageObject\",\"inLanguage\":\"fr-FR\",\"@id\":\"https:\/\/vosgesinfo.fr\/saintdieinfo\/#\/schema\/logo\/image\/\",\"url\":\"https:\/\/vosgesinfo.fr\/app\/uploads\/sites\/4\/2024\/02\/logo-sdi.jpg\",\"contentUrl\":\"https:\/\/vosgesinfo.fr\/app\/uploads\/sites\/4\/2024\/02\/logo-sdi.jpg\",\"width\":600,\"height\":600,\"caption\":\"Saint Die Info\"},\"image\":{\"@id\":\"https:\/\/vosgesinfo.fr\/saintdieinfo\/#\/schema\/logo\/image\/\"},\"sameAs\":[\"https:\/\/www.facebook.com\/Saintdieinfofr\",\"https:\/\/x.com\/VosgesInfo88\",\"https:\/\/www.youtube.com\/@vosgesinfo\"]},{\"@type\":\"Person\",\"@id\":\"https:\/\/vosgesinfo.fr\/saintdieinfo\/#\/schema\/person\/faee6704a21f3977511db84bd1cd450f\",\"name\":\"la r\u00e9daction\",\"image\":{\"@type\":\"ImageObject\",\"inLanguage\":\"fr-FR\",\"@id\":\"https:\/\/vosgesinfo.fr\/saintdieinfo\/#\/schema\/person\/image\/\",\"url\":\"https:\/\/secure.gravatar.com\/avatar\/6673d8bc6a9c17fa9a453eaa3448de834fa308c2ec9635b7aa99441a7c8d2cf6?s=96&d=mm&r=g\",\"contentUrl\":\"https:\/\/secure.gravatar.com\/avatar\/6673d8bc6a9c17fa9a453eaa3448de834fa308c2ec9635b7aa99441a7c8d2cf6?s=96&d=mm&r=g\",\"caption\":\"la r\u00e9daction\"},\"url\":\"https:\/\/vosgesinfo.fr\/saintdieinfo\/author\/redac\/\"}]}<\/script>\n<!-- \/ Yoast SEO plugin. -->","yoast_head_json":{"title":"Vent, crues et inondations : les Vosges en vigilance jaune ce mercredi - Saint Die Info","robots":{"index":"index","follow":"follow","max-snippet":"max-snippet:-1","max-image-preview":"max-image-preview:large","max-video-preview":"max-video-preview:-1"},"canonical":"https:\/\/vosgesinfo.fr\/saintdieinfo\/2021\/02\/vent-crues-inondations-vosges-vigilance-jaune-mercredi\/","twitter_card":"summary_large_image","twitter_title":"Vent, crues et inondations : les Vosges en vigilance jaune ce mercredi - Saint Die Info","twitter_description":"M\u00e9t\u00e9o France a plac\u00e9 le d\u00e9partement des Vosges en vigilance jaune pour plusieurs risques\u00a0: le vent, les crues, les pluies [&hellip;]","twitter_image":"https:\/\/vosgesinfo.fr\/app\/uploads\/sites\/4\/2020\/10\/vent-illustration.jpg","twitter_creator":"@VosgesInfo88","twitter_site":"@VosgesInfo88","twitter_misc":{"\u00c9crit par":"la r\u00e9daction","Dur\u00e9e de lecture estim\u00e9e":"1 minute"},"schema":{"@context":"https:\/\/schema.org","@graph":[{"@type":"Article","@id":"https:\/\/vosgesinfo.fr\/saintdieinfo\/2021\/02\/vent-crues-inondations-vosges-vigilance-jaune-mercredi\/#article","isPartOf":{"@id":"https:\/\/vosgesinfo.fr\/saintdieinfo\/2021\/02\/vent-crues-inondations-vosges-vigilance-jaune-mercredi\/"},"author":{"name":"la r\u00e9daction","@id":"https:\/\/vosgesinfo.fr\/saintdieinfo\/#\/schema\/person\/faee6704a21f3977511db84bd1cd450f"},"headline":"Vent, crues et inondations : les Vosges en vigilance jaune ce mercredi","datePublished":"2021-02-03T08:46:41+00:00","dateModified":"2021-02-03T08:46:41+00:00","mainEntityOfPage":{"@id":"https:\/\/vosgesinfo.fr\/saintdieinfo\/2021\/02\/vent-crues-inondations-vosges-vigilance-jaune-mercredi\/"},"wordCount":186,"commentCount":0,"publisher":{"@id":"https:\/\/vosgesinfo.fr\/saintdieinfo\/#organization"},"image":{"@id":"https:\/\/vosgesinfo.fr\/saintdieinfo\/2021\/02\/vent-crues-inondations-vosges-vigilance-jaune-mercredi\/#primaryimage"},"thumbnailUrl":"https:\/\/vosgesinfo.fr\/app\/uploads\/sites\/4\/2020\/10\/vent-illustration.jpg","keywords":["vigilance jaune"],"articleSection":["A la Une","Fait Divers","Vosges"],"inLanguage":"fr-FR","potentialAction":[{"@type":"CommentAction","name":"Comment","target":["https:\/\/vosgesinfo.fr\/saintdieinfo\/2021\/02\/vent-crues-inondations-vosges-vigilance-jaune-mercredi\/#respond"]}]},{"@type":"WebPage","@id":"https:\/\/vosgesinfo.fr\/saintdieinfo\/2021\/02\/vent-crues-inondations-vosges-vigilance-jaune-mercredi\/","url":"https:\/\/vosgesinfo.fr\/saintdieinfo\/2021\/02\/vent-crues-inondations-vosges-vigilance-jaune-mercredi\/","name":"Vent, crues et inondations : les Vosges en vigilance jaune ce mercredi - Saint Die Info","isPartOf":{"@id":"https:\/\/vosgesinfo.fr\/saintdieinfo\/#website"},"primaryImageOfPage":{"@id":"https:\/\/vosgesinfo.fr\/saintdieinfo\/2021\/02\/vent-crues-inondations-vosges-vigilance-jaune-mercredi\/#primaryimage"},"image":{"@id":"https:\/\/vosgesinfo.fr\/saintdieinfo\/2021\/02\/vent-crues-inondations-vosges-vigilance-jaune-mercredi\/#primaryimage"},"thumbnailUrl":"https:\/\/vosgesinfo.fr\/app\/uploads\/sites\/4\/2020\/10\/vent-illustration.jpg","datePublished":"2021-02-03T08:46:41+00:00","dateModified":"2021-02-03T08:46:41+00:00","breadcrumb":{"@id":"https:\/\/vosgesinfo.fr\/saintdieinfo\/2021\/02\/vent-crues-inondations-vosges-vigilance-jaune-mercredi\/#breadcrumb"},"inLanguage":"fr-FR","potentialAction":[{"@type":"ReadAction","target":["https:\/\/vosgesinfo.fr\/saintdieinfo\/2021\/02\/vent-crues-inondations-vosges-vigilance-jaune-mercredi\/"]}]},{"@type":"ImageObject","inLanguage":"fr-FR","@id":"https:\/\/vosgesinfo.fr\/saintdieinfo\/2021\/02\/vent-crues-inondations-vosges-vigilance-jaune-mercredi\/#primaryimage","url":"https:\/\/vosgesinfo.fr\/app\/uploads\/sites\/4\/2020\/10\/vent-illustration.jpg","contentUrl":"https:\/\/vosgesinfo.fr\/app\/uploads\/sites\/4\/2020\/10\/vent-illustration.jpg","width":718,"height":449},{"@type":"BreadcrumbList","@id":"https:\/\/vosgesinfo.fr\/saintdieinfo\/2021\/02\/vent-crues-inondations-vosges-vigilance-jaune-mercredi\/#breadcrumb","itemListElement":[{"@type":"ListItem","position":1,"name":"Home","item":"https:\/\/vosgesinfo.fr\/saintdieinfo\/"},{"@type":"ListItem","position":2,"name":"Vent, crues et inondations : les Vosges en vigilance jaune ce mercredi"}]},{"@type":"WebSite","@id":"https:\/\/vosgesinfo.fr\/saintdieinfo\/#website","url":"https:\/\/vosgesinfo.fr\/saintdieinfo\/","name":"Saint Die Info","description":"Toute l&#039;actualit\u00e9 de Saint-Di\u00e9-Des-Vosges","publisher":{"@id":"https:\/\/vosgesinfo.fr\/saintdieinfo\/#organization"},"alternateName":"Toute l'actualit\u00e9 de Saint-Di\u00e9-Des-Vosges","potentialAction":[{"@type":"SearchAction","target":{"@type":"EntryPoint","urlTemplate":"https:\/\/vosgesinfo.fr\/saintdieinfo\/?s={search_term_string}"},"query-input":"required name=search_term_string"}],"inLanguage":"fr-FR"},{"@type":"Organization","@id":"https:\/\/vosgesinfo.fr\/saintdieinfo\/#organization","name":"Saint Die Info","url":"https:\/\/vosgesinfo.fr\/saintdieinfo\/","logo":{"@type":"ImageObject","inLanguage":"fr-FR","@id":"https:\/\/vosgesinfo.fr\/saintdieinfo\/#\/schema\/logo\/image\/","url":"https:\/\/vosgesinfo.fr\/app\/uploads\/sites\/4\/2024\/02\/logo-sdi.jpg","contentUrl":"https:\/\/vosgesinfo.fr\/app\/uploads\/sites\/4\/2024\/02\/logo-sdi.jpg","width":600,"height":600,"caption":"Saint Die Info"},"image":{"@id":"https:\/\/vosgesinfo.fr\/saintdieinfo\/#\/schema\/logo\/image\/"},"sameAs":["https:\/\/www.facebook.com\/Saintdieinfofr","https:\/\/x.com\/VosgesInfo88","https:\/\/www.youtube.com\/@vosgesinfo"]},{"@type":"Person","@id":"https:\/\/vosgesinfo.fr\/saintdieinfo\/#\/schema\/person\/faee6704a21f3977511db84bd1cd450f","name":"la r\u00e9daction","image":{"@type":"ImageObject","inLanguage":"fr-FR","@id":"https:\/\/vosgesinfo.fr\/saintdieinfo\/#\/schema\/person\/image\/","url":"https:\/\/secure.gravatar.com\/avatar\/6673d8bc6a9c17fa9a453eaa3448de834fa308c2ec9635b7aa99441a7c8d2cf6?s=96&d=mm&r=g","contentUrl":"https:\/\/secure.gravatar.com\/avatar\/6673d8bc6a9c17fa9a453eaa3448de834fa308c2ec9635b7aa99441a7c8d2cf6?s=96&d=mm&r=g","caption":"la r\u00e9daction"},"url":"https:\/\/vosgesinfo.fr\/saintdieinfo\/author\/redac\/"}]}},"_links":{"self":[{"href":"https:\/\/vosgesinfo.fr\/saintdieinfo\/wp-json\/wp\/v2\/posts\/39431","targetHints":{"allow":["GET"]}}],"collection":[{"href":"https:\/\/vosgesinfo.fr\/saintdieinfo\/wp-json\/wp\/v2\/posts"}],"about":[{"href":"https:\/\/vosgesinfo.fr\/saintdieinfo\/wp-json\/wp\/v2\/types\/post"}],"author":[{"embeddable":true,"href":"https:\/\/vosgesinfo.fr\/saintdieinfo\/wp-json\/wp\/v2\/users\/44"}],"replies":[{"embeddable":true,"href":"https:\/\/vosgesinfo.fr\/saintdieinfo\/wp-json\/wp\/v2\/comments?post=39431"}],"version-history":[{"count":0,"href":"https:\/\/vosgesinfo.fr\/saintdieinfo\/wp-json\/wp\/v2\/posts\/39431\/revisions"}],"wp:featuredmedia":[{"embeddable":true,"href":"https:\/\/vosgesinfo.fr\/saintdieinfo\/wp-json\/wp\/v2\/media\/23292"}],"wp:attachment":[{"href":"https:\/\/vosgesinfo.fr\/saintdieinfo\/wp-json\/wp\/v2\/media?parent=39431"}],"wp:term":[{"taxonomy":"category","embeddable":true,"href":"https:\/\/vosgesinfo.fr\/saintdieinfo\/wp-json\/wp\/v2\/categories?post=39431"},{"taxonomy":"post_tag","embeddable":true,"href":"https:\/\/vosgesinfo.fr\/saintdieinfo\/wp-json\/wp\/v2\/tags?post=39431"}],"curies":[{"name":"wp","href":"https:\/\/api.w.org\/{rel}","templated":true}]}}