{"id":39441,"date":"2021-02-04T05:00:27","date_gmt":"2021-02-04T04:00:27","guid":{"rendered":"https:\/\/vosgesinfo.fr\/saintdieinfo\/2021\/02\/messe-a-loccasion-de-xxve-journee-de-vie-consacree\/"},"modified":"2021-02-04T05:00:27","modified_gmt":"2021-02-04T04:00:27","slug":"messe-a-loccasion-de-xxve-journee-de-vie-consacree","status":"publish","type":"post","link":"https:\/\/vosgesinfo.fr\/saintdieinfo\/2021\/02\/messe-a-loccasion-de-xxve-journee-de-vie-consacree\/","title":{"rendered":"Messe \u00e0 l&rsquo;occasion de la XXVe journ\u00e9e de la Vie Consacr\u00e9e"},"content":{"rendered":"<h2><span style=\"font-size: 14pt;\"><strong>F\u00eate gourmande pour les uns, jour de processions autour de la lumi\u00e8re pour les autres, la Chandeleur est tout cela et bien plus ! La Chandeleur est le nom populaire de la f\u00eate chr\u00e9tienne qui comm\u00e9more la Pr\u00e9sentation de J\u00e9sus au Temple. La tradition juive voulait que le premier gar\u00e7on n\u00e9 dans une famille soit pr\u00e9sent\u00e9 au Temple de J\u00e9rusalem, quarante jours apr\u00e8s sa naissance et consacr\u00e9 \u00e0 Dieu (Luc 2; 22-23).<\/strong><\/span><\/h2>\n<p><!--more--><\/p>\n<p>Mais le 2 f\u00e9vrier, l\u2019\u00c9glise universelle ne c\u00e9l\u00e8bre pas que la Chandeleur\u00a0! Ce jour est aussi d\u00e9di\u00e9 \u00e0 la Journ\u00e9e de la\u00a0vie consacr\u00e9e. La premi\u00e8re Journ\u00e9e de la\u00a0vie consacr\u00e9e\u00a0fut c\u00e9l\u00e9br\u00e9e en 1997 \u00e0 l\u2019initiative du pape Jean-Paul II. Elle est pour l\u2019\u00c9glise l\u2019occasion de prier pour tous les consacr\u00e9s qui d\u00e9cident de suivre les pas du Christ.<\/p>\n<p>La Vie Consacr\u00e9e \u00e0 Saint-Di\u00e9-des-Vosges est notamment repr\u00e9sent\u00e9e par\u00a0:<\/p>\n<ul>\n<li>La Communaut\u00e9 des S\u0153urs du Tr\u00e8s Saint Sauveur \u2013 16 rue Saint-Charles.<\/li>\n<li>La Communaut\u00e9 Marianiste. Institution Sainte-Marie &#8211; 17 avenue de Robache.<\/li>\n<\/ul>\n<p>\u00c0 l\u2019occasion de la XXVe journ\u00e9e mondiale de la Vie Consacr\u00e9e, une messe, avec les Consacr\u00e9s, aura lieu \u00e0 la Cath\u00e9drale ce samedi 6 f\u00e9vrier \u00e0 11h.<\/p>\n","protected":false},"excerpt":{"rendered":"<p>F\u00eate gourmande pour les uns, jour de processions autour de la lumi\u00e8re pour les autres, la Chandeleur est tout cela [&hellip;]<\/p>\n","protected":false},"author":44,"featured_media":39442,"comment_status":"open","ping_status":"open","sticky":false,"template":"","format":"standard","meta":{"footnotes":""},"categories":[2915],"tags":[2980,648,7903],"class_list":["post-39441","post","type-post","status-publish","format-standard","has-post-thumbnail","hentry","category-saint-die-son-canton","tag-cathedrale-de-saint-die-des-vosges","tag-chandeleur","tag-vie-consacree"],"acf":[],"yoast_head":"<!-- This site is optimized with the Yoast SEO plugin v22.5 - https:\/\/yoast.com\/wordpress\/plugins\/seo\/ -->\n<title>Messe \u00e0 l&#039;occasion de la XXVe journ\u00e9e de la Vie Consacr\u00e9e - Saint Die Info<\/title>\n<meta name=\"robots\" content=\"index, follow, max-snippet:-1, max-image-preview:large, max-video-preview:-1\" \/>\n<link rel=\"canonical\" href=\"https:\/\/vosgesinfo.fr\/saintdieinfo\/2021\/02\/messe-a-loccasion-de-xxve-journee-de-vie-consacree\/\" \/>\n<meta name=\"twitter:card\" content=\"summary_large_image\" \/>\n<meta name=\"twitter:title\" content=\"Messe \u00e0 l&#039;occasion de la XXVe journ\u00e9e de la Vie Consacr\u00e9e - Saint Die Info\" \/>\n<meta name=\"twitter:description\" content=\"F\u00eate gourmande pour les uns, jour de processions autour de la lumi\u00e8re pour les autres, la Chandeleur est tout cela [&hellip;]\" \/>\n<meta name=\"twitter:image\" content=\"https:\/\/vosgesinfo.fr\/app\/uploads\/sites\/4\/2024\/08\/201701cathedrale-sddv-01-1.jpg\" \/>\n<meta name=\"twitter:creator\" content=\"@VosgesInfo88\" \/>\n<meta name=\"twitter:site\" content=\"@VosgesInfo88\" \/>\n<meta name=\"twitter:label1\" content=\"\u00c9crit par\" \/>\n\t<meta name=\"twitter:data1\" content=\"la r\u00e9daction\" \/>\n\t<meta name=\"twitter:label2\" content=\"Dur\u00e9e de lecture estim\u00e9e\" \/>\n\t<meta name=\"twitter:data2\" content=\"1 minute\" \/>\n<script type=\"application\/ld+json\" class=\"yoast-schema-graph\">{\"@context\":\"https:\/\/schema.org\",\"@graph\":[{\"@type\":\"Article\",\"@id\":\"https:\/\/vosgesinfo.fr\/saintdieinfo\/2021\/02\/messe-a-loccasion-de-xxve-journee-de-vie-consacree\/#article\",\"isPartOf\":{\"@id\":\"https:\/\/vosgesinfo.fr\/saintdieinfo\/2021\/02\/messe-a-loccasion-de-xxve-journee-de-vie-consacree\/\"},\"author\":{\"name\":\"la r\u00e9daction\",\"@id\":\"https:\/\/vosgesinfo.fr\/saintdieinfo\/#\/schema\/person\/faee6704a21f3977511db84bd1cd450f\"},\"headline\":\"Messe \u00e0 l&rsquo;occasion de la XXVe journ\u00e9e de la Vie Consacr\u00e9e\",\"datePublished\":\"2021-02-04T04:00:27+00:00\",\"dateModified\":\"2021-02-04T04:00:27+00:00\",\"mainEntityOfPage\":{\"@id\":\"https:\/\/vosgesinfo.fr\/saintdieinfo\/2021\/02\/messe-a-loccasion-de-xxve-journee-de-vie-consacree\/\"},\"wordCount\":229,\"commentCount\":0,\"publisher\":{\"@id\":\"https:\/\/vosgesinfo.fr\/saintdieinfo\/#organization\"},\"image\":{\"@id\":\"https:\/\/vosgesinfo.fr\/saintdieinfo\/2021\/02\/messe-a-loccasion-de-xxve-journee-de-vie-consacree\/#primaryimage\"},\"thumbnailUrl\":\"https:\/\/vosgesinfo.fr\/app\/uploads\/sites\/4\/2024\/08\/201701cathedrale-sddv-01-1.jpg\",\"keywords\":[\"Cath\u00e9drale de Saint-Di\u00e9-des-Vosges\",\"Chandeleur\",\"Vie Consacr\u00e9e\"],\"articleSection\":[\"Saint-Di\u00e9-des-Vosges et son Agglom\u00e9ration\"],\"inLanguage\":\"fr-FR\",\"potentialAction\":[{\"@type\":\"CommentAction\",\"name\":\"Comment\",\"target\":[\"https:\/\/vosgesinfo.fr\/saintdieinfo\/2021\/02\/messe-a-loccasion-de-xxve-journee-de-vie-consacree\/#respond\"]}]},{\"@type\":\"WebPage\",\"@id\":\"https:\/\/vosgesinfo.fr\/saintdieinfo\/2021\/02\/messe-a-loccasion-de-xxve-journee-de-vie-consacree\/\",\"url\":\"https:\/\/vosgesinfo.fr\/saintdieinfo\/2021\/02\/messe-a-loccasion-de-xxve-journee-de-vie-consacree\/\",\"name\":\"Messe \u00e0 l'occasion de la XXVe journ\u00e9e de la Vie Consacr\u00e9e - Saint Die Info\",\"isPartOf\":{\"@id\":\"https:\/\/vosgesinfo.fr\/saintdieinfo\/#website\"},\"primaryImageOfPage\":{\"@id\":\"https:\/\/vosgesinfo.fr\/saintdieinfo\/2021\/02\/messe-a-loccasion-de-xxve-journee-de-vie-consacree\/#primaryimage\"},\"image\":{\"@id\":\"https:\/\/vosgesinfo.fr\/saintdieinfo\/2021\/02\/messe-a-loccasion-de-xxve-journee-de-vie-consacree\/#primaryimage\"},\"thumbnailUrl\":\"https:\/\/vosgesinfo.fr\/app\/uploads\/sites\/4\/2024\/08\/201701cathedrale-sddv-01-1.jpg\",\"datePublished\":\"2021-02-04T04:00:27+00:00\",\"dateModified\":\"2021-02-04T04:00:27+00:00\",\"breadcrumb\":{\"@id\":\"https:\/\/vosgesinfo.fr\/saintdieinfo\/2021\/02\/messe-a-loccasion-de-xxve-journee-de-vie-consacree\/#breadcrumb\"},\"inLanguage\":\"fr-FR\",\"potentialAction\":[{\"@type\":\"ReadAction\",\"target\":[\"https:\/\/vosgesinfo.fr\/saintdieinfo\/2021\/02\/messe-a-loccasion-de-xxve-journee-de-vie-consacree\/\"]}]},{\"@type\":\"ImageObject\",\"inLanguage\":\"fr-FR\",\"@id\":\"https:\/\/vosgesinfo.fr\/saintdieinfo\/2021\/02\/messe-a-loccasion-de-xxve-journee-de-vie-consacree\/#primaryimage\",\"url\":\"https:\/\/vosgesinfo.fr\/app\/uploads\/sites\/4\/2024\/08\/201701cathedrale-sddv-01-1.jpg\",\"contentUrl\":\"https:\/\/vosgesinfo.fr\/app\/uploads\/sites\/4\/2024\/08\/201701cathedrale-sddv-01-1.jpg\",\"width\":1024,\"height\":682},{\"@type\":\"BreadcrumbList\",\"@id\":\"https:\/\/vosgesinfo.fr\/saintdieinfo\/2021\/02\/messe-a-loccasion-de-xxve-journee-de-vie-consacree\/#breadcrumb\",\"itemListElement\":[{\"@type\":\"ListItem\",\"position\":1,\"name\":\"Home\",\"item\":\"https:\/\/vosgesinfo.fr\/saintdieinfo\/\"},{\"@type\":\"ListItem\",\"position\":2,\"name\":\"Messe \u00e0 l&rsquo;occasion de la XXVe journ\u00e9e de la Vie Consacr\u00e9e\"}]},{\"@type\":\"WebSite\",\"@id\":\"https:\/\/vosgesinfo.fr\/saintdieinfo\/#website\",\"url\":\"https:\/\/vosgesinfo.fr\/saintdieinfo\/\",\"name\":\"Saint Die Info\",\"description\":\"Toute l&#039;actualit\u00e9 de Saint-Di\u00e9-Des-Vosges\",\"publisher\":{\"@id\":\"https:\/\/vosgesinfo.fr\/saintdieinfo\/#organization\"},\"alternateName\":\"Toute l'actualit\u00e9 de Saint-Di\u00e9-Des-Vosges\",\"potentialAction\":[{\"@type\":\"SearchAction\",\"target\":{\"@type\":\"EntryPoint\",\"urlTemplate\":\"https:\/\/vosgesinfo.fr\/saintdieinfo\/?s={search_term_string}\"},\"query-input\":\"required name=search_term_string\"}],\"inLanguage\":\"fr-FR\"},{\"@type\":\"Organization\",\"@id\":\"https:\/\/vosgesinfo.fr\/saintdieinfo\/#organization\",\"name\":\"Saint Die Info\",\"url\":\"https:\/\/vosgesinfo.fr\/saintdieinfo\/\",\"logo\":{\"@type\":\"ImageObject\",\"inLanguage\":\"fr-FR\",\"@id\":\"https:\/\/vosgesinfo.fr\/saintdieinfo\/#\/schema\/logo\/image\/\",\"url\":\"https:\/\/vosgesinfo.fr\/app\/uploads\/sites\/4\/2024\/02\/logo-sdi.jpg\",\"contentUrl\":\"https:\/\/vosgesinfo.fr\/app\/uploads\/sites\/4\/2024\/02\/logo-sdi.jpg\",\"width\":600,\"height\":600,\"caption\":\"Saint Die Info\"},\"image\":{\"@id\":\"https:\/\/vosgesinfo.fr\/saintdieinfo\/#\/schema\/logo\/image\/\"},\"sameAs\":[\"https:\/\/www.facebook.com\/Saintdieinfofr\",\"https:\/\/x.com\/VosgesInfo88\",\"https:\/\/www.youtube.com\/@vosgesinfo\"]},{\"@type\":\"Person\",\"@id\":\"https:\/\/vosgesinfo.fr\/saintdieinfo\/#\/schema\/person\/faee6704a21f3977511db84bd1cd450f\",\"name\":\"la r\u00e9daction\",\"image\":{\"@type\":\"ImageObject\",\"inLanguage\":\"fr-FR\",\"@id\":\"https:\/\/vosgesinfo.fr\/saintdieinfo\/#\/schema\/person\/image\/\",\"url\":\"https:\/\/secure.gravatar.com\/avatar\/6673d8bc6a9c17fa9a453eaa3448de834fa308c2ec9635b7aa99441a7c8d2cf6?s=96&d=mm&r=g\",\"contentUrl\":\"https:\/\/secure.gravatar.com\/avatar\/6673d8bc6a9c17fa9a453eaa3448de834fa308c2ec9635b7aa99441a7c8d2cf6?s=96&d=mm&r=g\",\"caption\":\"la r\u00e9daction\"},\"url\":\"https:\/\/vosgesinfo.fr\/saintdieinfo\/author\/redac\/\"}]}<\/script>\n<!-- \/ Yoast SEO plugin. -->","yoast_head_json":{"title":"Messe \u00e0 l'occasion de la XXVe journ\u00e9e de la Vie Consacr\u00e9e - Saint Die Info","robots":{"index":"index","follow":"follow","max-snippet":"max-snippet:-1","max-image-preview":"max-image-preview:large","max-video-preview":"max-video-preview:-1"},"canonical":"https:\/\/vosgesinfo.fr\/saintdieinfo\/2021\/02\/messe-a-loccasion-de-xxve-journee-de-vie-consacree\/","twitter_card":"summary_large_image","twitter_title":"Messe \u00e0 l'occasion de la XXVe journ\u00e9e de la Vie Consacr\u00e9e - Saint Die Info","twitter_description":"F\u00eate gourmande pour les uns, jour de processions autour de la lumi\u00e8re pour les autres, la Chandeleur est tout cela [&hellip;]","twitter_image":"https:\/\/vosgesinfo.fr\/app\/uploads\/sites\/4\/2024\/08\/201701cathedrale-sddv-01-1.jpg","twitter_creator":"@VosgesInfo88","twitter_site":"@VosgesInfo88","twitter_misc":{"\u00c9crit par":"la r\u00e9daction","Dur\u00e9e de lecture estim\u00e9e":"1 minute"},"schema":{"@context":"https:\/\/schema.org","@graph":[{"@type":"Article","@id":"https:\/\/vosgesinfo.fr\/saintdieinfo\/2021\/02\/messe-a-loccasion-de-xxve-journee-de-vie-consacree\/#article","isPartOf":{"@id":"https:\/\/vosgesinfo.fr\/saintdieinfo\/2021\/02\/messe-a-loccasion-de-xxve-journee-de-vie-consacree\/"},"author":{"name":"la r\u00e9daction","@id":"https:\/\/vosgesinfo.fr\/saintdieinfo\/#\/schema\/person\/faee6704a21f3977511db84bd1cd450f"},"headline":"Messe \u00e0 l&rsquo;occasion de la XXVe journ\u00e9e de la Vie Consacr\u00e9e","datePublished":"2021-02-04T04:00:27+00:00","dateModified":"2021-02-04T04:00:27+00:00","mainEntityOfPage":{"@id":"https:\/\/vosgesinfo.fr\/saintdieinfo\/2021\/02\/messe-a-loccasion-de-xxve-journee-de-vie-consacree\/"},"wordCount":229,"commentCount":0,"publisher":{"@id":"https:\/\/vosgesinfo.fr\/saintdieinfo\/#organization"},"image":{"@id":"https:\/\/vosgesinfo.fr\/saintdieinfo\/2021\/02\/messe-a-loccasion-de-xxve-journee-de-vie-consacree\/#primaryimage"},"thumbnailUrl":"https:\/\/vosgesinfo.fr\/app\/uploads\/sites\/4\/2024\/08\/201701cathedrale-sddv-01-1.jpg","keywords":["Cath\u00e9drale de Saint-Di\u00e9-des-Vosges","Chandeleur","Vie Consacr\u00e9e"],"articleSection":["Saint-Di\u00e9-des-Vosges et son Agglom\u00e9ration"],"inLanguage":"fr-FR","potentialAction":[{"@type":"CommentAction","name":"Comment","target":["https:\/\/vosgesinfo.fr\/saintdieinfo\/2021\/02\/messe-a-loccasion-de-xxve-journee-de-vie-consacree\/#respond"]}]},{"@type":"WebPage","@id":"https:\/\/vosgesinfo.fr\/saintdieinfo\/2021\/02\/messe-a-loccasion-de-xxve-journee-de-vie-consacree\/","url":"https:\/\/vosgesinfo.fr\/saintdieinfo\/2021\/02\/messe-a-loccasion-de-xxve-journee-de-vie-consacree\/","name":"Messe \u00e0 l'occasion de la XXVe journ\u00e9e de la Vie Consacr\u00e9e - Saint Die Info","isPartOf":{"@id":"https:\/\/vosgesinfo.fr\/saintdieinfo\/#website"},"primaryImageOfPage":{"@id":"https:\/\/vosgesinfo.fr\/saintdieinfo\/2021\/02\/messe-a-loccasion-de-xxve-journee-de-vie-consacree\/#primaryimage"},"image":{"@id":"https:\/\/vosgesinfo.fr\/saintdieinfo\/2021\/02\/messe-a-loccasion-de-xxve-journee-de-vie-consacree\/#primaryimage"},"thumbnailUrl":"https:\/\/vosgesinfo.fr\/app\/uploads\/sites\/4\/2024\/08\/201701cathedrale-sddv-01-1.jpg","datePublished":"2021-02-04T04:00:27+00:00","dateModified":"2021-02-04T04:00:27+00:00","breadcrumb":{"@id":"https:\/\/vosgesinfo.fr\/saintdieinfo\/2021\/02\/messe-a-loccasion-de-xxve-journee-de-vie-consacree\/#breadcrumb"},"inLanguage":"fr-FR","potentialAction":[{"@type":"ReadAction","target":["https:\/\/vosgesinfo.fr\/saintdieinfo\/2021\/02\/messe-a-loccasion-de-xxve-journee-de-vie-consacree\/"]}]},{"@type":"ImageObject","inLanguage":"fr-FR","@id":"https:\/\/vosgesinfo.fr\/saintdieinfo\/2021\/02\/messe-a-loccasion-de-xxve-journee-de-vie-consacree\/#primaryimage","url":"https:\/\/vosgesinfo.fr\/app\/uploads\/sites\/4\/2024\/08\/201701cathedrale-sddv-01-1.jpg","contentUrl":"https:\/\/vosgesinfo.fr\/app\/uploads\/sites\/4\/2024\/08\/201701cathedrale-sddv-01-1.jpg","width":1024,"height":682},{"@type":"BreadcrumbList","@id":"https:\/\/vosgesinfo.fr\/saintdieinfo\/2021\/02\/messe-a-loccasion-de-xxve-journee-de-vie-consacree\/#breadcrumb","itemListElement":[{"@type":"ListItem","position":1,"name":"Home","item":"https:\/\/vosgesinfo.fr\/saintdieinfo\/"},{"@type":"ListItem","position":2,"name":"Messe \u00e0 l&rsquo;occasion de la XXVe journ\u00e9e de la Vie Consacr\u00e9e"}]},{"@type":"WebSite","@id":"https:\/\/vosgesinfo.fr\/saintdieinfo\/#website","url":"https:\/\/vosgesinfo.fr\/saintdieinfo\/","name":"Saint Die Info","description":"Toute l&#039;actualit\u00e9 de Saint-Di\u00e9-Des-Vosges","publisher":{"@id":"https:\/\/vosgesinfo.fr\/saintdieinfo\/#organization"},"alternateName":"Toute l'actualit\u00e9 de Saint-Di\u00e9-Des-Vosges","potentialAction":[{"@type":"SearchAction","target":{"@type":"EntryPoint","urlTemplate":"https:\/\/vosgesinfo.fr\/saintdieinfo\/?s={search_term_string}"},"query-input":"required name=search_term_string"}],"inLanguage":"fr-FR"},{"@type":"Organization","@id":"https:\/\/vosgesinfo.fr\/saintdieinfo\/#organization","name":"Saint Die Info","url":"https:\/\/vosgesinfo.fr\/saintdieinfo\/","logo":{"@type":"ImageObject","inLanguage":"fr-FR","@id":"https:\/\/vosgesinfo.fr\/saintdieinfo\/#\/schema\/logo\/image\/","url":"https:\/\/vosgesinfo.fr\/app\/uploads\/sites\/4\/2024\/02\/logo-sdi.jpg","contentUrl":"https:\/\/vosgesinfo.fr\/app\/uploads\/sites\/4\/2024\/02\/logo-sdi.jpg","width":600,"height":600,"caption":"Saint Die Info"},"image":{"@id":"https:\/\/vosgesinfo.fr\/saintdieinfo\/#\/schema\/logo\/image\/"},"sameAs":["https:\/\/www.facebook.com\/Saintdieinfofr","https:\/\/x.com\/VosgesInfo88","https:\/\/www.youtube.com\/@vosgesinfo"]},{"@type":"Person","@id":"https:\/\/vosgesinfo.fr\/saintdieinfo\/#\/schema\/person\/faee6704a21f3977511db84bd1cd450f","name":"la r\u00e9daction","image":{"@type":"ImageObject","inLanguage":"fr-FR","@id":"https:\/\/vosgesinfo.fr\/saintdieinfo\/#\/schema\/person\/image\/","url":"https:\/\/secure.gravatar.com\/avatar\/6673d8bc6a9c17fa9a453eaa3448de834fa308c2ec9635b7aa99441a7c8d2cf6?s=96&d=mm&r=g","contentUrl":"https:\/\/secure.gravatar.com\/avatar\/6673d8bc6a9c17fa9a453eaa3448de834fa308c2ec9635b7aa99441a7c8d2cf6?s=96&d=mm&r=g","caption":"la r\u00e9daction"},"url":"https:\/\/vosgesinfo.fr\/saintdieinfo\/author\/redac\/"}]}},"_links":{"self":[{"href":"https:\/\/vosgesinfo.fr\/saintdieinfo\/wp-json\/wp\/v2\/posts\/39441","targetHints":{"allow":["GET"]}}],"collection":[{"href":"https:\/\/vosgesinfo.fr\/saintdieinfo\/wp-json\/wp\/v2\/posts"}],"about":[{"href":"https:\/\/vosgesinfo.fr\/saintdieinfo\/wp-json\/wp\/v2\/types\/post"}],"author":[{"embeddable":true,"href":"https:\/\/vosgesinfo.fr\/saintdieinfo\/wp-json\/wp\/v2\/users\/44"}],"replies":[{"embeddable":true,"href":"https:\/\/vosgesinfo.fr\/saintdieinfo\/wp-json\/wp\/v2\/comments?post=39441"}],"version-history":[{"count":0,"href":"https:\/\/vosgesinfo.fr\/saintdieinfo\/wp-json\/wp\/v2\/posts\/39441\/revisions"}],"wp:featuredmedia":[{"embeddable":true,"href":"https:\/\/vosgesinfo.fr\/saintdieinfo\/wp-json\/wp\/v2\/media\/39442"}],"wp:attachment":[{"href":"https:\/\/vosgesinfo.fr\/saintdieinfo\/wp-json\/wp\/v2\/media?parent=39441"}],"wp:term":[{"taxonomy":"category","embeddable":true,"href":"https:\/\/vosgesinfo.fr\/saintdieinfo\/wp-json\/wp\/v2\/categories?post=39441"},{"taxonomy":"post_tag","embeddable":true,"href":"https:\/\/vosgesinfo.fr\/saintdieinfo\/wp-json\/wp\/v2\/tags?post=39441"}],"curies":[{"name":"wp","href":"https:\/\/api.w.org\/{rel}","templated":true}]}}